{"id":377602,"date":"2022-03-18T10:15:32","date_gmt":"2022-03-18T09:15:32","guid":{"rendered":"https:\/\/www.ecinews.fr\/?p=377602"},"modified":"2022-03-18T10:15:32","modified_gmt":"2022-03-18T09:15:32","slug":"conception-de-reference-pour-la-recharge-sans-fil-dans-lhabitacle-automobile","status":"publish","type":"post","link":"https:\/\/www.ecinews.fr\/fr\/conception-de-reference-pour-la-recharge-sans-fil-dans-lhabitacle-automobile\/","title":{"rendered":"Conception de r\u00e9f\u00e9rence pour la recharge sans fil dans l\u2019habitacle automobile"},"content":{"rendered":"<p>Renesas Electronics vient d&rsquo;annoncer une conception de r\u00e9f\u00e9rence client de nouvelle g\u00e9n\u00e9ration pour les bornes de recharge sans fil automobiles. Le nouveau P9261-3C-CRBv2 offre des fonctionnalit\u00e9s qui permettent aux constructeurs automobiles de fournir rapidement et efficacement des performances et des fonctionnalit\u00e9s de s\u00e9curit\u00e9 haut de gamme pour la recharge sans fil dans l\u2019habitacle.<\/p>\n<p>La solution P9261-3C-CRBv2 comprend le contr\u00f4leur de puissance sans fil P9261 qualifi\u00e9 pour l&rsquo;automobile avec une conception de r\u00e9f\u00e9rence \u00e0 3 bobines MP-A13 en tant qu&rsquo;\u00e9metteur de puissance sans fil (TX). Il offre une grande zone de charge active avec un rendement \u00e9lev\u00e9 et des performances CEM\/EMI exceptionnelles. La conception de r\u00e9f\u00e9rence est conforme \u00e0 l\u2019EPP (Extended Power Profile) de la norme Qi 1.3 du Wireless Power Consortium (WPC) pour une charge de 15W. Il supporte \u00e9galement les profils de charge propri\u00e9taires et est capable de d\u00e9livrer une puissance de 50W.\u00a0<\/p>\n<p>La nouvelle conception P9261-3C-CRBv2 comprend un microcontr\u00f4leur automobile RH850 de Renesas en tant que contr\u00f4leur h\u00f4te. Cela permet au syst\u00e8me de fournir des fonctionnalit\u00e9s de s\u00e9curit\u00e9 fonctionnelle conformes au niveau d&rsquo;int\u00e9grit\u00e9 de la s\u00e9curit\u00e9 automobile B (ASIL B).<\/p>\n<p>L\u2019EVK P9261-3C-CRBv2 peut \u00eatre contr\u00f4l\u00e9 et surveill\u00e9 en temps r\u00e9el par une interface utilisateur graphique (GUI). Cette interface graphique fournit des lectures num\u00e9riques des param\u00e8tres cl\u00e9s, tels que la bobine s\u00e9lectionn\u00e9e, l&rsquo;\u00e9tat de l&rsquo;\u00e9metteur, la tension d&rsquo;entr\u00e9e, le courant de sortie abaisseur, la puissance Tx et la tension du pont. L&rsquo;interface graphique permet des changements de programmation faciles et peut mettre \u00e0 jour le micrologiciel. L&rsquo;interface graphique prend \u00e9galement en charge le r\u00e9glage des variables sp\u00e9cifiques au client li\u00e9es \u00e0 la conception mat\u00e9rielle, telles que les param\u00e8tres de d\u00e9tection d&rsquo;objets \u00e9trangers (FOD).<\/p>\n<p>\u00ab La conception de r\u00e9f\u00e9rence P9261-3C-CRBv2 d\u00e9montre pourquoi les clients automobiles utilisent l&rsquo;environnement de conception facile \u00e0 utiliser de Renesas pour d\u00e9velopper rapidement des solutions de nouvelle g\u00e9n\u00e9ration \u00bb,\u00a0a d\u00e9clar\u00e9 Niall Lyne, vice-pr\u00e9sident, Automotive Power and Video Business Division chez Renesas. \u00ab\u00a0Il offre les meilleures performances de charge sans fil disponibles et prend en charge les derni\u00e8res fonctionnalit\u00e9s de s\u00e9curit\u00e9 requises par les clients.\u00a0\u00bb<\/p>\n<p><a href=\"https:\/\/www.renesas.com\/P9261-3C-CRBv2\">https:\/\/www.renesas.com\/P9261-3C-CRBv2<\/a><\/p>\n<p>&nbsp;<\/p>\n<p>&nbsp;<\/p>\n<p>&nbsp;<\/p>\n","protected":false},"excerpt":{"rendered":"<p>Renesas Electronics vient d&rsquo;annoncer une conception de r\u00e9f\u00e9rence client de nouvelle g\u00e9n\u00e9ration pour les bornes de recharge sans fil automobiles. Le nouveau P9261-3C-CRBv2 offre des fonctionnalit\u00e9s qui permettent aux constructeurs automobiles de fournir rapidement et efficacement des performances et des fonctionnalit\u00e9s de s\u00e9curit\u00e9 haut de gamme pour la recharge sans fil dans l\u2019habitacle. La solution [&hellip;]<\/p>\n","protected":false},"author":36,"featured_media":377603,"comment_status":"closed","ping_status":"closed","sticky":false,"template":"","format":"standard","meta":{"_acf_changed":false,"footnotes":""},"categories":[881],"tags":[891],"domains":[47],"ppma_author":[1141,1154],"class_list":["post-377602","post","type-post","status-publish","format-standard","has-post-thumbnail","hentry","category-nouveaux-produits","tag-automotive-fr","domains-electronique-eci"],"acf":[],"yoast_head":"<title>Conception de r\u00e9f\u00e9rence pour la recharge sans fil dans l\u2019ha...<\/title>\n<meta name=\"description\" content=\"Renesas Electronics vient d&rsquo;annoncer une conception de r\u00e9f\u00e9rence client de nouvelle g\u00e9n\u00e9ration pour les bornes de recharge sans fil automobiles. Le...\" \/>\n<meta name=\"robots\" content=\"index, follow, max-snippet:-1, max-image-preview:large, max-video-preview:-1\" \/>\n<link rel=\"canonical\" href=\"https:\/\/www.ecinews.fr\/fr\/wp-json\/wp\/v2\/posts\/377602\/\" \/>\n<meta property=\"og:locale\" content=\"fr_FR\" \/>\n<meta property=\"og:type\" content=\"article\" \/>\n<meta property=\"og:title\" content=\"Conception de r\u00e9f\u00e9rence pour la recharge sans fil dans l\u2019habitacle automobile\" \/>\n<meta property=\"og:description\" content=\"Renesas Electronics vient d&rsquo;annoncer une conception de r\u00e9f\u00e9rence client de nouvelle g\u00e9n\u00e9ration pour les bornes de recharge sans fil automobiles. Le nouveau P9261-3C-CRBv2 offre des fonctionnalit\u00e9s qui permettent aux constructeurs automobiles de fournir rapidement et efficacement des performances et des fonctionnalit\u00e9s de s\u00e9curit\u00e9 haut de gamme pour la recharge sans fil dans l\u2019habitacle. La solution [&hellip;]\" \/>\n<meta property=\"og:url\" content=\"https:\/\/www.ecinews.fr\/fr\/wp-json\/wp\/v2\/posts\/377602\/\" \/>\n<meta property=\"og:site_name\" content=\"EENewsEurope\" \/>\n<meta property=\"article:published_time\" content=\"2022-03-18T09:15:32+00:00\" \/>\n<meta property=\"og:image\" content=\"https:\/\/www.ecinews.fr\/wp-content\/uploads\/2022\/03\/ECI1103_Renesas-scaled.jpg\" \/>\n\t<meta property=\"og:image:width\" content=\"1080\" \/>\n\t<meta property=\"og:image:height\" content=\"608\" \/>\n\t<meta property=\"og:image:type\" content=\"image\/jpeg\" \/>\n<meta name=\"author\" content=\"Alain Dieul, Alain Dieul\" \/>\n<meta name=\"twitter:card\" content=\"summary_large_image\" \/>\n<meta name=\"twitter:label1\" content=\"Written by\" \/>\n\t<meta name=\"twitter:data1\" content=\"Alain Dieul\" \/>\n\t<meta name=\"twitter:label2\" content=\"Est. reading time\" \/>\n\t<meta name=\"twitter:data2\" content=\"2 minutes\" \/>\n<script type=\"application\/ld+json\" class=\"yoast-schema-graph\">{\"@context\":\"https:\/\/schema.org\",\"@graph\":[{\"@type\":\"Article\",\"@id\":\"https:\/\/www.ecinews.fr\/fr\/conception-de-reference-pour-la-recharge-sans-fil-dans-lhabitacle-automobile\/#article\",\"isPartOf\":{\"@id\":\"https:\/\/www.ecinews.fr\/fr\/conception-de-reference-pour-la-recharge-sans-fil-dans-lhabitacle-automobile\/\"},\"author\":{\"name\":\"Alain Dieul\",\"@id\":\"https:\/\/www.eenewseurope.com\/en\/#\/schema\/person\/e4387676ad67ce722325c7832f3c3762\"},\"headline\":\"Conception de r\u00e9f\u00e9rence pour la recharge sans fil dans l\u2019habitacle automobile\",\"datePublished\":\"2022-03-18T09:15:32+00:00\",\"dateModified\":\"2022-03-18T09:15:32+00:00\",\"mainEntityOfPage\":{\"@id\":\"https:\/\/www.ecinews.fr\/fr\/conception-de-reference-pour-la-recharge-sans-fil-dans-lhabitacle-automobile\/\"},\"wordCount\":426,\"publisher\":{\"@id\":\"https:\/\/www.eenewseurope.com\/en\/#organization\"},\"keywords\":[\"Automotive\"],\"articleSection\":[\"Nouveaux produits\"],\"inLanguage\":\"fr-FR\"},{\"@type\":\"WebPage\",\"@id\":\"https:\/\/www.ecinews.fr\/fr\/conception-de-reference-pour-la-recharge-sans-fil-dans-lhabitacle-automobile\/\",\"url\":\"https:\/\/www.ecinews.fr\/fr\/conception-de-reference-pour-la-recharge-sans-fil-dans-lhabitacle-automobile\/\",\"name\":\"Conception de r\u00e9f\u00e9rence pour la recharge sans fil dans l\u2019habitacle automobile -\",\"isPartOf\":{\"@id\":\"https:\/\/www.eenewseurope.com\/en\/#website\"},\"datePublished\":\"2022-03-18T09:15:32+00:00\",\"dateModified\":\"2022-03-18T09:15:32+00:00\",\"breadcrumb\":{\"@id\":\"https:\/\/www.ecinews.fr\/fr\/conception-de-reference-pour-la-recharge-sans-fil-dans-lhabitacle-automobile\/#breadcrumb\"},\"inLanguage\":\"fr-FR\",\"potentialAction\":[{\"@type\":\"ReadAction\",\"target\":[\"https:\/\/www.ecinews.fr\/fr\/conception-de-reference-pour-la-recharge-sans-fil-dans-lhabitacle-automobile\/\"]}]},{\"@type\":\"BreadcrumbList\",\"@id\":\"https:\/\/www.ecinews.fr\/fr\/conception-de-reference-pour-la-recharge-sans-fil-dans-lhabitacle-automobile\/#breadcrumb\",\"itemListElement\":[{\"@type\":\"ListItem\",\"position\":1,\"name\":\"Home\",\"item\":\"https:\/\/www.ecinews.fr\/fr\/\"},{\"@type\":\"ListItem\",\"position\":2,\"name\":\"Conception de r\u00e9f\u00e9rence pour la recharge sans fil dans l\u2019habitacle automobile\"}]},{\"@type\":\"WebSite\",\"@id\":\"https:\/\/www.eenewseurope.com\/en\/#website\",\"url\":\"https:\/\/www.eenewseurope.com\/en\/\",\"name\":\"EENewsEurope\",\"description\":\"Just another WordPress site\",\"publisher\":{\"@id\":\"https:\/\/www.eenewseurope.com\/en\/#organization\"},\"potentialAction\":[{\"@type\":\"SearchAction\",\"target\":{\"@type\":\"EntryPoint\",\"urlTemplate\":\"https:\/\/www.eenewseurope.com\/en\/?s={search_term_string}\"},\"query-input\":\"required name=search_term_string\"}],\"inLanguage\":\"fr-FR\"},{\"@type\":\"Organization\",\"@id\":\"https:\/\/www.eenewseurope.com\/en\/#organization\",\"name\":\"EENewsEurope\",\"url\":\"https:\/\/www.eenewseurope.com\/en\/\",\"logo\":{\"@type\":\"ImageObject\",\"inLanguage\":\"fr-FR\",\"@id\":\"https:\/\/www.eenewseurope.com\/en\/#\/schema\/logo\/image\/\",\"url\":\"https:\/\/www.ecinews.fr\/wp-content\/uploads\/2022\/02\/logo-1.jpg\",\"contentUrl\":\"https:\/\/www.ecinews.fr\/wp-content\/uploads\/2022\/02\/logo-1.jpg\",\"width\":283,\"height\":113,\"caption\":\"EENewsEurope\"},\"image\":{\"@id\":\"https:\/\/www.eenewseurope.com\/en\/#\/schema\/logo\/image\/\"}},{\"@type\":\"Person\",\"@id\":\"https:\/\/www.eenewseurope.com\/en\/#\/schema\/person\/e4387676ad67ce722325c7832f3c3762\",\"name\":\"Alain Dieul\",\"image\":{\"@type\":\"ImageObject\",\"inLanguage\":\"fr-FR\",\"@id\":\"https:\/\/www.eenewseurope.com\/en\/#\/schema\/person\/image\/736120675699dbbf0f0f282b9a9cfb75\",\"url\":\"https:\/\/secure.gravatar.com\/avatar\/bc93b056d07515be5b8eecd4acf49c5c?s=96&d=mm&r=g\",\"contentUrl\":\"https:\/\/secure.gravatar.com\/avatar\/bc93b056d07515be5b8eecd4acf49c5c?s=96&d=mm&r=g\",\"caption\":\"Alain Dieul\"},\"sameAs\":[\"http:\/\/ECINews\"]}]}<\/script>","yoast_head_json":{"title":"Conception de r\u00e9f\u00e9rence pour la recharge sans fil dans l\u2019ha...","description":"Renesas Electronics vient d&rsquo;annoncer une conception de r\u00e9f\u00e9rence client de nouvelle g\u00e9n\u00e9ration pour les bornes de recharge sans fil automobiles. Le...","robots":{"index":"index","follow":"follow","max-snippet":"max-snippet:-1","max-image-preview":"max-image-preview:large","max-video-preview":"max-video-preview:-1"},"canonical":"https:\/\/www.ecinews.fr\/fr\/wp-json\/wp\/v2\/posts\/377602\/","og_locale":"fr_FR","og_type":"article","og_title":"Conception de r\u00e9f\u00e9rence pour la recharge sans fil dans l\u2019habitacle automobile","og_description":"Renesas Electronics vient d&rsquo;annoncer une conception de r\u00e9f\u00e9rence client de nouvelle g\u00e9n\u00e9ration pour les bornes de recharge sans fil automobiles. Le nouveau P9261-3C-CRBv2 offre des fonctionnalit\u00e9s qui permettent aux constructeurs automobiles de fournir rapidement et efficacement des performances et des fonctionnalit\u00e9s de s\u00e9curit\u00e9 haut de gamme pour la recharge sans fil dans l\u2019habitacle. La solution [&hellip;]","og_url":"https:\/\/www.ecinews.fr\/fr\/wp-json\/wp\/v2\/posts\/377602\/","og_site_name":"EENewsEurope","article_published_time":"2022-03-18T09:15:32+00:00","og_image":[{"width":1080,"height":608,"url":"https:\/\/www.ecinews.fr\/wp-content\/uploads\/2022\/03\/ECI1103_Renesas-scaled.jpg","type":"image\/jpeg"}],"author":"Alain Dieul, Alain Dieul","twitter_card":"summary_large_image","twitter_misc":{"Written by":"Alain Dieul","Est. reading time":"2 minutes"},"schema":{"@context":"https:\/\/schema.org","@graph":[{"@type":"Article","@id":"https:\/\/www.ecinews.fr\/fr\/conception-de-reference-pour-la-recharge-sans-fil-dans-lhabitacle-automobile\/#article","isPartOf":{"@id":"https:\/\/www.ecinews.fr\/fr\/conception-de-reference-pour-la-recharge-sans-fil-dans-lhabitacle-automobile\/"},"author":{"name":"Alain Dieul","@id":"https:\/\/www.eenewseurope.com\/en\/#\/schema\/person\/e4387676ad67ce722325c7832f3c3762"},"headline":"Conception de r\u00e9f\u00e9rence pour la recharge sans fil dans l\u2019habitacle automobile","datePublished":"2022-03-18T09:15:32+00:00","dateModified":"2022-03-18T09:15:32+00:00","mainEntityOfPage":{"@id":"https:\/\/www.ecinews.fr\/fr\/conception-de-reference-pour-la-recharge-sans-fil-dans-lhabitacle-automobile\/"},"wordCount":426,"publisher":{"@id":"https:\/\/www.eenewseurope.com\/en\/#organization"},"keywords":["Automotive"],"articleSection":["Nouveaux produits"],"inLanguage":"fr-FR"},{"@type":"WebPage","@id":"https:\/\/www.ecinews.fr\/fr\/conception-de-reference-pour-la-recharge-sans-fil-dans-lhabitacle-automobile\/","url":"https:\/\/www.ecinews.fr\/fr\/conception-de-reference-pour-la-recharge-sans-fil-dans-lhabitacle-automobile\/","name":"Conception de r\u00e9f\u00e9rence pour la recharge sans fil dans l\u2019habitacle automobile -","isPartOf":{"@id":"https:\/\/www.eenewseurope.com\/en\/#website"},"datePublished":"2022-03-18T09:15:32+00:00","dateModified":"2022-03-18T09:15:32+00:00","breadcrumb":{"@id":"https:\/\/www.ecinews.fr\/fr\/conception-de-reference-pour-la-recharge-sans-fil-dans-lhabitacle-automobile\/#breadcrumb"},"inLanguage":"fr-FR","potentialAction":[{"@type":"ReadAction","target":["https:\/\/www.ecinews.fr\/fr\/conception-de-reference-pour-la-recharge-sans-fil-dans-lhabitacle-automobile\/"]}]},{"@type":"BreadcrumbList","@id":"https:\/\/www.ecinews.fr\/fr\/conception-de-reference-pour-la-recharge-sans-fil-dans-lhabitacle-automobile\/#breadcrumb","itemListElement":[{"@type":"ListItem","position":1,"name":"Home","item":"https:\/\/www.ecinews.fr\/fr\/"},{"@type":"ListItem","position":2,"name":"Conception de r\u00e9f\u00e9rence pour la recharge sans fil dans l\u2019habitacle automobile"}]},{"@type":"WebSite","@id":"https:\/\/www.eenewseurope.com\/en\/#website","url":"https:\/\/www.eenewseurope.com\/en\/","name":"EENewsEurope","description":"Just another WordPress site","publisher":{"@id":"https:\/\/www.eenewseurope.com\/en\/#organization"},"potentialAction":[{"@type":"SearchAction","target":{"@type":"EntryPoint","urlTemplate":"https:\/\/www.eenewseurope.com\/en\/?s={search_term_string}"},"query-input":"required name=search_term_string"}],"inLanguage":"fr-FR"},{"@type":"Organization","@id":"https:\/\/www.eenewseurope.com\/en\/#organization","name":"EENewsEurope","url":"https:\/\/www.eenewseurope.com\/en\/","logo":{"@type":"ImageObject","inLanguage":"fr-FR","@id":"https:\/\/www.eenewseurope.com\/en\/#\/schema\/logo\/image\/","url":"https:\/\/www.ecinews.fr\/wp-content\/uploads\/2022\/02\/logo-1.jpg","contentUrl":"https:\/\/www.ecinews.fr\/wp-content\/uploads\/2022\/02\/logo-1.jpg","width":283,"height":113,"caption":"EENewsEurope"},"image":{"@id":"https:\/\/www.eenewseurope.com\/en\/#\/schema\/logo\/image\/"}},{"@type":"Person","@id":"https:\/\/www.eenewseurope.com\/en\/#\/schema\/person\/e4387676ad67ce722325c7832f3c3762","name":"Alain Dieul","image":{"@type":"ImageObject","inLanguage":"fr-FR","@id":"https:\/\/www.eenewseurope.com\/en\/#\/schema\/person\/image\/736120675699dbbf0f0f282b9a9cfb75","url":"https:\/\/secure.gravatar.com\/avatar\/bc93b056d07515be5b8eecd4acf49c5c?s=96&d=mm&r=g","contentUrl":"https:\/\/secure.gravatar.com\/avatar\/bc93b056d07515be5b8eecd4acf49c5c?s=96&d=mm&r=g","caption":"Alain Dieul"},"sameAs":["http:\/\/ECINews"]}]}},"authors":[{"term_id":1141,"user_id":9,"is_guest":0,"slug":"alaindieul","display_name":"Alain Dieul","avatar_url":"https:\/\/secure.gravatar.com\/avatar\/93708ec89b35deb10f4cfbfe144b4e07?s=96&d=mm&r=g","0":null,"1":"","2":"","3":"","4":"","5":"","6":"","7":"","8":""},{"term_id":1154,"user_id":36,"is_guest":0,"slug":"alain-dieul","display_name":"Alain Dieul","avatar_url":"https:\/\/secure.gravatar.com\/avatar\/bc93b056d07515be5b8eecd4acf49c5c?s=96&d=mm&r=g","0":null,"1":"","2":"","3":"","4":"","5":"","6":"","7":"","8":""}],"_links":{"self":[{"href":"https:\/\/www.ecinews.fr\/fr\/wp-json\/wp\/v2\/posts\/377602"}],"collection":[{"href":"https:\/\/www.ecinews.fr\/fr\/wp-json\/wp\/v2\/posts"}],"about":[{"href":"https:\/\/www.ecinews.fr\/fr\/wp-json\/wp\/v2\/types\/post"}],"author":[{"embeddable":true,"href":"https:\/\/www.ecinews.fr\/fr\/wp-json\/wp\/v2\/users\/36"}],"replies":[{"embeddable":true,"href":"https:\/\/www.ecinews.fr\/fr\/wp-json\/wp\/v2\/comments?post=377602"}],"version-history":[{"count":0,"href":"https:\/\/www.ecinews.fr\/fr\/wp-json\/wp\/v2\/posts\/377602\/revisions"}],"wp:featuredmedia":[{"embeddable":true,"href":"https:\/\/www.ecinews.fr\/fr\/wp-json\/wp\/v2\/media\/377603"}],"wp:attachment":[{"href":"https:\/\/www.ecinews.fr\/fr\/wp-json\/wp\/v2\/media?parent=377602"}],"wp:term":[{"taxonomy":"category","embeddable":true,"href":"https:\/\/www.ecinews.fr\/fr\/wp-json\/wp\/v2\/categories?post=377602"},{"taxonomy":"post_tag","embeddable":true,"href":"https:\/\/www.ecinews.fr\/fr\/wp-json\/wp\/v2\/tags?post=377602"},{"taxonomy":"domains","embeddable":true,"href":"https:\/\/www.ecinews.fr\/fr\/wp-json\/wp\/v2\/domains?post=377602"},{"taxonomy":"author","embeddable":true,"href":"https:\/\/www.ecinews.fr\/fr\/wp-json\/wp\/v2\/ppma_author?post=377602"}],"curies":[{"name":"wp","href":"https:\/\/api.w.org\/{rel}","templated":true}]}}