{"id":377354,"date":"2022-03-16T17:22:08","date_gmt":"2022-03-16T16:22:08","guid":{"rendered":"https:\/\/www.eenewseurope.com\/?p=377354"},"modified":"2022-03-16T17:22:08","modified_gmt":"2022-03-16T16:22:08","slug":"intel-confirme-80-milliards-e-dinvestissements-en-europe","status":"publish","type":"post","link":"https:\/\/www.ecinews.fr\/fr\/intel-confirme-80-milliards-e-dinvestissements-en-europe\/","title":{"rendered":"Intel confirme 80 milliards \u20ac d&rsquo;investissements en Europe"},"content":{"rendered":"<p><span class=\"VIiyi\" lang=\"fr\"><span class=\"JLqJ4b\" data-language-for-alternatives=\"fr\" data-language-to-translate-into=\"en\" data-phrase-index=\"0\" data-number-of-phrases=\"1\">Intel a confirm\u00e9 qu&rsquo;il allait construire deux Fabs de pointe \u00e0 Madgeburg, en Allemagne, dans le cadre d&rsquo;un investissement de 80 milliards d&rsquo;euros (88 milliards de dollars) en Europe, avec des usines de packaging et des centres de conception en Italie, en Pologne, en France et en Espagne. Il investit \u00e9galement 12 milliards d&rsquo;euros pour \u00e9tendre son usine en Irlande afin de prendre en charge le process Intel 4\u00a0 \u00e0 4 nm pour les clients de fonderie.<\/span><\/span><\/p>\n<p><span class=\"VIiyi\" lang=\"fr\"><span class=\"JLqJ4b\" data-language-for-alternatives=\"fr\" data-language-to-translate-into=\"en\" data-phrase-index=\"0\" data-number-of-phrases=\"1\">\u00ab\u00a0Aujourd&rsquo;hui, nous annon\u00e7ons notre strat\u00e9gie europ\u00e9enne, et c&rsquo;est plus qu&rsquo;une ou deux Fabs, pour cr\u00e9er un \u00e9cosyst\u00e8me de puces de classe mondiale\u00a0\u00bb, a d\u00e9clar\u00e9 Pat Gelsinger, PDG d&rsquo;Intel. \u00ab Nous allons investir 80 milliards d&rsquo;euros dans l&rsquo;UE au cours de la prochaine d\u00e9cennie sur l&rsquo;ensemble de la cha\u00eene de valeur des semiconducteurs. Notre investissement historique initial sera un m\u00e9gasite leader de 17 milliards d&rsquo;euros en Allemagne et la poursuite de notre investissement avec 12 milliards d&rsquo;euros en Irlande \u00bb, a-t-il d\u00e9clar\u00e9. \u00ab\u00a0Mais nous pr\u00e9voyons \u00e9galement un nouveau centre de conception R&amp;D en France et \u00e9valuons les options de packaging avanc\u00e9 en Italie, en Pologne et en Espagne.\u00a0\u00bb <\/span><\/span><\/p>\n<ul>\n<li><a href=\"https:\/\/www.eenewseurope.com\/en\/report-intel-selects-magdeburg-for-german-wafer-fab\/\">Intel selects Magdeburg for German wafer fab<\/a><\/li>\n<li>\n<p class=\"title\"><a href=\"https:\/\/www.ecinews.fr\/fr\/intel-prevoit-une-usine-de-test-et-dassemblage-en-italie-et-un-centre-de-recherche-en-france\/\">Intel pr\u00e9voit une usine de test et d\u2019assemblage en Italie et un centre de recherche en France<\/a><\/p>\n<p class=\"title\"><a href=\"https:\/\/www.ecinews.fr\/fr\/intel-qui-va-construire-deux-fabs-servira-de-fonderie-pour-leurope\/\">Intel qui va construire deux Fabs, servira de fonderie pour l\u2019Europe<\/a><\/p>\n<\/li>\n<\/ul>\n<p><span class=\"VIiyi\" lang=\"fr\"><span class=\"JLqJ4b\" data-language-for-alternatives=\"fr\" data-language-to-translate-into=\"en\" data-phrase-index=\"0\" data-number-of-phrases=\"1\">Le plan vise \u00e0 tirer parti du soutien de la loi europ\u00e9enne sur les puces, qui vise \u00e0 fournir 43 milliards d&rsquo;euros d&rsquo;investissements publics d&rsquo;ici 2030. <\/span><\/span><\/p>\n<p><span class=\"VIiyi\" lang=\"fr\"><span class=\"JLqJ4b\" data-language-for-alternatives=\"fr\" data-language-to-translate-into=\"en\" data-phrase-index=\"0\" data-number-of-phrases=\"1\">\u00ab\u00a0Avec cela, nous voulons faire de l&rsquo;Europe un leader dans la production de semiconducteurs et renforcer notre r\u00e9silience avec des technologies s\u00e9curis\u00e9es locales\u00a0\u00bb, a d\u00e9clar\u00e9 Ursula von der Leyen, pr\u00e9sidente de la Commission europ\u00e9enne. \u00ab\u00a0Ce n&rsquo;est pas seulement une question de quantit\u00e9\u00a0\u00bb, a-t-elle d\u00e9clar\u00e9. \u00ab Je veux que l&rsquo;Europe franchisse les barri\u00e8res technologiques, brisant la barri\u00e8re des n\u0153uds de 3 nm et cr\u00e9ant des puces plus \u00e9co\u00e9nerg\u00e9tiques. Il ne s&rsquo;agit pas seulement de quelques grandes usines, mais de la recherche fondamentale aux applications commerciales. Nous avons besoin d&rsquo;une v\u00e9ritable approche \u00ab de toute l&rsquo;Europe \u00bb et cela n\u00e9cessite des investissements massifs. \u00bb<\/span><\/span><\/p>\n<ul>\n<li><a href=\"https:\/\/www.eenewseurope.com\/en\/eu-wants-chips-with-everything\/\">EU wants chips with everything<\/a><\/li>\n<li><a href=\"https:\/\/www.eenewseurope.com\/en\/european-chips-act-for-semiconductor-sovereignty\/\">European Chips Act for semiconductor sovereignty\u00a0<\/a><\/li>\n<\/ul>\n<p><span class=\"VIiyi\" lang=\"fr\"><span class=\"JLqJ4b\" data-language-for-alternatives=\"fr\" data-language-to-translate-into=\"en\" data-phrase-index=\"0\" data-number-of-phrases=\"1\">\u00ab\u00a0C&rsquo;est pourquoi l&rsquo;annonce faite aujourd&rsquo;hui par Intel est le premier gros investissement\u00a0\u00bb, a-t-elle d\u00e9clar\u00e9. \u00ab Il s&rsquo;agit d&rsquo;une contribution consid\u00e9rable \u00e0 l&rsquo;\u00e9cosyst\u00e8me europ\u00e9en des puces et je suis s\u00fbre que cela ouvrira la voie \u00e0 davantage d&rsquo;entreprises. Nous avons certains des meilleurs cerveaux en R&amp;D, un march\u00e9 stable et attractif et nous sommes ouverts aux affaires. Cependant, les deux fabs de Madgeburg d\u00e9pendent des permis de construire et du soutien financier, explique Gelsinger. Intel vise \u00e0 commencer la construction au premier semestre 2023 avec des produits en 2027. Cela cr\u00e9era 3000 emplois de haute technologie chez Intel, a-t-il d\u00e9clar\u00e9.<\/span><\/span><\/p>\n<p><span class=\"VIiyi\" lang=\"fr\"><span class=\"JLqJ4b\" data-language-for-alternatives=\"fr\" data-language-to-translate-into=\"en\" data-phrase-index=\"0\" data-number-of-phrases=\"1\">La soci\u00e9t\u00e9 \u00e9tend \u00e9galement ses services de fonderie \u00e0 Leixlip en Irlande avec un investissement de 12 milliards d&rsquo;Euros pour prendre en charge le process Intel 4. \u00ab\u00a0Cela porte l&rsquo;investissement total en Irlande \u00e0 plus de 30 milliards d&rsquo;euros\u00a0\u00bb, a d\u00e9clar\u00e9 Gelsinger. L&rsquo;entreprise est en n\u00e9gociation en Italie pour une usine de packaging de pointe avec un investissement de 4,5 milliards d&rsquo;euros qui cr\u00e9erait 1500 emplois directement et 3500 dans la cha\u00eene d&rsquo;approvisionnement. Ce serait le premier du genre en Europe, a d\u00e9clar\u00e9 Gelsinger. Il souligne \u00e9galement la collaboration avec ST et Tower Semiconductor qui partagent une nouvelle fab \u00e0 Agrate, en Italie. (voir Intel rach\u00e8te Tower). \u00ab\u00a0Ce sera le catalyseur de l&rsquo;activit\u00e9 de fonderie de puces dans l&rsquo;\u00e9lectronique automobile, industrielle et personnelle\u00a0\u00bb, a-t-il d\u00e9clar\u00e9.<\/span><\/span><\/p>\n<p><span class=\"VIiyi\" lang=\"fr\"><span class=\"JLqJ4b\" data-language-for-alternatives=\"fr\" data-language-to-translate-into=\"en\" data-phrase-index=\"0\" data-number-of-phrases=\"1\">Intel met \u00e9galement en place un centre de recherche et de conception sur le Plateau de Saclay, au sud de Paris, en France, avec 1000 employ\u00e9s et fait de la France son si\u00e8ge europ\u00e9en pour l&rsquo;intelligence artificielle (IA) et le calcul haute performance (HPC) et le principal centre de conception Foundry. Il \u00e9tend \u00e9galement sa relation avec le Barcelona Supercomputer Center en Espagne pour passer de la recherche sur les syst\u00e8mes exascale \u00e0 Zetascale.<\/span><\/span><\/p>\n<p><a href=\"http:\/\/www.intel.com\">www.intel.com<\/a><\/p>\n<h4>Related articles<\/h4>\n<ul>\n<li><a href=\"https:\/\/www.eenewseurope.com\/en\/intel-pushes-the-european-car-business\/\">Intel pushes the European car business<\/a><\/li>\n<li><a href=\"https:\/\/www.eenewseurope.com\/en\/intel-set-to-buy-foundry-tower-for-5-4-billion\/\">Intel set to buy foundry Tower for $5.4 billion<\/a><\/li>\n<li><a href=\"https:\/\/www.eenewseurope.com\/en\/intel-goes-full-foundry\/\">Intel goes full foundry<\/a><\/li>\n<li><a href=\"https:\/\/www.eenewseurope.com\/en\/ponte-vecchio-3d-supercomputer-processor-uses-five-process-nodes\/\">Ponte Vecchio 3D supercomputer processor uses five process technologies<\/a><\/li>\n<\/ul>\n<h4>Other articles on eeNews Europe<\/h4>\n<ul>\n<li><a href=\"https:\/\/www.eenewseurope.com\/en\/apple-goes-chiplet-for-114bn-transistor-m1-ultra\/\">Apple goes to 2.5D for 114bn transistor M1 Ultra<\/a><\/li>\n<li><a href=\"https:\/\/www.eenewseurope.com\/en\/open-source-chip-design-language-is-based-around-python\/\">Open source chip design language is based around Python<\/a><\/li>\n<li><a href=\"https:\/\/www.eenewseurope.com\/en\/quantum-project-for-digital-twins\/\">Quantum project for digital twins<\/a><\/li>\n<li><a href=\"https:\/\/www.eenewseurope.com\/en\/bmw-qualcomm-arriver-ink-strategic-collaboration-for-autonomous-driving\/\">BMW, Qualcomm, Arriver ink strategic collaboration for autonomous driving<\/a><\/li>\n<li><a href=\"https:\/\/www.eenewseurope.com\/en\/space-factory-startup-aims-for-first-uk-launch\/\">Space factory startup aims for first UK launch<\/a><\/li>\n<li><a href=\"https:\/\/www.eenewseurope.com\/en\/xerox-parc-spins-out-predictive-maintenance-for-iiot\/\">Xerox PARC spins out predictive maintenance for IIoT<\/a><\/li>\n<\/ul>\n<p>&nbsp;<\/p>\n","protected":false},"excerpt":{"rendered":"<p>Intel a confirm\u00e9 qu&rsquo;il allait construire deux usines de pointe \u00e0 Madgeburg, en Allemagne, dans le cadre d&rsquo;un investissement de 80 milliards d&rsquo;euros (88 milliards de dollars) en Europe<\/p>\n","protected":false},"author":34,"featured_media":376585,"comment_status":"closed","ping_status":"closed","sticky":false,"template":"","format":"standard","meta":{"_acf_changed":false,"footnotes":""},"categories":[880],"tags":[899,913,906],"domains":[47],"ppma_author":[1153],"class_list":["post-377354","post","type-post","status-publish","format-standard","has-post-thumbnail","hentry","category-actualites-economiques","tag-eda-cad-tools-fr","tag-materials-processes-fr","tag-mpus-mcus-fr","domains-electronique-eci"],"acf":[],"yoast_head":"<title>Intel confirme 80 milliards \u20ac d&#039;investissements en Europe ...<\/title>\n<meta name=\"description\" content=\"Intel a confirm\u00e9 qu&#039;il allait construire deux Fabs de pointe \u00e0 Madgeburg, dans le cadre d&#039;un investissement de 80 milliards d&#039;euros en Europe\" \/>\n<meta name=\"robots\" content=\"index, follow, max-snippet:-1, max-image-preview:large, max-video-preview:-1\" \/>\n<link rel=\"canonical\" href=\"https:\/\/www.ecinews.fr\/fr\/wp-json\/wp\/v2\/posts\/377354\/\" \/>\n<meta property=\"og:locale\" content=\"fr_FR\" \/>\n<meta property=\"og:type\" content=\"article\" \/>\n<meta property=\"og:title\" content=\"Intel confirme 80 milliards \u20ac d&#039;investissements en Europe\" \/>\n<meta property=\"og:description\" content=\"Intel a confirm\u00e9 qu&#039;il allait construire deux Fabs de pointe \u00e0 Madgeburg, dans le cadre d&#039;un investissement de 80 milliards d&#039;euros en Europe\" \/>\n<meta property=\"og:url\" content=\"https:\/\/www.ecinews.fr\/fr\/wp-json\/wp\/v2\/posts\/377354\/\" \/>\n<meta property=\"og:site_name\" content=\"EENewsEurope\" \/>\n<meta property=\"article:published_time\" content=\"2022-03-16T16:22:08+00:00\" \/>\n<meta property=\"og:image\" content=\"https:\/\/www.ecinews.fr\/wp-content\/uploads\/2022\/03\/Intel-Gelsinger-Europe-scaled.jpg\" \/>\n\t<meta property=\"og:image:width\" content=\"1080\" \/>\n\t<meta property=\"og:image:height\" content=\"716\" \/>\n\t<meta property=\"og:image:type\" content=\"image\/jpeg\" \/>\n<meta name=\"author\" content=\"A Delapalisse\" \/>\n<meta name=\"twitter:card\" content=\"summary_large_image\" \/>\n<meta name=\"twitter:label1\" content=\"Written by\" \/>\n\t<meta name=\"twitter:data1\" content=\"A Delapalisse\" \/>\n\t<meta name=\"twitter:label2\" content=\"Est. reading time\" \/>\n\t<meta name=\"twitter:data2\" content=\"4 minutes\" \/>\n<script type=\"application\/ld+json\" class=\"yoast-schema-graph\">{\"@context\":\"https:\/\/schema.org\",\"@graph\":[{\"@type\":\"Article\",\"@id\":\"https:\/\/www.ecinews.fr\/fr\/intel-confirme-80-milliards-e-dinvestissements-en-europe\/#article\",\"isPartOf\":{\"@id\":\"https:\/\/www.ecinews.fr\/fr\/intel-confirme-80-milliards-e-dinvestissements-en-europe\/\"},\"author\":{\"name\":\"A Delapalisse\",\"@id\":\"https:\/\/www.eenewseurope.com\/en\/#\/schema\/person\/0aa2cfb0bd8949724a68cbac8d8321b4\"},\"headline\":\"Intel confirme 80 milliards \u20ac d&rsquo;investissements en Europe\",\"datePublished\":\"2022-03-16T16:22:08+00:00\",\"dateModified\":\"2022-03-16T16:22:08+00:00\",\"mainEntityOfPage\":{\"@id\":\"https:\/\/www.ecinews.fr\/fr\/intel-confirme-80-milliards-e-dinvestissements-en-europe\/\"},\"wordCount\":802,\"publisher\":{\"@id\":\"https:\/\/www.eenewseurope.com\/en\/#organization\"},\"keywords\":[\"EDA &amp; CAD tools\",\"Materials &amp; processes\",\"MPUs\/MCUs\"],\"articleSection\":[\"Actualit\u00e9s \u00e9conomiques\"],\"inLanguage\":\"fr-FR\"},{\"@type\":\"WebPage\",\"@id\":\"https:\/\/www.ecinews.fr\/fr\/intel-confirme-80-milliards-e-dinvestissements-en-europe\/\",\"url\":\"https:\/\/www.ecinews.fr\/fr\/intel-confirme-80-milliards-e-dinvestissements-en-europe\/\",\"name\":\"Intel confirme 80 milliards \u20ac d'investissements en Europe -\",\"isPartOf\":{\"@id\":\"https:\/\/www.eenewseurope.com\/en\/#website\"},\"datePublished\":\"2022-03-16T16:22:08+00:00\",\"dateModified\":\"2022-03-16T16:22:08+00:00\",\"description\":\"Intel a confirm\u00e9 qu'il allait construire deux Fabs de pointe \u00e0 Madgeburg, dans le cadre d'un investissement de 80 milliards d'euros en Europe\",\"breadcrumb\":{\"@id\":\"https:\/\/www.ecinews.fr\/fr\/intel-confirme-80-milliards-e-dinvestissements-en-europe\/#breadcrumb\"},\"inLanguage\":\"fr-FR\",\"potentialAction\":[{\"@type\":\"ReadAction\",\"target\":[\"https:\/\/www.ecinews.fr\/fr\/intel-confirme-80-milliards-e-dinvestissements-en-europe\/\"]}]},{\"@type\":\"BreadcrumbList\",\"@id\":\"https:\/\/www.ecinews.fr\/fr\/intel-confirme-80-milliards-e-dinvestissements-en-europe\/#breadcrumb\",\"itemListElement\":[{\"@type\":\"ListItem\",\"position\":1,\"name\":\"Home\",\"item\":\"https:\/\/www.ecinews.fr\/fr\/\"},{\"@type\":\"ListItem\",\"position\":2,\"name\":\"Intel confirme 80 milliards \u20ac d&rsquo;investissements en Europe\"}]},{\"@type\":\"WebSite\",\"@id\":\"https:\/\/www.eenewseurope.com\/en\/#website\",\"url\":\"https:\/\/www.eenewseurope.com\/en\/\",\"name\":\"EENewsEurope\",\"description\":\"Just another WordPress site\",\"publisher\":{\"@id\":\"https:\/\/www.eenewseurope.com\/en\/#organization\"},\"potentialAction\":[{\"@type\":\"SearchAction\",\"target\":{\"@type\":\"EntryPoint\",\"urlTemplate\":\"https:\/\/www.eenewseurope.com\/en\/?s={search_term_string}\"},\"query-input\":\"required name=search_term_string\"}],\"inLanguage\":\"fr-FR\"},{\"@type\":\"Organization\",\"@id\":\"https:\/\/www.eenewseurope.com\/en\/#organization\",\"name\":\"EENewsEurope\",\"url\":\"https:\/\/www.eenewseurope.com\/en\/\",\"logo\":{\"@type\":\"ImageObject\",\"inLanguage\":\"fr-FR\",\"@id\":\"https:\/\/www.eenewseurope.com\/en\/#\/schema\/logo\/image\/\",\"url\":\"https:\/\/www.ecinews.fr\/wp-content\/uploads\/2022\/02\/logo-1.jpg\",\"contentUrl\":\"https:\/\/www.ecinews.fr\/wp-content\/uploads\/2022\/02\/logo-1.jpg\",\"width\":283,\"height\":113,\"caption\":\"EENewsEurope\"},\"image\":{\"@id\":\"https:\/\/www.eenewseurope.com\/en\/#\/schema\/logo\/image\/\"}},{\"@type\":\"Person\",\"@id\":\"https:\/\/www.eenewseurope.com\/en\/#\/schema\/person\/0aa2cfb0bd8949724a68cbac8d8321b4\",\"name\":\"A Delapalisse\",\"image\":{\"@type\":\"ImageObject\",\"inLanguage\":\"fr-FR\",\"@id\":\"https:\/\/www.eenewseurope.com\/en\/#\/schema\/person\/image\/211ac42237c2e9683c0964086c393cb4\",\"url\":\"https:\/\/secure.gravatar.com\/avatar\/ad45a8c5da24bc9c7c4940dd1c48a695?s=96&d=mm&r=g\",\"contentUrl\":\"https:\/\/secure.gravatar.com\/avatar\/ad45a8c5da24bc9c7c4940dd1c48a695?s=96&d=mm&r=g\",\"caption\":\"A Delapalisse\"},\"sameAs\":[\"http:\/\/ECI\"]}]}<\/script>","yoast_head_json":{"title":"Intel confirme 80 milliards \u20ac d'investissements en Europe ...","description":"Intel a confirm\u00e9 qu'il allait construire deux Fabs de pointe \u00e0 Madgeburg, dans le cadre d'un investissement de 80 milliards d'euros en Europe","robots":{"index":"index","follow":"follow","max-snippet":"max-snippet:-1","max-image-preview":"max-image-preview:large","max-video-preview":"max-video-preview:-1"},"canonical":"https:\/\/www.ecinews.fr\/fr\/wp-json\/wp\/v2\/posts\/377354\/","og_locale":"fr_FR","og_type":"article","og_title":"Intel confirme 80 milliards \u20ac d'investissements en Europe","og_description":"Intel a confirm\u00e9 qu'il allait construire deux Fabs de pointe \u00e0 Madgeburg, dans le cadre d'un investissement de 80 milliards d'euros en Europe","og_url":"https:\/\/www.ecinews.fr\/fr\/wp-json\/wp\/v2\/posts\/377354\/","og_site_name":"EENewsEurope","article_published_time":"2022-03-16T16:22:08+00:00","og_image":[{"width":1080,"height":716,"url":"https:\/\/www.ecinews.fr\/wp-content\/uploads\/2022\/03\/Intel-Gelsinger-Europe-scaled.jpg","type":"image\/jpeg"}],"author":"A Delapalisse","twitter_card":"summary_large_image","twitter_misc":{"Written by":"A Delapalisse","Est. reading time":"4 minutes"},"schema":{"@context":"https:\/\/schema.org","@graph":[{"@type":"Article","@id":"https:\/\/www.ecinews.fr\/fr\/intel-confirme-80-milliards-e-dinvestissements-en-europe\/#article","isPartOf":{"@id":"https:\/\/www.ecinews.fr\/fr\/intel-confirme-80-milliards-e-dinvestissements-en-europe\/"},"author":{"name":"A Delapalisse","@id":"https:\/\/www.eenewseurope.com\/en\/#\/schema\/person\/0aa2cfb0bd8949724a68cbac8d8321b4"},"headline":"Intel confirme 80 milliards \u20ac d&rsquo;investissements en Europe","datePublished":"2022-03-16T16:22:08+00:00","dateModified":"2022-03-16T16:22:08+00:00","mainEntityOfPage":{"@id":"https:\/\/www.ecinews.fr\/fr\/intel-confirme-80-milliards-e-dinvestissements-en-europe\/"},"wordCount":802,"publisher":{"@id":"https:\/\/www.eenewseurope.com\/en\/#organization"},"keywords":["EDA &amp; CAD tools","Materials &amp; processes","MPUs\/MCUs"],"articleSection":["Actualit\u00e9s \u00e9conomiques"],"inLanguage":"fr-FR"},{"@type":"WebPage","@id":"https:\/\/www.ecinews.fr\/fr\/intel-confirme-80-milliards-e-dinvestissements-en-europe\/","url":"https:\/\/www.ecinews.fr\/fr\/intel-confirme-80-milliards-e-dinvestissements-en-europe\/","name":"Intel confirme 80 milliards \u20ac d'investissements en Europe -","isPartOf":{"@id":"https:\/\/www.eenewseurope.com\/en\/#website"},"datePublished":"2022-03-16T16:22:08+00:00","dateModified":"2022-03-16T16:22:08+00:00","description":"Intel a confirm\u00e9 qu'il allait construire deux Fabs de pointe \u00e0 Madgeburg, dans le cadre d'un investissement de 80 milliards d'euros en Europe","breadcrumb":{"@id":"https:\/\/www.ecinews.fr\/fr\/intel-confirme-80-milliards-e-dinvestissements-en-europe\/#breadcrumb"},"inLanguage":"fr-FR","potentialAction":[{"@type":"ReadAction","target":["https:\/\/www.ecinews.fr\/fr\/intel-confirme-80-milliards-e-dinvestissements-en-europe\/"]}]},{"@type":"BreadcrumbList","@id":"https:\/\/www.ecinews.fr\/fr\/intel-confirme-80-milliards-e-dinvestissements-en-europe\/#breadcrumb","itemListElement":[{"@type":"ListItem","position":1,"name":"Home","item":"https:\/\/www.ecinews.fr\/fr\/"},{"@type":"ListItem","position":2,"name":"Intel confirme 80 milliards \u20ac d&rsquo;investissements en Europe"}]},{"@type":"WebSite","@id":"https:\/\/www.eenewseurope.com\/en\/#website","url":"https:\/\/www.eenewseurope.com\/en\/","name":"EENewsEurope","description":"Just another WordPress site","publisher":{"@id":"https:\/\/www.eenewseurope.com\/en\/#organization"},"potentialAction":[{"@type":"SearchAction","target":{"@type":"EntryPoint","urlTemplate":"https:\/\/www.eenewseurope.com\/en\/?s={search_term_string}"},"query-input":"required name=search_term_string"}],"inLanguage":"fr-FR"},{"@type":"Organization","@id":"https:\/\/www.eenewseurope.com\/en\/#organization","name":"EENewsEurope","url":"https:\/\/www.eenewseurope.com\/en\/","logo":{"@type":"ImageObject","inLanguage":"fr-FR","@id":"https:\/\/www.eenewseurope.com\/en\/#\/schema\/logo\/image\/","url":"https:\/\/www.ecinews.fr\/wp-content\/uploads\/2022\/02\/logo-1.jpg","contentUrl":"https:\/\/www.ecinews.fr\/wp-content\/uploads\/2022\/02\/logo-1.jpg","width":283,"height":113,"caption":"EENewsEurope"},"image":{"@id":"https:\/\/www.eenewseurope.com\/en\/#\/schema\/logo\/image\/"}},{"@type":"Person","@id":"https:\/\/www.eenewseurope.com\/en\/#\/schema\/person\/0aa2cfb0bd8949724a68cbac8d8321b4","name":"A Delapalisse","image":{"@type":"ImageObject","inLanguage":"fr-FR","@id":"https:\/\/www.eenewseurope.com\/en\/#\/schema\/person\/image\/211ac42237c2e9683c0964086c393cb4","url":"https:\/\/secure.gravatar.com\/avatar\/ad45a8c5da24bc9c7c4940dd1c48a695?s=96&d=mm&r=g","contentUrl":"https:\/\/secure.gravatar.com\/avatar\/ad45a8c5da24bc9c7c4940dd1c48a695?s=96&d=mm&r=g","caption":"A Delapalisse"},"sameAs":["http:\/\/ECI"]}]}},"authors":[{"term_id":1153,"user_id":34,"is_guest":0,"slug":"adelapalisse","display_name":"A Delapalisse","avatar_url":"https:\/\/secure.gravatar.com\/avatar\/ad45a8c5da24bc9c7c4940dd1c48a695?s=96&d=mm&r=g","0":null,"1":"","2":"","3":"","4":"","5":"","6":"","7":"","8":""}],"_links":{"self":[{"href":"https:\/\/www.ecinews.fr\/fr\/wp-json\/wp\/v2\/posts\/377354"}],"collection":[{"href":"https:\/\/www.ecinews.fr\/fr\/wp-json\/wp\/v2\/posts"}],"about":[{"href":"https:\/\/www.ecinews.fr\/fr\/wp-json\/wp\/v2\/types\/post"}],"author":[{"embeddable":true,"href":"https:\/\/www.ecinews.fr\/fr\/wp-json\/wp\/v2\/users\/34"}],"replies":[{"embeddable":true,"href":"https:\/\/www.ecinews.fr\/fr\/wp-json\/wp\/v2\/comments?post=377354"}],"version-history":[{"count":0,"href":"https:\/\/www.ecinews.fr\/fr\/wp-json\/wp\/v2\/posts\/377354\/revisions"}],"wp:featuredmedia":[{"embeddable":true,"href":"https:\/\/www.ecinews.fr\/fr\/wp-json\/wp\/v2\/media\/376585"}],"wp:attachment":[{"href":"https:\/\/www.ecinews.fr\/fr\/wp-json\/wp\/v2\/media?parent=377354"}],"wp:term":[{"taxonomy":"category","embeddable":true,"href":"https:\/\/www.ecinews.fr\/fr\/wp-json\/wp\/v2\/categories?post=377354"},{"taxonomy":"post_tag","embeddable":true,"href":"https:\/\/www.ecinews.fr\/fr\/wp-json\/wp\/v2\/tags?post=377354"},{"taxonomy":"domains","embeddable":true,"href":"https:\/\/www.ecinews.fr\/fr\/wp-json\/wp\/v2\/domains?post=377354"},{"taxonomy":"author","embeddable":true,"href":"https:\/\/www.ecinews.fr\/fr\/wp-json\/wp\/v2\/ppma_author?post=377354"}],"curies":[{"name":"wp","href":"https:\/\/api.w.org\/{rel}","templated":true}]}}