{"id":3767,"date":"2021-09-15T15:53:36","date_gmt":"2021-09-15T15:53:36","guid":{"rendered":"https:\/\/\/galway-en-irlande-en-pole-pour-la-mega-fab-intel\/"},"modified":"2021-09-15T15:53:36","modified_gmt":"2021-09-15T15:53:36","slug":"galway-en-irlande-en-pole-pour-la-mega-fab-intel","status":"publish","type":"post","link":"https:\/\/www.ecinews.fr\/fr\/galway-en-irlande-en-pole-pour-la-mega-fab-intel\/","title":{"rendered":"Galway en Irlande en p\u00f4le pour la mega Fab Intel"},"content":{"rendered":"<p>L&rsquo;ancien champ de tir militaire d&rsquo;Oranmore, pr\u00e8s de Galway, dans l&rsquo;ouest de l&rsquo;Irlande, est le \u00ab\u00a0site pr\u00e9f\u00e9r\u00e9\u00a0\u00bb de l&rsquo;Industrial Development Agency pour une fonderie de puces Intel qui emploierait jusqu&rsquo;\u00e0 10 000 personnes, selon certaines informations. C&rsquo;est plus du double des 4 900 personnes qu&rsquo;Intel emploie dans son usine actuelle de Leixlip, en Irlande, \u00e0 la p\u00e9riph\u00e9rie de Dublin.<\/p>\n<p>Pat Gelsinger, PDG d&rsquo;Intel, s&rsquo;est rendu \u00e0 Leixlip la semaine derni\u00e8re et a rencontr\u00e9 le Premier ministre irlandais, le Taoiseach Michael Martin. Le site de Galway est un champ de tir de 216 hectares, propri\u00e9t\u00e9 du minist\u00e8re irlandais de la D\u00e9fense. Le projet impliquerait la construction de huit modules d&rsquo;usine sur le campus, selon des rapports.<\/p>\n<p><strong>Articles li\u00e9s<\/strong><\/p>\n<ul>\n<li class=\"MsoNoSpacing\"><a href=\"https:\/\/www.ecinews.fr\/news\/intel-pourrait-installer-sa-wafer-fab-en-baviere\" target=\"notSet\" rel=\"noopener\">Intel pourrait installer sa wafer Fab en Bavi\u00e8re <\/a><\/li>\n<li class=\"MsoNoSpacing\"><a href=\"https:\/\/www.ecinews.fr\/news\/tsmc-fait-volte-face-et-envisage-de-construire-une-fab-en-europe\" target=\"notSet\" rel=\"noopener\">TSMC fait volte face et envisage de construire une Fab en Europe <\/a><\/li>\n<li class=\"MsoNoSpacing\">&nbsp;<\/li>\n<li class=\"MsoNoSpacing\"><a href=\"https:\/\/www.eenewsanalog.com\/news\/intel-build-two-wafer-fabs-be-foundry-europe\" target=\"blank\" rel=\"noopener\">Intel to build two wafer fabs, be foundry for Europe<\/a><\/li>\n<li class=\"MsoNoSpacing\"><a href=\"https:\/\/www.eenewsanalog.com\/news\/intel-seeks-10-billion-subsidy-eurofab\" target=\"blank\" rel=\"noopener\">Intel seeks $10bn&nbsp;subsidy for &lsquo;EuroFab&rsquo;<\/a><\/li>\n<li class=\"MsoNoSpacing\"><a href=\"https:\/\/www.eenewseurope.com\/news\/intel-pushes-european-car-business\" target=\"blank\" rel=\"noopener\">Intel tempts&nbsp;the European car business with \u20ac80bn<\/a><\/li>\n<li class=\"MsoNoSpacing\"><a href=\"https:\/\/www.eenewseurope.com\/news\/power-boost-intels-ireland-fab-expansion\" target=\"blank\" rel=\"noopener\">Power boost for Intel&rsquo;s Ireland fab expansion<\/a><\/li>\n<\/ul>\n<p class=\"MsoNoSpacing\">Cependant, Intel serait \u00e9galement en pourparlers avec le gouvernement de l&rsquo;\u00c9tat allemand de Bavi\u00e8re au sujet de la cr\u00e9ation potentielle d&rsquo;une wafer Fab de fonderie pr\u00e8s de Munich. Les projets de Galway et de Bavi\u00e8re pourraient en th\u00e9orie se concr\u00e9tiser tous les deux car Intel s&rsquo;est engag\u00e9 \u00e0 \u00e9tendre sa fabrication en Europe et Gelsinger a sugg\u00e9r\u00e9 que la soci\u00e9t\u00e9 pourrait d\u00e9penser jusqu&rsquo;\u00e0 80 milliards d&rsquo;euros (115 milliards de dollars) en Europe au cours des dix prochaines ann\u00e9es. Lors d&rsquo;entretiens, Gelsinger a sugg\u00e9r\u00e9 de commencer par le processus de pointe 20A (2 nm) d&rsquo;Intel et capable de migrer vers la technologie 1,8 nm et 1 nm, ainsi que la production de 3 nm et 4 nm pour les huit Fabs sur le site.<\/p>\n<p class=\"MsoNoSpacing\">Il est \u00e0 noter que Gelsinger a \u00e9galement clairement indiqu\u00e9, selon les rapports, qu&rsquo;Intel avait besoin d&rsquo;une subvention substantielle du gouvernement pour se lancer dans l&rsquo;entreprise.<\/p>\n<p class=\"MsoNoSpacing\">&nbsp;<\/p>\n<p class=\"MsoNoSpacing\"><a href=\"http:\/\/www.intel.com\" target=\"blank\" rel=\"noopener\">www.intel.com<\/a><\/p>\n<p class=\"MsoNoSpacing\"><strong>Lire aussi: <\/strong><\/p>\n<ul>\n<li><a href=\"https:\/\/www.ecinews.fr\/news\/ceo-interview-tom-caulfield-de-globalfoundries-sur-le-projet-europeen\" target=\"notSet\" rel=\"noopener\">CEO interview: Tom Caulfield de Globalfoundries sur le projet Europ\u00e9en <\/a><\/li>\n<li><a href=\"https:\/\/www.ecinews.fr\/news\/faurecia-rachete-hella-pour-eu-67-milliards-et-devient-le-septieme-equipementier-automobile\" target=\"notSet\" rel=\"noopener\">Faurecia rach\u00e8te Hella pour \u20ac 6.7 milliards et devient le septi\u00e8me \u00e9quipementier automobile mondial<\/a><\/li>\n<li><a href=\"https:\/\/www.eenewseurope.com\/news\/european-2nm-project-includes-no-chip-companies\" target=\"blank\" rel=\"noopener\">European 2nm project includes no chip companies<\/a><\/li>\n<\/ul>\n<p>&nbsp;<\/p>\n<hr \/>\n<p>&nbsp;<\/p>\n","protected":false},"excerpt":{"rendered":"<p>Intel \u00e9tudie de pr\u00e8s la possibilit\u00e9 de la construction d&rsquo;une usine de semiconducteurs de pointe \u00e0 Galway, dans l&rsquo;ouest de l&rsquo;Irlande. <\/p>\n","protected":false},"author":7,"featured_media":3768,"comment_status":"open","ping_status":"closed","sticky":false,"template":"","format":"standard","meta":{"_acf_changed":false,"footnotes":""},"categories":[883],"tags":[889,891,899,919,913,906,907,908,916,910,915],"domains":[47],"ppma_author":[1139],"class_list":["post-3767","post","type-post","status-publish","format-standard","has-post-thumbnail","hentry","category-technologies","tag-analog-fr","tag-automotive-fr","tag-eda-cad-tools-fr","tag-iot-fr","tag-materials-processes-fr","tag-mpus-mcus-fr","tag-optoelectronics-fr","tag-plds-fpgas-asics-fr","tag-rf-transmission-fr","tag-sensing-conditioning-fr","tag-wireless-communications-fr","domains-electronique-eci"],"acf":[],"yoast_head":"<title>Galway en Irlande en p\u00f4le pour la mega Fab Intel ...<\/title>\n<meta name=\"description\" content=\"Intel \u00e9tudie de pr\u00e8s la possibilit\u00e9 de la construction d&#039;une usine de semiconducteurs de pointe \u00e0 Galway, dans l&#039;ouest de l&#039;Irlande.\" \/>\n<meta name=\"robots\" content=\"index, follow, max-snippet:-1, max-image-preview:large, max-video-preview:-1\" \/>\n<link rel=\"canonical\" href=\"https:\/\/www.ecinews.fr\/fr\/wp-json\/wp\/v2\/posts\/3767\/\" \/>\n<meta property=\"og:locale\" content=\"fr_FR\" \/>\n<meta property=\"og:type\" content=\"article\" \/>\n<meta property=\"og:title\" content=\"Galway en Irlande en p\u00f4le pour la mega Fab Intel\" \/>\n<meta property=\"og:description\" content=\"Intel \u00e9tudie de pr\u00e8s la possibilit\u00e9 de la construction d&#039;une usine de semiconducteurs de pointe \u00e0 Galway, dans l&#039;ouest de l&#039;Irlande.\" \/>\n<meta property=\"og:url\" content=\"https:\/\/www.ecinews.fr\/fr\/wp-json\/wp\/v2\/posts\/3767\/\" \/>\n<meta property=\"og:site_name\" content=\"EENewsEurope\" \/>\n<meta property=\"article:published_time\" content=\"2021-09-15T15:53:36+00:00\" \/>\n<meta property=\"og:image\" content=\"https:\/\/www.eenewseurope.com\/wp-content\/uploads\/import\/default\/files\/sites\/default\/files\/images\/map630_0.jpg\" \/>\n\t<meta property=\"og:image:width\" content=\"630\" \/>\n\t<meta property=\"og:image:height\" content=\"393\" \/>\n\t<meta property=\"og:image:type\" content=\"image\/jpeg\" \/>\n<meta name=\"author\" content=\"Wisse Hettinga\" \/>\n<meta name=\"twitter:card\" content=\"summary_large_image\" \/>\n<meta name=\"twitter:label1\" content=\"Written by\" \/>\n\t<meta name=\"twitter:data1\" content=\"Wisse Hettinga\" \/>\n\t<meta name=\"twitter:label2\" content=\"Est. reading time\" \/>\n\t<meta name=\"twitter:data2\" content=\"2 minutes\" \/>\n<script type=\"application\/ld+json\" class=\"yoast-schema-graph\">{\"@context\":\"https:\/\/schema.org\",\"@graph\":[{\"@type\":\"Article\",\"@id\":\"https:\/\/www.eenewseurope.com\/fr\/galway-en-irlande-en-pole-pour-la-mega-fab-intel\/#article\",\"isPartOf\":{\"@id\":\"https:\/\/www.eenewseurope.com\/fr\/galway-en-irlande-en-pole-pour-la-mega-fab-intel\/\"},\"author\":{\"name\":\"Wisse Hettinga\",\"@id\":\"https:\/\/www.eenewseurope.com\/en\/#\/schema\/person\/c6b626c6c65f5e1e7794ce2d17b2ca82\"},\"headline\":\"Galway en Irlande en p\u00f4le pour la mega Fab Intel\",\"datePublished\":\"2021-09-15T15:53:36+00:00\",\"dateModified\":\"2021-09-15T15:53:36+00:00\",\"mainEntityOfPage\":{\"@id\":\"https:\/\/www.eenewseurope.com\/fr\/galway-en-irlande-en-pole-pour-la-mega-fab-intel\/\"},\"wordCount\":397,\"commentCount\":0,\"publisher\":{\"@id\":\"https:\/\/www.eenewseurope.com\/en\/#organization\"},\"keywords\":[\"Analog\",\"Automotive\",\"EDA &amp; CAD tools\",\"IoT\",\"Materials &amp; processes\",\"MPUs\/MCUs\",\"Optoelectronics\",\"PLDs\/FPGAs\/ASICs\",\"RF transmission\",\"Sensing \/ Conditioning\",\"Wireless Communications\"],\"articleSection\":[\"Technologies\"],\"inLanguage\":\"fr-FR\",\"potentialAction\":[{\"@type\":\"CommentAction\",\"name\":\"Comment\",\"target\":[\"https:\/\/www.eenewseurope.com\/fr\/galway-en-irlande-en-pole-pour-la-mega-fab-intel\/#respond\"]}]},{\"@type\":\"WebPage\",\"@id\":\"https:\/\/www.eenewseurope.com\/fr\/galway-en-irlande-en-pole-pour-la-mega-fab-intel\/\",\"url\":\"https:\/\/www.eenewseurope.com\/fr\/galway-en-irlande-en-pole-pour-la-mega-fab-intel\/\",\"name\":\"Galway en Irlande en p\u00f4le pour la mega Fab Intel -\",\"isPartOf\":{\"@id\":\"https:\/\/www.eenewseurope.com\/en\/#website\"},\"datePublished\":\"2021-09-15T15:53:36+00:00\",\"dateModified\":\"2021-09-15T15:53:36+00:00\",\"breadcrumb\":{\"@id\":\"https:\/\/www.eenewseurope.com\/fr\/galway-en-irlande-en-pole-pour-la-mega-fab-intel\/#breadcrumb\"},\"inLanguage\":\"fr-FR\",\"potentialAction\":[{\"@type\":\"ReadAction\",\"target\":[\"https:\/\/www.eenewseurope.com\/fr\/galway-en-irlande-en-pole-pour-la-mega-fab-intel\/\"]}]},{\"@type\":\"BreadcrumbList\",\"@id\":\"https:\/\/www.eenewseurope.com\/fr\/galway-en-irlande-en-pole-pour-la-mega-fab-intel\/#breadcrumb\",\"itemListElement\":[{\"@type\":\"ListItem\",\"position\":1,\"name\":\"Home\",\"item\":\"https:\/\/www.ecinews.fr\/fr\/\"},{\"@type\":\"ListItem\",\"position\":2,\"name\":\"Galway en Irlande en p\u00f4le pour la mega Fab Intel\"}]},{\"@type\":\"WebSite\",\"@id\":\"https:\/\/www.eenewseurope.com\/en\/#website\",\"url\":\"https:\/\/www.eenewseurope.com\/en\/\",\"name\":\"EENewsEurope\",\"description\":\"Just another WordPress site\",\"publisher\":{\"@id\":\"https:\/\/www.eenewseurope.com\/en\/#organization\"},\"potentialAction\":[{\"@type\":\"SearchAction\",\"target\":{\"@type\":\"EntryPoint\",\"urlTemplate\":\"https:\/\/www.eenewseurope.com\/en\/?s={search_term_string}\"},\"query-input\":\"required name=search_term_string\"}],\"inLanguage\":\"fr-FR\"},{\"@type\":\"Organization\",\"@id\":\"https:\/\/www.eenewseurope.com\/en\/#organization\",\"name\":\"EENewsEurope\",\"url\":\"https:\/\/www.eenewseurope.com\/en\/\",\"logo\":{\"@type\":\"ImageObject\",\"inLanguage\":\"fr-FR\",\"@id\":\"https:\/\/www.eenewseurope.com\/en\/#\/schema\/logo\/image\/\",\"url\":\"https:\/\/www.ecinews.fr\/wp-content\/uploads\/2022\/02\/logo-1.jpg\",\"contentUrl\":\"https:\/\/www.ecinews.fr\/wp-content\/uploads\/2022\/02\/logo-1.jpg\",\"width\":283,\"height\":113,\"caption\":\"EENewsEurope\"},\"image\":{\"@id\":\"https:\/\/www.eenewseurope.com\/en\/#\/schema\/logo\/image\/\"}},{\"@type\":\"Person\",\"@id\":\"https:\/\/www.eenewseurope.com\/en\/#\/schema\/person\/c6b626c6c65f5e1e7794ce2d17b2ca82\",\"name\":\"Wisse Hettinga\",\"image\":{\"@type\":\"ImageObject\",\"inLanguage\":\"fr-FR\",\"@id\":\"https:\/\/www.eenewseurope.com\/en\/#\/schema\/person\/image\/5dc5f564ca306d7cb8b22735be49a465\",\"url\":\"https:\/\/secure.gravatar.com\/avatar\/24a36fe68de56eac2a45cbaf9aa4bb58?s=96&d=mm&r=g\",\"contentUrl\":\"https:\/\/secure.gravatar.com\/avatar\/24a36fe68de56eac2a45cbaf9aa4bb58?s=96&d=mm&r=g\",\"caption\":\"Wisse Hettinga\"}}]}<\/script>","yoast_head_json":{"title":"Galway en Irlande en p\u00f4le pour la mega Fab Intel ...","description":"Intel \u00e9tudie de pr\u00e8s la possibilit\u00e9 de la construction d'une usine de semiconducteurs de pointe \u00e0 Galway, dans l'ouest de l'Irlande.","robots":{"index":"index","follow":"follow","max-snippet":"max-snippet:-1","max-image-preview":"max-image-preview:large","max-video-preview":"max-video-preview:-1"},"canonical":"https:\/\/www.ecinews.fr\/fr\/wp-json\/wp\/v2\/posts\/3767\/","og_locale":"fr_FR","og_type":"article","og_title":"Galway en Irlande en p\u00f4le pour la mega Fab Intel","og_description":"Intel \u00e9tudie de pr\u00e8s la possibilit\u00e9 de la construction d'une usine de semiconducteurs de pointe \u00e0 Galway, dans l'ouest de l'Irlande.","og_url":"https:\/\/www.ecinews.fr\/fr\/wp-json\/wp\/v2\/posts\/3767\/","og_site_name":"EENewsEurope","article_published_time":"2021-09-15T15:53:36+00:00","og_image":[{"width":630,"height":393,"url":"https:\/\/www.eenewseurope.com\/wp-content\/uploads\/import\/default\/files\/sites\/default\/files\/images\/map630_0.jpg","type":"image\/jpeg"}],"author":"Wisse Hettinga","twitter_card":"summary_large_image","twitter_misc":{"Written by":"Wisse Hettinga","Est. reading time":"2 minutes"},"schema":{"@context":"https:\/\/schema.org","@graph":[{"@type":"Article","@id":"https:\/\/www.eenewseurope.com\/fr\/galway-en-irlande-en-pole-pour-la-mega-fab-intel\/#article","isPartOf":{"@id":"https:\/\/www.eenewseurope.com\/fr\/galway-en-irlande-en-pole-pour-la-mega-fab-intel\/"},"author":{"name":"Wisse Hettinga","@id":"https:\/\/www.eenewseurope.com\/en\/#\/schema\/person\/c6b626c6c65f5e1e7794ce2d17b2ca82"},"headline":"Galway en Irlande en p\u00f4le pour la mega Fab Intel","datePublished":"2021-09-15T15:53:36+00:00","dateModified":"2021-09-15T15:53:36+00:00","mainEntityOfPage":{"@id":"https:\/\/www.eenewseurope.com\/fr\/galway-en-irlande-en-pole-pour-la-mega-fab-intel\/"},"wordCount":397,"commentCount":0,"publisher":{"@id":"https:\/\/www.eenewseurope.com\/en\/#organization"},"keywords":["Analog","Automotive","EDA &amp; CAD tools","IoT","Materials &amp; processes","MPUs\/MCUs","Optoelectronics","PLDs\/FPGAs\/ASICs","RF transmission","Sensing \/ Conditioning","Wireless Communications"],"articleSection":["Technologies"],"inLanguage":"fr-FR","potentialAction":[{"@type":"CommentAction","name":"Comment","target":["https:\/\/www.eenewseurope.com\/fr\/galway-en-irlande-en-pole-pour-la-mega-fab-intel\/#respond"]}]},{"@type":"WebPage","@id":"https:\/\/www.eenewseurope.com\/fr\/galway-en-irlande-en-pole-pour-la-mega-fab-intel\/","url":"https:\/\/www.eenewseurope.com\/fr\/galway-en-irlande-en-pole-pour-la-mega-fab-intel\/","name":"Galway en Irlande en p\u00f4le pour la mega Fab Intel -","isPartOf":{"@id":"https:\/\/www.eenewseurope.com\/en\/#website"},"datePublished":"2021-09-15T15:53:36+00:00","dateModified":"2021-09-15T15:53:36+00:00","breadcrumb":{"@id":"https:\/\/www.eenewseurope.com\/fr\/galway-en-irlande-en-pole-pour-la-mega-fab-intel\/#breadcrumb"},"inLanguage":"fr-FR","potentialAction":[{"@type":"ReadAction","target":["https:\/\/www.eenewseurope.com\/fr\/galway-en-irlande-en-pole-pour-la-mega-fab-intel\/"]}]},{"@type":"BreadcrumbList","@id":"https:\/\/www.eenewseurope.com\/fr\/galway-en-irlande-en-pole-pour-la-mega-fab-intel\/#breadcrumb","itemListElement":[{"@type":"ListItem","position":1,"name":"Home","item":"https:\/\/www.ecinews.fr\/fr\/"},{"@type":"ListItem","position":2,"name":"Galway en Irlande en p\u00f4le pour la mega Fab Intel"}]},{"@type":"WebSite","@id":"https:\/\/www.eenewseurope.com\/en\/#website","url":"https:\/\/www.eenewseurope.com\/en\/","name":"EENewsEurope","description":"Just another WordPress site","publisher":{"@id":"https:\/\/www.eenewseurope.com\/en\/#organization"},"potentialAction":[{"@type":"SearchAction","target":{"@type":"EntryPoint","urlTemplate":"https:\/\/www.eenewseurope.com\/en\/?s={search_term_string}"},"query-input":"required name=search_term_string"}],"inLanguage":"fr-FR"},{"@type":"Organization","@id":"https:\/\/www.eenewseurope.com\/en\/#organization","name":"EENewsEurope","url":"https:\/\/www.eenewseurope.com\/en\/","logo":{"@type":"ImageObject","inLanguage":"fr-FR","@id":"https:\/\/www.eenewseurope.com\/en\/#\/schema\/logo\/image\/","url":"https:\/\/www.ecinews.fr\/wp-content\/uploads\/2022\/02\/logo-1.jpg","contentUrl":"https:\/\/www.ecinews.fr\/wp-content\/uploads\/2022\/02\/logo-1.jpg","width":283,"height":113,"caption":"EENewsEurope"},"image":{"@id":"https:\/\/www.eenewseurope.com\/en\/#\/schema\/logo\/image\/"}},{"@type":"Person","@id":"https:\/\/www.eenewseurope.com\/en\/#\/schema\/person\/c6b626c6c65f5e1e7794ce2d17b2ca82","name":"Wisse Hettinga","image":{"@type":"ImageObject","inLanguage":"fr-FR","@id":"https:\/\/www.eenewseurope.com\/en\/#\/schema\/person\/image\/5dc5f564ca306d7cb8b22735be49a465","url":"https:\/\/secure.gravatar.com\/avatar\/24a36fe68de56eac2a45cbaf9aa4bb58?s=96&d=mm&r=g","contentUrl":"https:\/\/secure.gravatar.com\/avatar\/24a36fe68de56eac2a45cbaf9aa4bb58?s=96&d=mm&r=g","caption":"Wisse Hettinga"}}]}},"authors":[{"term_id":1139,"user_id":7,"is_guest":0,"slug":"wisse-hettinga","display_name":"Wisse Hettinga","avatar_url":"https:\/\/secure.gravatar.com\/avatar\/24a36fe68de56eac2a45cbaf9aa4bb58?s=96&d=mm&r=g","0":null,"1":"","2":"","3":"","4":"","5":"","6":"","7":"","8":""}],"_links":{"self":[{"href":"https:\/\/www.ecinews.fr\/fr\/wp-json\/wp\/v2\/posts\/3767"}],"collection":[{"href":"https:\/\/www.ecinews.fr\/fr\/wp-json\/wp\/v2\/posts"}],"about":[{"href":"https:\/\/www.ecinews.fr\/fr\/wp-json\/wp\/v2\/types\/post"}],"author":[{"embeddable":true,"href":"https:\/\/www.ecinews.fr\/fr\/wp-json\/wp\/v2\/users\/7"}],"replies":[{"embeddable":true,"href":"https:\/\/www.ecinews.fr\/fr\/wp-json\/wp\/v2\/comments?post=3767"}],"version-history":[{"count":0,"href":"https:\/\/www.ecinews.fr\/fr\/wp-json\/wp\/v2\/posts\/3767\/revisions"}],"wp:featuredmedia":[{"embeddable":true,"href":"https:\/\/www.ecinews.fr\/fr\/wp-json\/wp\/v2\/media\/3768"}],"wp:attachment":[{"href":"https:\/\/www.ecinews.fr\/fr\/wp-json\/wp\/v2\/media?parent=3767"}],"wp:term":[{"taxonomy":"category","embeddable":true,"href":"https:\/\/www.ecinews.fr\/fr\/wp-json\/wp\/v2\/categories?post=3767"},{"taxonomy":"post_tag","embeddable":true,"href":"https:\/\/www.ecinews.fr\/fr\/wp-json\/wp\/v2\/tags?post=3767"},{"taxonomy":"domains","embeddable":true,"href":"https:\/\/www.ecinews.fr\/fr\/wp-json\/wp\/v2\/domains?post=3767"},{"taxonomy":"author","embeddable":true,"href":"https:\/\/www.ecinews.fr\/fr\/wp-json\/wp\/v2\/ppma_author?post=3767"}],"curies":[{"name":"wp","href":"https:\/\/api.w.org\/{rel}","templated":true}]}}