{"id":37654,"date":"2021-02-15T11:39:19","date_gmt":"2021-02-15T11:39:19","guid":{"rendered":"https:\/\/\/les-us-et-leu-en-confrontation-sur-lindustrie-des-semiconducteurs\/"},"modified":"2021-02-15T11:39:19","modified_gmt":"2021-02-15T11:39:19","slug":"les-us-et-leu-en-confrontation-sur-lindustrie-des-semiconducteurs","status":"publish","type":"post","link":"https:\/\/www.ecinews.fr\/fr\/les-us-et-leu-en-confrontation-sur-lindustrie-des-semiconducteurs\/","title":{"rendered":"Les US et l&rsquo;EU en confrontation sur l&rsquo;industrie des semiconducteurs?"},"content":{"rendered":"<p><!-- Global site tag (gtag.js) - Google Analytics --><br \/>\n  window.dataLayer = window.dataLayer || [];<br \/>\n  function gtag(){dataLayer.push(arguments);}<br \/>\n  gtag(&lsquo;js&rsquo;, new Date());  gtag(&lsquo;config&rsquo;, &lsquo;UA-160857065-1&rsquo;);<\/p>\n<p><span class=\"VIiyi\" lang=\"fr\"><span class=\"JLqJ4b\" data-language-for-alternatives=\"fr\" data-language-to-translate-into=\"auto\" data-phrase-index=\"0\"><span>L\u2019industrie am\u00e9ricaine des semiconducteurs a publi\u00e9 une lettre appelant le nouveau pr\u00e9sident Joe Biden \u00e0 la soutenir, la pla\u00e7ant ainsi sur une trajectoire de collision avec les plans de l\u2019Union europ\u00e9enne visant \u00e0 prot\u00e9ger les puces en tant que cha\u00eene d\u2019approvisionnement critique.<\/span><\/span><\/span><\/p>\n<p><span class=\"VIiyi\" lang=\"fr\"><span class=\"JLqJ4b\" data-language-for-alternatives=\"fr\" data-language-to-translate-into=\"auto\" data-phrase-index=\"0\"><span>\u00abLes semi-conducteurs alimentent les progr\u00e8s technologiques essentiels dans les domaines de la sant\u00e9, des communications, de l&rsquo;\u00e9nergie propre, de l&rsquo;informatique, des transports et d&rsquo;innombrables autres secteurs, et les technologies bas\u00e9es sur les semiconducteurs nous ont aid\u00e9s \u00e0 rester productifs et connect\u00e9s pendant la pand\u00e9mie\u00bb, a d\u00e9clar\u00e9 John Neuffer, pr\u00e9sident et CEO de la Semiconductor.Industry Association (SIA) qui a coordonn\u00e9 la lettre.<\/span><\/span><\/span><\/p>\n<p><span class=\"VIiyi\" lang=\"fr\"><span class=\"JLqJ4b\" data-language-for-alternatives=\"fr\" data-language-to-translate-into=\"auto\" data-phrase-index=\"0\"><span>\u00abEn investissant r\u00e9solument dans des incitations \u00e0 la fabrication de semiconducteurs et dans des initiatives de recherche nationales, le pr\u00e9sident Biden et le Congr\u00e8s peuvent revigorer l&rsquo;\u00e9conomie am\u00e9ricaine et la cr\u00e9ation d&#8217;emplois, renforcer la s\u00e9curit\u00e9 nationale et les cha\u00eenes d&rsquo;approvisionnement en semiconducteurs, et garantir que les \u00c9tats-Unis restent leader dans les technologies de pointe d&rsquo;aujourd&rsquo;hui et demain \u00bb, dit-il.<\/span><\/span><\/span><\/p>\n<p><span class=\"VIiyi\" lang=\"fr\"><span class=\"JLqJ4b\" data-language-for-alternatives=\"fr\" data-language-to-translate-into=\"auto\" data-phrase-index=\"0\"><span>Le SIA indique que la part de la capacit\u00e9 mondiale de fabrication de semiconducteurs aux \u00c9tats-Unis est pass\u00e9e de 37% en 1990 \u00e0 12% aujourd&rsquo;hui. Cette baisse est en grande partie due aux subventions substantielles offertes par les gouvernements des concurrents mondiaux, qui ont plac\u00e9 les \u00c9tats-Unis dans une position concurrentielle d\u00e9savantageuse pour attirer de nouvelles constructions d&rsquo;usines, dit Neuffler.&nbsp;<\/span><\/span><\/span> <span class=\"VIiyi\" lang=\"fr\"><span class=\"JLqJ4b\" data-language-for-alternatives=\"fr\" data-language-to-translate-into=\"auto\" data-phrase-index=\"0\"><span>Les investissements f\u00e9d\u00e9raux am\u00e9ricains dans la recherche sur les semiconducteurs n&rsquo;augmentent pas, tandis que d&rsquo;autres gouvernements ont investi substantiellement dans des initiatives de recherche pour renforcer leurs propres capacit\u00e9s de semiconducteurs, dit-il. Cela fait suite aux annonces de TSMC concernant une fabrique de 5 nm \u00e0 Phoenix, en Arizona et une usine de 3 nm de Samsung \u00e0 Austin, au Texas.<\/span><\/span><\/span><\/p>\n<p><span class=\"VIiyi\" lang=\"fr\"><span class=\"JLqJ4b\" data-language-for-alternatives=\"fr\" data-language-to-translate-into=\"auto\" data-phrase-index=\"0\"><span>Un rapport de l&rsquo;influent cabinet de conseil allemand Roland Berger publi\u00e9 hier appelle \u00e0 une collaboration accrue avec des entreprises partenaires pour construire des usines en Europe et souligne l\u2019importance de la technologie de ARM. Dans le m\u00eame temps, Qualcomm s\u2019est oppos\u00e9 aupr\u00e8s des autorit\u00e9s de r\u00e9gulation au Royaume-Uni, en Europe, en Chine et aux \u00c9tats-Unis \u00e0 l\u2019acquisition d\u2019ARM par son rival Nvidia.<\/span><\/span><\/span> &nbsp;<\/p>\n<p>&nbsp;<\/p>\n<ul>\n<li><a href=\"https:\/\/www.electronique-eci.com\/news\/145-milliards-deuros-pour-lindustrie-des-semiconducteurs-en-europe\">145 milliards d&rsquo;euros pour l&rsquo;industrie des semiconducteurs en Europe<\/a><\/li>\n<\/ul>\n<p><span class=\"VIiyi\" lang=\"fr\"><span class=\"JLqJ4b\" data-language-for-alternatives=\"fr\" data-language-to-translate-into=\"auto\" data-phrase-index=\"0\"><span>Lors d&rsquo;un discours prononc\u00e9 le 11 f\u00e9vrier 2021, le commissaire europ\u00e9en Thierry Breton s&rsquo;est montr\u00e9 agressif en repoussant les plans am\u00e9ricains. \u00abDepuis quand parler de politique industrielle \u00e9quivaut-il au protectionnisme?\u00bb a t-il dit. \u00abNous devons apporter plus de s\u00e9rieux et de contexte \u00e0 de telles critiques. En fin de compte, c&rsquo;est \u00e0 nous de d\u00e9cider de notre politique industrielle. \u00ab\u00a0<\/span><\/span><\/span><\/p>\n<p>&nbsp;<\/p>\n<h3><strong>\u00e0 suivre: les semiconducteurs cl\u00e9 vont \u00eatre annonc\u00e9s <\/strong><\/h3>\n<hr \/>\n<p><span class=\"VIiyi\" lang=\"fr\"><span class=\"JLqJ4b\" data-language-for-alternatives=\"fr\" data-language-to-translate-into=\"auto\" data-phrase-index=\"0\"><span>\u00abAllons-nous rester de simples spectateurs et \u00eatre la variable d&rsquo;ajustement des grands \u00e9quilibres g\u00e9ostrat\u00e9giques et \u00e9conomiques \u00e0 l&rsquo;\u0153uvre, ou voulons-nous r\u00e9\u00e9quilibrer le pouvoir? Mon choix est clair. Il s&rsquo;agit de mettre fin \u00e0 l&rsquo;\u00e8re de la na\u00efvet\u00e9: prenons notre destin en main \u00bb, dit-il.<\/span><\/span><\/span><\/p>\n<p><span class=\"VIiyi\" lang=\"fr\"><span class=\"JLqJ4b\" data-language-for-alternatives=\"fr\" data-language-to-translate-into=\"auto\" data-phrase-index=\"0\"><span>Dans le prolongement du plan pour les semiconducteurs de 145 milliards de dollars annonc\u00e9 en d\u00e9cembre et du plan spatial de 13 milliards d&rsquo;euros le mois dernier, l&rsquo;UE examine les domaines technologiques cl\u00e9s qu&rsquo;elle doit renforcer et prot\u00e9ger.<\/span><\/span><\/span><\/p>\n<p><span class=\"VIiyi\" lang=\"fr\"><span class=\"JLqJ4b\" data-language-for-alternatives=\"fr\" data-language-to-translate-into=\"auto\" data-phrase-index=\"0\"><span>\u00abNotre ambition industrielle ne remet en aucun cas en cause ni la libre concurrence, ni notre ouverture sur le monde\u00bb, a d\u00e9clar\u00e9 Breton. \u00abCela suppose de r\u00e9duire notre d\u00e9pendance \u00e0 une large gamme de produits tels que le lithium pour nos batteries ou les semiconducteurs pour l&rsquo;industrie automobile. Cela ne signifie pas de tout produire en Europe, mais plut\u00f4t diversifier nos sources d&rsquo;approvisionnement et cr\u00e9er notre propre capacit\u00e9 europ\u00e9enne dans des domaines strat\u00e9giques \u00bb, a-t-il d\u00e9clar\u00e9.<\/span><\/span><\/span><\/p>\n<ul>\n<li><a href=\"https:\/\/www.eenewseurope.com\/news\/how-break-supply-chain\">How to break a supply chain<\/a><\/li>\n<\/ul>\n<p><span class=\"VIiyi\" lang=\"fr\"><span class=\"JLqJ4b\" data-language-for-alternatives=\"fr\" data-language-to-translate-into=\"auto\" data-phrase-index=\"0\"><span>\u00abCela signifie \u00e9galement ma\u00eetriser les technologies cl\u00e9s de la nouvelle \u00e9conomie industrielle des donn\u00e9es: de la 5G (et bient\u00f4t 6G), au cloud et \u00e0 la technologie Edge, en passant par les processeurs et les supercalculateurs. Sans ces briques technologiques, il n&rsquo;y aura ni souverainet\u00e9 num\u00e9rique ni transformation num\u00e9rique de nos syst\u00e8mes industriels. \u00bb<\/span><\/span><\/span><\/p>\n<p><span class=\"VIiyi\" lang=\"fr\"><span class=\"JLqJ4b\" data-language-for-alternatives=\"fr\" data-language-to-translate-into=\"auto\" data-phrase-index=\"0\"><span>\u00abL&rsquo;une des principales le\u00e7ons que nous pouvons tirer de cette crise est que nous avons tous pris conscience de certaines de nos d\u00e9pendances, \u00e0 la fois technologiques et industrielles\u00bb, a-t-il d\u00e9clar\u00e9. \u00abCela \u00e9tait \u00e9vident sur la question de certaines mati\u00e8res premi\u00e8res essentielles pour les batteries. Prenez l&rsquo;Alliance europ\u00e9enne des batteries. En trois ans, elle a permis de financer plus de 100 milliards d&rsquo;euros de projets tout au long de la cha\u00eene de valeur.<\/span><\/span><\/span><\/p>\n<p><span class=\"VIiyi\" lang=\"fr\"><span class=\"JLqJ4b\" data-language-for-alternatives=\"fr\" data-language-to-translate-into=\"auto\" data-phrase-index=\"0\"><span>Mais il faut maintenant plus de centralisation. \u00abDe nombreux projets industriels sont aujourd&rsquo;hui fragment\u00e9s et dispers\u00e9s dans toute l&rsquo;Europe. Mais, il ne devrait plus y avoir le moindre doute: le bon niveau pour les projets industriels est le niveau europ\u00e9en \u00bb, a-t-il d\u00e9clar\u00e9.<\/span><\/span><\/span><\/p>\n<p><span class=\"VIiyi\" lang=\"fr\"><span class=\"JLqJ4b\" data-language-for-alternatives=\"fr\" data-language-to-translate-into=\"auto\" data-phrase-index=\"0\"><span>L\u2019UE envisage de publier une liste de technologies qu\u2019elle consid\u00e8re comme essentielles pour la cha\u00eene d\u2019approvisionnement de l&rsquo;Europe. \u00abDans le plan d&rsquo;action sur les synergies entre l&rsquo;espace, la d\u00e9fense et le civil que je pr\u00e9senterai la semaine prochaine, nous proposerons une liste de technologies critiques que nous suivrons r\u00e9guli\u00e8rement pour permettre \u00e0 l&rsquo;Europe de gravir les \u00e9chelons\u00bb, a-t-il d\u00e9clar\u00e9.<\/span><\/span><\/span><\/p>\n<p><span class=\"VIiyi\" lang=\"fr\"><span class=\"JLqJ4b\" data-language-for-alternatives=\"fr\" data-language-to-translate-into=\"auto\" data-phrase-index=\"0\"><span>Tout cela est loin du document de l\u2019UE sur les aides d\u2019\u00c9tat de juin 2020, et laisse entrevoir la perspective d\u2019une r\u00e9p\u00e9tition de la bataille des subventions entre Boeing et Airbus.<\/span><\/span><\/span><\/p>\n<p><strong>Lire aussi:<\/strong>&nbsp;<\/p>\n<p><a href=\"https:\/\/www.electronique-eci.com\/news\/globalfoundries-va-plus-que-doubler-sa-capacite-dresde\">Globalfoundries va plus que doubler sa capacit\u00e9 \u00e0 Dresde<\/a><\/p>\n<p><a href=\"https:\/\/www.electronique-eci.com\/news\/lindustrie-electronique-grignote-lindustrie-automobile\">L&rsquo;industrie \u00e9lectronique grignote l&rsquo;industrie automobile<\/a><\/p>\n<p><a href=\"https:\/\/www.electronique-eci.com\/news\/lautomobile-un-tremplin-pour-st-pour-atteindre-les-12bn\"><span class=\"VIiyi\" lang=\"fr\" xml:lang=\"fr\"><span class=\"JLqJ4b ChMk0b\" data-language-for-alternatives=\"fr\" data-language-to-translate-into=\"auto\" data-phrase-index=\"1\"><span>L&rsquo;automobile un tremplin pour ST pour atteindre les $12bn<\/span><\/span><\/span><\/a><\/p>\n<p><a href=\"https:\/\/www.electronique-eci.com\/news\/renesas-debourse-6-milliards-pour-racheter-dialog\"><span class=\"VIiyi\" lang=\"fr\" xml:lang=\"fr\"><span class=\"JLqJ4b ChMk0b\" data-language-for-alternatives=\"fr\" data-language-to-translate-into=\"auto\" data-phrase-index=\"1\"><span>Renesas d\u00e9bourse $6 milliards pour racheter Dialog<\/span><\/span><\/span><\/a><\/p>\n<p><a href=\"https:\/\/www.electronique-eci.com\/news\/nxp-infineon-ti-et-renesas-cibles-potentielles-de-samsung\"><span class=\"VIiyi\" lang=\"fr\" xml:lang=\"fr\"><span class=\"JLqJ4b ChMk0b\" data-language-for-alternatives=\"fr\" data-language-to-translate-into=\"auto\" data-phrase-index=\"1\"><span>NXP, Infineon, TI et Renesas cibles potentielles de Samsung<\/span><\/span><\/span><\/a><\/p>\n<p><strong>Related articles&nbsp;<\/strong><\/p>\n<ul>\n<li><a href=\"https:\/\/www.eenewseurope.com\/news\/europes-semiconductor-challenge\">EUROPE&rsquo;S SEMICONDUCTOR CHALLENGE<\/a><\/li>\n<li><a href=\"https:\/\/www.eenewseurope.com\/news\/top-five-chip-makers-dominate-global-wafer-capacity\">TOP FIVE CHIP MAKERS DOMINATE GLOBAL WAFER CAPACITY<\/a><\/li>\n<li><a href=\"https:\/\/www.eenewseurope.com\/news\/globalfoundries-plans-boost-production\">GLOBALFOUNDRIES PLANS TO BOOST PRODUCTION<\/a><\/li>\n<li><a href=\"https:\/\/www.eenewseurope.com\/news\/samsung-build-3nm-us-fab\">SAMSUNG TO BUILD 3nm&nbsp;US FAB<\/a><\/li>\n<li><a href=\"https:\/\/www.eenewseurope.com\/news\/intel-TSMC-5nm\">INTEL OUTSOURCES CORE i3 TO TSMC&rsquo;S 5nm&nbsp;PROCESS<\/a><\/li>\n<\/ul>\n","protected":false},"excerpt":{"rendered":"<p>L&rsquo;UE est pr\u00eate \u00e0 se confronter avec les \u00c9tats-Unis sur la strat\u00e9gie des semi-conducteurs pour la 5G et la 6G, les processeurs et la technologie cloud <\/p>\n","protected":false},"author":12,"featured_media":160619,"comment_status":"open","ping_status":"closed","sticky":false,"template":"","format":"standard","meta":{"_acf_changed":false,"footnotes":""},"categories":[880],"tags":[889,920,919,913,906],"domains":[47],"ppma_author":[1144],"class_list":["post-37654","post","type-post","status-publish","format-standard","has-post-thumbnail","hentry","category-actualites-economiques","tag-analog-fr","tag-artificialintelligence-fr","tag-iot-fr","tag-materials-processes-fr","tag-mpus-mcus-fr","domains-electronique-eci"],"acf":[],"yoast_head":"<title>Les US et l&#039;EU en confrontation sur l&#039;industrie des semiconduct...<\/title>\n<meta name=\"description\" content=\"L&#039;UE est pr\u00eate \u00e0 se confronter avec les \u00c9tats-Unis sur la strat\u00e9gie des semi-conducteurs pour la 5G et la 6G, les processeurs et la technologie cloud\" \/>\n<meta name=\"robots\" content=\"index, follow, max-snippet:-1, max-image-preview:large, max-video-preview:-1\" \/>\n<link rel=\"canonical\" href=\"https:\/\/www.ecinews.fr\/fr\/wp-json\/wp\/v2\/posts\/37654\/\" \/>\n<meta property=\"og:locale\" content=\"fr_FR\" \/>\n<meta property=\"og:type\" content=\"article\" \/>\n<meta property=\"og:title\" content=\"Les US et l&#039;EU en confrontation sur l&#039;industrie des semiconducteurs?\" \/>\n<meta property=\"og:description\" content=\"L&#039;UE est pr\u00eate \u00e0 se confronter avec les \u00c9tats-Unis sur la strat\u00e9gie des semi-conducteurs pour la 5G et la 6G, les processeurs et la technologie cloud\" \/>\n<meta property=\"og:url\" content=\"https:\/\/www.ecinews.fr\/fr\/wp-json\/wp\/v2\/posts\/37654\/\" \/>\n<meta property=\"og:site_name\" content=\"EENewsEurope\" \/>\n<meta property=\"article:published_time\" content=\"2021-02-15T11:39:19+00:00\" \/>\n<meta property=\"og:image\" content=\"https:\/\/www.ecinews.fr\/wp-content\/uploads\/import\/default\/files\/images\/01-picture-library\/silicon-wafer-large.jpg\" \/>\n\t<meta property=\"og:image:width\" content=\"2559\" \/>\n\t<meta property=\"og:image:height\" content=\"1915\" \/>\n\t<meta property=\"og:image:type\" content=\"image\/jpeg\" \/>\n<meta name=\"author\" content=\"Andre Rousselot\" \/>\n<meta name=\"twitter:card\" content=\"summary_large_image\" \/>\n<meta name=\"twitter:label1\" content=\"Written by\" \/>\n\t<meta name=\"twitter:data1\" content=\"Andre Rousselot\" \/>\n\t<meta name=\"twitter:label2\" content=\"Est. reading time\" \/>\n\t<meta name=\"twitter:data2\" content=\"5 minutes\" \/>\n<script type=\"application\/ld+json\" class=\"yoast-schema-graph\">{\"@context\":\"https:\/\/schema.org\",\"@graph\":[{\"@type\":\"Article\",\"@id\":\"https:\/\/www.ecinews.fr\/fr\/les-us-et-leu-en-confrontation-sur-lindustrie-des-semiconducteurs\/#article\",\"isPartOf\":{\"@id\":\"https:\/\/www.ecinews.fr\/fr\/les-us-et-leu-en-confrontation-sur-lindustrie-des-semiconducteurs\/\"},\"author\":{\"name\":\"Andre Rousselot\",\"@id\":\"https:\/\/www.eenewseurope.com\/en\/#\/schema\/person\/9d52edb517ca8d9017312e8e246b9433\"},\"headline\":\"Les US et l&rsquo;EU en confrontation sur l&rsquo;industrie des semiconducteurs?\",\"datePublished\":\"2021-02-15T11:39:19+00:00\",\"dateModified\":\"2021-02-15T11:39:19+00:00\",\"mainEntityOfPage\":{\"@id\":\"https:\/\/www.ecinews.fr\/fr\/les-us-et-leu-en-confrontation-sur-lindustrie-des-semiconducteurs\/\"},\"wordCount\":1053,\"commentCount\":0,\"publisher\":{\"@id\":\"https:\/\/www.eenewseurope.com\/en\/#organization\"},\"keywords\":[\"Analog\",\"ArtificialIntelligence\",\"IoT\",\"Materials &amp; processes\",\"MPUs\/MCUs\"],\"articleSection\":[\"Actualit\u00e9s \u00e9conomiques\"],\"inLanguage\":\"fr-FR\",\"potentialAction\":[{\"@type\":\"CommentAction\",\"name\":\"Comment\",\"target\":[\"https:\/\/www.ecinews.fr\/fr\/les-us-et-leu-en-confrontation-sur-lindustrie-des-semiconducteurs\/#respond\"]}]},{\"@type\":\"WebPage\",\"@id\":\"https:\/\/www.ecinews.fr\/fr\/les-us-et-leu-en-confrontation-sur-lindustrie-des-semiconducteurs\/\",\"url\":\"https:\/\/www.ecinews.fr\/fr\/les-us-et-leu-en-confrontation-sur-lindustrie-des-semiconducteurs\/\",\"name\":\"Les US et l'EU en confrontation sur l'industrie des semiconducteurs? -\",\"isPartOf\":{\"@id\":\"https:\/\/www.eenewseurope.com\/en\/#website\"},\"datePublished\":\"2021-02-15T11:39:19+00:00\",\"dateModified\":\"2021-02-15T11:39:19+00:00\",\"breadcrumb\":{\"@id\":\"https:\/\/www.ecinews.fr\/fr\/les-us-et-leu-en-confrontation-sur-lindustrie-des-semiconducteurs\/#breadcrumb\"},\"inLanguage\":\"fr-FR\",\"potentialAction\":[{\"@type\":\"ReadAction\",\"target\":[\"https:\/\/www.ecinews.fr\/fr\/les-us-et-leu-en-confrontation-sur-lindustrie-des-semiconducteurs\/\"]}]},{\"@type\":\"BreadcrumbList\",\"@id\":\"https:\/\/www.ecinews.fr\/fr\/les-us-et-leu-en-confrontation-sur-lindustrie-des-semiconducteurs\/#breadcrumb\",\"itemListElement\":[{\"@type\":\"ListItem\",\"position\":1,\"name\":\"Home\",\"item\":\"https:\/\/www.ecinews.fr\/fr\/\"},{\"@type\":\"ListItem\",\"position\":2,\"name\":\"Les US et l&rsquo;EU en confrontation sur l&rsquo;industrie des semiconducteurs?\"}]},{\"@type\":\"WebSite\",\"@id\":\"https:\/\/www.eenewseurope.com\/en\/#website\",\"url\":\"https:\/\/www.eenewseurope.com\/en\/\",\"name\":\"EENewsEurope\",\"description\":\"Just another WordPress site\",\"publisher\":{\"@id\":\"https:\/\/www.eenewseurope.com\/en\/#organization\"},\"potentialAction\":[{\"@type\":\"SearchAction\",\"target\":{\"@type\":\"EntryPoint\",\"urlTemplate\":\"https:\/\/www.eenewseurope.com\/en\/?s={search_term_string}\"},\"query-input\":\"required name=search_term_string\"}],\"inLanguage\":\"fr-FR\"},{\"@type\":\"Organization\",\"@id\":\"https:\/\/www.eenewseurope.com\/en\/#organization\",\"name\":\"EENewsEurope\",\"url\":\"https:\/\/www.eenewseurope.com\/en\/\",\"logo\":{\"@type\":\"ImageObject\",\"inLanguage\":\"fr-FR\",\"@id\":\"https:\/\/www.eenewseurope.com\/en\/#\/schema\/logo\/image\/\",\"url\":\"https:\/\/www.ecinews.fr\/wp-content\/uploads\/2022\/02\/logo-1.jpg\",\"contentUrl\":\"https:\/\/www.ecinews.fr\/wp-content\/uploads\/2022\/02\/logo-1.jpg\",\"width\":283,\"height\":113,\"caption\":\"EENewsEurope\"},\"image\":{\"@id\":\"https:\/\/www.eenewseurope.com\/en\/#\/schema\/logo\/image\/\"}},{\"@type\":\"Person\",\"@id\":\"https:\/\/www.eenewseurope.com\/en\/#\/schema\/person\/9d52edb517ca8d9017312e8e246b9433\",\"name\":\"Andre Rousselot\",\"image\":{\"@type\":\"ImageObject\",\"inLanguage\":\"fr-FR\",\"@id\":\"https:\/\/www.eenewseurope.com\/en\/#\/schema\/person\/image\/8046680f16f52d2ae022297dc9e36ff3\",\"url\":\"https:\/\/secure.gravatar.com\/avatar\/428720feffa09baddfe5e7cd3f84b526?s=96&d=mm&r=g\",\"contentUrl\":\"https:\/\/secure.gravatar.com\/avatar\/428720feffa09baddfe5e7cd3f84b526?s=96&d=mm&r=g\",\"caption\":\"Andre Rousselot\"}}]}<\/script>","yoast_head_json":{"title":"Les US et l'EU en confrontation sur l'industrie des semiconduct...","description":"L'UE est pr\u00eate \u00e0 se confronter avec les \u00c9tats-Unis sur la strat\u00e9gie des semi-conducteurs pour la 5G et la 6G, les processeurs et la technologie cloud","robots":{"index":"index","follow":"follow","max-snippet":"max-snippet:-1","max-image-preview":"max-image-preview:large","max-video-preview":"max-video-preview:-1"},"canonical":"https:\/\/www.ecinews.fr\/fr\/wp-json\/wp\/v2\/posts\/37654\/","og_locale":"fr_FR","og_type":"article","og_title":"Les US et l'EU en confrontation sur l'industrie des semiconducteurs?","og_description":"L'UE est pr\u00eate \u00e0 se confronter avec les \u00c9tats-Unis sur la strat\u00e9gie des semi-conducteurs pour la 5G et la 6G, les processeurs et la technologie cloud","og_url":"https:\/\/www.ecinews.fr\/fr\/wp-json\/wp\/v2\/posts\/37654\/","og_site_name":"EENewsEurope","article_published_time":"2021-02-15T11:39:19+00:00","og_image":[{"width":2559,"height":1915,"url":"https:\/\/www.ecinews.fr\/wp-content\/uploads\/import\/default\/files\/images\/01-picture-library\/silicon-wafer-large.jpg","type":"image\/jpeg"}],"author":"Andre Rousselot","twitter_card":"summary_large_image","twitter_misc":{"Written by":"Andre Rousselot","Est. reading time":"5 minutes"},"schema":{"@context":"https:\/\/schema.org","@graph":[{"@type":"Article","@id":"https:\/\/www.ecinews.fr\/fr\/les-us-et-leu-en-confrontation-sur-lindustrie-des-semiconducteurs\/#article","isPartOf":{"@id":"https:\/\/www.ecinews.fr\/fr\/les-us-et-leu-en-confrontation-sur-lindustrie-des-semiconducteurs\/"},"author":{"name":"Andre Rousselot","@id":"https:\/\/www.eenewseurope.com\/en\/#\/schema\/person\/9d52edb517ca8d9017312e8e246b9433"},"headline":"Les US et l&rsquo;EU en confrontation sur l&rsquo;industrie des semiconducteurs?","datePublished":"2021-02-15T11:39:19+00:00","dateModified":"2021-02-15T11:39:19+00:00","mainEntityOfPage":{"@id":"https:\/\/www.ecinews.fr\/fr\/les-us-et-leu-en-confrontation-sur-lindustrie-des-semiconducteurs\/"},"wordCount":1053,"commentCount":0,"publisher":{"@id":"https:\/\/www.eenewseurope.com\/en\/#organization"},"keywords":["Analog","ArtificialIntelligence","IoT","Materials &amp; processes","MPUs\/MCUs"],"articleSection":["Actualit\u00e9s \u00e9conomiques"],"inLanguage":"fr-FR","potentialAction":[{"@type":"CommentAction","name":"Comment","target":["https:\/\/www.ecinews.fr\/fr\/les-us-et-leu-en-confrontation-sur-lindustrie-des-semiconducteurs\/#respond"]}]},{"@type":"WebPage","@id":"https:\/\/www.ecinews.fr\/fr\/les-us-et-leu-en-confrontation-sur-lindustrie-des-semiconducteurs\/","url":"https:\/\/www.ecinews.fr\/fr\/les-us-et-leu-en-confrontation-sur-lindustrie-des-semiconducteurs\/","name":"Les US et l'EU en confrontation sur l'industrie des semiconducteurs? -","isPartOf":{"@id":"https:\/\/www.eenewseurope.com\/en\/#website"},"datePublished":"2021-02-15T11:39:19+00:00","dateModified":"2021-02-15T11:39:19+00:00","breadcrumb":{"@id":"https:\/\/www.ecinews.fr\/fr\/les-us-et-leu-en-confrontation-sur-lindustrie-des-semiconducteurs\/#breadcrumb"},"inLanguage":"fr-FR","potentialAction":[{"@type":"ReadAction","target":["https:\/\/www.ecinews.fr\/fr\/les-us-et-leu-en-confrontation-sur-lindustrie-des-semiconducteurs\/"]}]},{"@type":"BreadcrumbList","@id":"https:\/\/www.ecinews.fr\/fr\/les-us-et-leu-en-confrontation-sur-lindustrie-des-semiconducteurs\/#breadcrumb","itemListElement":[{"@type":"ListItem","position":1,"name":"Home","item":"https:\/\/www.ecinews.fr\/fr\/"},{"@type":"ListItem","position":2,"name":"Les US et l&rsquo;EU en confrontation sur l&rsquo;industrie des semiconducteurs?"}]},{"@type":"WebSite","@id":"https:\/\/www.eenewseurope.com\/en\/#website","url":"https:\/\/www.eenewseurope.com\/en\/","name":"EENewsEurope","description":"Just another WordPress site","publisher":{"@id":"https:\/\/www.eenewseurope.com\/en\/#organization"},"potentialAction":[{"@type":"SearchAction","target":{"@type":"EntryPoint","urlTemplate":"https:\/\/www.eenewseurope.com\/en\/?s={search_term_string}"},"query-input":"required name=search_term_string"}],"inLanguage":"fr-FR"},{"@type":"Organization","@id":"https:\/\/www.eenewseurope.com\/en\/#organization","name":"EENewsEurope","url":"https:\/\/www.eenewseurope.com\/en\/","logo":{"@type":"ImageObject","inLanguage":"fr-FR","@id":"https:\/\/www.eenewseurope.com\/en\/#\/schema\/logo\/image\/","url":"https:\/\/www.ecinews.fr\/wp-content\/uploads\/2022\/02\/logo-1.jpg","contentUrl":"https:\/\/www.ecinews.fr\/wp-content\/uploads\/2022\/02\/logo-1.jpg","width":283,"height":113,"caption":"EENewsEurope"},"image":{"@id":"https:\/\/www.eenewseurope.com\/en\/#\/schema\/logo\/image\/"}},{"@type":"Person","@id":"https:\/\/www.eenewseurope.com\/en\/#\/schema\/person\/9d52edb517ca8d9017312e8e246b9433","name":"Andre Rousselot","image":{"@type":"ImageObject","inLanguage":"fr-FR","@id":"https:\/\/www.eenewseurope.com\/en\/#\/schema\/person\/image\/8046680f16f52d2ae022297dc9e36ff3","url":"https:\/\/secure.gravatar.com\/avatar\/428720feffa09baddfe5e7cd3f84b526?s=96&d=mm&r=g","contentUrl":"https:\/\/secure.gravatar.com\/avatar\/428720feffa09baddfe5e7cd3f84b526?s=96&d=mm&r=g","caption":"Andre Rousselot"}}]}},"authors":[{"term_id":1144,"user_id":12,"is_guest":0,"slug":"rousselot","display_name":"Andre Rousselot","avatar_url":"https:\/\/secure.gravatar.com\/avatar\/428720feffa09baddfe5e7cd3f84b526?s=96&d=mm&r=g","0":null,"1":"","2":"","3":"","4":"","5":"","6":"","7":"","8":""}],"_links":{"self":[{"href":"https:\/\/www.ecinews.fr\/fr\/wp-json\/wp\/v2\/posts\/37654"}],"collection":[{"href":"https:\/\/www.ecinews.fr\/fr\/wp-json\/wp\/v2\/posts"}],"about":[{"href":"https:\/\/www.ecinews.fr\/fr\/wp-json\/wp\/v2\/types\/post"}],"author":[{"embeddable":true,"href":"https:\/\/www.ecinews.fr\/fr\/wp-json\/wp\/v2\/users\/12"}],"replies":[{"embeddable":true,"href":"https:\/\/www.ecinews.fr\/fr\/wp-json\/wp\/v2\/comments?post=37654"}],"version-history":[{"count":0,"href":"https:\/\/www.ecinews.fr\/fr\/wp-json\/wp\/v2\/posts\/37654\/revisions"}],"wp:featuredmedia":[{"embeddable":true,"href":"https:\/\/www.ecinews.fr\/fr\/wp-json\/wp\/v2\/media\/160619"}],"wp:attachment":[{"href":"https:\/\/www.ecinews.fr\/fr\/wp-json\/wp\/v2\/media?parent=37654"}],"wp:term":[{"taxonomy":"category","embeddable":true,"href":"https:\/\/www.ecinews.fr\/fr\/wp-json\/wp\/v2\/categories?post=37654"},{"taxonomy":"post_tag","embeddable":true,"href":"https:\/\/www.ecinews.fr\/fr\/wp-json\/wp\/v2\/tags?post=37654"},{"taxonomy":"domains","embeddable":true,"href":"https:\/\/www.ecinews.fr\/fr\/wp-json\/wp\/v2\/domains?post=37654"},{"taxonomy":"author","embeddable":true,"href":"https:\/\/www.ecinews.fr\/fr\/wp-json\/wp\/v2\/ppma_author?post=37654"}],"curies":[{"name":"wp","href":"https:\/\/api.w.org\/{rel}","templated":true}]}}