{"id":37650,"date":"2021-02-22T14:11:51","date_gmt":"2021-02-22T14:11:51","guid":{"rendered":"https:\/\/\/leurope-doit-sortir-de-ses-30-ans-de-sommeil-dans-les-semiconducteurs\/"},"modified":"2021-02-22T14:11:51","modified_gmt":"2021-02-22T14:11:51","slug":"leurope-doit-sortir-de-ses-30-ans-de-sommeil-dans-les-semiconducteurs","status":"publish","type":"post","link":"https:\/\/www.ecinews.fr\/fr\/leurope-doit-sortir-de-ses-30-ans-de-sommeil-dans-les-semiconducteurs\/","title":{"rendered":"L&rsquo;Europe doit sortir de ses 30 ans de sommeil dans les semiconducteurs"},"content":{"rendered":"<p><!-- Global site tag (gtag.js) - Google Analytics --><br \/>\n  window.dataLayer = window.dataLayer || [];<br \/>\n  function gtag(){dataLayer.push(arguments);}<br \/>\n  gtag(&lsquo;js&rsquo;, new Date());  gtag(&lsquo;config&rsquo;, &lsquo;UA-160857065-1&rsquo;);<\/p>\n<p><span class=\"VIiyi\" lang=\"fr\"><span class=\"JLqJ4b\" data-language-for-alternatives=\"fr\" data-language-to-translate-into=\"auto\" data-phrase-index=\"0\"><span>Les wafer fabs ( usines de semiconducteurs) sont des moteurs importants pour l&#8217;emploi et le d\u00e9veloppement technique. Les Wafer fabs produisent \u00e9galement les composants n\u00e9cessaires \u00e0 la cr\u00e9ation de richesse et donc au bien-\u00eatre; ils sont les composants strat\u00e9giques de tous syst\u00e8mes \u00e9lectroniques comme rappel\u00e9 \u00e0 Volkswagen et d&rsquo;autres qui sont victimes de p\u00e9nurie.<\/span><\/span><\/span><\/p>\n<p><span class=\"VIiyi\" lang=\"fr\"><span class=\"JLqJ4b\" data-language-for-alternatives=\"fr\" data-language-to-translate-into=\"auto\" data-phrase-index=\"0\"><span>Le fabricant de circuits int\u00e9gr\u00e9s le plus avanc\u00e9 au monde sur le plan technique, Taiwan Semiconductor Manufacturing Co. Ltd. (TSMC), ne fabrique pas uniquement des circuits int\u00e9gr\u00e9s \u00e0 Taiwan. Elle fabrique \u00e9galement &#8211; ou fabriquera \/ assemblera &#8211; des puces aux \u00c9tats-Unis et en Chine. TSMC l&rsquo;a d\u00e9j\u00e0 dit et l&rsquo;a r\u00e9p\u00e9t\u00e9: elle n&rsquo;a pas l&rsquo;intention de commencer \u00e0 fabriquer des puces en Europe. Alors, en quoi les \u00c9tats-Unis, la Chine et le Japon sont-ils si diff\u00e9rents?<\/span><\/span><\/span><\/p>\n<p><a href=\"https:\/\/www.eenewsanalog.com\/news\/tsmc-has-no-concrete-plans-make-chips-europe\">TSMC has no \u00ab\u00a0concrete\u00a0\u00bb plans to make chips in the region<\/a><\/p>\n<p><span class=\"VIiyi\" lang=\"fr\"><span class=\"JLqJ4b\" data-language-for-alternatives=\"fr\" data-language-to-translate-into=\"auto\" data-phrase-index=\"0\"><span>Serait-ce la pr\u00e9sence de fabricants de produits \u00e9lectroniques d&rsquo;importance mondiale qui sont aptes \u00e0 utiliser les compoants les plus avanc\u00e9s? un \u00e9cosyst\u00e8me de semiconducteurs solide; et l&rsquo;influence politique qui s&rsquo;exerce de temps \u00e0 autre? La chaine d&rsquo;approvisionnement automobile a soulign\u00e9 l&rsquo;importance de ce march\u00e9.<\/span><\/span><\/span><\/p>\n<p><span class=\"VIiyi\" lang=\"fr\"><span class=\"JLqJ4b\" data-language-for-alternatives=\"fr\" data-language-to-translate-into=\"auto\" data-phrase-index=\"0\"><span>Quels produits \u00e9lectroniques l&rsquo;Europe fabrique-t-elle en volume? Ce serait des automobiles, gr\u00e2ce \u00e0 Volkswagen, Daimler, BMW, Renault-Nissan et Stellantis BV, la soci\u00e9t\u00e9 holding de Peugot, Citro\u00ebn, Opel, Fiat et Chrysler.<\/span><\/span><\/span><\/p>\n<p><span class=\"VIiyi\" lang=\"fr\"><span class=\"JLqJ4b\" data-language-for-alternatives=\"fr\" data-language-to-translate-into=\"auto\" data-phrase-index=\"0\"><span>Les automobiles font partie des \u00e9quipements les plus complexes produits par les humains, se classant peut-\u00eatre uniquement derri\u00e8re les avions et les engins spatiaux, mais la prime \u00e9lev\u00e9e accord\u00e9e \u00e0 la s\u00e9curit\u00e9 signifie qu&rsquo;ils ne sont presque par d\u00e9finition pas des utilisateurs de composants \u00e9lectroniques de pointe. Les processus de conception et d&rsquo;approbation sont si longs que les constructeurs automobiles utilisent presque toujours des processus de fabrication de puces en retard par rapport \u00e0 la pointe de la technologie.<\/span><\/span><\/span><\/p>\n<p><span class=\"VIiyi\" lang=\"fr\"><span class=\"JLqJ4b\" data-language-for-alternatives=\"fr\" data-language-to-translate-into=\"auto\" data-phrase-index=\"0\"><span>Mais les semiconducteurs automobiles s&rsquo;appuient toujours sur le fait que ces technologies ont d\u00e9j\u00e0 \u00e9t\u00e9 mises au point pour une utilisation dans le calcul haute performance et les smartphones. Cela signifie que des g\u00e9n\u00e9rations de processus de fabrication ont \u00e9t\u00e9 caract\u00e9ris\u00e9es et d\u00e9bogu\u00e9es avant d&rsquo;\u00eatre adapt\u00e9es pour r\u00e9pondre aux exigences fonctionnelles et aux conditions de fonctionnement de l&rsquo;automobile. Il n&rsquo;est pas vraiment possible sur le long terme de s\u00e9parer la pointe la pointe de la technologie de ce que l&rsquo;on appelle d\u00e9sormais plus-que-Moore.<\/span><\/span><\/span><\/p>\n<ul>\n<li>\n<p><a href=\"https:\/\/www.electronique-eci.com\/news\/lindustrie-electronique-grignote-lindustrie-automobile\">L&rsquo;industrie \u00e9lectronique grignote l&rsquo;industrie automobile<\/a><\/p>\n<\/li>\n<\/ul>\n<p><span class=\"VIiyi\" lang=\"fr\"><span class=\"JLqJ4b\" data-language-for-alternatives=\"fr\" data-language-to-translate-into=\"auto\" data-phrase-index=\"0\"><span>Peut-\u00eatre que les \u00c9tats-Unis, la Chine et le Japon ont, dans une certaine mesure, fa\u00e7onn\u00e9 &#8211; plut\u00f4t que simplement endur\u00e9 &#8211; la vague de mondialisation afin qu&rsquo;ils aient encore un r\u00f4le strat\u00e9gique \u00e0 jouer? Ta\u00efwan et la Cor\u00e9e du Sud ont certainement fa\u00e7onn\u00e9 leur propre destin technologique.<\/span><\/span><\/span><\/p>\n<p><em><strong>\u00e0 suivre: La forteresse Europe<\/strong><\/em><\/p>\n<hr \/>\n<p><span class=\"VIiyi\" lang=\"fr\"><span class=\"JLqJ4b\" data-language-for-alternatives=\"fr\" data-language-to-translate-into=\"auto\" data-phrase-index=\"0\"><span>Des repr\u00e9sentants d&rsquo;AMD m&rsquo;ont demand\u00e9, ainsi qu&rsquo;\u00e0 d&rsquo;autres, \u00e0 la fin des ann\u00e9es 1980 et au d\u00e9but des ann\u00e9es 1990 si \u00abFortress Europe\u00bb \u00e9tait r\u00e9elle. C&rsquo;\u00e9tait les d\u00e9buts de la Communaut\u00e9 \u00e9conomique europ\u00e9enne (CEE) et avant que l&rsquo;Union Europ\u00e9enne ne soit ainsi nomm\u00e9e et Fortress Europe soit caricatur\u00e9e sur les couvertures de publications influentes.<\/span><\/span><\/span><\/p>\n<p><span class=\"VIiyi\" lang=\"fr\"><span class=\"JLqJ4b\" data-language-for-alternatives=\"fr\" data-language-to-translate-into=\"auto\" data-phrase-index=\"0\"><span>Je leur ait dit qu&rsquo;\u00e0 mon avis, la CEE voulait r\u00e9duire les tarifs et abaisser les barri\u00e8res commerciales. AMD a d\u00e9cid\u00e9 de construire une usine \u00e0 Dresde, en Allemagne, de toute fa\u00e7on, juste pour s&rsquo;assurer qu&rsquo;ils pouvaient vendre en Europe et \u00e9viter les tarifs existants mais en baisse. Pour les m\u00eames raisons, Intel a d\u00e9cid\u00e9 de construire une usine \u00e0 Leixlip pr\u00e8s de Dublin, en Irlande.<\/span><\/span><\/span><\/p>\n<p><span class=\"VIiyi\" lang=\"fr\"><span class=\"JLqJ4b\" data-language-for-alternatives=\"fr\" data-language-to-translate-into=\"auto\" data-phrase-index=\"0\"><span>\u00c0&nbsp; cette \u00e9poque, les entreprises europ\u00e9ennes fabriquaient des ordinateurs personnels en Europe et \u00e9taient sur le march\u00e9 des processeurs x86. Il n\u2019existe d\u00e9sormais plus d\u2019entreprise informatique europ\u00e9enne d\u2019importance mondiale.<\/span><\/span><\/span><\/p>\n<p><span class=\"VIiyi\" lang=\"fr\"><span class=\"JLqJ4b\" data-language-for-alternatives=\"fr\" data-language-to-translate-into=\"auto\" data-phrase-index=\"0\"><span>Par la suite, ces usines de fabrication de semiconducteurs europ\u00e9ennes &#8211; \u00e0 la fois celles d\u00e9pendant d&rsquo;investissements ext\u00e9rieurs et certaines d&rsquo;entre elles appartenant \u00e0 des int\u00e9r\u00eats nationaux &#8211; ont migr\u00e9 pour fabriquer diff\u00e9rentes formes d&rsquo;ASIC et de circuits int\u00e9gr\u00e9s de syst\u00e8me sur puce (SoC) \u00e0 la pointe de la technologie ou presque. Certains de ces SoC ont \u00e9t\u00e9 utilis\u00e9s dans les t\u00e9l\u00e9phones mobiles.<\/span><\/span><\/span><\/p>\n<p><span class=\"VIiyi\" lang=\"fr\"><span class=\"JLqJ4b\" data-language-for-alternatives=\"fr\" data-language-to-translate-into=\"auto\" data-phrase-index=\"0\"><span>\u00c0&nbsp; cette \u00e9poque, les entreprises europ\u00e9ennes fabriquaient des t\u00e9l\u00e9phones mobiles en Europe et \u00e9taient un march\u00e9 pour des SoC. Aujourd&rsquo;hui, malgr\u00e9 la r\u00e9animation de la marque de t\u00e9l\u00e9phones Nokia par HMD Global, on peut affirmer qu&rsquo;il n&rsquo;y a pas de soci\u00e9t\u00e9s europ\u00e9ennes de t\u00e9l\u00e9phonie mobile d&rsquo;importance mondiale.<\/span><\/span><\/span><\/p>\n<ul>\n<li>\n<p><a href=\"https:\/\/www.electronique-eci.com\/news\/le-defi-de-leurope-des-semiconducteurs\">Le d\u00e9fi de l&rsquo;Europe des semiconducteurs<\/a><\/p>\n<\/li>\n<\/ul>\n<p><span class=\"VIiyi\" lang=\"fr\"><span class=\"JLqJ4b\" data-language-for-alternatives=\"fr\" data-language-to-translate-into=\"auto\" data-phrase-index=\"0\"><span>Ce qui est \u00e0 la pointe de la technologie aujourd&rsquo;hui et utilis\u00e9 uniquement dans les smartphones deviendra la plate-forme de More-than-Moore dans cinq \u00e0 dix ans. Et dans tous les cas, le d\u00e9ploiement croissant de l&rsquo;intelligence artificielle embarqu\u00e9e et des communications \u00e0 large bande passante pousse les besoins des circuits int\u00e9gr\u00e9s automobiles vers les technologies de pointe.<\/span><\/span><\/span><\/p>\n<p><span class=\"VIiyi\" lang=\"fr\"><span class=\"JLqJ4b\" data-language-for-alternatives=\"fr\" data-language-to-translate-into=\"auto\" data-phrase-index=\"0\"><span>Toute am\u00e9lioration politiquement souhait\u00e9e de la cha\u00eene d&rsquo;approvisionnement europ\u00e9enne des semiconducteurs et de la capacit\u00e9 strat\u00e9gique dans la technologie des semiconducteurs doit \u00eatre consid\u00e9r\u00e9e sous cet angle.<\/span><\/span><\/span><\/p>\n<p><em><strong>\u00e0 suivre: j&rsquo;avais vu juste<\/strong><\/em><\/p>\n<hr \/>\n<p><span class=\"VIiyi\" lang=\"fr\"><span class=\"JLqJ4b\" data-language-for-alternatives=\"fr\" data-language-to-translate-into=\"auto\" data-phrase-index=\"0\"><span>Il s&rsquo;av\u00e8re que j&rsquo;avais raison. L&rsquo;Union Europ\u00e9enne s&rsquo;est focalis\u00e9e sur la r\u00e9duction des tarifs douaniers et l&rsquo;abaissement des barri\u00e8res commerciales et sur l&rsquo;utilisation du pouvoir du march\u00e9 unique pour g\u00e9n\u00e9rer de la valeur et de la richesse pour ses citoyens. Car ni AMD ni Intel n&rsquo;\u00e9taient encourag\u00e9s par quelque imp\u00e9ratif \u00e9conomique \u00e0 long terme de construire des usines en Europe, bien que l&rsquo;on puisse affirmer qu&rsquo;Intel, AMD et le successeur d&rsquo;AMD \u00e0 Dresde, Globalfoundries, ont tous bien r\u00e9ussi gr\u00e2ce \u00e0 leurs employ\u00e9s bien form\u00e9s et diligents en Irlande et en Allemagne.<\/span><\/span><\/span><\/p>\n<p><span class=\"VIiyi\" lang=\"fr\"><span class=\"JLqJ4b\" data-language-for-alternatives=\"fr\" data-language-to-translate-into=\"auto\" data-phrase-index=\"0\"><span>Depuis 30 ans, l&rsquo;Europe est ouverte aux affaires &#8211; l&rsquo;accent \u00e9tant mis sur l&rsquo;ouverture &#8211; et ce n&rsquo;est pas un hasard s&rsquo;il n&rsquo;y a pas eu d&rsquo;investisseurs entrants suppl\u00e9mentaires majeurs dans les usines de wafers depuis AMD et Intel, \u00e0 l&rsquo;exception de l&rsquo;installation de STMicroelectronics \u00e0 Crolles pr\u00e8s de Grenoble. En 2002, l&rsquo;Alliance Crolles2 a \u00e9t\u00e9 form\u00e9e, compos\u00e9e de ST, Philips Semiconductors (maintenant NXP) et Motorola Semiconductors (qui est devenue Freescale puis a fusionn\u00e9 avec NXP). TSMC a \u00e9t\u00e9 ajout\u00e9 au groupe au fur et \u00e0 mesure qu&rsquo;une strat\u00e9gie \u00abfab-lite\u00bb gagnait du terrain. TSMC a en fait aid\u00e9 \u00e0 d\u00e9placer la fabrication de puces hors d&rsquo;Europe.<\/span><\/span><\/span><\/p>\n<p><a href=\"https:\/\/www.eenewsanalog.com\/news\/volkswagen-may-claim-damages-over-chip-shortages\">Volkswagen may claim damages over chip shortages<\/a><\/p>\n<p><span class=\"VIiyi\" lang=\"fr\"><span class=\"JLqJ4b\" data-language-for-alternatives=\"fr\" data-language-to-translate-into=\"auto\" data-phrase-index=\"0\"><span>Depuis lors, les soci\u00e9t\u00e9s de puces europ\u00e9ennes ont poursuivi leurs strat\u00e9gies de fab-lite et d\u00e9velopp\u00e9 des processus sp\u00e9cialis\u00e9s pour des choses qui ne sont pas purement num\u00e9riques, comme les semiconducteurs de puissance et les capteurs. Si l\u2019Europe avait \u00e9t\u00e9 plus proactive pour fa\u00e7onner son avenir, elle pourrait d\u00e9sormais s\u2019engager davantage avec TSMC, en particulier avec les racines de la soci\u00e9t\u00e9 au sein de Philips Semiconductor. D&rsquo;autres diront peut-\u00eatre que les politiciens europ\u00e9ens ont \u00e9t\u00e9 les somnambules d&rsquo;une r\u00e9volution technologique en cours.<\/span><\/span><\/span><\/p>\n<p><span class=\"VIiyi\" lang=\"fr\"><span class=\"JLqJ4b\" data-language-for-alternatives=\"fr\" data-language-to-translate-into=\"auto\" data-phrase-index=\"0\"><span>Il faut \u00e9galement rappeler que les leaders actuels de l&rsquo;industrie automobile arrivent au terme d&rsquo;une phase de consolidation. Il s&rsquo;agit de l&rsquo;ancien ordre et un changement de la garde automobile est \u00e0 venir qui pourrait bien voir des marques comme Tesla, Apple, Samsung et chinoises telles que Geely, Byd, Great Wall et Alibaba prendre de l&rsquo;importance.<\/span><\/span><\/span><\/p>\n<p><span class=\"VIiyi\" lang=\"fr\"><span class=\"JLqJ4b\" data-language-for-alternatives=\"fr\" data-language-to-translate-into=\"auto\" data-phrase-index=\"0\"><span>Que restera-t-il \u00e0 l&rsquo;Europe?&nbsp; Ce sera peut-\u00eatre un endroit id\u00e9al pour les \u00e9tudiants en histoire ais\u00e9s des \u00c9tats-Unis, du Japon, de Chine, de Cor\u00e9e du Sud et de Ta\u00efwan pour des vacances nostalgiques. Et que feront les Europ\u00e9ens? Aligner les transats de l&rsquo;h\u00f4tel et cuisiner les hamburgers.<\/span><\/span><\/span><\/p>\n<p><span class=\"VIiyi\" lang=\"fr\"><span class=\"JLqJ4b\" data-language-for-alternatives=\"fr\" data-language-to-translate-into=\"auto\" data-phrase-index=\"0\"><span>Les politiciens europ\u00e9ens ont longtemps vant\u00e9 que le march\u00e9 unique d&rsquo;environ 400 millions de personnes et d&rsquo;une valeur de 40 mille milliards de dollars par an est sa grande force. Il est temps pour l&rsquo;Europe de se r\u00e9veiller et de montrer que le march\u00e9 unique a un certain poids politique dans le monde. Le march\u00e9 unique doit pouvoir faire plus que simplement maintenir les prix bas pour les consommateurs et \u00eatre une source de recettes fiscales. Il doit \u00eatre en mesure de fixer des normes et, si n\u00e9cessaire, d&rsquo;attirer des entit\u00e9s importantes du c\u00f4t\u00e9 europ\u00e9en.<\/span><\/span><\/span><\/p>\n<p><span class=\"VIiyi\" lang=\"fr\"><span class=\"JLqJ4b\" data-language-for-alternatives=\"fr\" data-language-to-translate-into=\"auto\" data-phrase-index=\"0\"><span>La Belle au bois dormant a besoin du baiser d&rsquo;un prince charmant mais existe-t-il?<\/span><\/span><\/span><\/p>\n<p><strong>Lire aussi:<\/strong><\/p>\n<p><a href=\"https:\/\/www.electronique-eci.com\/node\/135720\">Une p\u00e9nurie de composants en Europe se trame pour 2021<\/a><\/p>\n<p><a href=\"https:\/\/www.electronique-eci.com\/news\/145-milliards-deuros-pour-lindustrie-des-semiconducteurs-en-europe\">145 milliards d&rsquo;euros pour l&rsquo;industrie des semiconducteurs en Europe <\/a><\/p>\n<p><a href=\"https:\/\/www.electronique-eci.com\/news\/lindustrie-electronique-grignote-lindustrie-automobile\">L&rsquo;industrie \u00e9lectronique grignote l&rsquo;industrie automobile <\/a><\/p>\n<p><a href=\"https:\/\/www.electronique-eci.com\/news\/lautomobile-un-tremplin-pour-st-pour-atteindre-les-12bn\"><span class=\"VIiyi\" lang=\"fr\" xml:lang=\"fr\"><span class=\"JLqJ4b ChMk0b\" data-language-for-alternatives=\"fr\" data-language-to-translate-into=\"auto\" data-phrase-index=\"1\"><span>L&rsquo;automobile un tremplin pour ST pour atteindre les $12bn <\/span><\/span><\/span><\/a><\/p>\n<p><a href=\"https:\/\/www.electronique-eci.com\/news\/renesas-debourse-6-milliards-pour-racheter-dialog\"><span class=\"VIiyi\" lang=\"fr\" xml:lang=\"fr\"><span class=\"JLqJ4b ChMk0b\" data-language-for-alternatives=\"fr\" data-language-to-translate-into=\"auto\" data-phrase-index=\"1\"><span>Renesas d\u00e9bourse $6 milliards pour racheter Dialog <\/span><\/span><\/span><\/a><\/p>\n<p><a href=\"https:\/\/www.electronique-eci.com\/news\/nxp-infineon-ti-et-renesas-cibles-potentielles-de-samsung\"><span class=\"VIiyi\" lang=\"fr\" xml:lang=\"fr\"><span class=\"JLqJ4b ChMk0b\" data-language-for-alternatives=\"fr\" data-language-to-translate-into=\"auto\" data-phrase-index=\"1\"><span>NXP, Infineon, TI et Renesas cibles potentielles de Samsung <\/span><\/span><\/span><\/a><\/p>\n<p>&nbsp;<\/p>\n<p><strong>Related links and articles:<\/strong><\/p>\n<ul>\n<li><a href=\"https:\/\/www.eenewsanalog.com\/news\/tsmc-hiring-arizona-wafer-fab\">TSMC hiring for Arizona wafer fab<\/a><\/li>\n<li><a href=\"https:\/\/www.eenewsanalog.com\/news\/now-japan-wants-domestic-tsmc-fab\">Now Japan wants a domestic TSMC fab<\/a><\/li>\n<li><a href=\"https:\/\/www.eenewsanalog.com\/news\/opinion-strategy-tactics-european-chipmaking-are-being-confused\">Strategy, tactics for&nbsp;<\/a><a href=\"https:\/\/www.eenewsanalog.com\/news\/opinion-strategy-tactics-european-chipmaking-are-being-confused\">chipmaking are confused<\/a><\/li>\n<\/ul>\n","protected":false},"excerpt":{"rendered":"<p>Peter Clarke Editor de eeNews Europe revient sur plus de trois d\u00e9cennies qui ont conduit l&rsquo;UE \u00e0 laisser plusieurs industries de syst\u00e8mes \u00e9lectroniques d\u00e9p\u00e9rir et \u00e0 laisser l&rsquo;Europe d\u00e9pendante des fabricants de puces offshore qui ne livrent pas toujours les produits \u00e0 temps.<\/p>\n","protected":false},"author":12,"featured_media":160606,"comment_status":"open","ping_status":"closed","sticky":false,"template":"","format":"standard","meta":{"_acf_changed":false,"footnotes":""},"categories":[880],"tags":[889,920,893,891,909,894,912,895,896,897,898,899,900,901,902,903,919,892,913,904,905,906,907,908,890,916,910,917,911,914,915],"domains":[47],"ppma_author":[1144],"class_list":["post-37650","post","type-post","status-publish","format-standard","has-post-thumbnail","hentry","category-actualites-economiques","tag-analog-fr","tag-artificialintelligence-fr","tag-authentication-encryption-fr","tag-automotive-fr","tag-batteries-power-supplies-fr","tag-boards-embedded-cards-fr","tag-dataacquisition-fr","tag-developmentkits-fr","tag-digitalsignalprocessing-fr","tag-displays-interfaces-fr","tag-distributors-fr","tag-eda-cad-tools-fr","tag-electromechanical-fr","tag-energyharvesting-fr","tag-flexibleelectronics-fr","tag-interconnect-cables-fr","tag-iot-fr","tag-ledlighting-fr","tag-materials-processes-fr","tag-medicalelectronics-fr","tag-memory-data-storage-fr","tag-mpus-mcus-fr","tag-optoelectronics-fr","tag-plds-fpgas-asics-fr","tag-powermanagement-fr","tag-rf-transmission-fr","tag-sensing-conditioning-fr","tag-software-embedded-tools-fr","tag-testandmeasurement-fr","tag-wearables-fr","tag-wireless-communications-fr","domains-electronique-eci"],"acf":[],"yoast_head":"<title>L&#039;Europe doit sortir de ses 30 ans de sommeil dans les semicond...<\/title>\n<meta name=\"description\" content=\"Peter Clarke Editor de eeNews Europe revient sur plus de trois d\u00e9cennies qui ont conduit l&#039;UE \u00e0 laisser plusieurs industries de syst\u00e8mes \u00e9lectroniques...\" \/>\n<meta name=\"robots\" content=\"index, follow, max-snippet:-1, max-image-preview:large, max-video-preview:-1\" \/>\n<link rel=\"canonical\" href=\"https:\/\/www.ecinews.fr\/fr\/wp-json\/wp\/v2\/posts\/37650\/\" \/>\n<meta property=\"og:locale\" content=\"fr_FR\" \/>\n<meta property=\"og:type\" content=\"article\" \/>\n<meta property=\"og:title\" content=\"L&#039;Europe doit sortir de ses 30 ans de sommeil dans les semiconducteurs\" \/>\n<meta property=\"og:description\" content=\"Peter Clarke Editor de eeNews Europe revient sur plus de trois d\u00e9cennies qui ont conduit l&#039;UE \u00e0 laisser plusieurs industries de syst\u00e8mes \u00e9lectroniques d\u00e9p\u00e9rir et \u00e0 laisser l&#039;Europe d\u00e9pendante des fabricants de puces offshore qui ne livrent pas toujours les produits \u00e0 temps.\" \/>\n<meta property=\"og:url\" content=\"https:\/\/www.ecinews.fr\/fr\/wp-json\/wp\/v2\/posts\/37650\/\" \/>\n<meta property=\"og:site_name\" content=\"EENewsEurope\" \/>\n<meta property=\"article:published_time\" content=\"2021-02-22T14:11:51+00:00\" \/>\n<meta property=\"og:image\" content=\"https:\/\/www.ecinews.fr\/wp-content\/uploads\/import\/default\/files\/sites\/default\/files\/images\/sleepingbeauty630.jpg\" \/>\n\t<meta property=\"og:image:width\" content=\"630\" \/>\n\t<meta property=\"og:image:height\" content=\"420\" \/>\n\t<meta property=\"og:image:type\" content=\"image\/jpeg\" \/>\n<meta name=\"author\" content=\"Andre Rousselot\" \/>\n<meta name=\"twitter:card\" content=\"summary_large_image\" \/>\n<meta name=\"twitter:label1\" content=\"Written by\" \/>\n\t<meta name=\"twitter:data1\" content=\"Andre Rousselot\" \/>\n\t<meta name=\"twitter:label2\" content=\"Est. reading time\" \/>\n\t<meta name=\"twitter:data2\" content=\"7 minutes\" \/>\n<script type=\"application\/ld+json\" class=\"yoast-schema-graph\">{\"@context\":\"https:\/\/schema.org\",\"@graph\":[{\"@type\":\"Article\",\"@id\":\"https:\/\/www.ecinews.fr\/fr\/leurope-doit-sortir-de-ses-30-ans-de-sommeil-dans-les-semiconducteurs\/#article\",\"isPartOf\":{\"@id\":\"https:\/\/www.ecinews.fr\/fr\/leurope-doit-sortir-de-ses-30-ans-de-sommeil-dans-les-semiconducteurs\/\"},\"author\":{\"name\":\"Andre Rousselot\",\"@id\":\"https:\/\/www.eenewseurope.com\/en\/#\/schema\/person\/9d52edb517ca8d9017312e8e246b9433\"},\"headline\":\"L&rsquo;Europe doit sortir de ses 30 ans de sommeil dans les semiconducteurs\",\"datePublished\":\"2021-02-22T14:11:51+00:00\",\"dateModified\":\"2021-02-22T14:11:51+00:00\",\"mainEntityOfPage\":{\"@id\":\"https:\/\/www.ecinews.fr\/fr\/leurope-doit-sortir-de-ses-30-ans-de-sommeil-dans-les-semiconducteurs\/\"},\"wordCount\":1587,\"commentCount\":0,\"publisher\":{\"@id\":\"https:\/\/www.eenewseurope.com\/en\/#organization\"},\"keywords\":[\"Analog\",\"ArtificialIntelligence\",\"Authentication &amp; Encryption\",\"Automotive\",\"Batteries \/ Power Supplies\",\"Boards &amp; Embedded Cards\",\"DataAcquisition\",\"DevelopmentKits\",\"DigitalSignalProcessing\",\"Displays &amp; Interfaces\",\"Distributors\",\"EDA &amp; CAD tools\",\"Electromechanical\",\"EnergyHarvesting\",\"FlexibleElectronics\",\"Interconnect &amp; cables\",\"IoT\",\"LEDlighting\",\"Materials &amp; processes\",\"MedicalElectronics\",\"Memory &amp; Data Storage\",\"MPUs\/MCUs\",\"Optoelectronics\",\"PLDs\/FPGAs\/ASICs\",\"PowerManagement\",\"RF transmission\",\"Sensing \/ Conditioning\",\"Software &amp; Embedded tools\",\"TestandMeasurement\",\"Wearables\",\"Wireless Communications\"],\"articleSection\":[\"Actualit\u00e9s \u00e9conomiques\"],\"inLanguage\":\"fr-FR\",\"potentialAction\":[{\"@type\":\"CommentAction\",\"name\":\"Comment\",\"target\":[\"https:\/\/www.ecinews.fr\/fr\/leurope-doit-sortir-de-ses-30-ans-de-sommeil-dans-les-semiconducteurs\/#respond\"]}]},{\"@type\":\"WebPage\",\"@id\":\"https:\/\/www.ecinews.fr\/fr\/leurope-doit-sortir-de-ses-30-ans-de-sommeil-dans-les-semiconducteurs\/\",\"url\":\"https:\/\/www.ecinews.fr\/fr\/leurope-doit-sortir-de-ses-30-ans-de-sommeil-dans-les-semiconducteurs\/\",\"name\":\"L'Europe doit sortir de ses 30 ans de sommeil dans les semiconducteurs -\",\"isPartOf\":{\"@id\":\"https:\/\/www.eenewseurope.com\/en\/#website\"},\"datePublished\":\"2021-02-22T14:11:51+00:00\",\"dateModified\":\"2021-02-22T14:11:51+00:00\",\"breadcrumb\":{\"@id\":\"https:\/\/www.ecinews.fr\/fr\/leurope-doit-sortir-de-ses-30-ans-de-sommeil-dans-les-semiconducteurs\/#breadcrumb\"},\"inLanguage\":\"fr-FR\",\"potentialAction\":[{\"@type\":\"ReadAction\",\"target\":[\"https:\/\/www.ecinews.fr\/fr\/leurope-doit-sortir-de-ses-30-ans-de-sommeil-dans-les-semiconducteurs\/\"]}]},{\"@type\":\"BreadcrumbList\",\"@id\":\"https:\/\/www.ecinews.fr\/fr\/leurope-doit-sortir-de-ses-30-ans-de-sommeil-dans-les-semiconducteurs\/#breadcrumb\",\"itemListElement\":[{\"@type\":\"ListItem\",\"position\":1,\"name\":\"Home\",\"item\":\"https:\/\/www.ecinews.fr\/fr\/\"},{\"@type\":\"ListItem\",\"position\":2,\"name\":\"L&rsquo;Europe doit sortir de ses 30 ans de sommeil dans les semiconducteurs\"}]},{\"@type\":\"WebSite\",\"@id\":\"https:\/\/www.eenewseurope.com\/en\/#website\",\"url\":\"https:\/\/www.eenewseurope.com\/en\/\",\"name\":\"EENewsEurope\",\"description\":\"Just another WordPress site\",\"publisher\":{\"@id\":\"https:\/\/www.eenewseurope.com\/en\/#organization\"},\"potentialAction\":[{\"@type\":\"SearchAction\",\"target\":{\"@type\":\"EntryPoint\",\"urlTemplate\":\"https:\/\/www.eenewseurope.com\/en\/?s={search_term_string}\"},\"query-input\":\"required name=search_term_string\"}],\"inLanguage\":\"fr-FR\"},{\"@type\":\"Organization\",\"@id\":\"https:\/\/www.eenewseurope.com\/en\/#organization\",\"name\":\"EENewsEurope\",\"url\":\"https:\/\/www.eenewseurope.com\/en\/\",\"logo\":{\"@type\":\"ImageObject\",\"inLanguage\":\"fr-FR\",\"@id\":\"https:\/\/www.eenewseurope.com\/en\/#\/schema\/logo\/image\/\",\"url\":\"https:\/\/www.ecinews.fr\/wp-content\/uploads\/2022\/02\/logo-1.jpg\",\"contentUrl\":\"https:\/\/www.ecinews.fr\/wp-content\/uploads\/2022\/02\/logo-1.jpg\",\"width\":283,\"height\":113,\"caption\":\"EENewsEurope\"},\"image\":{\"@id\":\"https:\/\/www.eenewseurope.com\/en\/#\/schema\/logo\/image\/\"}},{\"@type\":\"Person\",\"@id\":\"https:\/\/www.eenewseurope.com\/en\/#\/schema\/person\/9d52edb517ca8d9017312e8e246b9433\",\"name\":\"Andre Rousselot\",\"image\":{\"@type\":\"ImageObject\",\"inLanguage\":\"fr-FR\",\"@id\":\"https:\/\/www.eenewseurope.com\/en\/#\/schema\/person\/image\/8046680f16f52d2ae022297dc9e36ff3\",\"url\":\"https:\/\/secure.gravatar.com\/avatar\/428720feffa09baddfe5e7cd3f84b526?s=96&d=mm&r=g\",\"contentUrl\":\"https:\/\/secure.gravatar.com\/avatar\/428720feffa09baddfe5e7cd3f84b526?s=96&d=mm&r=g\",\"caption\":\"Andre Rousselot\"}}]}<\/script>","yoast_head_json":{"title":"L'Europe doit sortir de ses 30 ans de sommeil dans les semicond...","description":"Peter Clarke Editor de eeNews Europe revient sur plus de trois d\u00e9cennies qui ont conduit l'UE \u00e0 laisser plusieurs industries de syst\u00e8mes \u00e9lectroniques...","robots":{"index":"index","follow":"follow","max-snippet":"max-snippet:-1","max-image-preview":"max-image-preview:large","max-video-preview":"max-video-preview:-1"},"canonical":"https:\/\/www.ecinews.fr\/fr\/wp-json\/wp\/v2\/posts\/37650\/","og_locale":"fr_FR","og_type":"article","og_title":"L'Europe doit sortir de ses 30 ans de sommeil dans les semiconducteurs","og_description":"Peter Clarke Editor de eeNews Europe revient sur plus de trois d\u00e9cennies qui ont conduit l'UE \u00e0 laisser plusieurs industries de syst\u00e8mes \u00e9lectroniques d\u00e9p\u00e9rir et \u00e0 laisser l'Europe d\u00e9pendante des fabricants de puces offshore qui ne livrent pas toujours les produits \u00e0 temps.","og_url":"https:\/\/www.ecinews.fr\/fr\/wp-json\/wp\/v2\/posts\/37650\/","og_site_name":"EENewsEurope","article_published_time":"2021-02-22T14:11:51+00:00","og_image":[{"width":630,"height":420,"url":"https:\/\/www.ecinews.fr\/wp-content\/uploads\/import\/default\/files\/sites\/default\/files\/images\/sleepingbeauty630.jpg","type":"image\/jpeg"}],"author":"Andre Rousselot","twitter_card":"summary_large_image","twitter_misc":{"Written by":"Andre Rousselot","Est. reading time":"7 minutes"},"schema":{"@context":"https:\/\/schema.org","@graph":[{"@type":"Article","@id":"https:\/\/www.ecinews.fr\/fr\/leurope-doit-sortir-de-ses-30-ans-de-sommeil-dans-les-semiconducteurs\/#article","isPartOf":{"@id":"https:\/\/www.ecinews.fr\/fr\/leurope-doit-sortir-de-ses-30-ans-de-sommeil-dans-les-semiconducteurs\/"},"author":{"name":"Andre Rousselot","@id":"https:\/\/www.eenewseurope.com\/en\/#\/schema\/person\/9d52edb517ca8d9017312e8e246b9433"},"headline":"L&rsquo;Europe doit sortir de ses 30 ans de sommeil dans les semiconducteurs","datePublished":"2021-02-22T14:11:51+00:00","dateModified":"2021-02-22T14:11:51+00:00","mainEntityOfPage":{"@id":"https:\/\/www.ecinews.fr\/fr\/leurope-doit-sortir-de-ses-30-ans-de-sommeil-dans-les-semiconducteurs\/"},"wordCount":1587,"commentCount":0,"publisher":{"@id":"https:\/\/www.eenewseurope.com\/en\/#organization"},"keywords":["Analog","ArtificialIntelligence","Authentication &amp; Encryption","Automotive","Batteries \/ Power Supplies","Boards &amp; Embedded Cards","DataAcquisition","DevelopmentKits","DigitalSignalProcessing","Displays &amp; Interfaces","Distributors","EDA &amp; CAD tools","Electromechanical","EnergyHarvesting","FlexibleElectronics","Interconnect &amp; cables","IoT","LEDlighting","Materials &amp; processes","MedicalElectronics","Memory &amp; Data Storage","MPUs\/MCUs","Optoelectronics","PLDs\/FPGAs\/ASICs","PowerManagement","RF transmission","Sensing \/ Conditioning","Software &amp; Embedded tools","TestandMeasurement","Wearables","Wireless Communications"],"articleSection":["Actualit\u00e9s \u00e9conomiques"],"inLanguage":"fr-FR","potentialAction":[{"@type":"CommentAction","name":"Comment","target":["https:\/\/www.ecinews.fr\/fr\/leurope-doit-sortir-de-ses-30-ans-de-sommeil-dans-les-semiconducteurs\/#respond"]}]},{"@type":"WebPage","@id":"https:\/\/www.ecinews.fr\/fr\/leurope-doit-sortir-de-ses-30-ans-de-sommeil-dans-les-semiconducteurs\/","url":"https:\/\/www.ecinews.fr\/fr\/leurope-doit-sortir-de-ses-30-ans-de-sommeil-dans-les-semiconducteurs\/","name":"L'Europe doit sortir de ses 30 ans de sommeil dans les semiconducteurs -","isPartOf":{"@id":"https:\/\/www.eenewseurope.com\/en\/#website"},"datePublished":"2021-02-22T14:11:51+00:00","dateModified":"2021-02-22T14:11:51+00:00","breadcrumb":{"@id":"https:\/\/www.ecinews.fr\/fr\/leurope-doit-sortir-de-ses-30-ans-de-sommeil-dans-les-semiconducteurs\/#breadcrumb"},"inLanguage":"fr-FR","potentialAction":[{"@type":"ReadAction","target":["https:\/\/www.ecinews.fr\/fr\/leurope-doit-sortir-de-ses-30-ans-de-sommeil-dans-les-semiconducteurs\/"]}]},{"@type":"BreadcrumbList","@id":"https:\/\/www.ecinews.fr\/fr\/leurope-doit-sortir-de-ses-30-ans-de-sommeil-dans-les-semiconducteurs\/#breadcrumb","itemListElement":[{"@type":"ListItem","position":1,"name":"Home","item":"https:\/\/www.ecinews.fr\/fr\/"},{"@type":"ListItem","position":2,"name":"L&rsquo;Europe doit sortir de ses 30 ans de sommeil dans les semiconducteurs"}]},{"@type":"WebSite","@id":"https:\/\/www.eenewseurope.com\/en\/#website","url":"https:\/\/www.eenewseurope.com\/en\/","name":"EENewsEurope","description":"Just another WordPress site","publisher":{"@id":"https:\/\/www.eenewseurope.com\/en\/#organization"},"potentialAction":[{"@type":"SearchAction","target":{"@type":"EntryPoint","urlTemplate":"https:\/\/www.eenewseurope.com\/en\/?s={search_term_string}"},"query-input":"required name=search_term_string"}],"inLanguage":"fr-FR"},{"@type":"Organization","@id":"https:\/\/www.eenewseurope.com\/en\/#organization","name":"EENewsEurope","url":"https:\/\/www.eenewseurope.com\/en\/","logo":{"@type":"ImageObject","inLanguage":"fr-FR","@id":"https:\/\/www.eenewseurope.com\/en\/#\/schema\/logo\/image\/","url":"https:\/\/www.ecinews.fr\/wp-content\/uploads\/2022\/02\/logo-1.jpg","contentUrl":"https:\/\/www.ecinews.fr\/wp-content\/uploads\/2022\/02\/logo-1.jpg","width":283,"height":113,"caption":"EENewsEurope"},"image":{"@id":"https:\/\/www.eenewseurope.com\/en\/#\/schema\/logo\/image\/"}},{"@type":"Person","@id":"https:\/\/www.eenewseurope.com\/en\/#\/schema\/person\/9d52edb517ca8d9017312e8e246b9433","name":"Andre Rousselot","image":{"@type":"ImageObject","inLanguage":"fr-FR","@id":"https:\/\/www.eenewseurope.com\/en\/#\/schema\/person\/image\/8046680f16f52d2ae022297dc9e36ff3","url":"https:\/\/secure.gravatar.com\/avatar\/428720feffa09baddfe5e7cd3f84b526?s=96&d=mm&r=g","contentUrl":"https:\/\/secure.gravatar.com\/avatar\/428720feffa09baddfe5e7cd3f84b526?s=96&d=mm&r=g","caption":"Andre Rousselot"}}]}},"authors":[{"term_id":1144,"user_id":12,"is_guest":0,"slug":"rousselot","display_name":"Andre Rousselot","avatar_url":"https:\/\/secure.gravatar.com\/avatar\/428720feffa09baddfe5e7cd3f84b526?s=96&d=mm&r=g","0":null,"1":"","2":"","3":"","4":"","5":"","6":"","7":"","8":""}],"_links":{"self":[{"href":"https:\/\/www.ecinews.fr\/fr\/wp-json\/wp\/v2\/posts\/37650"}],"collection":[{"href":"https:\/\/www.ecinews.fr\/fr\/wp-json\/wp\/v2\/posts"}],"about":[{"href":"https:\/\/www.ecinews.fr\/fr\/wp-json\/wp\/v2\/types\/post"}],"author":[{"embeddable":true,"href":"https:\/\/www.ecinews.fr\/fr\/wp-json\/wp\/v2\/users\/12"}],"replies":[{"embeddable":true,"href":"https:\/\/www.ecinews.fr\/fr\/wp-json\/wp\/v2\/comments?post=37650"}],"version-history":[{"count":0,"href":"https:\/\/www.ecinews.fr\/fr\/wp-json\/wp\/v2\/posts\/37650\/revisions"}],"wp:featuredmedia":[{"embeddable":true,"href":"https:\/\/www.ecinews.fr\/fr\/wp-json\/wp\/v2\/media\/160606"}],"wp:attachment":[{"href":"https:\/\/www.ecinews.fr\/fr\/wp-json\/wp\/v2\/media?parent=37650"}],"wp:term":[{"taxonomy":"category","embeddable":true,"href":"https:\/\/www.ecinews.fr\/fr\/wp-json\/wp\/v2\/categories?post=37650"},{"taxonomy":"post_tag","embeddable":true,"href":"https:\/\/www.ecinews.fr\/fr\/wp-json\/wp\/v2\/tags?post=37650"},{"taxonomy":"domains","embeddable":true,"href":"https:\/\/www.ecinews.fr\/fr\/wp-json\/wp\/v2\/domains?post=37650"},{"taxonomy":"author","embeddable":true,"href":"https:\/\/www.ecinews.fr\/fr\/wp-json\/wp\/v2\/ppma_author?post=37650"}],"curies":[{"name":"wp","href":"https:\/\/api.w.org\/{rel}","templated":true}]}}