{"id":37647,"date":"2021-03-01T09:56:33","date_gmt":"2021-03-01T09:56:33","guid":{"rendered":"https:\/\/\/leurope-lance-un-projet-de-e900m-pour-la-recherche-6g\/"},"modified":"2021-03-01T09:56:33","modified_gmt":"2021-03-01T09:56:33","slug":"leurope-lance-un-projet-de-e900m-pour-la-recherche-6g","status":"publish","type":"post","link":"https:\/\/www.ecinews.fr\/fr\/leurope-lance-un-projet-de-e900m-pour-la-recherche-6g\/","title":{"rendered":"L&rsquo;Europe lance un projet de \u20ac900m pour la recherche 6G"},"content":{"rendered":"<p><!-- Global site tag (gtag.js) - Google Analytics --><\/p>\n<p>\u00a0 window.dataLayer = window.dataLayer || [];<\/p>\n<p>\u00a0 function gtag(){dataLayer.push(arguments);}<\/p>\n<p>\u00a0 gtag(&lsquo;js&rsquo;, new Date());\u00a0 gtag(&lsquo;config&rsquo;, &lsquo;UA-160857065-1&rsquo;);<\/p>\n<p><span class=\"VIiyi\" lang=\"fr\"><span class=\"JLqJ4b\" data-language-for-alternatives=\"fr\" data-language-to-translate-into=\"auto\" data-phrase-index=\"0\"><span>Le partenariat strat\u00e9gique sur les r\u00e9seaux et services intelligents dispose d&rsquo;un budget de recherche de plus de 900 millions d&rsquo;euros jusqu&rsquo;en 2027 pour travailler sur les technologies 6G et acc\u00e9l\u00e9rer le d\u00e9ploiement de la 5G, et va remplacer l&rsquo;op\u00e9ration 5G-PPP existante. Cette d\u00e9cision est un changement d\u00e9lib\u00e9r\u00e9 visant \u00e0 favoriser la \u00absouverainet\u00e9\u00bb technologique de l\u2019Europe dans la 6G.<\/span><\/span><\/span><\/p>\n<p><span class=\"VIiyi\" lang=\"fr\"><span class=\"JLqJ4b\" data-language-for-alternatives=\"fr\" data-language-to-translate-into=\"auto\" data-phrase-index=\"0\"><span>\u00abUn \u00e9l\u00e9ment cl\u00e9 de diff\u00e9renciation par rapport au projet pr\u00e9d\u00e9cesseur 5G-PPP, sera un nouveau mod\u00e8le de gouvernance mettant l&rsquo;industrie europ\u00e9enne aux commandes avec la Commission et associant \u00e9troitement les \u00c9tats membres \u00e0 sa prise de d\u00e9cision strat\u00e9gique, par exemple dans le domaine de la souverainet\u00e9 technologique de l&rsquo;Europe et la maximisation des synergies entre les programmes de financement europ\u00e9ens et nationaux \u00bb, a d\u00e9clar\u00e9 le partenariat.<\/span><\/span><\/span><\/p>\n<ul>\n<li>\n<p><a href=\"https:\/\/www.electronique-eci.com\/news\/leurope-doit-sortir-de-ses-30-ans-de-sommeil-dans-les-semiconducteurs\">L&rsquo;Europe doit sortir de ses 30 ans de sommeil dans les semiconducteurs<\/a><\/p>\n<\/li>\n<\/ul>\n<p><span class=\"VIiyi\" lang=\"fr\"><span class=\"JLqJ4b\" data-language-for-alternatives=\"fr\" data-language-to-translate-into=\"auto\" data-phrase-index=\"0\"><span>La proposition de nouveau syst\u00e8me doit encore \u00eatre discut\u00e9e entre les \u00c9tats membres au sein du Conseil avec un lancement pr\u00e9vu \u00e0 l&rsquo;automne 2021.<\/span><\/span><\/span><\/p>\n<p><span class=\"VIiyi\" lang=\"fr\"><span class=\"JLqJ4b\" data-language-for-alternatives=\"fr\" data-language-to-translate-into=\"auto\" data-phrase-index=\"0\"><span>La \u00ab\u00a0Joint Undertaking\u00a0\u00bb r\u00e9saux et services intelligents est l&rsquo;une des neuf entreprises du programme Horizon Europe dot\u00e9 de 10 milliards d&rsquo;euros. Cela fonctionnera parall\u00e8lement avec la <\/span><\/span><\/span>\u00ab\u00a0Joint Undertaking\u00a0\u00bb<span class=\"VIiyi\" lang=\"fr\"><span class=\"JLqJ4b\" data-language-for-alternatives=\"fr\" data-language-to-translate-into=\"auto\" data-phrase-index=\"0\"><span> de 1,8 milliard d&rsquo;euros dans le domaine des technologies num\u00e9riques cl\u00e9s, qui couvre la conception, la fabrication et l&rsquo;int\u00e9gration de composants \u00e9lectroniques dans les syst\u00e8mes et les logiciels associ\u00e9s, l\u00e0 o\u00f9 un \u00e9ventuel nouveau \u00abprojet important d&rsquo;int\u00e9r\u00eat europ\u00e9en commun\u00bb est en discussion. \u00abCe nouveau partenariat contribuera \u00e0 renforcer la comp\u00e9titivit\u00e9 et la souverainet\u00e9 technologique de l&rsquo;Europe.\u00bb a d\u00e9clar\u00e9 l&rsquo;entit\u00e9 \u00ab\u00a0<\/span><\/span><\/span>digital undertaking\u00a0\u00bb<span class=\"VIiyi\" lang=\"fr\"><span class=\"JLqJ4b\" data-language-for-alternatives=\"fr\" data-language-to-translate-into=\"auto\" data-phrase-index=\"0\"><span>.<\/span><\/span><\/span><\/p>\n<p><span class=\"VIiyi\" lang=\"fr\"><span class=\"JLqJ4b\" data-language-for-alternatives=\"fr\" data-language-to-translate-into=\"auto\" data-phrase-index=\"0\"><span>Outre la 6G, le projet Smart Networks stimulera \u00e9galement le d\u00e9ploiement de la 5G en Europe pour d\u00e9velopper des march\u00e9s num\u00e9riques leaders et permettre la transition num\u00e9rique et verte de l&rsquo;\u00e9conomie et de la soci\u00e9t\u00e9, en particulier avec les corridors 5G. Il contribuera \u00e9galement \u00e0 la coordination avec les programmes nationaux, notamment dans le cadre du m\u00e9canisme de relance et de r\u00e9silience, ainsi que d&rsquo;autres programmes et installations europ\u00e9ens tels que le programme pour l&rsquo;Europe num\u00e9rique et InvestEU.<\/span><\/span><\/span><\/p>\n<p><span class=\"VIiyi\" lang=\"fr\"><span class=\"JLqJ4b\" data-language-for-alternatives=\"fr\" data-language-to-translate-into=\"auto\" data-phrase-index=\"0\"><span>Des op\u00e9rateurs de 23 pays de l&rsquo;UE ont d\u00e9j\u00e0 lanc\u00e9 des r\u00e9seaux commerciaux 5G dans les grandes villes, avec un d\u00e9ploiement plus complet couvrant toutes les zones urbaines et les principaux axes de transport \u00e0 travers l&rsquo;Europe d&rsquo;ici 2025. Ces r\u00e9seaux 5G sont des catalyseurs cl\u00e9s pour un large \u00e9ventail de services aux consommateurs, aux entreprises et \u00e0 l&rsquo;industrie , mais constituera \u00e9galement un point de d\u00e9part important pour l&rsquo;introduction des technologies 6G en Europe.<\/span><\/span><\/span><\/p>\n<p><a href=\"https:\/\/www.eenewseurope.com\/news\/major-6g-project-starts-europe\">MAJOR PROJECT STARTS IN EUROPE<\/a><\/p>\n<p><span class=\"VIiyi\" lang=\"fr\"><span class=\"JLqJ4b\" data-language-for-alternatives=\"fr\" data-language-to-translate-into=\"auto\" data-phrase-index=\"0\"><span>Ce travail sur la 6G a d\u00e9j\u00e0 commenc\u00e9 avec le projet phare Hexa-X en Europe au sein de 5G-PPP qui inclut Nokia, mais il y a un risque d&rsquo;\u00eatre d\u00e9pass\u00e9.<\/span><\/span><\/span><\/p>\n<p>\u200b <span class=\"VIiyi\" lang=\"fr\"><span class=\"JLqJ4b\" data-language-for-alternatives=\"fr\" data-language-to-translate-into=\"auto\" data-phrase-index=\"0\"><span>\u00abNos partenaires commerciaux sont fortement engag\u00e9s dans les d\u00e9veloppements 6G, y compris aux \u00c9tats-Unis et au Japon, en se concentrant sur les r\u00e9seaux logiciels et aussi la Chine qui vise \u00e0 tirer parti de sa forte technologie et de sa position en mati\u00e8re de droits de propri\u00e9t\u00e9 intellectuelle\u00bb, d\u00e9clare la Joint Udertaking. \u00abIl y aura des opportunit\u00e9s et des d\u00e9fis concernant les nouveaux mod\u00e8les commerciaux et de nouveaux acteurs \u00e0 travers des r\u00e9seaux logiciels avec des architectures telles que l&rsquo;Open RAN et la convergence avec les nouvelles technologies dans le domaine du cloud et de l&rsquo;informatique de pointe, de l&rsquo;IA, ainsi que des composants et appareils au-del\u00e0 des smartphones. Les deux principaux fournisseurs d&rsquo;\u00e9quipements europ\u00e9ens occupent une position de leader mondial, avec une part de march\u00e9 mondiale combin\u00e9e des \u00e9quipements pour mobiles (stations de base) de l&rsquo;ordre de 40% et plus de 50% des droits de propri\u00e9t\u00e9 intellectuelle concern\u00e9s. \u00bb<\/span><\/span><\/span><\/p>\n<p><span class=\"VIiyi\" lang=\"fr\"><span class=\"JLqJ4b\" data-language-for-alternatives=\"fr\" data-language-to-translate-into=\"auto\" data-phrase-index=\"0\"><span>\u00abEn s&rsquo;appuyant sur cette base, qui a \u00e9t\u00e9 cr\u00e9\u00e9e \u00e9galement gr\u00e2ce aux investissements europ\u00e9ens en R&amp;I dans le cadre du 5G-PPP au cours des sept derni\u00e8res ann\u00e9es, l&rsquo;Europe doit se positionner pour garantir le meilleur r\u00e9sultat \u00e0 la fois pour l&rsquo;\u00e9conomie num\u00e9rique dans son ensemble, mais aussi pour la technologie. capacit\u00e9s de nos leaders industriels existants et \u00e9mergents. Cela n\u00e9cessite un partenariat strat\u00e9gique avec une solide feuille de route R&amp;I d\u00e9finie et suivie par une masse critique d&rsquo;acteurs europ\u00e9ens.<\/span><\/span><\/span><\/p>\n<p><span class=\"VIiyi\" lang=\"fr\"><span class=\"JLqJ4b\" data-language-for-alternatives=\"fr\" data-language-to-translate-into=\"auto\" data-phrase-index=\"0\"><span>Ceci est important pour la discussion sur les composants critiques et la cha\u00eene d&rsquo;approvisionnement qui se d\u00e9roule actuellement au seain de la Commission europ\u00e9enne. Les autres programmes du programme Horizon Europe de 10 milliards d&rsquo;euros comprennent l&rsquo;hydrog\u00e8ne propre, l&rsquo;aviation propre et la sant\u00e9.<\/span><\/span><\/span><\/p>\n<p><strong>lire aussi:<\/strong><\/p>\n<p><a href=\"https:\/\/www.electronique-eci.com\/news\/leurope-doit-sortir-de-ses-30-ans-de-sommeil-dans-les-semiconducteurs\">L&rsquo;Europe doit sortir de ses 30 ans de sommeil dans les semiconducteurs<\/a><\/p>\n<p><a href=\"https:\/\/www.electronique-eci.com\/news\/les-us-et-leu-en-confrontation-sur-lindutrie-des-semiconducteurs\">Les US et l&rsquo;EU en confrontation sur l&rsquo;indutrie des semiconducteurs?<\/a><\/p>\n<p><a href=\"https:\/\/www.electronique-eci.com\/news\/globalfoundries-va-plus-que-doubler-sa-capacite-dresde\">Globalfoundries va plus que doubler sa capacit\u00e9 \u00e0 Dresde<\/a><\/p>\n<p><a href=\"https:\/\/www.electronique-eci.com\/news\/lindustrie-electronique-grignote-lindustrie-automobile\">L&rsquo;industrie \u00e9lectronique grignote l&rsquo;industrie automobile<\/a><\/p>\n<p><a href=\"https:\/\/www.electronique-eci.com\/news\/lautomobile-un-tremplin-pour-st-pour-atteindre-les-12bn\"><span class=\"VIiyi\" lang=\"fr\" xml:lang=\"fr\"><span class=\"JLqJ4b ChMk0b\" data-language-for-alternatives=\"fr\" data-language-to-translate-into=\"auto\" data-phrase-index=\"1\"><span>L&rsquo;automobile un tremplin pour ST pour atteindre les $12bn<\/span><\/span><\/span><\/a><\/p>\n<p><a href=\"https:\/\/www.electronique-eci.com\/news\/renesas-debourse-6-milliards-pour-racheter-dialog\"><span class=\"VIiyi\" lang=\"fr\" xml:lang=\"fr\"><span class=\"JLqJ4b ChMk0b\" data-language-for-alternatives=\"fr\" data-language-to-translate-into=\"auto\" data-phrase-index=\"1\"><span>Renesas d\u00e9bourse $6 milliards pour racheter Dialog<\/span><\/span><\/span><\/a><\/p>\n<p><a href=\"https:\/\/www.electronique-eci.com\/news\/nxp-infineon-ti-et-renesas-cibles-potentielles-de-samsung\"><span class=\"VIiyi\" lang=\"fr\" xml:lang=\"fr\"><span class=\"JLqJ4b ChMk0b\" data-language-for-alternatives=\"fr\" data-language-to-translate-into=\"auto\" data-phrase-index=\"1\"><span>NXP, Infineon, TI et Renesas cibles potentielles de Samsung<\/span><\/span><\/span><\/a><\/p>\n<p><a href=\"https:\/\/ec.europa.eu\/digital-single-market\/en\/news\/europe-puts-forward-proposal-joint-undertaking-smart-networks-and-services-towards-6g\">ec.europa.eu<\/a><\/p>\n<p><strong>Related articles&nbsp;<\/strong><\/p>\n<ul>\n<li><a href=\"https:\/\/www.eenewseurope.com\/news\/collision-semiconductor-industry\">US AND EU ON COLLISION COURSE OVER SEMICONDUCTOR INDUSTRY<\/a><\/li>\n<li><a href=\"https:\/\/www.eenewseurope.com\/news\/fateful-choices-ics-and-taiwan\">FATEFUL CHOICES FOR ICS AND TAIWAN<\/a><\/li>\n<li><a href=\"https:\/\/www.eenewsanalog.com\/news\/reports-europe-wants-samsung-and-tsmc-enter-fab-project\">REPORTS: EUROPE WANTS SAMSUNG AND TSMC TO ENTER FAB PROJECT<\/a><\/li>\n<li><a href=\"https:\/\/www.eenewsanalog.com\/news\/germany-ready-help-europe-invest-billions-chip-manufacturing\">GERMANY READY TO HELP EUROPE INVEST &lsquo;BILLIONS&rsquo; IN CHIP MANUFACTURING<\/a><\/li>\n<li><a href=\"https:\/\/www.eenewseurope.com\/news\/europe-eu13bn-space-shake\">EUROPE IN \u20ac13bn&nbsp;SPACE SHAKE UP<\/a><\/li>\n<\/ul>\n","protected":false},"excerpt":{"rendered":"<p>L&rsquo;Union europ\u00e9enne va remplacer le projet 5G-PPP par un nouveau projet qui met l&rsquo;accent sur la 6G et dispose de 900 millions d&rsquo;Euros. <\/p>\n","protected":false},"author":12,"featured_media":160593,"comment_status":"open","ping_status":"closed","sticky":false,"template":"","format":"standard","meta":{"_acf_changed":false,"footnotes":""},"categories":[883],"tags":[920,919,913,890,916,917,915],"domains":[47],"ppma_author":[1144],"class_list":["post-37647","post","type-post","status-publish","format-standard","has-post-thumbnail","hentry","category-technologies","tag-artificialintelligence-fr","tag-iot-fr","tag-materials-processes-fr","tag-powermanagement-fr","tag-rf-transmission-fr","tag-software-embedded-tools-fr","tag-wireless-communications-fr","domains-electronique-eci"],"acf":[],"yoast_head":"<title>L&#039;Europe lance un projet de \u20ac900m pour la recherche 6G ...<\/title>\n<meta name=\"description\" content=\"L&#039;Union europ\u00e9enne va remplacer le projet 5G-PPP par un nouveau projet qui met l&#039;accent sur la 6G et dispose de 900 millions d&#039;Euros.\" \/>\n<meta name=\"robots\" content=\"index, follow, max-snippet:-1, max-image-preview:large, max-video-preview:-1\" \/>\n<link rel=\"canonical\" href=\"https:\/\/www.ecinews.fr\/fr\/wp-json\/wp\/v2\/posts\/37647\/\" \/>\n<meta property=\"og:locale\" content=\"fr_FR\" \/>\n<meta property=\"og:type\" content=\"article\" \/>\n<meta property=\"og:title\" content=\"L&#039;Europe lance un projet de \u20ac900m pour la recherche 6G\" \/>\n<meta property=\"og:description\" content=\"L&#039;Union europ\u00e9enne va remplacer le projet 5G-PPP par un nouveau projet qui met l&#039;accent sur la 6G et dispose de 900 millions d&#039;Euros.\" \/>\n<meta property=\"og:url\" content=\"https:\/\/www.ecinews.fr\/fr\/wp-json\/wp\/v2\/posts\/37647\/\" \/>\n<meta property=\"og:site_name\" content=\"EENewsEurope\" \/>\n<meta property=\"article:published_time\" content=\"2021-03-01T09:56:33+00:00\" \/>\n<meta property=\"og:image\" content=\"https:\/\/www.ecinews.fr\/wp-content\/uploads\/import\/default\/files\/sites\/default\/files\/images\/6g5g_78784.jpg\" \/>\n\t<meta property=\"og:image:width\" content=\"992\" \/>\n\t<meta property=\"og:image:height\" content=\"682\" \/>\n\t<meta property=\"og:image:type\" content=\"image\/jpeg\" \/>\n<meta name=\"author\" content=\"Andre Rousselot\" \/>\n<meta name=\"twitter:card\" content=\"summary_large_image\" \/>\n<meta name=\"twitter:label1\" content=\"Written by\" \/>\n\t<meta name=\"twitter:data1\" content=\"Andre Rousselot\" \/>\n\t<meta name=\"twitter:label2\" content=\"Est. reading time\" \/>\n\t<meta name=\"twitter:data2\" content=\"5 minutes\" \/>\n<script type=\"application\/ld+json\" class=\"yoast-schema-graph\">{\"@context\":\"https:\/\/schema.org\",\"@graph\":[{\"@type\":\"Article\",\"@id\":\"https:\/\/www.ecinews.fr\/fr\/leurope-lance-un-projet-de-e900m-pour-la-recherche-6g\/#article\",\"isPartOf\":{\"@id\":\"https:\/\/www.ecinews.fr\/fr\/leurope-lance-un-projet-de-e900m-pour-la-recherche-6g\/\"},\"author\":{\"name\":\"Andre Rousselot\",\"@id\":\"https:\/\/www.eenewseurope.com\/en\/#\/schema\/person\/9d52edb517ca8d9017312e8e246b9433\"},\"headline\":\"L&rsquo;Europe lance un projet de \u20ac900m pour la recherche 6G\",\"datePublished\":\"2021-03-01T09:56:33+00:00\",\"dateModified\":\"2021-03-01T09:56:33+00:00\",\"mainEntityOfPage\":{\"@id\":\"https:\/\/www.ecinews.fr\/fr\/leurope-lance-un-projet-de-e900m-pour-la-recherche-6g\/\"},\"wordCount\":953,\"commentCount\":0,\"publisher\":{\"@id\":\"https:\/\/www.eenewseurope.com\/en\/#organization\"},\"keywords\":[\"ArtificialIntelligence\",\"IoT\",\"Materials &amp; processes\",\"PowerManagement\",\"RF transmission\",\"Software &amp; Embedded tools\",\"Wireless Communications\"],\"articleSection\":[\"Technologies\"],\"inLanguage\":\"fr-FR\",\"potentialAction\":[{\"@type\":\"CommentAction\",\"name\":\"Comment\",\"target\":[\"https:\/\/www.ecinews.fr\/fr\/leurope-lance-un-projet-de-e900m-pour-la-recherche-6g\/#respond\"]}]},{\"@type\":\"WebPage\",\"@id\":\"https:\/\/www.ecinews.fr\/fr\/leurope-lance-un-projet-de-e900m-pour-la-recherche-6g\/\",\"url\":\"https:\/\/www.ecinews.fr\/fr\/leurope-lance-un-projet-de-e900m-pour-la-recherche-6g\/\",\"name\":\"L'Europe lance un projet de \u20ac900m pour la recherche 6G -\",\"isPartOf\":{\"@id\":\"https:\/\/www.eenewseurope.com\/en\/#website\"},\"datePublished\":\"2021-03-01T09:56:33+00:00\",\"dateModified\":\"2021-03-01T09:56:33+00:00\",\"breadcrumb\":{\"@id\":\"https:\/\/www.ecinews.fr\/fr\/leurope-lance-un-projet-de-e900m-pour-la-recherche-6g\/#breadcrumb\"},\"inLanguage\":\"fr-FR\",\"potentialAction\":[{\"@type\":\"ReadAction\",\"target\":[\"https:\/\/www.ecinews.fr\/fr\/leurope-lance-un-projet-de-e900m-pour-la-recherche-6g\/\"]}]},{\"@type\":\"BreadcrumbList\",\"@id\":\"https:\/\/www.ecinews.fr\/fr\/leurope-lance-un-projet-de-e900m-pour-la-recherche-6g\/#breadcrumb\",\"itemListElement\":[{\"@type\":\"ListItem\",\"position\":1,\"name\":\"Home\",\"item\":\"https:\/\/www.ecinews.fr\/fr\/\"},{\"@type\":\"ListItem\",\"position\":2,\"name\":\"L&rsquo;Europe lance un projet de \u20ac900m pour la recherche 6G\"}]},{\"@type\":\"WebSite\",\"@id\":\"https:\/\/www.eenewseurope.com\/en\/#website\",\"url\":\"https:\/\/www.eenewseurope.com\/en\/\",\"name\":\"EENewsEurope\",\"description\":\"Just another WordPress site\",\"publisher\":{\"@id\":\"https:\/\/www.eenewseurope.com\/en\/#organization\"},\"potentialAction\":[{\"@type\":\"SearchAction\",\"target\":{\"@type\":\"EntryPoint\",\"urlTemplate\":\"https:\/\/www.eenewseurope.com\/en\/?s={search_term_string}\"},\"query-input\":\"required name=search_term_string\"}],\"inLanguage\":\"fr-FR\"},{\"@type\":\"Organization\",\"@id\":\"https:\/\/www.eenewseurope.com\/en\/#organization\",\"name\":\"EENewsEurope\",\"url\":\"https:\/\/www.eenewseurope.com\/en\/\",\"logo\":{\"@type\":\"ImageObject\",\"inLanguage\":\"fr-FR\",\"@id\":\"https:\/\/www.eenewseurope.com\/en\/#\/schema\/logo\/image\/\",\"url\":\"https:\/\/www.ecinews.fr\/wp-content\/uploads\/2022\/02\/logo-1.jpg\",\"contentUrl\":\"https:\/\/www.ecinews.fr\/wp-content\/uploads\/2022\/02\/logo-1.jpg\",\"width\":283,\"height\":113,\"caption\":\"EENewsEurope\"},\"image\":{\"@id\":\"https:\/\/www.eenewseurope.com\/en\/#\/schema\/logo\/image\/\"}},{\"@type\":\"Person\",\"@id\":\"https:\/\/www.eenewseurope.com\/en\/#\/schema\/person\/9d52edb517ca8d9017312e8e246b9433\",\"name\":\"Andre Rousselot\",\"image\":{\"@type\":\"ImageObject\",\"inLanguage\":\"fr-FR\",\"@id\":\"https:\/\/www.eenewseurope.com\/en\/#\/schema\/person\/image\/8046680f16f52d2ae022297dc9e36ff3\",\"url\":\"https:\/\/secure.gravatar.com\/avatar\/428720feffa09baddfe5e7cd3f84b526?s=96&d=mm&r=g\",\"contentUrl\":\"https:\/\/secure.gravatar.com\/avatar\/428720feffa09baddfe5e7cd3f84b526?s=96&d=mm&r=g\",\"caption\":\"Andre Rousselot\"}}]}<\/script>","yoast_head_json":{"title":"L'Europe lance un projet de \u20ac900m pour la recherche 6G ...","description":"L'Union europ\u00e9enne va remplacer le projet 5G-PPP par un nouveau projet qui met l'accent sur la 6G et dispose de 900 millions d'Euros.","robots":{"index":"index","follow":"follow","max-snippet":"max-snippet:-1","max-image-preview":"max-image-preview:large","max-video-preview":"max-video-preview:-1"},"canonical":"https:\/\/www.ecinews.fr\/fr\/wp-json\/wp\/v2\/posts\/37647\/","og_locale":"fr_FR","og_type":"article","og_title":"L'Europe lance un projet de \u20ac900m pour la recherche 6G","og_description":"L'Union europ\u00e9enne va remplacer le projet 5G-PPP par un nouveau projet qui met l'accent sur la 6G et dispose de 900 millions d'Euros.","og_url":"https:\/\/www.ecinews.fr\/fr\/wp-json\/wp\/v2\/posts\/37647\/","og_site_name":"EENewsEurope","article_published_time":"2021-03-01T09:56:33+00:00","og_image":[{"width":992,"height":682,"url":"https:\/\/www.ecinews.fr\/wp-content\/uploads\/import\/default\/files\/sites\/default\/files\/images\/6g5g_78784.jpg","type":"image\/jpeg"}],"author":"Andre Rousselot","twitter_card":"summary_large_image","twitter_misc":{"Written by":"Andre Rousselot","Est. reading time":"5 minutes"},"schema":{"@context":"https:\/\/schema.org","@graph":[{"@type":"Article","@id":"https:\/\/www.ecinews.fr\/fr\/leurope-lance-un-projet-de-e900m-pour-la-recherche-6g\/#article","isPartOf":{"@id":"https:\/\/www.ecinews.fr\/fr\/leurope-lance-un-projet-de-e900m-pour-la-recherche-6g\/"},"author":{"name":"Andre Rousselot","@id":"https:\/\/www.eenewseurope.com\/en\/#\/schema\/person\/9d52edb517ca8d9017312e8e246b9433"},"headline":"L&rsquo;Europe lance un projet de \u20ac900m pour la recherche 6G","datePublished":"2021-03-01T09:56:33+00:00","dateModified":"2021-03-01T09:56:33+00:00","mainEntityOfPage":{"@id":"https:\/\/www.ecinews.fr\/fr\/leurope-lance-un-projet-de-e900m-pour-la-recherche-6g\/"},"wordCount":953,"commentCount":0,"publisher":{"@id":"https:\/\/www.eenewseurope.com\/en\/#organization"},"keywords":["ArtificialIntelligence","IoT","Materials &amp; processes","PowerManagement","RF transmission","Software &amp; Embedded tools","Wireless Communications"],"articleSection":["Technologies"],"inLanguage":"fr-FR","potentialAction":[{"@type":"CommentAction","name":"Comment","target":["https:\/\/www.ecinews.fr\/fr\/leurope-lance-un-projet-de-e900m-pour-la-recherche-6g\/#respond"]}]},{"@type":"WebPage","@id":"https:\/\/www.ecinews.fr\/fr\/leurope-lance-un-projet-de-e900m-pour-la-recherche-6g\/","url":"https:\/\/www.ecinews.fr\/fr\/leurope-lance-un-projet-de-e900m-pour-la-recherche-6g\/","name":"L'Europe lance un projet de \u20ac900m pour la recherche 6G -","isPartOf":{"@id":"https:\/\/www.eenewseurope.com\/en\/#website"},"datePublished":"2021-03-01T09:56:33+00:00","dateModified":"2021-03-01T09:56:33+00:00","breadcrumb":{"@id":"https:\/\/www.ecinews.fr\/fr\/leurope-lance-un-projet-de-e900m-pour-la-recherche-6g\/#breadcrumb"},"inLanguage":"fr-FR","potentialAction":[{"@type":"ReadAction","target":["https:\/\/www.ecinews.fr\/fr\/leurope-lance-un-projet-de-e900m-pour-la-recherche-6g\/"]}]},{"@type":"BreadcrumbList","@id":"https:\/\/www.ecinews.fr\/fr\/leurope-lance-un-projet-de-e900m-pour-la-recherche-6g\/#breadcrumb","itemListElement":[{"@type":"ListItem","position":1,"name":"Home","item":"https:\/\/www.ecinews.fr\/fr\/"},{"@type":"ListItem","position":2,"name":"L&rsquo;Europe lance un projet de \u20ac900m pour la recherche 6G"}]},{"@type":"WebSite","@id":"https:\/\/www.eenewseurope.com\/en\/#website","url":"https:\/\/www.eenewseurope.com\/en\/","name":"EENewsEurope","description":"Just another WordPress site","publisher":{"@id":"https:\/\/www.eenewseurope.com\/en\/#organization"},"potentialAction":[{"@type":"SearchAction","target":{"@type":"EntryPoint","urlTemplate":"https:\/\/www.eenewseurope.com\/en\/?s={search_term_string}"},"query-input":"required name=search_term_string"}],"inLanguage":"fr-FR"},{"@type":"Organization","@id":"https:\/\/www.eenewseurope.com\/en\/#organization","name":"EENewsEurope","url":"https:\/\/www.eenewseurope.com\/en\/","logo":{"@type":"ImageObject","inLanguage":"fr-FR","@id":"https:\/\/www.eenewseurope.com\/en\/#\/schema\/logo\/image\/","url":"https:\/\/www.ecinews.fr\/wp-content\/uploads\/2022\/02\/logo-1.jpg","contentUrl":"https:\/\/www.ecinews.fr\/wp-content\/uploads\/2022\/02\/logo-1.jpg","width":283,"height":113,"caption":"EENewsEurope"},"image":{"@id":"https:\/\/www.eenewseurope.com\/en\/#\/schema\/logo\/image\/"}},{"@type":"Person","@id":"https:\/\/www.eenewseurope.com\/en\/#\/schema\/person\/9d52edb517ca8d9017312e8e246b9433","name":"Andre Rousselot","image":{"@type":"ImageObject","inLanguage":"fr-FR","@id":"https:\/\/www.eenewseurope.com\/en\/#\/schema\/person\/image\/8046680f16f52d2ae022297dc9e36ff3","url":"https:\/\/secure.gravatar.com\/avatar\/428720feffa09baddfe5e7cd3f84b526?s=96&d=mm&r=g","contentUrl":"https:\/\/secure.gravatar.com\/avatar\/428720feffa09baddfe5e7cd3f84b526?s=96&d=mm&r=g","caption":"Andre Rousselot"}}]}},"authors":[{"term_id":1144,"user_id":12,"is_guest":0,"slug":"rousselot","display_name":"Andre Rousselot","avatar_url":"https:\/\/secure.gravatar.com\/avatar\/428720feffa09baddfe5e7cd3f84b526?s=96&d=mm&r=g","0":null,"1":"","2":"","3":"","4":"","5":"","6":"","7":"","8":""}],"_links":{"self":[{"href":"https:\/\/www.ecinews.fr\/fr\/wp-json\/wp\/v2\/posts\/37647"}],"collection":[{"href":"https:\/\/www.ecinews.fr\/fr\/wp-json\/wp\/v2\/posts"}],"about":[{"href":"https:\/\/www.ecinews.fr\/fr\/wp-json\/wp\/v2\/types\/post"}],"author":[{"embeddable":true,"href":"https:\/\/www.ecinews.fr\/fr\/wp-json\/wp\/v2\/users\/12"}],"replies":[{"embeddable":true,"href":"https:\/\/www.ecinews.fr\/fr\/wp-json\/wp\/v2\/comments?post=37647"}],"version-history":[{"count":0,"href":"https:\/\/www.ecinews.fr\/fr\/wp-json\/wp\/v2\/posts\/37647\/revisions"}],"wp:featuredmedia":[{"embeddable":true,"href":"https:\/\/www.ecinews.fr\/fr\/wp-json\/wp\/v2\/media\/160593"}],"wp:attachment":[{"href":"https:\/\/www.ecinews.fr\/fr\/wp-json\/wp\/v2\/media?parent=37647"}],"wp:term":[{"taxonomy":"category","embeddable":true,"href":"https:\/\/www.ecinews.fr\/fr\/wp-json\/wp\/v2\/categories?post=37647"},{"taxonomy":"post_tag","embeddable":true,"href":"https:\/\/www.ecinews.fr\/fr\/wp-json\/wp\/v2\/tags?post=37647"},{"taxonomy":"domains","embeddable":true,"href":"https:\/\/www.ecinews.fr\/fr\/wp-json\/wp\/v2\/domains?post=37647"},{"taxonomy":"author","embeddable":true,"href":"https:\/\/www.ecinews.fr\/fr\/wp-json\/wp\/v2\/ppma_author?post=37647"}],"curies":[{"name":"wp","href":"https:\/\/api.w.org\/{rel}","templated":true}]}}