{"id":37644,"date":"2021-03-04T11:15:48","date_gmt":"2021-03-04T11:15:48","guid":{"rendered":"https:\/\/\/leurope-a-la-traine-dans-un-marche-des-semiconducteurs-qui-decolle\/"},"modified":"2021-03-04T11:15:48","modified_gmt":"2021-03-04T11:15:48","slug":"leurope-a-la-traine-dans-un-marche-des-semiconducteurs-qui-decolle","status":"publish","type":"post","link":"https:\/\/www.ecinews.fr\/fr\/leurope-a-la-traine-dans-un-marche-des-semiconducteurs-qui-decolle\/","title":{"rendered":"L&rsquo;Europe \u00e0 la tra\u00eene dans un march\u00e9 des semiconducteurs qui d\u00e9colle"},"content":{"rendered":"<p><span class=\"VIiyi\" lang=\"fr\"><span class=\"JLqJ4b\" data-language-for-alternatives=\"fr\" data-language-to-translate-into=\"auto\" data-phrase-index=\"0\"><span>Les chiffres proviennent des donn\u00e9es recueillies par World Semiconductor Trade Statistics et rapport\u00e9es par la Semiconductor Industry Association.<\/span><\/span><\/span><\/p>\n<p><span class=\"VIiyi\" lang=\"fr\"><span class=\"JLqJ4b\" data-language-for-alternatives=\"fr\" data-language-to-translate-into=\"auto\" data-phrase-index=\"0\"><span>En particulier, le march\u00e9 chinois, qui ach\u00e8te un tiers de la production mondiale de puces, a connu une fortye croissance apr\u00e8s une faible chute le mois pr\u00e9c\u00e9dent. Le reste de l&rsquo;Asie-Pacifique, qui ach\u00e8te presque autant que la Chine, a bondi encore plus haut.<\/span><\/span><\/span><\/p>\n<p><span class=\"VIiyi\" lang=\"fr\"><span class=\"JLqJ4b\" data-language-for-alternatives=\"fr\" data-language-to-translate-into=\"auto\" data-phrase-index=\"0\"><span>Bien que les ventes moyennes sur trois mois pour l&rsquo;Europe en janvier aient augment\u00e9 de 6,4%, la hausse au Japon \u00e9tait de 9,6% et elle \u00e9tait partout ailleurs \u00e0 deux chiffres. Remarquablement, la Chine est pass\u00e9e de 4,4% de croissance en d\u00e9cembre \u00e0 12,4% en janvier, bien que cela puisse refl\u00e9ter le d\u00e9but d&rsquo;une activit\u00e9 de march\u00e9 en chute en Chine en janvier 2020 alors que la gravit\u00e9 de la pand\u00e9mie de Covid-19 a \u00e9merg\u00e9. Dans ce cas, on peut s&rsquo;attendre \u00e0 des chiffres encore plus \u00e9lev\u00e9s pour la Chine dans les prochains mois, qui se r\u00e9percuteront ensuite sur d&rsquo;autres r\u00e9gions g\u00e9ographiques.<\/span><\/span><\/span><\/p>\n<p><span class=\"VIiyi\" lang=\"fr\"><span class=\"JLqJ4b\" data-language-for-alternatives=\"fr\" data-language-to-translate-into=\"auto\" data-phrase-index=\"0\"><span>Toutes les r\u00e9gions g\u00e9ographiques ont affich\u00e9 une forte croissance annuelle qui a augment\u00e9 par rapport au mois pr\u00e9c\u00e9dent. La forte croissance de l&rsquo;Asie-Pacifique &#8211; qui comprend Taiwan et la Cor\u00e9e du Sud &#8211; m\u00e8ne d\u00e9sormais le march\u00e9 mondial en termes de croissance.<\/span><\/span><\/span><\/p>\n<p><span class=\"VIiyi\" lang=\"fr\"><span class=\"JLqJ4b\" data-language-for-alternatives=\"fr\" data-language-to-translate-into=\"auto\" data-phrase-index=\"0\"><span>La moyenne sur trois mois des ventes mondiales de semiconducteurs en janvier \u00e9tait de 40,01 milliards de dollars am\u00e9ricains, soit une augmentation de 13,2% par rapport au chiffre correspondant en&nbsp; 2020 et de 1% en s\u00e9quentiel.<\/span><\/span><\/span><\/p>\n<p>&nbsp;<\/p>\n<p><img decoding=\"async\" alt=\"\" height=\"600\" data-src=\"https:\/\/eenews.cdnartwhere.eu\/sites\/default\/files\/images\/01-picture-library\/PeterClarke\/2021\/03\/siajantable530.jpg\" width=\"530\" src=\"data:image\/svg+xml;base64,PHN2ZyB3aWR0aD0iMSIgaGVpZ2h0PSIxIiB4bWxucz0iaHR0cDovL3d3dy53My5vcmcvMjAwMC9zdmciPjwvc3ZnPg==\" class=\"lazyload\" style=\"--smush-placeholder-width: 530px; --smush-placeholder-aspect-ratio: 530\/600;\" \/><\/p>\n<p>&nbsp;<\/p>\n<p><strong><span class=\"VIiyi\" lang=\"fr\"><span class=\"JLqJ4b\" data-language-for-alternatives=\"fr\" data-language-to-translate-into=\"auto\" data-phrase-index=\"0\"><span>Moyenne sur trois mois des ventes de puces par r\u00e9gion g\u00e9ographique pour janvier 2021 et d\u00e9cembre 2020. Source: SIA \/ WSTS.<\/span><\/span><\/span><\/strong><\/p>\n<p><span class=\"VIiyi\" lang=\"fr\"><span class=\"JLqJ4b\" data-language-for-alternatives=\"fr\" data-language-to-translate-into=\"auto\" data-phrase-index=\"0\"><span>\u00ab\u00a0Les ventes mondiales de semiconducteurs ont bien d\u00e9marr\u00e9 en 2021, augmentant \u00e0 la fois d&rsquo;une ann\u00e9e sur l&rsquo;autre et d&rsquo;un mois sur l&rsquo;autre en janvier\u00a0\u00bb, a d\u00e9clar\u00e9 John Neuffer, PDG de la SIA, dans un communiqu\u00e9. \u00abLa production mondiale de semiconducteurs est en hausse pour r\u00e9pondre \u00e0 la demande croissante et att\u00e9nuer la p\u00e9nurie de puces qui affecte le secteur automobile et d&rsquo;autres, et les ventes sur l&rsquo;ann\u00e9e devraient augmenter en 2021.\u00bb<\/span><\/span><\/span><\/p>\n<p><span class=\"VIiyi\" lang=\"fr\"><span class=\"JLqJ4b\" data-language-for-alternatives=\"fr\" data-language-to-translate-into=\"auto\" data-phrase-index=\"0\"><span>Les donn\u00e9es mensuelles sont fournies par le SIA sous forme de moyenne sur trois mois, bien que la source des donn\u00e9es, le WSTS, effectue le suivi des donn\u00e9es mensuelles r\u00e9elles. La SIA et d&rsquo;autres organismes r\u00e9gionaux de l&rsquo;industrie des semi-conducteurs choisissent d&rsquo;utiliser des donn\u00e9es moyennes, car elles \u00e9galisent les donn\u00e9es r\u00e9elles qui montrent g\u00e9n\u00e9ralement des creux au d\u00e9but des trimestres et des pics \u00e0 la fin des trimestres.<\/span><\/span><\/span><\/p>\n<p><strong>Lire aussi:<\/strong><\/p>\n<p><a href=\"https:\/\/www.electronique-eci.com\/news\/leurope-doit-sortir-de-ses-30-ans-de-sommeil-dans-les-semiconducteurs\">L&rsquo;Europe doit sortir de ses 30 ans de sommeil dans les semiconducteurs<\/a><\/p>\n<p><a href=\"https:\/\/www.electronique-eci.com\/node\/135720\">Une p\u00e9nurie de composants en Europe se trame pour 2021<\/a><\/p>\n<p><a href=\"https:\/\/www.electronique-eci.com\/news\/145-milliards-deuros-pour-lindustrie-des-semiconducteurs-en-europe\">145 milliards d&rsquo;euros pour l&rsquo;industrie des semiconducteurs en Europe <\/a><\/p>\n<p><a href=\"https:\/\/www.electronique-eci.com\/news\/lindustrie-electronique-grignote-lindustrie-automobile\">L&rsquo;industrie \u00e9lectronique grignote l&rsquo;industrie automobile <\/a><\/p>\n<p><a href=\"https:\/\/www.electronique-eci.com\/news\/lautomobile-un-tremplin-pour-st-pour-atteindre-les-12bn\"><span class=\"VIiyi\" lang=\"fr\" xml:lang=\"fr\"><span class=\"JLqJ4b ChMk0b\" data-language-for-alternatives=\"fr\" data-language-to-translate-into=\"auto\" data-phrase-index=\"1\"><span>L&rsquo;automobile un tremplin pour ST pour atteindre les $12bn <\/span><\/span><\/span><\/a><\/p>\n<p><a href=\"https:\/\/www.electronique-eci.com\/news\/renesas-debourse-6-milliards-pour-racheter-dialog\"><span class=\"VIiyi\" lang=\"fr\" xml:lang=\"fr\"><span class=\"JLqJ4b ChMk0b\" data-language-for-alternatives=\"fr\" data-language-to-translate-into=\"auto\" data-phrase-index=\"1\"><span>Renesas d\u00e9bourse $6 milliards pour racheter Dialog <\/span><\/span><\/span><\/a><\/p>\n<p><a href=\"https:\/\/www.electronique-eci.com\/news\/nxp-infineon-ti-et-renesas-cibles-potentielles-de-samsung\"><span class=\"VIiyi\" lang=\"fr\" xml:lang=\"fr\"><span class=\"JLqJ4b ChMk0b\" data-language-for-alternatives=\"fr\" data-language-to-translate-into=\"auto\" data-phrase-index=\"1\"><span>NXP, Infineon, TI et Renesas cibles potentielles de Samsung <\/span><\/span><\/span><\/a><\/p>\n<p><strong>Related links and articles: <\/strong><\/p>\n<p><a href=\"https:\/\/www.semiconductors.org\/\">www.semiconductors.org<\/a><\/p>\n<p><a href=\"https:\/\/www.eusemiconductors.eu\/\">www.eusemiconductors.eu<\/a><\/p>\n<p><strong>News articles: <\/strong><\/p>\n<p><a href=\"https:\/\/www.eenewsanalog.com\/news\/pace-chip-market-growth-slows-china\">Pace of chip market growth slows in China<\/a><\/p>\n<p><a href=\"https:\/\/www.eenewsanalog.com\/news\/v-shaped-pandemic-sets-chip-shortages-rising-prices-2021\">V-shaped pandemic sets up chip shortages, rising prices in 2021<\/a><\/p>\n<p><a href=\"https:\/\/www.eenewsanalog.com\/news\/europes-chip-market-missed-out-annual-growth-november\">Europe&rsquo;s chip market missed out on annual growth in November <\/a><\/p>\n<p><a href=\"https:\/\/www.eenewsanalog.com\/news\/volkswagen-faces-massive-chip-shortages\">Volkswagen faces massive chip shortages <\/a><\/p>\n<p><a href=\"https:\/\/www.eenewsanalog.com\/news\/covid-effect-drives-global-chip-sales-6-percent-october\">Covid effect drives global chip sales up 6 percent in October <\/a><\/p>\n<hr \/>\n","protected":false},"excerpt":{"rendered":"<p>L&rsquo;Europe reste l&rsquo;homme malade de l&rsquo;industrie des semiconducteurs alors que sa croissance est relativement faible par rapport a un march\u00e9 mondial qui a fortement d\u00e9coll\u00e9 en janvier. <\/p>\n","protected":false},"author":12,"featured_media":160584,"comment_status":"open","ping_status":"closed","sticky":false,"template":"","format":"standard","meta":{"_acf_changed":false,"footnotes":""},"categories":[880],"tags":[889,920,893,891,909,894,912,895,896,897,898,899,900,901,902,903,919,892,913,904,905,906,907,908,890,916,910,917,911,914,915],"domains":[47],"ppma_author":[1144],"class_list":["post-37644","post","type-post","status-publish","format-standard","has-post-thumbnail","hentry","category-actualites-economiques","tag-analog-fr","tag-artificialintelligence-fr","tag-authentication-encryption-fr","tag-automotive-fr","tag-batteries-power-supplies-fr","tag-boards-embedded-cards-fr","tag-dataacquisition-fr","tag-developmentkits-fr","tag-digitalsignalprocessing-fr","tag-displays-interfaces-fr","tag-distributors-fr","tag-eda-cad-tools-fr","tag-electromechanical-fr","tag-energyharvesting-fr","tag-flexibleelectronics-fr","tag-interconnect-cables-fr","tag-iot-fr","tag-ledlighting-fr","tag-materials-processes-fr","tag-medicalelectronics-fr","tag-memory-data-storage-fr","tag-mpus-mcus-fr","tag-optoelectronics-fr","tag-plds-fpgas-asics-fr","tag-powermanagement-fr","tag-rf-transmission-fr","tag-sensing-conditioning-fr","tag-software-embedded-tools-fr","tag-testandmeasurement-fr","tag-wearables-fr","tag-wireless-communications-fr","domains-electronique-eci"],"acf":[],"yoast_head":"<title>L&#039;Europe \u00e0 la tra\u00eene dans un march\u00e9 des semiconducteurs qui ...<\/title>\n<meta name=\"description\" content=\"L&#039;Europe reste l&#039;homme malade de l&#039;industrie des semiconducteurs alors que sa croissance est relativement faible par rapport a un march\u00e9 mondial qui a...\" \/>\n<meta name=\"robots\" content=\"index, follow, max-snippet:-1, max-image-preview:large, max-video-preview:-1\" \/>\n<link rel=\"canonical\" href=\"https:\/\/www.ecinews.fr\/fr\/wp-json\/wp\/v2\/posts\/37644\/\" \/>\n<meta property=\"og:locale\" content=\"fr_FR\" \/>\n<meta property=\"og:type\" content=\"article\" \/>\n<meta property=\"og:title\" content=\"L&#039;Europe \u00e0 la tra\u00eene dans un march\u00e9 des semiconducteurs qui d\u00e9colle\" \/>\n<meta property=\"og:description\" content=\"L&#039;Europe reste l&#039;homme malade de l&#039;industrie des semiconducteurs alors que sa croissance est relativement faible par rapport a un march\u00e9 mondial qui a fortement d\u00e9coll\u00e9 en janvier.\" \/>\n<meta property=\"og:url\" content=\"https:\/\/www.ecinews.fr\/fr\/wp-json\/wp\/v2\/posts\/37644\/\" \/>\n<meta property=\"og:site_name\" content=\"EENewsEurope\" \/>\n<meta property=\"article:published_time\" content=\"2021-03-04T11:15:48+00:00\" \/>\n<meta property=\"og:image\" content=\"https:\/\/www.ecinews.fr\/wp-content\/uploads\/import\/default\/files\/sites\/default\/files\/images\/leftbehind630.jpg\" \/>\n\t<meta property=\"og:image:width\" content=\"630\" \/>\n\t<meta property=\"og:image:height\" content=\"380\" \/>\n\t<meta property=\"og:image:type\" content=\"image\/jpeg\" \/>\n<meta name=\"author\" content=\"Andre Rousselot\" \/>\n<meta name=\"twitter:card\" content=\"summary_large_image\" \/>\n<meta name=\"twitter:label1\" content=\"Written by\" \/>\n\t<meta name=\"twitter:data1\" content=\"Andre Rousselot\" \/>\n\t<meta name=\"twitter:label2\" content=\"Est. reading time\" \/>\n\t<meta name=\"twitter:data2\" content=\"3 minutes\" \/>\n<script type=\"application\/ld+json\" class=\"yoast-schema-graph\">{\"@context\":\"https:\/\/schema.org\",\"@graph\":[{\"@type\":\"Article\",\"@id\":\"https:\/\/www.ecinews.fr\/fr\/leurope-a-la-traine-dans-un-marche-des-semiconducteurs-qui-decolle\/#article\",\"isPartOf\":{\"@id\":\"https:\/\/www.ecinews.fr\/fr\/leurope-a-la-traine-dans-un-marche-des-semiconducteurs-qui-decolle\/\"},\"author\":{\"name\":\"Andre Rousselot\",\"@id\":\"https:\/\/www.eenewseurope.com\/en\/#\/schema\/person\/9d52edb517ca8d9017312e8e246b9433\"},\"headline\":\"L&rsquo;Europe \u00e0 la tra\u00eene dans un march\u00e9 des semiconducteurs qui d\u00e9colle\",\"datePublished\":\"2021-03-04T11:15:48+00:00\",\"dateModified\":\"2021-03-04T11:15:48+00:00\",\"mainEntityOfPage\":{\"@id\":\"https:\/\/www.ecinews.fr\/fr\/leurope-a-la-traine-dans-un-marche-des-semiconducteurs-qui-decolle\/\"},\"wordCount\":581,\"commentCount\":0,\"publisher\":{\"@id\":\"https:\/\/www.eenewseurope.com\/en\/#organization\"},\"keywords\":[\"Analog\",\"ArtificialIntelligence\",\"Authentication &amp; Encryption\",\"Automotive\",\"Batteries \/ Power Supplies\",\"Boards &amp; Embedded Cards\",\"DataAcquisition\",\"DevelopmentKits\",\"DigitalSignalProcessing\",\"Displays &amp; Interfaces\",\"Distributors\",\"EDA &amp; CAD tools\",\"Electromechanical\",\"EnergyHarvesting\",\"FlexibleElectronics\",\"Interconnect &amp; cables\",\"IoT\",\"LEDlighting\",\"Materials &amp; processes\",\"MedicalElectronics\",\"Memory &amp; Data Storage\",\"MPUs\/MCUs\",\"Optoelectronics\",\"PLDs\/FPGAs\/ASICs\",\"PowerManagement\",\"RF transmission\",\"Sensing \/ Conditioning\",\"Software &amp; Embedded tools\",\"TestandMeasurement\",\"Wearables\",\"Wireless Communications\"],\"articleSection\":[\"Actualit\u00e9s \u00e9conomiques\"],\"inLanguage\":\"fr-FR\",\"potentialAction\":[{\"@type\":\"CommentAction\",\"name\":\"Comment\",\"target\":[\"https:\/\/www.ecinews.fr\/fr\/leurope-a-la-traine-dans-un-marche-des-semiconducteurs-qui-decolle\/#respond\"]}]},{\"@type\":\"WebPage\",\"@id\":\"https:\/\/www.ecinews.fr\/fr\/leurope-a-la-traine-dans-un-marche-des-semiconducteurs-qui-decolle\/\",\"url\":\"https:\/\/www.ecinews.fr\/fr\/leurope-a-la-traine-dans-un-marche-des-semiconducteurs-qui-decolle\/\",\"name\":\"L'Europe \u00e0 la tra\u00eene dans un march\u00e9 des semiconducteurs qui d\u00e9colle -\",\"isPartOf\":{\"@id\":\"https:\/\/www.eenewseurope.com\/en\/#website\"},\"datePublished\":\"2021-03-04T11:15:48+00:00\",\"dateModified\":\"2021-03-04T11:15:48+00:00\",\"breadcrumb\":{\"@id\":\"https:\/\/www.ecinews.fr\/fr\/leurope-a-la-traine-dans-un-marche-des-semiconducteurs-qui-decolle\/#breadcrumb\"},\"inLanguage\":\"fr-FR\",\"potentialAction\":[{\"@type\":\"ReadAction\",\"target\":[\"https:\/\/www.ecinews.fr\/fr\/leurope-a-la-traine-dans-un-marche-des-semiconducteurs-qui-decolle\/\"]}]},{\"@type\":\"BreadcrumbList\",\"@id\":\"https:\/\/www.ecinews.fr\/fr\/leurope-a-la-traine-dans-un-marche-des-semiconducteurs-qui-decolle\/#breadcrumb\",\"itemListElement\":[{\"@type\":\"ListItem\",\"position\":1,\"name\":\"Home\",\"item\":\"https:\/\/www.ecinews.fr\/fr\/\"},{\"@type\":\"ListItem\",\"position\":2,\"name\":\"L&rsquo;Europe \u00e0 la tra\u00eene dans un march\u00e9 des semiconducteurs qui d\u00e9colle\"}]},{\"@type\":\"WebSite\",\"@id\":\"https:\/\/www.eenewseurope.com\/en\/#website\",\"url\":\"https:\/\/www.eenewseurope.com\/en\/\",\"name\":\"EENewsEurope\",\"description\":\"Just another WordPress site\",\"publisher\":{\"@id\":\"https:\/\/www.eenewseurope.com\/en\/#organization\"},\"potentialAction\":[{\"@type\":\"SearchAction\",\"target\":{\"@type\":\"EntryPoint\",\"urlTemplate\":\"https:\/\/www.eenewseurope.com\/en\/?s={search_term_string}\"},\"query-input\":\"required name=search_term_string\"}],\"inLanguage\":\"fr-FR\"},{\"@type\":\"Organization\",\"@id\":\"https:\/\/www.eenewseurope.com\/en\/#organization\",\"name\":\"EENewsEurope\",\"url\":\"https:\/\/www.eenewseurope.com\/en\/\",\"logo\":{\"@type\":\"ImageObject\",\"inLanguage\":\"fr-FR\",\"@id\":\"https:\/\/www.eenewseurope.com\/en\/#\/schema\/logo\/image\/\",\"url\":\"https:\/\/www.ecinews.fr\/wp-content\/uploads\/2022\/02\/logo-1.jpg\",\"contentUrl\":\"https:\/\/www.ecinews.fr\/wp-content\/uploads\/2022\/02\/logo-1.jpg\",\"width\":283,\"height\":113,\"caption\":\"EENewsEurope\"},\"image\":{\"@id\":\"https:\/\/www.eenewseurope.com\/en\/#\/schema\/logo\/image\/\"}},{\"@type\":\"Person\",\"@id\":\"https:\/\/www.eenewseurope.com\/en\/#\/schema\/person\/9d52edb517ca8d9017312e8e246b9433\",\"name\":\"Andre Rousselot\",\"image\":{\"@type\":\"ImageObject\",\"inLanguage\":\"fr-FR\",\"@id\":\"https:\/\/www.eenewseurope.com\/en\/#\/schema\/person\/image\/8046680f16f52d2ae022297dc9e36ff3\",\"url\":\"https:\/\/secure.gravatar.com\/avatar\/428720feffa09baddfe5e7cd3f84b526?s=96&d=mm&r=g\",\"contentUrl\":\"https:\/\/secure.gravatar.com\/avatar\/428720feffa09baddfe5e7cd3f84b526?s=96&d=mm&r=g\",\"caption\":\"Andre Rousselot\"}}]}<\/script>","yoast_head_json":{"title":"L'Europe \u00e0 la tra\u00eene dans un march\u00e9 des semiconducteurs qui ...","description":"L'Europe reste l'homme malade de l'industrie des semiconducteurs alors que sa croissance est relativement faible par rapport a un march\u00e9 mondial qui a...","robots":{"index":"index","follow":"follow","max-snippet":"max-snippet:-1","max-image-preview":"max-image-preview:large","max-video-preview":"max-video-preview:-1"},"canonical":"https:\/\/www.ecinews.fr\/fr\/wp-json\/wp\/v2\/posts\/37644\/","og_locale":"fr_FR","og_type":"article","og_title":"L'Europe \u00e0 la tra\u00eene dans un march\u00e9 des semiconducteurs qui d\u00e9colle","og_description":"L'Europe reste l'homme malade de l'industrie des semiconducteurs alors que sa croissance est relativement faible par rapport a un march\u00e9 mondial qui a fortement d\u00e9coll\u00e9 en janvier.","og_url":"https:\/\/www.ecinews.fr\/fr\/wp-json\/wp\/v2\/posts\/37644\/","og_site_name":"EENewsEurope","article_published_time":"2021-03-04T11:15:48+00:00","og_image":[{"width":630,"height":380,"url":"https:\/\/www.ecinews.fr\/wp-content\/uploads\/import\/default\/files\/sites\/default\/files\/images\/leftbehind630.jpg","type":"image\/jpeg"}],"author":"Andre Rousselot","twitter_card":"summary_large_image","twitter_misc":{"Written by":"Andre Rousselot","Est. reading time":"3 minutes"},"schema":{"@context":"https:\/\/schema.org","@graph":[{"@type":"Article","@id":"https:\/\/www.ecinews.fr\/fr\/leurope-a-la-traine-dans-un-marche-des-semiconducteurs-qui-decolle\/#article","isPartOf":{"@id":"https:\/\/www.ecinews.fr\/fr\/leurope-a-la-traine-dans-un-marche-des-semiconducteurs-qui-decolle\/"},"author":{"name":"Andre Rousselot","@id":"https:\/\/www.eenewseurope.com\/en\/#\/schema\/person\/9d52edb517ca8d9017312e8e246b9433"},"headline":"L&rsquo;Europe \u00e0 la tra\u00eene dans un march\u00e9 des semiconducteurs qui d\u00e9colle","datePublished":"2021-03-04T11:15:48+00:00","dateModified":"2021-03-04T11:15:48+00:00","mainEntityOfPage":{"@id":"https:\/\/www.ecinews.fr\/fr\/leurope-a-la-traine-dans-un-marche-des-semiconducteurs-qui-decolle\/"},"wordCount":581,"commentCount":0,"publisher":{"@id":"https:\/\/www.eenewseurope.com\/en\/#organization"},"keywords":["Analog","ArtificialIntelligence","Authentication &amp; Encryption","Automotive","Batteries \/ Power Supplies","Boards &amp; Embedded Cards","DataAcquisition","DevelopmentKits","DigitalSignalProcessing","Displays &amp; Interfaces","Distributors","EDA &amp; CAD tools","Electromechanical","EnergyHarvesting","FlexibleElectronics","Interconnect &amp; cables","IoT","LEDlighting","Materials &amp; processes","MedicalElectronics","Memory &amp; Data Storage","MPUs\/MCUs","Optoelectronics","PLDs\/FPGAs\/ASICs","PowerManagement","RF transmission","Sensing \/ Conditioning","Software &amp; Embedded tools","TestandMeasurement","Wearables","Wireless Communications"],"articleSection":["Actualit\u00e9s \u00e9conomiques"],"inLanguage":"fr-FR","potentialAction":[{"@type":"CommentAction","name":"Comment","target":["https:\/\/www.ecinews.fr\/fr\/leurope-a-la-traine-dans-un-marche-des-semiconducteurs-qui-decolle\/#respond"]}]},{"@type":"WebPage","@id":"https:\/\/www.ecinews.fr\/fr\/leurope-a-la-traine-dans-un-marche-des-semiconducteurs-qui-decolle\/","url":"https:\/\/www.ecinews.fr\/fr\/leurope-a-la-traine-dans-un-marche-des-semiconducteurs-qui-decolle\/","name":"L'Europe \u00e0 la tra\u00eene dans un march\u00e9 des semiconducteurs qui d\u00e9colle -","isPartOf":{"@id":"https:\/\/www.eenewseurope.com\/en\/#website"},"datePublished":"2021-03-04T11:15:48+00:00","dateModified":"2021-03-04T11:15:48+00:00","breadcrumb":{"@id":"https:\/\/www.ecinews.fr\/fr\/leurope-a-la-traine-dans-un-marche-des-semiconducteurs-qui-decolle\/#breadcrumb"},"inLanguage":"fr-FR","potentialAction":[{"@type":"ReadAction","target":["https:\/\/www.ecinews.fr\/fr\/leurope-a-la-traine-dans-un-marche-des-semiconducteurs-qui-decolle\/"]}]},{"@type":"BreadcrumbList","@id":"https:\/\/www.ecinews.fr\/fr\/leurope-a-la-traine-dans-un-marche-des-semiconducteurs-qui-decolle\/#breadcrumb","itemListElement":[{"@type":"ListItem","position":1,"name":"Home","item":"https:\/\/www.ecinews.fr\/fr\/"},{"@type":"ListItem","position":2,"name":"L&rsquo;Europe \u00e0 la tra\u00eene dans un march\u00e9 des semiconducteurs qui d\u00e9colle"}]},{"@type":"WebSite","@id":"https:\/\/www.eenewseurope.com\/en\/#website","url":"https:\/\/www.eenewseurope.com\/en\/","name":"EENewsEurope","description":"Just another WordPress site","publisher":{"@id":"https:\/\/www.eenewseurope.com\/en\/#organization"},"potentialAction":[{"@type":"SearchAction","target":{"@type":"EntryPoint","urlTemplate":"https:\/\/www.eenewseurope.com\/en\/?s={search_term_string}"},"query-input":"required name=search_term_string"}],"inLanguage":"fr-FR"},{"@type":"Organization","@id":"https:\/\/www.eenewseurope.com\/en\/#organization","name":"EENewsEurope","url":"https:\/\/www.eenewseurope.com\/en\/","logo":{"@type":"ImageObject","inLanguage":"fr-FR","@id":"https:\/\/www.eenewseurope.com\/en\/#\/schema\/logo\/image\/","url":"https:\/\/www.ecinews.fr\/wp-content\/uploads\/2022\/02\/logo-1.jpg","contentUrl":"https:\/\/www.ecinews.fr\/wp-content\/uploads\/2022\/02\/logo-1.jpg","width":283,"height":113,"caption":"EENewsEurope"},"image":{"@id":"https:\/\/www.eenewseurope.com\/en\/#\/schema\/logo\/image\/"}},{"@type":"Person","@id":"https:\/\/www.eenewseurope.com\/en\/#\/schema\/person\/9d52edb517ca8d9017312e8e246b9433","name":"Andre Rousselot","image":{"@type":"ImageObject","inLanguage":"fr-FR","@id":"https:\/\/www.eenewseurope.com\/en\/#\/schema\/person\/image\/8046680f16f52d2ae022297dc9e36ff3","url":"https:\/\/secure.gravatar.com\/avatar\/428720feffa09baddfe5e7cd3f84b526?s=96&d=mm&r=g","contentUrl":"https:\/\/secure.gravatar.com\/avatar\/428720feffa09baddfe5e7cd3f84b526?s=96&d=mm&r=g","caption":"Andre Rousselot"}}]}},"authors":[{"term_id":1144,"user_id":12,"is_guest":0,"slug":"rousselot","display_name":"Andre Rousselot","avatar_url":"https:\/\/secure.gravatar.com\/avatar\/428720feffa09baddfe5e7cd3f84b526?s=96&d=mm&r=g","0":null,"1":"","2":"","3":"","4":"","5":"","6":"","7":"","8":""}],"_links":{"self":[{"href":"https:\/\/www.ecinews.fr\/fr\/wp-json\/wp\/v2\/posts\/37644"}],"collection":[{"href":"https:\/\/www.ecinews.fr\/fr\/wp-json\/wp\/v2\/posts"}],"about":[{"href":"https:\/\/www.ecinews.fr\/fr\/wp-json\/wp\/v2\/types\/post"}],"author":[{"embeddable":true,"href":"https:\/\/www.ecinews.fr\/fr\/wp-json\/wp\/v2\/users\/12"}],"replies":[{"embeddable":true,"href":"https:\/\/www.ecinews.fr\/fr\/wp-json\/wp\/v2\/comments?post=37644"}],"version-history":[{"count":0,"href":"https:\/\/www.ecinews.fr\/fr\/wp-json\/wp\/v2\/posts\/37644\/revisions"}],"wp:featuredmedia":[{"embeddable":true,"href":"https:\/\/www.ecinews.fr\/fr\/wp-json\/wp\/v2\/media\/160584"}],"wp:attachment":[{"href":"https:\/\/www.ecinews.fr\/fr\/wp-json\/wp\/v2\/media?parent=37644"}],"wp:term":[{"taxonomy":"category","embeddable":true,"href":"https:\/\/www.ecinews.fr\/fr\/wp-json\/wp\/v2\/categories?post=37644"},{"taxonomy":"post_tag","embeddable":true,"href":"https:\/\/www.ecinews.fr\/fr\/wp-json\/wp\/v2\/tags?post=37644"},{"taxonomy":"domains","embeddable":true,"href":"https:\/\/www.ecinews.fr\/fr\/wp-json\/wp\/v2\/domains?post=37644"},{"taxonomy":"author","embeddable":true,"href":"https:\/\/www.ecinews.fr\/fr\/wp-json\/wp\/v2\/ppma_author?post=37644"}],"curies":[{"name":"wp","href":"https:\/\/api.w.org\/{rel}","templated":true}]}}