{"id":376270,"date":"2022-03-14T22:26:23","date_gmt":"2022-03-14T21:26:23","guid":{"rendered":"https:\/\/www.eenewseurope.com\/?p=376270"},"modified":"2022-03-14T22:26:23","modified_gmt":"2022-03-14T21:26:23","slug":"soitec-va-augmenter-sa-production-de-wafer-smartsic-en-france","status":"publish","type":"post","link":"https:\/\/www.ecinews.fr\/fr\/soitec-va-augmenter-sa-production-de-wafer-smartsic-en-france\/","title":{"rendered":"Soitec va augmenter sa production de wafer SmartSiC en France"},"content":{"rendered":"<p><span class=\"VIiyi\" lang=\"fr\"><span class=\"JLqJ4b\" data-language-for-alternatives=\"fr\" data-language-to-translate-into=\"en\" data-phrase-index=\"0\" data-number-of-phrases=\"1\">Soitec SA (Bernin, France) le fournisseur de wafers a annonc\u00e9 des plans pour une installation de fabrication suppl\u00e9mentaire \u00e0 son si\u00e8ge social, principalement pour fabriquer des plaquettes de carbure de silicium. L&rsquo;installation sera l\u00e0 pour r\u00e9pondre \u00e0 la demande de carbure de silicium pour les march\u00e9s des v\u00e9hicules \u00e9lectriques et industriels, avec des wafers fabriqu\u00e9s selon la m\u00e9thode de production SmartSiC. Il soutiendra \u00e9galement la production de wafers de silicium sur isolant (SOI) de 300 mm de diam\u00e8tre. <\/span><\/span><\/p>\n<p><span class=\"VIiyi\" lang=\"fr\"><span class=\"JLqJ4b\" data-language-for-alternatives=\"fr\" data-language-to-translate-into=\"en\" data-phrase-index=\"0\" data-number-of-phrases=\"1\">Soitec s&rsquo;est engag\u00e9 avec un certain nombre de fabricants de composants en carbure de silicium SiC et pr\u00e9voit de g\u00e9n\u00e9rer les premiers revenus de la production de SmartSiC au 2S23. La soci\u00e9t\u00e9 n&rsquo;a pas pr\u00e9cis\u00e9 combien elle pr\u00e9voyait de d\u00e9penser ( certains rapports parlent de 200 millions d&rsquo;Euros), quelle serait la taille de l&rsquo;installation ni quand elle entrerait en production.<\/span><\/span><\/p>\n<p><span class=\"VIiyi\" lang=\"fr\"><span class=\"JLqJ4b\" data-language-for-alternatives=\"fr\" data-language-to-translate-into=\"en\" data-phrase-index=\"0\" data-number-of-phrases=\"1\">\u00ab\u00a0Nous pr\u00e9voyons que d&rsquo;ici 2030, environ 40 % de toutes les voitures neuves seront \u00e9lectriques. Notre solution SmartSiC totalement unique, hautement performante, durable et comp\u00e9titive r\u00e9pond aux d\u00e9fis industriels, contribue \u00e0 optimiser l&rsquo;efficacit\u00e9 \u00e9nerg\u00e9tique et acc\u00e9l\u00e9rera l&rsquo;adoption des v\u00e9hicules \u00e9lectriques, \u00a0\u00bb a d\u00e9clar\u00e9 Paul Boudre, PDG sortant de Soitec. \u00ab Cet investissement est une \u00e9tape majeure pour nous car SmartSiC\u2122 est appel\u00e9 \u00e0 \u00eatre un autre moteur de croissance pour Soitec et un moteur de la transformation des march\u00e9s automobile et industriel \u00bb, a-t-il ajout\u00e9.<\/span><\/span><\/p>\n<p><strong>Autres articles et liens: <\/strong><\/p>\n<p><a href=\"http:\/\/www.soitec.com\">www.soitec.com<\/a><\/p>\n<p><strong>Articles: <\/strong><\/p>\n<p class=\"title\"><a href=\"https:\/\/www.ecinews.fr\/fr\/grenoble-inp-phelma-uga-et-soitec-signent-leur-1er-partenariat\/\" target=\"_blank\" rel=\"noopener\">Grenoble INP- Phelma, UGA et Soitec signent leur 1er partenariat<\/a><\/p>\n<p class=\"title\"><a href=\"https:\/\/www.ecinews.fr\/fr\/soitec-et-applied-materials-co-developpent-des-substrats-en-carbure-de-silicium\/\" target=\"_blank\" rel=\"noopener\">Soitec et Applied Materials co-d\u00e9veloppent des substrats en carbure de silicium<\/a><\/p>\n<p><a href=\"https:\/\/www.eenewsanalog.com\/en\/soitec-singapore-to-pilot-smartsic-manufacturing\/\">Soitec, Singapore to pilot SmartSiC manufacturing<\/a><\/p>\n<p><a href=\"https:\/\/www.eenewsanalog.com\/news\/infineon-cold-split-sic-ready-production\">Infineon \u2018cold-split\u2019 SiC ready for production<\/a><\/p>\n<p><a href=\"https:\/\/www.eenewsanalog.com\/news\/package-boost-source-down-power-mosfets\">Package boost for Source-Down power MOSFETs<\/a><\/p>\n<p><a href=\"https:\/\/www.eenewsanalog.com\/news\/project-improve-silicon-carbide-wafer-substrates\">Project to improve silicon carbide wafer substrates<\/a><\/p>\n<p><a href=\"https:\/\/www.eenewsanalog.com\/news\/twinning-rather-thinning-yields-100um-thin-wafers-minutes\">Twinning rather than thinning: yields 100\u00b5m-thin wafers in minutes <\/a><\/p>\n<p><a href=\"https:\/\/www.eenewsanalog.com\/news\/bosch-leads-project-create-independent-sic-supply-chain-europe\">Bosch leads project to create an independent SiC supply chain for Europe<\/a><\/p>\n<p><a href=\"https:\/\/www.eenewsanalog.com\/news\/epigan-becomes-soitec-belgium\">EpiGaN becomes Soitec Belgium<\/a><\/p>\n","protected":false},"excerpt":{"rendered":"<p>Soitec SA (Bernin, France) le fournisseur de wafers a annonc\u00e9 des plans pour une installation de fabrication suppl\u00e9mentaire \u00e0 son si\u00e8ge social, principalement pour fabriquer des plaquettes de carbure de silicium.<\/p>\n","protected":false},"author":34,"featured_media":376119,"comment_status":"closed","ping_status":"closed","sticky":true,"template":"","format":"standard","meta":{"_acf_changed":false,"footnotes":""},"categories":[880],"tags":[913,890],"domains":[47],"ppma_author":[1153],"class_list":["post-376270","post","type-post","status-publish","format-standard","has-post-thumbnail","hentry","category-actualites-economiques","tag-materials-processes-fr","tag-powermanagement-fr","domains-electronique-eci"],"acf":[],"yoast_head":"<title>Soitec va augmenter sa production de wafer SmartSiC en France ...<\/title>\n<meta name=\"description\" content=\"Soitec annonce une installation de fabrication suppl\u00e9mentaire \u00e0 son si\u00e8ge social, principalement pour fabriquer des wafers SiC.\" \/>\n<meta name=\"robots\" content=\"index, follow, max-snippet:-1, max-image-preview:large, max-video-preview:-1\" \/>\n<link rel=\"canonical\" href=\"https:\/\/www.ecinews.fr\/fr\/wp-json\/wp\/v2\/posts\/376270\/\" \/>\n<meta property=\"og:locale\" content=\"fr_FR\" \/>\n<meta property=\"og:type\" content=\"article\" \/>\n<meta property=\"og:title\" content=\"Soitec va augmenter sa production de wafer SmartSiC en France\" \/>\n<meta property=\"og:description\" content=\"Soitec annonce une installation de fabrication suppl\u00e9mentaire \u00e0 son si\u00e8ge social, principalement pour fabriquer des wafers SiC.\" \/>\n<meta property=\"og:url\" content=\"https:\/\/www.ecinews.fr\/fr\/wp-json\/wp\/v2\/posts\/376270\/\" \/>\n<meta property=\"og:site_name\" content=\"EENewsEurope\" \/>\n<meta property=\"article:published_time\" content=\"2022-03-14T21:26:23+00:00\" \/>\n<meta property=\"og:image\" content=\"https:\/\/www.ecinews.fr\/wp-content\/uploads\/2022\/03\/Screenshot-2022-03-14-at-10.34.49.png\" \/>\n\t<meta property=\"og:image:width\" content=\"816\" \/>\n\t<meta property=\"og:image:height\" content=\"518\" \/>\n\t<meta property=\"og:image:type\" content=\"image\/png\" \/>\n<meta name=\"author\" content=\"A Delapalisse\" \/>\n<meta name=\"twitter:card\" content=\"summary_large_image\" \/>\n<meta name=\"twitter:label1\" content=\"Written by\" \/>\n\t<meta name=\"twitter:data1\" content=\"A Delapalisse\" \/>\n\t<meta name=\"twitter:label2\" content=\"Est. reading time\" \/>\n\t<meta name=\"twitter:data2\" content=\"2 minutes\" \/>\n<script type=\"application\/ld+json\" class=\"yoast-schema-graph\">{\"@context\":\"https:\/\/schema.org\",\"@graph\":[{\"@type\":\"Article\",\"@id\":\"https:\/\/www.ecinews.fr\/fr\/soitec-va-augmenter-sa-production-de-wafer-smartsic-en-france\/#article\",\"isPartOf\":{\"@id\":\"https:\/\/www.ecinews.fr\/fr\/soitec-va-augmenter-sa-production-de-wafer-smartsic-en-france\/\"},\"author\":{\"name\":\"A Delapalisse\",\"@id\":\"https:\/\/www.eenewseurope.com\/en\/#\/schema\/person\/0aa2cfb0bd8949724a68cbac8d8321b4\"},\"headline\":\"Soitec va augmenter sa production de wafer SmartSiC en France\",\"datePublished\":\"2022-03-14T21:26:23+00:00\",\"dateModified\":\"2022-03-14T21:26:23+00:00\",\"mainEntityOfPage\":{\"@id\":\"https:\/\/www.ecinews.fr\/fr\/soitec-va-augmenter-sa-production-de-wafer-smartsic-en-france\/\"},\"wordCount\":333,\"publisher\":{\"@id\":\"https:\/\/www.eenewseurope.com\/en\/#organization\"},\"keywords\":[\"Materials &amp; processes\",\"PowerManagement\"],\"articleSection\":[\"Actualit\u00e9s \u00e9conomiques\"],\"inLanguage\":\"fr-FR\"},{\"@type\":\"WebPage\",\"@id\":\"https:\/\/www.ecinews.fr\/fr\/soitec-va-augmenter-sa-production-de-wafer-smartsic-en-france\/\",\"url\":\"https:\/\/www.ecinews.fr\/fr\/soitec-va-augmenter-sa-production-de-wafer-smartsic-en-france\/\",\"name\":\"Soitec va augmenter sa production de wafer SmartSiC en France\",\"isPartOf\":{\"@id\":\"https:\/\/www.eenewseurope.com\/en\/#website\"},\"datePublished\":\"2022-03-14T21:26:23+00:00\",\"dateModified\":\"2022-03-14T21:26:23+00:00\",\"description\":\"Soitec annonce une installation de fabrication suppl\u00e9mentaire \u00e0 son si\u00e8ge social, principalement pour fabriquer des wafers SiC.\",\"breadcrumb\":{\"@id\":\"https:\/\/www.ecinews.fr\/fr\/soitec-va-augmenter-sa-production-de-wafer-smartsic-en-france\/#breadcrumb\"},\"inLanguage\":\"fr-FR\",\"potentialAction\":[{\"@type\":\"ReadAction\",\"target\":[\"https:\/\/www.ecinews.fr\/fr\/soitec-va-augmenter-sa-production-de-wafer-smartsic-en-france\/\"]}]},{\"@type\":\"BreadcrumbList\",\"@id\":\"https:\/\/www.ecinews.fr\/fr\/soitec-va-augmenter-sa-production-de-wafer-smartsic-en-france\/#breadcrumb\",\"itemListElement\":[{\"@type\":\"ListItem\",\"position\":1,\"name\":\"Home\",\"item\":\"https:\/\/www.ecinews.fr\/fr\/\"},{\"@type\":\"ListItem\",\"position\":2,\"name\":\"Soitec va augmenter sa production de wafer SmartSiC en France\"}]},{\"@type\":\"WebSite\",\"@id\":\"https:\/\/www.eenewseurope.com\/en\/#website\",\"url\":\"https:\/\/www.eenewseurope.com\/en\/\",\"name\":\"EENewsEurope\",\"description\":\"Just another WordPress site\",\"publisher\":{\"@id\":\"https:\/\/www.eenewseurope.com\/en\/#organization\"},\"potentialAction\":[{\"@type\":\"SearchAction\",\"target\":{\"@type\":\"EntryPoint\",\"urlTemplate\":\"https:\/\/www.eenewseurope.com\/en\/?s={search_term_string}\"},\"query-input\":\"required name=search_term_string\"}],\"inLanguage\":\"fr-FR\"},{\"@type\":\"Organization\",\"@id\":\"https:\/\/www.eenewseurope.com\/en\/#organization\",\"name\":\"EENewsEurope\",\"url\":\"https:\/\/www.eenewseurope.com\/en\/\",\"logo\":{\"@type\":\"ImageObject\",\"inLanguage\":\"fr-FR\",\"@id\":\"https:\/\/www.eenewseurope.com\/en\/#\/schema\/logo\/image\/\",\"url\":\"https:\/\/www.ecinews.fr\/wp-content\/uploads\/2022\/02\/logo-1.jpg\",\"contentUrl\":\"https:\/\/www.ecinews.fr\/wp-content\/uploads\/2022\/02\/logo-1.jpg\",\"width\":283,\"height\":113,\"caption\":\"EENewsEurope\"},\"image\":{\"@id\":\"https:\/\/www.eenewseurope.com\/en\/#\/schema\/logo\/image\/\"}},{\"@type\":\"Person\",\"@id\":\"https:\/\/www.eenewseurope.com\/en\/#\/schema\/person\/0aa2cfb0bd8949724a68cbac8d8321b4\",\"name\":\"A Delapalisse\",\"image\":{\"@type\":\"ImageObject\",\"inLanguage\":\"fr-FR\",\"@id\":\"https:\/\/www.eenewseurope.com\/en\/#\/schema\/person\/image\/211ac42237c2e9683c0964086c393cb4\",\"url\":\"https:\/\/secure.gravatar.com\/avatar\/ad45a8c5da24bc9c7c4940dd1c48a695?s=96&d=mm&r=g\",\"contentUrl\":\"https:\/\/secure.gravatar.com\/avatar\/ad45a8c5da24bc9c7c4940dd1c48a695?s=96&d=mm&r=g\",\"caption\":\"A Delapalisse\"},\"sameAs\":[\"http:\/\/ECI\"]}]}<\/script>","yoast_head_json":{"title":"Soitec va augmenter sa production de wafer SmartSiC en France ...","description":"Soitec annonce une installation de fabrication suppl\u00e9mentaire \u00e0 son si\u00e8ge social, principalement pour fabriquer des wafers SiC.","robots":{"index":"index","follow":"follow","max-snippet":"max-snippet:-1","max-image-preview":"max-image-preview:large","max-video-preview":"max-video-preview:-1"},"canonical":"https:\/\/www.ecinews.fr\/fr\/wp-json\/wp\/v2\/posts\/376270\/","og_locale":"fr_FR","og_type":"article","og_title":"Soitec va augmenter sa production de wafer SmartSiC en France","og_description":"Soitec annonce une installation de fabrication suppl\u00e9mentaire \u00e0 son si\u00e8ge social, principalement pour fabriquer des wafers SiC.","og_url":"https:\/\/www.ecinews.fr\/fr\/wp-json\/wp\/v2\/posts\/376270\/","og_site_name":"EENewsEurope","article_published_time":"2022-03-14T21:26:23+00:00","og_image":[{"width":816,"height":518,"url":"https:\/\/www.ecinews.fr\/wp-content\/uploads\/2022\/03\/Screenshot-2022-03-14-at-10.34.49.png","type":"image\/png"}],"author":"A Delapalisse","twitter_card":"summary_large_image","twitter_misc":{"Written by":"A Delapalisse","Est. reading time":"2 minutes"},"schema":{"@context":"https:\/\/schema.org","@graph":[{"@type":"Article","@id":"https:\/\/www.ecinews.fr\/fr\/soitec-va-augmenter-sa-production-de-wafer-smartsic-en-france\/#article","isPartOf":{"@id":"https:\/\/www.ecinews.fr\/fr\/soitec-va-augmenter-sa-production-de-wafer-smartsic-en-france\/"},"author":{"name":"A Delapalisse","@id":"https:\/\/www.eenewseurope.com\/en\/#\/schema\/person\/0aa2cfb0bd8949724a68cbac8d8321b4"},"headline":"Soitec va augmenter sa production de wafer SmartSiC en France","datePublished":"2022-03-14T21:26:23+00:00","dateModified":"2022-03-14T21:26:23+00:00","mainEntityOfPage":{"@id":"https:\/\/www.ecinews.fr\/fr\/soitec-va-augmenter-sa-production-de-wafer-smartsic-en-france\/"},"wordCount":333,"publisher":{"@id":"https:\/\/www.eenewseurope.com\/en\/#organization"},"keywords":["Materials &amp; processes","PowerManagement"],"articleSection":["Actualit\u00e9s \u00e9conomiques"],"inLanguage":"fr-FR"},{"@type":"WebPage","@id":"https:\/\/www.ecinews.fr\/fr\/soitec-va-augmenter-sa-production-de-wafer-smartsic-en-france\/","url":"https:\/\/www.ecinews.fr\/fr\/soitec-va-augmenter-sa-production-de-wafer-smartsic-en-france\/","name":"Soitec va augmenter sa production de wafer SmartSiC en France","isPartOf":{"@id":"https:\/\/www.eenewseurope.com\/en\/#website"},"datePublished":"2022-03-14T21:26:23+00:00","dateModified":"2022-03-14T21:26:23+00:00","description":"Soitec annonce une installation de fabrication suppl\u00e9mentaire \u00e0 son si\u00e8ge social, principalement pour fabriquer des wafers SiC.","breadcrumb":{"@id":"https:\/\/www.ecinews.fr\/fr\/soitec-va-augmenter-sa-production-de-wafer-smartsic-en-france\/#breadcrumb"},"inLanguage":"fr-FR","potentialAction":[{"@type":"ReadAction","target":["https:\/\/www.ecinews.fr\/fr\/soitec-va-augmenter-sa-production-de-wafer-smartsic-en-france\/"]}]},{"@type":"BreadcrumbList","@id":"https:\/\/www.ecinews.fr\/fr\/soitec-va-augmenter-sa-production-de-wafer-smartsic-en-france\/#breadcrumb","itemListElement":[{"@type":"ListItem","position":1,"name":"Home","item":"https:\/\/www.ecinews.fr\/fr\/"},{"@type":"ListItem","position":2,"name":"Soitec va augmenter sa production de wafer SmartSiC en France"}]},{"@type":"WebSite","@id":"https:\/\/www.eenewseurope.com\/en\/#website","url":"https:\/\/www.eenewseurope.com\/en\/","name":"EENewsEurope","description":"Just another WordPress site","publisher":{"@id":"https:\/\/www.eenewseurope.com\/en\/#organization"},"potentialAction":[{"@type":"SearchAction","target":{"@type":"EntryPoint","urlTemplate":"https:\/\/www.eenewseurope.com\/en\/?s={search_term_string}"},"query-input":"required name=search_term_string"}],"inLanguage":"fr-FR"},{"@type":"Organization","@id":"https:\/\/www.eenewseurope.com\/en\/#organization","name":"EENewsEurope","url":"https:\/\/www.eenewseurope.com\/en\/","logo":{"@type":"ImageObject","inLanguage":"fr-FR","@id":"https:\/\/www.eenewseurope.com\/en\/#\/schema\/logo\/image\/","url":"https:\/\/www.ecinews.fr\/wp-content\/uploads\/2022\/02\/logo-1.jpg","contentUrl":"https:\/\/www.ecinews.fr\/wp-content\/uploads\/2022\/02\/logo-1.jpg","width":283,"height":113,"caption":"EENewsEurope"},"image":{"@id":"https:\/\/www.eenewseurope.com\/en\/#\/schema\/logo\/image\/"}},{"@type":"Person","@id":"https:\/\/www.eenewseurope.com\/en\/#\/schema\/person\/0aa2cfb0bd8949724a68cbac8d8321b4","name":"A Delapalisse","image":{"@type":"ImageObject","inLanguage":"fr-FR","@id":"https:\/\/www.eenewseurope.com\/en\/#\/schema\/person\/image\/211ac42237c2e9683c0964086c393cb4","url":"https:\/\/secure.gravatar.com\/avatar\/ad45a8c5da24bc9c7c4940dd1c48a695?s=96&d=mm&r=g","contentUrl":"https:\/\/secure.gravatar.com\/avatar\/ad45a8c5da24bc9c7c4940dd1c48a695?s=96&d=mm&r=g","caption":"A Delapalisse"},"sameAs":["http:\/\/ECI"]}]}},"authors":[{"term_id":1153,"user_id":34,"is_guest":0,"slug":"adelapalisse","display_name":"A Delapalisse","avatar_url":"https:\/\/secure.gravatar.com\/avatar\/ad45a8c5da24bc9c7c4940dd1c48a695?s=96&d=mm&r=g","0":null,"1":"","2":"","3":"","4":"","5":"","6":"","7":"","8":""}],"_links":{"self":[{"href":"https:\/\/www.ecinews.fr\/fr\/wp-json\/wp\/v2\/posts\/376270"}],"collection":[{"href":"https:\/\/www.ecinews.fr\/fr\/wp-json\/wp\/v2\/posts"}],"about":[{"href":"https:\/\/www.ecinews.fr\/fr\/wp-json\/wp\/v2\/types\/post"}],"author":[{"embeddable":true,"href":"https:\/\/www.ecinews.fr\/fr\/wp-json\/wp\/v2\/users\/34"}],"replies":[{"embeddable":true,"href":"https:\/\/www.ecinews.fr\/fr\/wp-json\/wp\/v2\/comments?post=376270"}],"version-history":[{"count":0,"href":"https:\/\/www.ecinews.fr\/fr\/wp-json\/wp\/v2\/posts\/376270\/revisions"}],"wp:featuredmedia":[{"embeddable":true,"href":"https:\/\/www.ecinews.fr\/fr\/wp-json\/wp\/v2\/media\/376119"}],"wp:attachment":[{"href":"https:\/\/www.ecinews.fr\/fr\/wp-json\/wp\/v2\/media?parent=376270"}],"wp:term":[{"taxonomy":"category","embeddable":true,"href":"https:\/\/www.ecinews.fr\/fr\/wp-json\/wp\/v2\/categories?post=376270"},{"taxonomy":"post_tag","embeddable":true,"href":"https:\/\/www.ecinews.fr\/fr\/wp-json\/wp\/v2\/tags?post=376270"},{"taxonomy":"domains","embeddable":true,"href":"https:\/\/www.ecinews.fr\/fr\/wp-json\/wp\/v2\/domains?post=376270"},{"taxonomy":"author","embeddable":true,"href":"https:\/\/www.ecinews.fr\/fr\/wp-json\/wp\/v2\/ppma_author?post=376270"}],"curies":[{"name":"wp","href":"https:\/\/api.w.org\/{rel}","templated":true}]}}