{"id":3643,"date":"2021-09-16T19:22:19","date_gmt":"2021-09-16T19:22:19","guid":{"rendered":"https:\/\/\/apple-lance-liphone-13-edge-avec-1-to-de-memoire\/"},"modified":"2021-09-16T19:22:19","modified_gmt":"2021-09-16T19:22:19","slug":"apple-lance-liphone-13-edge-avec-1-to-de-memoire","status":"publish","type":"post","link":"https:\/\/www.ecinews.fr\/fr\/apple-lance-liphone-13-edge-avec-1-to-de-memoire\/","title":{"rendered":"Apple lance l&rsquo;iPhone 13 edge avec 1 To de m\u00e9moire"},"content":{"rendered":"<p>L&rsquo;un des \u00e9l\u00e9ments les plus int\u00e9ressants du lancement de l&rsquo;Apple iPhone 13 Pro a \u00e9t\u00e9 d&rsquo;atteindre le niveau psychologique de 1 To de stockage. Une aubaine pour le fournisseur Kioxia qui a fourni la m\u00e9moire&nbsp;flash moroy pour la g\u00e9n\u00e9ration pr\u00e9c\u00e9dente.&nbsp;La grande quantit\u00e9 de stockage est conforme aux am\u00e9liorations con\u00e7ues pour plaire aux cin\u00e9astes de toutes sortes, mais c&rsquo;est la performance plus \u00e9lev\u00e9e des capteurs de l&rsquo;appareil photo et le traitement des donn\u00e9es edge qui est l&rsquo;\u00e9l\u00e9ment cl\u00e9 plus que&nbsp;la capacit\u00e9 cellulaire 5G de Qualcomm.<\/p>\n<p>Les capteurs de l&rsquo;appareil photo avec des pixels de 1,9 um laissent entrer plus de lumi\u00e8re et ajoutent des modes Ultra Wide, Wide et Telephoto. Le mode cin\u00e9matique enregistre des vid\u00e9os avec des changements de mise au point automatiques pour capturer des moments de style cin\u00e9ma et permet de modifier la mise au point pendant et apr\u00e8s la capture, l&rsquo;un des principaux avantages des technologies de capture de champ lumineux complexes \u00ab\u00a0mope\u00a0\u00bb.<\/p>\n<p>La cl\u00e9 de ceci est la puce A15 Bionic, fabriqu\u00e9e sur le process&nbsp;N5 5 nm de TSMC, avec cinq c\u0153urs GPU et un processeur Neural Engine d&rsquo;apprentissage automatique plus rapide avec 16 c\u0153urs capables de 15,8 TOPS. Le processeur \u00e0 6 c\u0153urs poss\u00e8de deux nouveaux c\u0153urs hautes performances et quatre nouveaux c\u0153urs haute efficacit\u00e9 pour le contr\u00f4le du syst\u00e8me.<\/p>\n<p>&nbsp;<\/p>\n<p><strong>Articles li\u00e9s<\/strong><\/p>\n<ul>\n<li><a href=\"https:\/\/www.ecinews.fr\/news\/apple-14-fournisseurs-europeens-dont-st-et-infineon-en-2020\">Apple a 14 fournisseurs europ\u00e9ens dont ST et Infineon en 2020<\/a><\/li>\n<li><a href=\"https:\/\/www.ecinews.fr\/news\/tsmc-augmente-ses-prix-repercussions-sur-mobiles-et-pcs\">TSMC augmente ses prix, r\u00e9percussions sur mobiles et PCs<\/a><\/li>\n<li><a href=\"https:\/\/www.ecinews.fr\/news\/stmicro-voit-ses-resultats-dopes-par-liphone-12\">STMicro voit ses r\u00e9sultats dop\u00e9s par l&rsquo;iPhone 12<\/a><\/li>\n<li><a href=\"https:\/\/www.eenewseurope.com\/news\/apple-and-intel-get-first-3nm-chips-tsmc-0\" target=\"blank\" rel=\"noopener\">Apple and Intel to get first 3nm chips from TSMC<\/a><\/li>\n<\/ul>\n<p>Ceux-ci g\u00e8rent le r\u00e9glage de la mise au point et les nouvelles fonctionnalit\u00e9s de photographie informatique telles que les styles photographiques pour personnaliser l&rsquo;apparence des images ainsi que le mode nuit \u00e0 faible luminosit\u00e9 et la stabilisation optique de l&rsquo;image (OIS) par d\u00e9placement du capteur qui stabilise le capteur au lieu de l&rsquo;objectif.<\/p>\n<p>Les deux mod\u00e8les ont \u00e9galement des flux de travail professionnels de bout en bout en Dolby Vision HDR, et pour la premi\u00e8re fois, ProRes, un codec vid\u00e9o avanc\u00e9 largement utilis\u00e9 comme format de livraison final pour les publicit\u00e9s, les longs m\u00e9trages et les \u00e9missions de TV, pour offrir une plus grande fid\u00e9lit\u00e9 des couleurs et moins de compression sans avoir \u00e0 t\u00e9l\u00e9charger sur le cloud, m\u00eame via la 5G. Cette capacit\u00e9 edge&nbsp;est activ\u00e9e par les encodeurs et d\u00e9codeurs vid\u00e9o dans A15 Bionic et le pipeline de stockage flash.<\/p>\n<p>\u00ab&nbsp;L&rsquo;iPhone 13 Pro et l&rsquo;iPhone 13 Pro Max constituent notre gamme d&rsquo;iPhone la plus pro jamais lanc\u00e9e avec la plus grande avanc\u00e9e pour notre syst\u00e8me d&rsquo;appareil photo, la meilleure autonomie de batterie jamais vue sur un iPhone et les performances les plus rapides de tous les smartphones, \u00e9tablissant une nouvelle norme pour iPhone et permettant des exp\u00e9riences incroyables jamais possibles auparavant \u00bb, a d\u00e9clar\u00e9 Greg Joswiak, vice-pr\u00e9sident senior du marketing mondial d&rsquo;Apple. \u00ab Le nouveau syst\u00e8me de cam\u00e9ra pro offre encore plus de capacit\u00e9s de photographie professionnelle comme le zoom t\u00e9l\u00e9objectif am\u00e9lior\u00e9, la macrophotographie, les styles photographiques, le mode cin\u00e9matique, ainsi que la vid\u00e9o ProRes et Dolby Vision. L&rsquo;\u00e9cran Super Retina XDR avec ProMotion est notre meilleur \u00e9cran jamais con\u00e7u ; il r\u00e9pond intelligemment au contenu de votre \u00e9cran, offre des performances graphiques fantastiques et est parfait pour toute exp\u00e9rience de visionnage.<\/p>\n<p>Apple cherche \u00e0 minimiser l&rsquo;impact sur l&rsquo;environnement, notamment en utilisant des \u00ab\u00a0terres rares\u00a0\u00bb recycl\u00e9es \u00e0 100 % dans les aimants de MagSafe, de l&rsquo;\u00e9tain recycl\u00e9 \u00e0 100 % dans la soudure de la carte logique principale et, pour la premi\u00e8re fois, dans la soudure de l&rsquo;unit\u00e9 de gestion de batterie. Les deux mod\u00e8les introduisent \u00e9galement de l&rsquo;or recycl\u00e9 \u00e0 100 % sur le placage de la carte logique principale et le fil de la cam\u00e9ra avant et des cam\u00e9ras arri\u00e8re.<\/p>\n<p>&nbsp;<\/p>\n<p><a href=\"https:\/\/www.apple.com\/uk\/store\" target=\"blank\" rel=\"noopener\">apple.com\/uk\/store<\/a><\/p>\n<p><strong>Other articles on eeNews Europe<\/strong><\/p>\n<ul>\n<li><a href=\"https:\/\/www.eenewseurope.com\/news\/dutch-chip-startup-axelera-ai-raises-12m\" target=\"blank\" rel=\"noopener\">Dutch edge chip startup Axelera AI raises $12m<\/a><\/li>\n<li><a href=\"https:\/\/www.eenewseurope.com\/news\/worlds-first-trial-quantum-security-over-hollow-core-fibre-cable\" target=\"blank\" rel=\"noopener\">World&rsquo;s first trial of quantum security over hollow core fibre cable<\/a><\/li>\n<li><a href=\"https:\/\/www.eenewseurope.com\/news\/aiot-filter-library-microcontroller-agnostic\" target=\"blank\" rel=\"noopener\">AIoT filter library is microcontroller agnostic<\/a><\/li>\n<li><a href=\"https:\/\/www.eenewseurope.com\/news\/deal-creates-largest-european-foundry-capacity-integrated-photonic-circuits\" target=\"blank\" rel=\"noopener\">Deal creates largest European foundry capacity for integrated photonic circuits<\/a><\/li>\n<li><a href=\"https:\/\/www.eenewseurope.com\/news\/cea-leti-sustainable-electronics\" target=\"blank\" rel=\"noopener\">Leti combines nine research tracks for sustainable electronics<\/a><\/li>\n<li><a href=\"https:\/\/www.eenewseurope.com\/news\/machine-learning-boost-complex-chip-and-package-reliability-analysis\" target=\"blank\" rel=\"noopener\">Machine learning boost for complex chip and package reliability analysis<\/a><\/li>\n<li><a href=\"https:\/\/www.eenewseurope.com\/news\/return-smartphone-manufacturing-germany\" target=\"blank\" rel=\"noopener\">Return of smartphone manufacturing in Germany<\/a><\/li>\n<li><a href=\"https:\/\/www.eenewseurope.com\/news\/galway-line-intel-megafab\" target=\"blank\" rel=\"noopener\">Galway in line for Intel megafab<\/a><\/li>\n<\/ul>\n<hr \/>\n<p>&nbsp;<\/p>\n","protected":false},"excerpt":{"rendered":"<p>La capacit\u00e9 la plus \u00e9lev\u00e9e pour l&rsquo;iPhone 13 Pro d&rsquo;Apple d\u00e9passe 1 To avec des formats professionnels pour les cin\u00e9astes de toutes sortes, bas\u00e9 sur la puce 5 nm A15 Bionic 12 core <\/p>\n","protected":false},"author":7,"featured_media":3644,"comment_status":"open","ping_status":"closed","sticky":false,"template":"","format":"standard","meta":{"_acf_changed":false,"footnotes":""},"categories":[883],"tags":[905,906,907,910,917],"domains":[47],"ppma_author":[1139],"class_list":["post-3643","post","type-post","status-publish","format-standard","has-post-thumbnail","hentry","category-technologies","tag-memory-data-storage-fr","tag-mpus-mcus-fr","tag-optoelectronics-fr","tag-sensing-conditioning-fr","tag-software-embedded-tools-fr","domains-electronique-eci"],"acf":[],"yoast_head":"<title>Apple lance l&#039;iPhone 13 edge avec 1 To de m\u00e9moire ...<\/title>\n<meta name=\"description\" content=\"La capacit\u00e9 la plus \u00e9lev\u00e9e pour l&#039;iPhone 13 Pro d&#039;Apple d\u00e9passe 1 To avec des formats professionnels pour les cin\u00e9astes de toutes sortes, bas\u00e9 sur la...\" \/>\n<meta name=\"robots\" content=\"index, follow, max-snippet:-1, max-image-preview:large, max-video-preview:-1\" \/>\n<link rel=\"canonical\" href=\"https:\/\/www.ecinews.fr\/fr\/wp-json\/wp\/v2\/posts\/3643\/\" \/>\n<meta property=\"og:locale\" content=\"fr_FR\" \/>\n<meta property=\"og:type\" content=\"article\" \/>\n<meta property=\"og:title\" content=\"Apple lance l&#039;iPhone 13 edge avec 1 To de m\u00e9moire\" \/>\n<meta property=\"og:description\" content=\"La capacit\u00e9 la plus \u00e9lev\u00e9e pour l&#039;iPhone 13 Pro d&#039;Apple d\u00e9passe 1 To avec des formats professionnels pour les cin\u00e9astes de toutes sortes, bas\u00e9 sur la puce 5 nm A15 Bionic 12 core\" \/>\n<meta property=\"og:url\" content=\"https:\/\/www.ecinews.fr\/fr\/wp-json\/wp\/v2\/posts\/3643\/\" \/>\n<meta property=\"og:site_name\" content=\"EENewsEurope\" \/>\n<meta property=\"article:published_time\" content=\"2021-09-16T19:22:19+00:00\" \/>\n<meta property=\"og:image\" content=\"https:\/\/www.ecinews.fr\/wp-content\/uploads\/import\/default\/files\/sites\/default\/files\/images\/apple_iphone-13-pro_iphone-13-pro-max.jpg\" \/>\n\t<meta property=\"og:image:width\" content=\"1024\" \/>\n\t<meta property=\"og:image:height\" content=\"624\" \/>\n\t<meta property=\"og:image:type\" content=\"image\/jpeg\" \/>\n<meta name=\"author\" content=\"Wisse Hettinga\" \/>\n<meta name=\"twitter:card\" content=\"summary_large_image\" \/>\n<meta name=\"twitter:label1\" content=\"Written by\" \/>\n\t<meta name=\"twitter:data1\" content=\"Wisse Hettinga\" \/>\n\t<meta name=\"twitter:label2\" content=\"Est. reading time\" \/>\n\t<meta name=\"twitter:data2\" content=\"4 minutes\" \/>\n<script type=\"application\/ld+json\" class=\"yoast-schema-graph\">{\"@context\":\"https:\/\/schema.org\",\"@graph\":[{\"@type\":\"Article\",\"@id\":\"https:\/\/www.ecinews.fr\/fr\/apple-lance-liphone-13-edge-avec-1-to-de-memoire\/#article\",\"isPartOf\":{\"@id\":\"https:\/\/www.ecinews.fr\/fr\/apple-lance-liphone-13-edge-avec-1-to-de-memoire\/\"},\"author\":{\"name\":\"Wisse Hettinga\",\"@id\":\"https:\/\/www.ecinews.fr\/fr\/#\/schema\/person\/c6b626c6c65f5e1e7794ce2d17b2ca82\"},\"headline\":\"Apple lance l&rsquo;iPhone 13 edge avec 1 To de m\u00e9moire\",\"datePublished\":\"2021-09-16T19:22:19+00:00\",\"dateModified\":\"2021-09-16T19:22:19+00:00\",\"mainEntityOfPage\":{\"@id\":\"https:\/\/www.ecinews.fr\/fr\/apple-lance-liphone-13-edge-avec-1-to-de-memoire\/\"},\"wordCount\":784,\"commentCount\":0,\"publisher\":{\"@id\":\"https:\/\/www.ecinews.fr\/fr\/#organization\"},\"keywords\":[\"Memory &amp; Data Storage\",\"MPUs\/MCUs\",\"Optoelectronics\",\"Sensing \/ Conditioning\",\"Software &amp; Embedded tools\"],\"articleSection\":[\"Technologies\"],\"inLanguage\":\"fr-FR\",\"potentialAction\":[{\"@type\":\"CommentAction\",\"name\":\"Comment\",\"target\":[\"https:\/\/www.ecinews.fr\/fr\/apple-lance-liphone-13-edge-avec-1-to-de-memoire\/#respond\"]}]},{\"@type\":\"WebPage\",\"@id\":\"https:\/\/www.ecinews.fr\/fr\/apple-lance-liphone-13-edge-avec-1-to-de-memoire\/\",\"url\":\"https:\/\/www.ecinews.fr\/fr\/apple-lance-liphone-13-edge-avec-1-to-de-memoire\/\",\"name\":\"Apple lance l'iPhone 13 edge avec 1 To de m\u00e9moire -\",\"isPartOf\":{\"@id\":\"https:\/\/www.ecinews.fr\/fr\/#website\"},\"datePublished\":\"2021-09-16T19:22:19+00:00\",\"dateModified\":\"2021-09-16T19:22:19+00:00\",\"breadcrumb\":{\"@id\":\"https:\/\/www.ecinews.fr\/fr\/apple-lance-liphone-13-edge-avec-1-to-de-memoire\/#breadcrumb\"},\"inLanguage\":\"fr-FR\",\"potentialAction\":[{\"@type\":\"ReadAction\",\"target\":[\"https:\/\/www.ecinews.fr\/fr\/apple-lance-liphone-13-edge-avec-1-to-de-memoire\/\"]}]},{\"@type\":\"BreadcrumbList\",\"@id\":\"https:\/\/www.ecinews.fr\/fr\/apple-lance-liphone-13-edge-avec-1-to-de-memoire\/#breadcrumb\",\"itemListElement\":[{\"@type\":\"ListItem\",\"position\":1,\"name\":\"Home\",\"item\":\"https:\/\/www.ecinews.fr\/fr\/\"},{\"@type\":\"ListItem\",\"position\":2,\"name\":\"Apple lance l&rsquo;iPhone 13 edge avec 1 To de m\u00e9moire\"}]},{\"@type\":\"WebSite\",\"@id\":\"https:\/\/www.ecinews.fr\/fr\/#website\",\"url\":\"https:\/\/www.ecinews.fr\/fr\/\",\"name\":\"EENewsEurope\",\"description\":\"Just another WordPress site\",\"publisher\":{\"@id\":\"https:\/\/www.ecinews.fr\/fr\/#organization\"},\"potentialAction\":[{\"@type\":\"SearchAction\",\"target\":{\"@type\":\"EntryPoint\",\"urlTemplate\":\"https:\/\/www.ecinews.fr\/fr\/?s={search_term_string}\"},\"query-input\":\"required name=search_term_string\"}],\"inLanguage\":\"fr-FR\"},{\"@type\":\"Organization\",\"@id\":\"https:\/\/www.ecinews.fr\/fr\/#organization\",\"name\":\"EENewsEurope\",\"url\":\"https:\/\/www.ecinews.fr\/fr\/\",\"logo\":{\"@type\":\"ImageObject\",\"inLanguage\":\"fr-FR\",\"@id\":\"https:\/\/www.ecinews.fr\/fr\/#\/schema\/logo\/image\/\",\"url\":\"https:\/\/www.ecinews.fr\/wp-content\/uploads\/2022\/02\/logo-1.jpg\",\"contentUrl\":\"https:\/\/www.ecinews.fr\/wp-content\/uploads\/2022\/02\/logo-1.jpg\",\"width\":283,\"height\":113,\"caption\":\"EENewsEurope\"},\"image\":{\"@id\":\"https:\/\/www.ecinews.fr\/fr\/#\/schema\/logo\/image\/\"}},{\"@type\":\"Person\",\"@id\":\"https:\/\/www.ecinews.fr\/fr\/#\/schema\/person\/c6b626c6c65f5e1e7794ce2d17b2ca82\",\"name\":\"Wisse Hettinga\",\"image\":{\"@type\":\"ImageObject\",\"inLanguage\":\"fr-FR\",\"@id\":\"https:\/\/www.ecinews.fr\/fr\/#\/schema\/person\/image\/5dc5f564ca306d7cb8b22735be49a465\",\"url\":\"https:\/\/secure.gravatar.com\/avatar\/24a36fe68de56eac2a45cbaf9aa4bb58?s=96&d=mm&r=g\",\"contentUrl\":\"https:\/\/secure.gravatar.com\/avatar\/24a36fe68de56eac2a45cbaf9aa4bb58?s=96&d=mm&r=g\",\"caption\":\"Wisse Hettinga\"}}]}<\/script>","yoast_head_json":{"title":"Apple lance l'iPhone 13 edge avec 1 To de m\u00e9moire ...","description":"La capacit\u00e9 la plus \u00e9lev\u00e9e pour l'iPhone 13 Pro d'Apple d\u00e9passe 1 To avec des formats professionnels pour les cin\u00e9astes de toutes sortes, bas\u00e9 sur la...","robots":{"index":"index","follow":"follow","max-snippet":"max-snippet:-1","max-image-preview":"max-image-preview:large","max-video-preview":"max-video-preview:-1"},"canonical":"https:\/\/www.ecinews.fr\/fr\/wp-json\/wp\/v2\/posts\/3643\/","og_locale":"fr_FR","og_type":"article","og_title":"Apple lance l'iPhone 13 edge avec 1 To de m\u00e9moire","og_description":"La capacit\u00e9 la plus \u00e9lev\u00e9e pour l'iPhone 13 Pro d'Apple d\u00e9passe 1 To avec des formats professionnels pour les cin\u00e9astes de toutes sortes, bas\u00e9 sur la puce 5 nm A15 Bionic 12 core","og_url":"https:\/\/www.ecinews.fr\/fr\/wp-json\/wp\/v2\/posts\/3643\/","og_site_name":"EENewsEurope","article_published_time":"2021-09-16T19:22:19+00:00","og_image":[{"width":1024,"height":624,"url":"https:\/\/www.ecinews.fr\/wp-content\/uploads\/import\/default\/files\/sites\/default\/files\/images\/apple_iphone-13-pro_iphone-13-pro-max.jpg","type":"image\/jpeg"}],"author":"Wisse Hettinga","twitter_card":"summary_large_image","twitter_misc":{"Written by":"Wisse Hettinga","Est. reading time":"4 minutes"},"schema":{"@context":"https:\/\/schema.org","@graph":[{"@type":"Article","@id":"https:\/\/www.ecinews.fr\/fr\/apple-lance-liphone-13-edge-avec-1-to-de-memoire\/#article","isPartOf":{"@id":"https:\/\/www.ecinews.fr\/fr\/apple-lance-liphone-13-edge-avec-1-to-de-memoire\/"},"author":{"name":"Wisse Hettinga","@id":"https:\/\/www.ecinews.fr\/fr\/#\/schema\/person\/c6b626c6c65f5e1e7794ce2d17b2ca82"},"headline":"Apple lance l&rsquo;iPhone 13 edge avec 1 To de m\u00e9moire","datePublished":"2021-09-16T19:22:19+00:00","dateModified":"2021-09-16T19:22:19+00:00","mainEntityOfPage":{"@id":"https:\/\/www.ecinews.fr\/fr\/apple-lance-liphone-13-edge-avec-1-to-de-memoire\/"},"wordCount":784,"commentCount":0,"publisher":{"@id":"https:\/\/www.ecinews.fr\/fr\/#organization"},"keywords":["Memory &amp; Data Storage","MPUs\/MCUs","Optoelectronics","Sensing \/ Conditioning","Software &amp; Embedded tools"],"articleSection":["Technologies"],"inLanguage":"fr-FR","potentialAction":[{"@type":"CommentAction","name":"Comment","target":["https:\/\/www.ecinews.fr\/fr\/apple-lance-liphone-13-edge-avec-1-to-de-memoire\/#respond"]}]},{"@type":"WebPage","@id":"https:\/\/www.ecinews.fr\/fr\/apple-lance-liphone-13-edge-avec-1-to-de-memoire\/","url":"https:\/\/www.ecinews.fr\/fr\/apple-lance-liphone-13-edge-avec-1-to-de-memoire\/","name":"Apple lance l'iPhone 13 edge avec 1 To de m\u00e9moire -","isPartOf":{"@id":"https:\/\/www.ecinews.fr\/fr\/#website"},"datePublished":"2021-09-16T19:22:19+00:00","dateModified":"2021-09-16T19:22:19+00:00","breadcrumb":{"@id":"https:\/\/www.ecinews.fr\/fr\/apple-lance-liphone-13-edge-avec-1-to-de-memoire\/#breadcrumb"},"inLanguage":"fr-FR","potentialAction":[{"@type":"ReadAction","target":["https:\/\/www.ecinews.fr\/fr\/apple-lance-liphone-13-edge-avec-1-to-de-memoire\/"]}]},{"@type":"BreadcrumbList","@id":"https:\/\/www.ecinews.fr\/fr\/apple-lance-liphone-13-edge-avec-1-to-de-memoire\/#breadcrumb","itemListElement":[{"@type":"ListItem","position":1,"name":"Home","item":"https:\/\/www.ecinews.fr\/fr\/"},{"@type":"ListItem","position":2,"name":"Apple lance l&rsquo;iPhone 13 edge avec 1 To de m\u00e9moire"}]},{"@type":"WebSite","@id":"https:\/\/www.ecinews.fr\/fr\/#website","url":"https:\/\/www.ecinews.fr\/fr\/","name":"EENewsEurope","description":"Just another WordPress site","publisher":{"@id":"https:\/\/www.ecinews.fr\/fr\/#organization"},"potentialAction":[{"@type":"SearchAction","target":{"@type":"EntryPoint","urlTemplate":"https:\/\/www.ecinews.fr\/fr\/?s={search_term_string}"},"query-input":"required name=search_term_string"}],"inLanguage":"fr-FR"},{"@type":"Organization","@id":"https:\/\/www.ecinews.fr\/fr\/#organization","name":"EENewsEurope","url":"https:\/\/www.ecinews.fr\/fr\/","logo":{"@type":"ImageObject","inLanguage":"fr-FR","@id":"https:\/\/www.ecinews.fr\/fr\/#\/schema\/logo\/image\/","url":"https:\/\/www.ecinews.fr\/wp-content\/uploads\/2022\/02\/logo-1.jpg","contentUrl":"https:\/\/www.ecinews.fr\/wp-content\/uploads\/2022\/02\/logo-1.jpg","width":283,"height":113,"caption":"EENewsEurope"},"image":{"@id":"https:\/\/www.ecinews.fr\/fr\/#\/schema\/logo\/image\/"}},{"@type":"Person","@id":"https:\/\/www.ecinews.fr\/fr\/#\/schema\/person\/c6b626c6c65f5e1e7794ce2d17b2ca82","name":"Wisse Hettinga","image":{"@type":"ImageObject","inLanguage":"fr-FR","@id":"https:\/\/www.ecinews.fr\/fr\/#\/schema\/person\/image\/5dc5f564ca306d7cb8b22735be49a465","url":"https:\/\/secure.gravatar.com\/avatar\/24a36fe68de56eac2a45cbaf9aa4bb58?s=96&d=mm&r=g","contentUrl":"https:\/\/secure.gravatar.com\/avatar\/24a36fe68de56eac2a45cbaf9aa4bb58?s=96&d=mm&r=g","caption":"Wisse Hettinga"}}]}},"authors":[{"term_id":1139,"user_id":7,"is_guest":0,"slug":"wisse-hettinga","display_name":"Wisse Hettinga","avatar_url":"https:\/\/secure.gravatar.com\/avatar\/24a36fe68de56eac2a45cbaf9aa4bb58?s=96&d=mm&r=g","0":null,"1":"","2":"","3":"","4":"","5":"","6":"","7":"","8":""}],"_links":{"self":[{"href":"https:\/\/www.ecinews.fr\/fr\/wp-json\/wp\/v2\/posts\/3643"}],"collection":[{"href":"https:\/\/www.ecinews.fr\/fr\/wp-json\/wp\/v2\/posts"}],"about":[{"href":"https:\/\/www.ecinews.fr\/fr\/wp-json\/wp\/v2\/types\/post"}],"author":[{"embeddable":true,"href":"https:\/\/www.ecinews.fr\/fr\/wp-json\/wp\/v2\/users\/7"}],"replies":[{"embeddable":true,"href":"https:\/\/www.ecinews.fr\/fr\/wp-json\/wp\/v2\/comments?post=3643"}],"version-history":[{"count":0,"href":"https:\/\/www.ecinews.fr\/fr\/wp-json\/wp\/v2\/posts\/3643\/revisions"}],"wp:featuredmedia":[{"embeddable":true,"href":"https:\/\/www.ecinews.fr\/fr\/wp-json\/wp\/v2\/media\/3644"}],"wp:attachment":[{"href":"https:\/\/www.ecinews.fr\/fr\/wp-json\/wp\/v2\/media?parent=3643"}],"wp:term":[{"taxonomy":"category","embeddable":true,"href":"https:\/\/www.ecinews.fr\/fr\/wp-json\/wp\/v2\/categories?post=3643"},{"taxonomy":"post_tag","embeddable":true,"href":"https:\/\/www.ecinews.fr\/fr\/wp-json\/wp\/v2\/tags?post=3643"},{"taxonomy":"domains","embeddable":true,"href":"https:\/\/www.ecinews.fr\/fr\/wp-json\/wp\/v2\/domains?post=3643"},{"taxonomy":"author","embeddable":true,"href":"https:\/\/www.ecinews.fr\/fr\/wp-json\/wp\/v2\/ppma_author?post=3643"}],"curies":[{"name":"wp","href":"https:\/\/api.w.org\/{rel}","templated":true}]}}