{"id":343092,"date":"2022-03-11T08:40:11","date_gmt":"2022-03-11T07:40:11","guid":{"rendered":"https:\/\/www.eenewseurope.com\/?p=343092"},"modified":"2022-03-11T08:40:11","modified_gmt":"2022-03-11T07:40:11","slug":"software-republique-lecosysteme-lance-par-renault","status":"publish","type":"post","link":"https:\/\/www.ecinews.fr\/fr\/software-republique-lecosysteme-lance-par-renault\/","title":{"rendered":"Software R\u00e9publique, l&rsquo;\u00e9cosyst\u00e8me lanc\u00e9 par Renault"},"content":{"rendered":"<p>Annonc\u00e9e \u00e0 l&rsquo;occasion de la pr\u00e9sentation du plan strat\u00e9gique Renaulution en janvier, la Software R\u00e9publique de Renault est devenu une r\u00e9alit\u00e9 !<\/p>\n<p>Elle a \u00e9t\u00e9 lanc\u00e9e en pr\u00e9sence de Luca de Meo, CEO du Groupe Renault et de ses homologues d&rsquo;Atos, Dassault, ST Microelectronics et Thales, premiers partenaires fondateurs. La c\u00e9r\u00e9monie s\u00a0\u00bbset d\u00e9roul\u00e9e\u00a0 au tout nouveau b\u00e2timent Odyss\u00e9e du Technocentre Renault. Au c\u0153ur de ce projet, des entreprises leaders et des start-up innovantes s&rsquo;unissent pour apporter\u00a0 des solutions et des syst\u00e8mes de mobilit\u00e9 qui dessineront les nouveaux moyens de la mobilit\u00e9.<\/p>\n<p>Par la mise en commun de leurs expertises compl\u00e9mentaires en mati\u00e8re d\u2019intelligence artificielle, de cybers\u00e9curit\u00e9, de syst\u00e8mes embarqu\u00e9s ou bien encore de \u201c<em>big data<\/em>\u201d, les partenaires envisagent de d\u00e9velopper de nouveaux logiciels et solutions pour permettre aux op\u00e9rateurs de services de mobilit\u00e9 de proposer aux personnes, aux entreprises et aux collectivit\u00e9s des offres facilitant les d\u00e9placements, am\u00e9liorant le quotidien des utilisateurs et la gestion de l\u2019\u00e9nergie. Ces offres int\u00e9grant les syst\u00e8mes \u00e0 bord des v\u00e9hicules, les plateformes de services ou encore les outils d\u2019exploitation des r\u00e9seaux seront toujours plus accessibles, simples, fluides, multimodales, responsables et s\u00e9curis\u00e9es.<\/p>\n<p>La Software R\u00e9publique pourra accueillir au sein de son incubateur de nouveaux membres s\u2019ajoutant aux cinq leaders fondateurs. Ce seront aussi bien de grandes entreprises comme start-ups et d\u00e9velopper ainsi un environnement collaboratif de d\u00e9veloppement et d\u2019exp\u00e9rimentation.<\/p>\n<p>Gr\u00e2ce \u00e0 ce syst\u00e8me d\u2019innovation ouverte, la Software R\u00e9publique offrira des opportunit\u00e9s de d\u00e9veloppement pour l\u2019industrie, les infrastructures, les t\u00e9l\u00e9communications, mais aussi l\u2019a\u00e9ronautique et la D\u00e9fense. C\u2019est aussi un outil de souverainet\u00e9 dans un march\u00e9 plan\u00e9taire sur lequel les Etats-Unis et la Chine ont d\u00e9j\u00e0 pris position. Aujourd\u2019hui les membres fondateurs de la Software R\u00e9publique expriment l\u2019urgence pour la France et l\u2019Europe de construire collectivement un \u00e9cosyst\u00e8me durable qui vise \u00e0 assurer leur souverainet\u00e9 dans ce domaine.<\/p>\n<p><a href=\"https:\/\/atos.net\/fr\/\">Atos<\/a><\/p>\n<p><a href=\"https:\/\/www.3ds.com\/fr\/\">Dassault<\/a><\/p>\n<p><a href=\"https:\/\/www.thalesgroup.com\/fr\">Thales<\/a><\/p>\n<p><a href=\"https:\/\/www.st.com\/content\/st_com\/en.html\">ST Microelectronic<\/a><\/p>\n<p><a href=\"https:\/\/www.renaultgroup.com\/news-onair\/actualites\/?page=1\">Renault<\/a><\/p>\n","protected":false},"excerpt":{"rendered":"<p>Annonc\u00e9e \u00e0 l&rsquo;occasion de la pr\u00e9sentation du plan strat\u00e9gique Renaulution en janvier, la Software R\u00e9publique de Renault est devenu une r\u00e9alit\u00e9 ! Elle a \u00e9t\u00e9 lanc\u00e9e en pr\u00e9sence de Luca de Meo, CEO du Groupe Renault et de ses homologues d&rsquo;Atos, Dassault, ST Microelectronics et Thales, premiers partenaires fondateurs. La c\u00e9r\u00e9monie s\u00a0\u00bbset d\u00e9roul\u00e9e\u00a0 au tout [&hellip;]<\/p>\n","protected":false},"author":11,"featured_media":343459,"comment_status":"closed","ping_status":"closed","sticky":false,"template":"","format":"standard","meta":{"_acf_changed":false,"footnotes":""},"categories":[886],"tags":[],"domains":[47],"ppma_author":[1143],"class_list":["post-343092","post","type-post","status-publish","format-standard","has-post-thumbnail","hentry","category-news-fr","domains-electronique-eci"],"acf":[],"yoast_head":"<title>Software R\u00e9publique, l&#039;\u00e9cosyst\u00e8me lanc\u00e9 par Renault ...<\/title>\n<meta name=\"description\" content=\"Annonc\u00e9e \u00e0 l&rsquo;occasion de la pr\u00e9sentation du plan strat\u00e9gique Renaulution en janvier, la Software R\u00e9publique de Renault est devenu une r\u00e9alit\u00e9 !...\" \/>\n<meta name=\"robots\" content=\"index, follow, max-snippet:-1, max-image-preview:large, max-video-preview:-1\" \/>\n<link rel=\"canonical\" href=\"https:\/\/www.ecinews.fr\/fr\/wp-json\/wp\/v2\/posts\/343092\/\" \/>\n<meta property=\"og:locale\" content=\"fr_FR\" \/>\n<meta property=\"og:type\" content=\"article\" \/>\n<meta property=\"og:title\" content=\"Software R\u00e9publique, l&#039;\u00e9cosyst\u00e8me lanc\u00e9 par Renault\" \/>\n<meta property=\"og:description\" content=\"Annonc\u00e9e \u00e0 l&rsquo;occasion de la pr\u00e9sentation du plan strat\u00e9gique Renaulution en janvier, la Software R\u00e9publique de Renault est devenu une r\u00e9alit\u00e9 ! Elle a \u00e9t\u00e9 lanc\u00e9e en pr\u00e9sence de Luca de Meo, CEO du Groupe Renault et de ses homologues d&rsquo;Atos, Dassault, ST Microelectronics et Thales, premiers partenaires fondateurs. La c\u00e9r\u00e9monie s\u00a0\u00bbset d\u00e9roul\u00e9e\u00a0 au tout [&hellip;]\" \/>\n<meta property=\"og:url\" content=\"https:\/\/www.ecinews.fr\/fr\/wp-json\/wp\/v2\/posts\/343092\/\" \/>\n<meta property=\"og:site_name\" content=\"EENewsEurope\" \/>\n<meta property=\"article:published_time\" content=\"2022-03-11T07:40:11+00:00\" \/>\n<meta property=\"og:image\" content=\"https:\/\/www.ecinews.fr\/wp-content\/uploads\/2022\/03\/Renault-software-republique.jpg\" \/>\n\t<meta property=\"og:image:width\" content=\"500\" \/>\n\t<meta property=\"og:image:height\" content=\"300\" \/>\n\t<meta property=\"og:image:type\" content=\"image\/jpeg\" \/>\n<meta name=\"author\" content=\"Daniel Cardon\" \/>\n<meta name=\"twitter:card\" content=\"summary_large_image\" \/>\n<meta name=\"twitter:label1\" content=\"Written by\" \/>\n\t<meta name=\"twitter:data1\" content=\"Daniel Cardon\" \/>\n\t<meta name=\"twitter:label2\" content=\"Est. reading time\" \/>\n\t<meta name=\"twitter:data2\" content=\"2 minutes\" \/>\n<script type=\"application\/ld+json\" class=\"yoast-schema-graph\">{\"@context\":\"https:\/\/schema.org\",\"@graph\":[{\"@type\":\"Article\",\"@id\":\"https:\/\/www.ecinews.fr\/fr\/software-republique-lecosysteme-lance-par-renault\/#article\",\"isPartOf\":{\"@id\":\"https:\/\/www.ecinews.fr\/fr\/software-republique-lecosysteme-lance-par-renault\/\"},\"author\":{\"name\":\"Daniel Cardon\",\"@id\":\"https:\/\/www.eenewseurope.com\/en\/#\/schema\/person\/93c44cde463762f40a8236eaa44c1c17\"},\"headline\":\"Software R\u00e9publique, l&rsquo;\u00e9cosyst\u00e8me lanc\u00e9 par Renault\",\"datePublished\":\"2022-03-11T07:40:11+00:00\",\"dateModified\":\"2022-03-11T07:40:11+00:00\",\"mainEntityOfPage\":{\"@id\":\"https:\/\/www.ecinews.fr\/fr\/software-republique-lecosysteme-lance-par-renault\/\"},\"wordCount\":375,\"publisher\":{\"@id\":\"https:\/\/www.eenewseurope.com\/en\/#organization\"},\"articleSection\":[\"Actualit\u00e9 g\u00e9n\u00e9rale\"],\"inLanguage\":\"fr-FR\"},{\"@type\":\"WebPage\",\"@id\":\"https:\/\/www.ecinews.fr\/fr\/software-republique-lecosysteme-lance-par-renault\/\",\"url\":\"https:\/\/www.ecinews.fr\/fr\/software-republique-lecosysteme-lance-par-renault\/\",\"name\":\"Software R\u00e9publique, l'\u00e9cosyst\u00e8me lanc\u00e9 par Renault -\",\"isPartOf\":{\"@id\":\"https:\/\/www.eenewseurope.com\/en\/#website\"},\"datePublished\":\"2022-03-11T07:40:11+00:00\",\"dateModified\":\"2022-03-11T07:40:11+00:00\",\"breadcrumb\":{\"@id\":\"https:\/\/www.ecinews.fr\/fr\/software-republique-lecosysteme-lance-par-renault\/#breadcrumb\"},\"inLanguage\":\"fr-FR\",\"potentialAction\":[{\"@type\":\"ReadAction\",\"target\":[\"https:\/\/www.ecinews.fr\/fr\/software-republique-lecosysteme-lance-par-renault\/\"]}]},{\"@type\":\"BreadcrumbList\",\"@id\":\"https:\/\/www.ecinews.fr\/fr\/software-republique-lecosysteme-lance-par-renault\/#breadcrumb\",\"itemListElement\":[{\"@type\":\"ListItem\",\"position\":1,\"name\":\"Home\",\"item\":\"https:\/\/www.ecinews.fr\/fr\/\"},{\"@type\":\"ListItem\",\"position\":2,\"name\":\"Software R\u00e9publique, l&rsquo;\u00e9cosyst\u00e8me lanc\u00e9 par Renault\"}]},{\"@type\":\"WebSite\",\"@id\":\"https:\/\/www.eenewseurope.com\/en\/#website\",\"url\":\"https:\/\/www.eenewseurope.com\/en\/\",\"name\":\"EENewsEurope\",\"description\":\"Just another WordPress site\",\"publisher\":{\"@id\":\"https:\/\/www.eenewseurope.com\/en\/#organization\"},\"potentialAction\":[{\"@type\":\"SearchAction\",\"target\":{\"@type\":\"EntryPoint\",\"urlTemplate\":\"https:\/\/www.eenewseurope.com\/en\/?s={search_term_string}\"},\"query-input\":\"required name=search_term_string\"}],\"inLanguage\":\"fr-FR\"},{\"@type\":\"Organization\",\"@id\":\"https:\/\/www.eenewseurope.com\/en\/#organization\",\"name\":\"EENewsEurope\",\"url\":\"https:\/\/www.eenewseurope.com\/en\/\",\"logo\":{\"@type\":\"ImageObject\",\"inLanguage\":\"fr-FR\",\"@id\":\"https:\/\/www.eenewseurope.com\/en\/#\/schema\/logo\/image\/\",\"url\":\"https:\/\/www.ecinews.fr\/wp-content\/uploads\/2022\/02\/logo-1.jpg\",\"contentUrl\":\"https:\/\/www.ecinews.fr\/wp-content\/uploads\/2022\/02\/logo-1.jpg\",\"width\":283,\"height\":113,\"caption\":\"EENewsEurope\"},\"image\":{\"@id\":\"https:\/\/www.eenewseurope.com\/en\/#\/schema\/logo\/image\/\"}},{\"@type\":\"Person\",\"@id\":\"https:\/\/www.eenewseurope.com\/en\/#\/schema\/person\/93c44cde463762f40a8236eaa44c1c17\",\"name\":\"Daniel Cardon\",\"image\":{\"@type\":\"ImageObject\",\"inLanguage\":\"fr-FR\",\"@id\":\"https:\/\/www.eenewseurope.com\/en\/#\/schema\/person\/image\/2b243f6bcc1cff7d86aadfb2cd0bd870\",\"url\":\"https:\/\/secure.gravatar.com\/avatar\/de9edc136dfc061ad4778e04635baefa?s=96&d=mm&r=g\",\"contentUrl\":\"https:\/\/secure.gravatar.com\/avatar\/de9edc136dfc061ad4778e04635baefa?s=96&d=mm&r=g\",\"caption\":\"Daniel Cardon\"}}]}<\/script>","yoast_head_json":{"title":"Software R\u00e9publique, l'\u00e9cosyst\u00e8me lanc\u00e9 par Renault ...","description":"Annonc\u00e9e \u00e0 l&rsquo;occasion de la pr\u00e9sentation du plan strat\u00e9gique Renaulution en janvier, la Software R\u00e9publique de Renault est devenu une r\u00e9alit\u00e9 !...","robots":{"index":"index","follow":"follow","max-snippet":"max-snippet:-1","max-image-preview":"max-image-preview:large","max-video-preview":"max-video-preview:-1"},"canonical":"https:\/\/www.ecinews.fr\/fr\/wp-json\/wp\/v2\/posts\/343092\/","og_locale":"fr_FR","og_type":"article","og_title":"Software R\u00e9publique, l'\u00e9cosyst\u00e8me lanc\u00e9 par Renault","og_description":"Annonc\u00e9e \u00e0 l&rsquo;occasion de la pr\u00e9sentation du plan strat\u00e9gique Renaulution en janvier, la Software R\u00e9publique de Renault est devenu une r\u00e9alit\u00e9 ! Elle a \u00e9t\u00e9 lanc\u00e9e en pr\u00e9sence de Luca de Meo, CEO du Groupe Renault et de ses homologues d&rsquo;Atos, Dassault, ST Microelectronics et Thales, premiers partenaires fondateurs. La c\u00e9r\u00e9monie s\u00a0\u00bbset d\u00e9roul\u00e9e\u00a0 au tout [&hellip;]","og_url":"https:\/\/www.ecinews.fr\/fr\/wp-json\/wp\/v2\/posts\/343092\/","og_site_name":"EENewsEurope","article_published_time":"2022-03-11T07:40:11+00:00","og_image":[{"width":500,"height":300,"url":"https:\/\/www.ecinews.fr\/wp-content\/uploads\/2022\/03\/Renault-software-republique.jpg","type":"image\/jpeg"}],"author":"Daniel Cardon","twitter_card":"summary_large_image","twitter_misc":{"Written by":"Daniel Cardon","Est. reading time":"2 minutes"},"schema":{"@context":"https:\/\/schema.org","@graph":[{"@type":"Article","@id":"https:\/\/www.ecinews.fr\/fr\/software-republique-lecosysteme-lance-par-renault\/#article","isPartOf":{"@id":"https:\/\/www.ecinews.fr\/fr\/software-republique-lecosysteme-lance-par-renault\/"},"author":{"name":"Daniel Cardon","@id":"https:\/\/www.eenewseurope.com\/en\/#\/schema\/person\/93c44cde463762f40a8236eaa44c1c17"},"headline":"Software R\u00e9publique, l&rsquo;\u00e9cosyst\u00e8me lanc\u00e9 par Renault","datePublished":"2022-03-11T07:40:11+00:00","dateModified":"2022-03-11T07:40:11+00:00","mainEntityOfPage":{"@id":"https:\/\/www.ecinews.fr\/fr\/software-republique-lecosysteme-lance-par-renault\/"},"wordCount":375,"publisher":{"@id":"https:\/\/www.eenewseurope.com\/en\/#organization"},"articleSection":["Actualit\u00e9 g\u00e9n\u00e9rale"],"inLanguage":"fr-FR"},{"@type":"WebPage","@id":"https:\/\/www.ecinews.fr\/fr\/software-republique-lecosysteme-lance-par-renault\/","url":"https:\/\/www.ecinews.fr\/fr\/software-republique-lecosysteme-lance-par-renault\/","name":"Software R\u00e9publique, l'\u00e9cosyst\u00e8me lanc\u00e9 par Renault -","isPartOf":{"@id":"https:\/\/www.eenewseurope.com\/en\/#website"},"datePublished":"2022-03-11T07:40:11+00:00","dateModified":"2022-03-11T07:40:11+00:00","breadcrumb":{"@id":"https:\/\/www.ecinews.fr\/fr\/software-republique-lecosysteme-lance-par-renault\/#breadcrumb"},"inLanguage":"fr-FR","potentialAction":[{"@type":"ReadAction","target":["https:\/\/www.ecinews.fr\/fr\/software-republique-lecosysteme-lance-par-renault\/"]}]},{"@type":"BreadcrumbList","@id":"https:\/\/www.ecinews.fr\/fr\/software-republique-lecosysteme-lance-par-renault\/#breadcrumb","itemListElement":[{"@type":"ListItem","position":1,"name":"Home","item":"https:\/\/www.ecinews.fr\/fr\/"},{"@type":"ListItem","position":2,"name":"Software R\u00e9publique, l&rsquo;\u00e9cosyst\u00e8me lanc\u00e9 par Renault"}]},{"@type":"WebSite","@id":"https:\/\/www.eenewseurope.com\/en\/#website","url":"https:\/\/www.eenewseurope.com\/en\/","name":"EENewsEurope","description":"Just another WordPress site","publisher":{"@id":"https:\/\/www.eenewseurope.com\/en\/#organization"},"potentialAction":[{"@type":"SearchAction","target":{"@type":"EntryPoint","urlTemplate":"https:\/\/www.eenewseurope.com\/en\/?s={search_term_string}"},"query-input":"required name=search_term_string"}],"inLanguage":"fr-FR"},{"@type":"Organization","@id":"https:\/\/www.eenewseurope.com\/en\/#organization","name":"EENewsEurope","url":"https:\/\/www.eenewseurope.com\/en\/","logo":{"@type":"ImageObject","inLanguage":"fr-FR","@id":"https:\/\/www.eenewseurope.com\/en\/#\/schema\/logo\/image\/","url":"https:\/\/www.ecinews.fr\/wp-content\/uploads\/2022\/02\/logo-1.jpg","contentUrl":"https:\/\/www.ecinews.fr\/wp-content\/uploads\/2022\/02\/logo-1.jpg","width":283,"height":113,"caption":"EENewsEurope"},"image":{"@id":"https:\/\/www.eenewseurope.com\/en\/#\/schema\/logo\/image\/"}},{"@type":"Person","@id":"https:\/\/www.eenewseurope.com\/en\/#\/schema\/person\/93c44cde463762f40a8236eaa44c1c17","name":"Daniel Cardon","image":{"@type":"ImageObject","inLanguage":"fr-FR","@id":"https:\/\/www.eenewseurope.com\/en\/#\/schema\/person\/image\/2b243f6bcc1cff7d86aadfb2cd0bd870","url":"https:\/\/secure.gravatar.com\/avatar\/de9edc136dfc061ad4778e04635baefa?s=96&d=mm&r=g","contentUrl":"https:\/\/secure.gravatar.com\/avatar\/de9edc136dfc061ad4778e04635baefa?s=96&d=mm&r=g","caption":"Daniel Cardon"}}]}},"authors":[{"term_id":1143,"user_id":11,"is_guest":0,"slug":"danielcardon","display_name":"Daniel Cardon","avatar_url":"https:\/\/secure.gravatar.com\/avatar\/de9edc136dfc061ad4778e04635baefa?s=96&d=mm&r=g","0":null,"1":"","2":"","3":"","4":"","5":"","6":"","7":"","8":""}],"_links":{"self":[{"href":"https:\/\/www.ecinews.fr\/fr\/wp-json\/wp\/v2\/posts\/343092"}],"collection":[{"href":"https:\/\/www.ecinews.fr\/fr\/wp-json\/wp\/v2\/posts"}],"about":[{"href":"https:\/\/www.ecinews.fr\/fr\/wp-json\/wp\/v2\/types\/post"}],"author":[{"embeddable":true,"href":"https:\/\/www.ecinews.fr\/fr\/wp-json\/wp\/v2\/users\/11"}],"replies":[{"embeddable":true,"href":"https:\/\/www.ecinews.fr\/fr\/wp-json\/wp\/v2\/comments?post=343092"}],"version-history":[{"count":0,"href":"https:\/\/www.ecinews.fr\/fr\/wp-json\/wp\/v2\/posts\/343092\/revisions"}],"wp:featuredmedia":[{"embeddable":true,"href":"https:\/\/www.ecinews.fr\/fr\/wp-json\/wp\/v2\/media\/343459"}],"wp:attachment":[{"href":"https:\/\/www.ecinews.fr\/fr\/wp-json\/wp\/v2\/media?parent=343092"}],"wp:term":[{"taxonomy":"category","embeddable":true,"href":"https:\/\/www.ecinews.fr\/fr\/wp-json\/wp\/v2\/categories?post=343092"},{"taxonomy":"post_tag","embeddable":true,"href":"https:\/\/www.ecinews.fr\/fr\/wp-json\/wp\/v2\/tags?post=343092"},{"taxonomy":"domains","embeddable":true,"href":"https:\/\/www.ecinews.fr\/fr\/wp-json\/wp\/v2\/domains?post=343092"},{"taxonomy":"author","embeddable":true,"href":"https:\/\/www.ecinews.fr\/fr\/wp-json\/wp\/v2\/ppma_author?post=343092"}],"curies":[{"name":"wp","href":"https:\/\/api.w.org\/{rel}","templated":true}]}}