{"id":289515,"date":"2022-03-09T17:59:15","date_gmt":"2022-03-09T16:59:15","guid":{"rendered":"https:\/\/www.eenewseurope.com\/?p=289515"},"modified":"2022-03-09T17:59:15","modified_gmt":"2022-03-09T16:59:15","slug":"le-centre-verkor-dinnovation-de-la-batterie-simplante-a-grenoble","status":"publish","type":"post","link":"https:\/\/www.ecinews.fr\/fr\/le-centre-verkor-dinnovation-de-la-batterie-simplante-a-grenoble\/","title":{"rendered":"Le centre Verkor d&rsquo;innovation de la batterie s&rsquo;implante \u00e0 Grenoble"},"content":{"rendered":"<h5>Le centre d&rsquo;innovation de Grenoble :<\/h5>\n<ul>\n<li>Le c\u0153ur de la technologie de Verkor avec un laboratoire de R&amp;D pour soutenir la conception et la validation des produits<\/li>\n<li>Une ligne pilote intelligente de 50 \u00e0 150 MWh\/an dans un b\u00e2timent de 12 000 m\u00b2<\/li>\n<li>Un centre de formation pour les\u00a0op\u00e9rateurs, les techniciens et les ing\u00e9nieurs de cette nouvelle fili\u00e8re industrielle de fabrication de batterie en volume adapt\u00e9 aux Gigafactories<\/li>\n<\/ul>\n<h4>Un nouvel \u00e9lan \u00e0 un site industriel historique \u00e0 Grenoble<\/h4>\n<p>Cette annonce est une \u00e9tape importante dans la feuille de route de Verkor qui poursuit son d\u00e9veloppement industriel en France et son d\u00e9marrage d\u2019activit\u00e9 \u00e0 Grenoble. Verkor a voulu rester en r\u00e9gion Auvergne Rh\u00f4ne-Alpes, berceau de sa cr\u00e9ation en juillet 2020 pour implanter son si\u00e8ge social au sein de sa factory : le Verkor Innovation Centre -VIC -.\u00a0 Le lieu choisit est l&rsquo;ancienne usine usine de Schneider Electric sur la Presqu\u2019ile de Grenoble. Ce lieu est historique puisque Merlin Gerin qui deviendra Schneider Electic s\u2019y installe en 1920 pour la production de son\u00a0 disjoncteur haute tension \u201cr\u00e9volutionnaire\u201c, qui fera la r\u00e9putation de l\u2019entreprise.<\/p>\n<h4>L\u2019innovation et la technologie au c\u0153ur de la Capital des Alpes<\/h4>\n<p>Le march\u00e9 de la batterie est en \u00e9volution industrielle et technologique permanente. Cette dynamique requi\u00e8re des capacit\u00e9s d\u2019innovation flexibles. Le VIC qui disposera d&rsquo;une surface de plus de 12000 m\u00b2 jouera le catalyseur pour permettre \u00e0 Verkor et \u00e0 la chaine de valeur de la batterie fran\u00e7aise de concevoir des produits et des proc\u00e9d\u00e9s innovants. Un laboratoire de R&amp;D permettra d\u2019innover, de concevoir et de valider les produits avant de les industrialiser \u00e0 grande \u00e9chelle sur d\u2019autres sites. Une ligne pilote intelligente de 50 \u00e0 150 MWh produira les cellules pour les petites s\u00e9ries et les premi\u00e8res cellules pour les batteries des v\u00e9hicules Renault. Le VIC en cr\u00e9ant plus de 250 emplois directs sera un terrain d\u2019entra\u00eenement pour la fabrication d\u2019innovations num\u00e9riques menant \u00e0 des \u00e9conomies de co\u00fbts et \u00e0 une nouvelle g\u00e9n\u00e9ration d\u2019IP (Propri\u00e9t\u00e9 Intellectuelle)<\/p>\n<h4>Un centre de formation au service de la fili\u00e8re<\/h4>\n<p>Le VIC abritera aussi le Campus de la Batterie qui sera un lieu d\u2019accueil pour l\u2019\u00e9cosyst\u00e8me de la batterie, des startups et des partenaires int\u00e9ress\u00e9s par cette fili\u00e8re. Une mutualisation de moyens permettra une acc\u00e9l\u00e9ration de la mise sur le march\u00e9 des innovations dans ce domaine. Le VIC sera un \u00e9quipement de formation et de reconversion pour les m\u00e9tiers li\u00e9s \u00e0 la transition \u00e9nerg\u00e9tique; les contenus seront co-construits par des experts internationaux.<\/p>\n<p>Le laboratoire du Verkor Innovation Centre sera inaugur\u00e9 avant l\u2019\u00e9t\u00e9 2022.<\/p>\n<p><a href=\"http:\/\/www.verkor.com\">Verkor<\/a><\/p>\n","protected":false},"excerpt":{"rendered":"<p>Apr\u00e8s avoir s\u00e9lectionn\u00e9 Dunkerque pour sa gigafactory de cellules de batterie,\u00a0 Verkor annonce officiellement l&rsquo;implantation \u00e0 Grenoble de son centre d&rsquo;innovation. C\u2019est une premi\u00e8re \u00e9tape importante et concr\u00e8te dans la production de cellules de batteries bas carbone pour v\u00e9hicules \u00e9lectriques et stockage d\u2019\u00e9nergie pour les march\u00e9s fran\u00e7ais et europ\u00e9ens.<\/p>\n","protected":false},"author":11,"featured_media":289982,"comment_status":"closed","ping_status":"closed","sticky":false,"template":"","format":"standard","meta":{"_acf_changed":false,"footnotes":""},"categories":[886],"tags":[],"domains":[47],"ppma_author":[1143],"class_list":["post-289515","post","type-post","status-publish","format-standard","has-post-thumbnail","hentry","category-news-fr","domains-electronique-eci"],"acf":[],"yoast_head":"<title>Le centre Verkor d&#039;innovation de la batterie s&#039;implante \u00e0 Gren...<\/title>\n<meta name=\"description\" content=\"Apr\u00e8s avoir s\u00e9lectionn\u00e9 Dunkerque pour sa gigafactory de cellules de batterie,\u00a0 Verkor annonce officiellement l&#039;implantation \u00e0 Grenoble de son centre...\" \/>\n<meta name=\"robots\" content=\"index, follow, max-snippet:-1, max-image-preview:large, max-video-preview:-1\" \/>\n<link rel=\"canonical\" href=\"https:\/\/www.ecinews.fr\/fr\/wp-json\/wp\/v2\/posts\/289515\/\" \/>\n<meta property=\"og:locale\" content=\"fr_FR\" \/>\n<meta property=\"og:type\" content=\"article\" \/>\n<meta property=\"og:title\" content=\"Le centre Verkor d&#039;innovation de la batterie s&#039;implante \u00e0 Grenoble\" \/>\n<meta property=\"og:description\" content=\"Apr\u00e8s avoir s\u00e9lectionn\u00e9 Dunkerque pour sa gigafactory de cellules de batterie,\u00a0 Verkor annonce officiellement l&#039;implantation \u00e0 Grenoble de son centre d&#039;innovation. C\u2019est une premi\u00e8re \u00e9tape importante et concr\u00e8te dans la production de cellules de batteries bas carbone pour v\u00e9hicules \u00e9lectriques et stockage d\u2019\u00e9nergie pour les march\u00e9s fran\u00e7ais et europ\u00e9ens.\" \/>\n<meta property=\"og:url\" content=\"https:\/\/www.ecinews.fr\/fr\/wp-json\/wp\/v2\/posts\/289515\/\" \/>\n<meta property=\"og:site_name\" content=\"EENewsEurope\" \/>\n<meta property=\"article:published_time\" content=\"2022-03-09T16:59:15+00:00\" \/>\n<meta property=\"og:image\" content=\"https:\/\/www.ecinews.fr\/wp-content\/uploads\/2022\/03\/Verkor.jpg\" \/>\n\t<meta property=\"og:image:width\" content=\"500\" \/>\n\t<meta property=\"og:image:height\" content=\"281\" \/>\n\t<meta property=\"og:image:type\" content=\"image\/jpeg\" \/>\n<meta name=\"author\" content=\"Daniel Cardon\" \/>\n<meta name=\"twitter:card\" content=\"summary_large_image\" \/>\n<meta name=\"twitter:label1\" content=\"Written by\" \/>\n\t<meta name=\"twitter:data1\" content=\"Daniel Cardon\" \/>\n\t<meta name=\"twitter:label2\" content=\"Est. reading time\" \/>\n\t<meta name=\"twitter:data2\" content=\"2 minutes\" \/>\n<script type=\"application\/ld+json\" class=\"yoast-schema-graph\">{\"@context\":\"https:\/\/schema.org\",\"@graph\":[{\"@type\":\"Article\",\"@id\":\"https:\/\/www.ecinews.fr\/fr\/le-centre-verkor-dinnovation-de-la-batterie-simplante-a-grenoble\/#article\",\"isPartOf\":{\"@id\":\"https:\/\/www.ecinews.fr\/fr\/le-centre-verkor-dinnovation-de-la-batterie-simplante-a-grenoble\/\"},\"author\":{\"name\":\"Daniel Cardon\",\"@id\":\"https:\/\/www.ecinews.fr\/fr\/#\/schema\/person\/93c44cde463762f40a8236eaa44c1c17\"},\"headline\":\"Le centre Verkor d&rsquo;innovation de la batterie s&rsquo;implante \u00e0 Grenoble\",\"datePublished\":\"2022-03-09T16:59:15+00:00\",\"dateModified\":\"2022-03-09T16:59:15+00:00\",\"mainEntityOfPage\":{\"@id\":\"https:\/\/www.ecinews.fr\/fr\/le-centre-verkor-dinnovation-de-la-batterie-simplante-a-grenoble\/\"},\"wordCount\":470,\"publisher\":{\"@id\":\"https:\/\/www.ecinews.fr\/fr\/#organization\"},\"articleSection\":[\"Actualit\u00e9 g\u00e9n\u00e9rale\"],\"inLanguage\":\"fr-FR\"},{\"@type\":\"WebPage\",\"@id\":\"https:\/\/www.ecinews.fr\/fr\/le-centre-verkor-dinnovation-de-la-batterie-simplante-a-grenoble\/\",\"url\":\"https:\/\/www.ecinews.fr\/fr\/le-centre-verkor-dinnovation-de-la-batterie-simplante-a-grenoble\/\",\"name\":\"Le centre Verkor d'innovation de la batterie s'implante \u00e0 Grenoble -\",\"isPartOf\":{\"@id\":\"https:\/\/www.ecinews.fr\/fr\/#website\"},\"datePublished\":\"2022-03-09T16:59:15+00:00\",\"dateModified\":\"2022-03-09T16:59:15+00:00\",\"breadcrumb\":{\"@id\":\"https:\/\/www.ecinews.fr\/fr\/le-centre-verkor-dinnovation-de-la-batterie-simplante-a-grenoble\/#breadcrumb\"},\"inLanguage\":\"fr-FR\",\"potentialAction\":[{\"@type\":\"ReadAction\",\"target\":[\"https:\/\/www.ecinews.fr\/fr\/le-centre-verkor-dinnovation-de-la-batterie-simplante-a-grenoble\/\"]}]},{\"@type\":\"BreadcrumbList\",\"@id\":\"https:\/\/www.ecinews.fr\/fr\/le-centre-verkor-dinnovation-de-la-batterie-simplante-a-grenoble\/#breadcrumb\",\"itemListElement\":[{\"@type\":\"ListItem\",\"position\":1,\"name\":\"Home\",\"item\":\"https:\/\/www.ecinews.fr\/fr\/\"},{\"@type\":\"ListItem\",\"position\":2,\"name\":\"Le centre Verkor d&rsquo;innovation de la batterie s&rsquo;implante \u00e0 Grenoble\"}]},{\"@type\":\"WebSite\",\"@id\":\"https:\/\/www.ecinews.fr\/fr\/#website\",\"url\":\"https:\/\/www.ecinews.fr\/fr\/\",\"name\":\"EENewsEurope\",\"description\":\"Just another WordPress site\",\"publisher\":{\"@id\":\"https:\/\/www.ecinews.fr\/fr\/#organization\"},\"potentialAction\":[{\"@type\":\"SearchAction\",\"target\":{\"@type\":\"EntryPoint\",\"urlTemplate\":\"https:\/\/www.ecinews.fr\/fr\/?s={search_term_string}\"},\"query-input\":\"required name=search_term_string\"}],\"inLanguage\":\"fr-FR\"},{\"@type\":\"Organization\",\"@id\":\"https:\/\/www.ecinews.fr\/fr\/#organization\",\"name\":\"EENewsEurope\",\"url\":\"https:\/\/www.ecinews.fr\/fr\/\",\"logo\":{\"@type\":\"ImageObject\",\"inLanguage\":\"fr-FR\",\"@id\":\"https:\/\/www.ecinews.fr\/fr\/#\/schema\/logo\/image\/\",\"url\":\"https:\/\/www.ecinews.fr\/wp-content\/uploads\/2022\/02\/logo-1.jpg\",\"contentUrl\":\"https:\/\/www.ecinews.fr\/wp-content\/uploads\/2022\/02\/logo-1.jpg\",\"width\":283,\"height\":113,\"caption\":\"EENewsEurope\"},\"image\":{\"@id\":\"https:\/\/www.ecinews.fr\/fr\/#\/schema\/logo\/image\/\"}},{\"@type\":\"Person\",\"@id\":\"https:\/\/www.ecinews.fr\/fr\/#\/schema\/person\/93c44cde463762f40a8236eaa44c1c17\",\"name\":\"Daniel Cardon\",\"image\":{\"@type\":\"ImageObject\",\"inLanguage\":\"fr-FR\",\"@id\":\"https:\/\/www.ecinews.fr\/fr\/#\/schema\/person\/image\/2b243f6bcc1cff7d86aadfb2cd0bd870\",\"url\":\"https:\/\/secure.gravatar.com\/avatar\/de9edc136dfc061ad4778e04635baefa?s=96&d=mm&r=g\",\"contentUrl\":\"https:\/\/secure.gravatar.com\/avatar\/de9edc136dfc061ad4778e04635baefa?s=96&d=mm&r=g\",\"caption\":\"Daniel Cardon\"}}]}<\/script>","yoast_head_json":{"title":"Le centre Verkor d'innovation de la batterie s'implante \u00e0 Gren...","description":"Apr\u00e8s avoir s\u00e9lectionn\u00e9 Dunkerque pour sa gigafactory de cellules de batterie,\u00a0 Verkor annonce officiellement l'implantation \u00e0 Grenoble de son centre...","robots":{"index":"index","follow":"follow","max-snippet":"max-snippet:-1","max-image-preview":"max-image-preview:large","max-video-preview":"max-video-preview:-1"},"canonical":"https:\/\/www.ecinews.fr\/fr\/wp-json\/wp\/v2\/posts\/289515\/","og_locale":"fr_FR","og_type":"article","og_title":"Le centre Verkor d'innovation de la batterie s'implante \u00e0 Grenoble","og_description":"Apr\u00e8s avoir s\u00e9lectionn\u00e9 Dunkerque pour sa gigafactory de cellules de batterie,\u00a0 Verkor annonce officiellement l'implantation \u00e0 Grenoble de son centre d'innovation. C\u2019est une premi\u00e8re \u00e9tape importante et concr\u00e8te dans la production de cellules de batteries bas carbone pour v\u00e9hicules \u00e9lectriques et stockage d\u2019\u00e9nergie pour les march\u00e9s fran\u00e7ais et europ\u00e9ens.","og_url":"https:\/\/www.ecinews.fr\/fr\/wp-json\/wp\/v2\/posts\/289515\/","og_site_name":"EENewsEurope","article_published_time":"2022-03-09T16:59:15+00:00","og_image":[{"width":500,"height":281,"url":"https:\/\/www.ecinews.fr\/wp-content\/uploads\/2022\/03\/Verkor.jpg","type":"image\/jpeg"}],"author":"Daniel Cardon","twitter_card":"summary_large_image","twitter_misc":{"Written by":"Daniel Cardon","Est. reading time":"2 minutes"},"schema":{"@context":"https:\/\/schema.org","@graph":[{"@type":"Article","@id":"https:\/\/www.ecinews.fr\/fr\/le-centre-verkor-dinnovation-de-la-batterie-simplante-a-grenoble\/#article","isPartOf":{"@id":"https:\/\/www.ecinews.fr\/fr\/le-centre-verkor-dinnovation-de-la-batterie-simplante-a-grenoble\/"},"author":{"name":"Daniel Cardon","@id":"https:\/\/www.ecinews.fr\/fr\/#\/schema\/person\/93c44cde463762f40a8236eaa44c1c17"},"headline":"Le centre Verkor d&rsquo;innovation de la batterie s&rsquo;implante \u00e0 Grenoble","datePublished":"2022-03-09T16:59:15+00:00","dateModified":"2022-03-09T16:59:15+00:00","mainEntityOfPage":{"@id":"https:\/\/www.ecinews.fr\/fr\/le-centre-verkor-dinnovation-de-la-batterie-simplante-a-grenoble\/"},"wordCount":470,"publisher":{"@id":"https:\/\/www.ecinews.fr\/fr\/#organization"},"articleSection":["Actualit\u00e9 g\u00e9n\u00e9rale"],"inLanguage":"fr-FR"},{"@type":"WebPage","@id":"https:\/\/www.ecinews.fr\/fr\/le-centre-verkor-dinnovation-de-la-batterie-simplante-a-grenoble\/","url":"https:\/\/www.ecinews.fr\/fr\/le-centre-verkor-dinnovation-de-la-batterie-simplante-a-grenoble\/","name":"Le centre Verkor d'innovation de la batterie s'implante \u00e0 Grenoble -","isPartOf":{"@id":"https:\/\/www.ecinews.fr\/fr\/#website"},"datePublished":"2022-03-09T16:59:15+00:00","dateModified":"2022-03-09T16:59:15+00:00","breadcrumb":{"@id":"https:\/\/www.ecinews.fr\/fr\/le-centre-verkor-dinnovation-de-la-batterie-simplante-a-grenoble\/#breadcrumb"},"inLanguage":"fr-FR","potentialAction":[{"@type":"ReadAction","target":["https:\/\/www.ecinews.fr\/fr\/le-centre-verkor-dinnovation-de-la-batterie-simplante-a-grenoble\/"]}]},{"@type":"BreadcrumbList","@id":"https:\/\/www.ecinews.fr\/fr\/le-centre-verkor-dinnovation-de-la-batterie-simplante-a-grenoble\/#breadcrumb","itemListElement":[{"@type":"ListItem","position":1,"name":"Home","item":"https:\/\/www.ecinews.fr\/fr\/"},{"@type":"ListItem","position":2,"name":"Le centre Verkor d&rsquo;innovation de la batterie s&rsquo;implante \u00e0 Grenoble"}]},{"@type":"WebSite","@id":"https:\/\/www.ecinews.fr\/fr\/#website","url":"https:\/\/www.ecinews.fr\/fr\/","name":"EENewsEurope","description":"Just another WordPress site","publisher":{"@id":"https:\/\/www.ecinews.fr\/fr\/#organization"},"potentialAction":[{"@type":"SearchAction","target":{"@type":"EntryPoint","urlTemplate":"https:\/\/www.ecinews.fr\/fr\/?s={search_term_string}"},"query-input":"required name=search_term_string"}],"inLanguage":"fr-FR"},{"@type":"Organization","@id":"https:\/\/www.ecinews.fr\/fr\/#organization","name":"EENewsEurope","url":"https:\/\/www.ecinews.fr\/fr\/","logo":{"@type":"ImageObject","inLanguage":"fr-FR","@id":"https:\/\/www.ecinews.fr\/fr\/#\/schema\/logo\/image\/","url":"https:\/\/www.ecinews.fr\/wp-content\/uploads\/2022\/02\/logo-1.jpg","contentUrl":"https:\/\/www.ecinews.fr\/wp-content\/uploads\/2022\/02\/logo-1.jpg","width":283,"height":113,"caption":"EENewsEurope"},"image":{"@id":"https:\/\/www.ecinews.fr\/fr\/#\/schema\/logo\/image\/"}},{"@type":"Person","@id":"https:\/\/www.ecinews.fr\/fr\/#\/schema\/person\/93c44cde463762f40a8236eaa44c1c17","name":"Daniel Cardon","image":{"@type":"ImageObject","inLanguage":"fr-FR","@id":"https:\/\/www.ecinews.fr\/fr\/#\/schema\/person\/image\/2b243f6bcc1cff7d86aadfb2cd0bd870","url":"https:\/\/secure.gravatar.com\/avatar\/de9edc136dfc061ad4778e04635baefa?s=96&d=mm&r=g","contentUrl":"https:\/\/secure.gravatar.com\/avatar\/de9edc136dfc061ad4778e04635baefa?s=96&d=mm&r=g","caption":"Daniel Cardon"}}]}},"authors":[{"term_id":1143,"user_id":11,"is_guest":0,"slug":"danielcardon","display_name":"Daniel Cardon","avatar_url":"https:\/\/secure.gravatar.com\/avatar\/de9edc136dfc061ad4778e04635baefa?s=96&d=mm&r=g","0":null,"1":"","2":"","3":"","4":"","5":"","6":"","7":"","8":""}],"_links":{"self":[{"href":"https:\/\/www.ecinews.fr\/fr\/wp-json\/wp\/v2\/posts\/289515"}],"collection":[{"href":"https:\/\/www.ecinews.fr\/fr\/wp-json\/wp\/v2\/posts"}],"about":[{"href":"https:\/\/www.ecinews.fr\/fr\/wp-json\/wp\/v2\/types\/post"}],"author":[{"embeddable":true,"href":"https:\/\/www.ecinews.fr\/fr\/wp-json\/wp\/v2\/users\/11"}],"replies":[{"embeddable":true,"href":"https:\/\/www.ecinews.fr\/fr\/wp-json\/wp\/v2\/comments?post=289515"}],"version-history":[{"count":0,"href":"https:\/\/www.ecinews.fr\/fr\/wp-json\/wp\/v2\/posts\/289515\/revisions"}],"wp:featuredmedia":[{"embeddable":true,"href":"https:\/\/www.ecinews.fr\/fr\/wp-json\/wp\/v2\/media\/289982"}],"wp:attachment":[{"href":"https:\/\/www.ecinews.fr\/fr\/wp-json\/wp\/v2\/media?parent=289515"}],"wp:term":[{"taxonomy":"category","embeddable":true,"href":"https:\/\/www.ecinews.fr\/fr\/wp-json\/wp\/v2\/categories?post=289515"},{"taxonomy":"post_tag","embeddable":true,"href":"https:\/\/www.ecinews.fr\/fr\/wp-json\/wp\/v2\/tags?post=289515"},{"taxonomy":"domains","embeddable":true,"href":"https:\/\/www.ecinews.fr\/fr\/wp-json\/wp\/v2\/domains?post=289515"},{"taxonomy":"author","embeddable":true,"href":"https:\/\/www.ecinews.fr\/fr\/wp-json\/wp\/v2\/ppma_author?post=289515"}],"curies":[{"name":"wp","href":"https:\/\/api.w.org\/{rel}","templated":true}]}}