{"id":277161,"date":"2022-03-08T20:11:08","date_gmt":"2022-03-08T19:11:08","guid":{"rendered":"https:\/\/www.ecinews.fr\/?p=277161"},"modified":"2022-03-08T20:11:08","modified_gmt":"2022-03-08T19:11:08","slug":"analog-devices-investit-100-millions-deuros-en-europe","status":"publish","type":"post","link":"https:\/\/www.ecinews.fr\/fr\/analog-devices-investit-100-millions-deuros-en-europe\/","title":{"rendered":"Analog Devices investit 100 millions d\u2019euros en Europe"},"content":{"rendered":"<p><a href=\"http:\/\/www.analog.com\/\">Analog\u2009Devices,\u2009Inc<\/a>,\u00a0a annonc\u00e9\u00a0sa d\u00e9cision d\u2019investir 100\u2009millions d\u2019euros au cours des trois prochaines ann\u00e9es dans\u00a0le programme\u00a0<a href=\"https:\/\/www.analog.com\/en\/about-adi\/incubators\/catalyst.html\">ADI\u2009Catalyst<\/a>, un\u00a0site d\u2019environ 9\u2009000 m\u00e8tres\u00a0carr\u00e9s\u00a0sp\u00e9cialement\u00a0construit pour\u00a0favoriser\u00a0l\u2019innovation et la collaboration. Cette nouvelle installation sera\u00a0situ\u00e9e sur\u00a0le\u00a0campus\u00a0dont dispose\u00a0la Soci\u00e9t\u00e9\u00a0dans le parc d\u2019activit\u00e9s\u00a0Raheen\u00a0Business Park\u00a0de\u00a0Limerick\u00a0(Irlande).\u00a0Cette\u00a0nouvelle\u00a0phase d\u2019expansion\u00a0se traduira\u00a0en outre\u00a0par\u00a0la cr\u00e9ation de 250 nouveaux emplois\u00a0en Irlande\u00a0d\u2019ici 2025,\u00a0confirmant\u00a0ainsi\u00a0la volont\u00e9 d\u2019expansion continue de la Soci\u00e9t\u00e9\u00a0en Europe.<\/p>\n<p>Le projet\u00a0ADI\u2009Catalyst\u00a0est un acc\u00e9l\u00e9rateur de collaboration\u00a0de\u00a0pointe\u00a0au sein duquel\u00a0des \u00e9cosyst\u00e8mes de clients, partenaires commerciaux et fournisseurs s\u2019engagent\u00a0aux c\u00f4t\u00e9s d\u2019ADI pour d\u00e9velopper rapidement des solutions\u00a0sophistiqu\u00e9es. L\u2019utilisation de technologies dans\u00a0le cadre d\u2019environnements\u00a0de\u00a0simulation\u00a0et d\u2019applications finales r\u00e9elles\u00a0permet d\u2019acc\u00e9l\u00e9rer\u00a0le d\u00e9veloppement et l\u2019adoption de ces solutions novatrices. Les emplois nouvellement cr\u00e9\u00e9s\u00a0gr\u00e2ce au programme ADI\u2009Catalyst\u00a0seront\u00a0essentiellement\u00a0d\u00e9di\u00e9s au\u00a0d\u00e9veloppement de solutions logicielles et d\u2019innovations\u00a0fond\u00e9es sur l\u2019intelligence artificielle (IA)\u00a0au b\u00e9n\u00e9fice de\u00a0secteurs\u00a0tels que l\u2019Industrie\u20094.0, les\u00a0\u00e9nergies\u00a0durables, l\u2019\u00e9lectrification automobile\u00a0ou\u00a0la connectivit\u00e9 de nouvelle g\u00e9n\u00e9ration.<\/p>\n<p>\u00c0 titre d\u2019exemple, l\u2019une\u00a0des\u00a0initiatives\u00a0Catalyst actuellement en cours\u00a0porte sur le projet exaltant que constitue la transformation du secteur de la\u00a0sant\u00e9\u00a0et\u00a0son \u00e9volution\u00a0d\u2019un\u00a0march\u00e9 de masse vers une approche\u00a0personnalis\u00e9e des\u00a0traitements\u00a0et des soins. ADI\u00a0collabore\u00a0\u00e9troitement\u00a0avec ses clients et leur \u00e9cosyst\u00e8me\u00a0\u00e9largi\u00a0pour cr\u00e9er des syst\u00e8mes de fabrication flexibles\u00a0et\u00a0modulaires\u00a0de nouvelle g\u00e9n\u00e9ration\u00a0qui\u00a0permettent\u00a0d\u2019acc\u00e9l\u00e9rer la modification\u00a0des\u00a0lignes de production\u00a0n\u00e9cessaires \u00e0\u00a0l\u2019individualisation des\u00a0traitements\u00a0m\u00e9dicaux, tels que\u00a0les th\u00e9rapies par cellule CAR\u2009T et les implants humains.<\/p>\n<p>S\u2019exprimant\u00a0\u00e0 propos de ce lancement,\u00a0Vincent Roche, pr\u00e9sident et\u00a0CEO\u00a0d\u2019Analog\u2009Devices, a d\u00e9clar\u00e9\u2009:\u00a0\u00ab\u2009Le programme\u00a0ADI\u2009Catalyst\u00a0est notre dernier investissement\u00a0en date en faveur de\u00a0l\u2019avenir de l\u2019innovation en Irlande ou en Europe\u00a0bien s\u00fbr, mais\u00a0\u00e9galement\u00a0dans le monde entier. Il\u00a0met \u00e0 la disposition\u00a0des\u00a0experts\u00a0de diff\u00e9rents\u00a0domaines\u00a0un\u00a0environnement id\u00e9al\u00a0pour se connecter, collaborer, tester et piloter de nouvelles technologies, de nouveaux mod\u00e8les\u00a0m\u00e9tier\u00a0et de nouveaux \u00e9cosyst\u00e8mes. Le lancement\u00a0du site\u00a0ADI\u2009Catalyst\u00a0permet de partager des id\u00e9es, des\u00a0moyens\u00a0et des ressources avec des \u00e9quipes\u00a0bas\u00e9es\u00a0en Europe et\u00a0aux quatre coins du\u00a0monde,\u00a0au b\u00e9n\u00e9fice du plus grand nombre.\u2009\u00bb<\/p>\n<p>Le projet Catalyst est soutenu par le gouvernement irlandais par l\u2019interm\u00e9diaire d\u2019IDA\u2009Ireland,\u00a0l\u2019office national irlandais en charge de la promotion des investissements directs \u00e9trangers.<\/p>\n<p>Commentant\u00a0cet\u00a0investissement d\u2019ADI,\u00a0Miche\u00e1l\u00a0Martin,\u00a0premier\u00a0ministre (Taoiseach)\u00a0de la R\u00e9publique d\u2019Irlande,\u00a0a d\u00e9clar\u00e9\u2009:\u00a0\u00ab\u2009Nous c\u00e9l\u00e9brons aujourd\u2019hui l\u2019engagement continu d\u2019ADI en\u00a0Irlande depuis\u00a0plusieurs d\u00e9cennies\u00a0avec cette\u00a0nouvelle \u00e9tape\u00a0majeure.\u2009Dans un monde o\u00f9 la technologie\u00a0est pr\u00e9sente\u00a0dans\u00a0toutes les facettes de notre vie\u00a0quotidienne, il n\u2019a jamais \u00e9t\u00e9 aussi important de\u00a0continuer\u00a0d\u2019investir dans l\u2019\u00e9conomie num\u00e9rique moderne.\u2009Le programme\u00a0ADI\u2009Catalyst\u00a0conforte\u00a0la position de Limerick et de l\u2019Irlande\u00a0en tant que plateforme\u00a0de fabrication de semiconducteurs et centre d\u2019excellence pour l\u2019innovation en Europe.\u2009\u00bb<\/p>\n<p>Leo\u00a0Varadkar, vice-premier ministre (T\u00e1naiste)\u00a0et ministre\u00a0irlandais\u00a0du\u00a0Commerce et de l\u2019Emploi, a d\u00e9clar\u00e9\u2009:\u00a0\u00ab\u2009Nous adressons toutes nos f\u00e9licitations \u00e0 l\u2019\u00e9quipe d\u2019Analog Devices pour cette nouvelle expansion qui cr\u00e9era 250 emplois\u00a0\u00e0 Limerick\u00a0au cours des trois prochaines ann\u00e9es. C\u2019est fantastique de voir\u00a0cette\u00a0entreprise aller de succ\u00e8s en succ\u00e8s\u2009!\u00a0Ces 100\u2009millions d\u2019euros suppl\u00e9mentaires seront investis\u00a0en faveur\u00a0de technologies nouvelles et \u00e9mergentes\u00a0dans les domaines de l\u2019intelligence artificielle et de l\u2019apprentissage automatique, de l\u2019\u00e9lectrification automobile et de\u00a0la\u00a0connectivit\u00e9 de\u00a0nouvelle\u00a0g\u00e9n\u00e9ration\u00a0avec\u00a0les applications 5G\u2009. Ce sont\u00a0des domaines passionnants qui cr\u00e9eront les emplois de demain. Merci \u00e0 l\u2019\u00e9quipe d\u2019ADI pour son engagement\u00a0sans faille vis-\u00e0-vis de\u00a0l\u2019Irlande,\u00a0et bonne chance pour cette\u00a0nouvelle\u00a0\u00e9tape\u2009!\u2009\u00bb<\/p>\n<p>Commentant \u00e9galement le lancement d\u2019ADI\u2009Catalyst,\u00a0Martin\u00a0Shanahan,\u00a0directeur g\u00e9n\u00e9ral\u00a0d\u2019IDA\u2009Ireland, a d\u00e9clar\u00e9\u2009:\u00a0\u00ab\u2009Un investissement d\u2019une telle\u00a0ampleur\u00a0de la\u00a0part d\u2019ADI,\u00a0un leader mondial dans son domaine, repr\u00e9sente\u00a0une excellente nouvelle pour la r\u00e9gion du\u00a0Mid-West\u00a0irlandais. Depuis 1976,\u00a0la soci\u00e9t\u00e9\u00a0Analog\u2009Devices\u00a0est pr\u00e9sente en Irlande, o\u00f9 elle emploie plus de 1\u2009300\u2009personnes. Ce\u00a0nouvel\u00a0investissement dans\u00a0le cadre du programme\u00a0ADI\u2009Catalyst\u00a0t\u00e9moigne non seulement de l\u2019importance qu\u2019ADI\u00a0accorde \u00e0 l\u2019innovation,\u00a0mais \u00e9galement\u00a0de son engagement\u00a0historique\u00a0en Irlande et,\u00a0plus largement,\u00a0en Europe. En choisissant d\u2019\u00e9tendre ses activit\u00e9s \u00e0 Limerick, ADI\u00a0p\u00e9rennise ses activit\u00e9s\u00a0dans une r\u00e9gion\u00a0qui se distingue par son \u00e9cosyst\u00e8me commercial dynamique,\u00a0son r\u00e9seau\u00a0d\u2019entreprises internationales\u00a0solidement\u00a0\u00e9tablies et\u00a0son\u00a0vivier de\u00a0talents\u00a0hautement qualifi\u00e9s. Je tiens \u00e0 assurer ADI du soutien\u00a0sans faille\u00a0d\u2019IDA Ireland.\u2009\u00bb<\/p>\n<p>Outre\u00a0ADI\u2009Catalyst, l\u2019Irlande\u00a0h\u00e9berge\u00a0le\u00a0Centre\u00a0europ\u00e9en de recherche et d\u00e9veloppement d\u2019ADI qui jouit d\u2019une\u00a0solide\u00a0r\u00e9putation\u00a0pour le\u00a0d\u00e9veloppement de technologies de pointe et\u00a0d\u00e9tient\u00a0plus d\u2019un millier de\u00a0brevets. Analog Devices\u00a0a\u00a0install\u00e9\u00a0son centre europ\u00e9en de fabrication et de R&amp;D en 1976 \u00e0 Limerick,\u00a0o\u00f9 se trouve toujours\u00a0son\u00a0si\u00e8ge europ\u00e9en. La Soci\u00e9t\u00e9\u00a0emploie plus de 2\u2009200\u00a0personnes en Europe, r\u00e9parties dans\u00a014 sites.<\/p>\n<p><a href=\"http:\/\/www.analog.com\/\">http:\/\/www.analog.com<\/a><\/p>\n<p>&nbsp;<\/p>\n","protected":false},"excerpt":{"rendered":"<p>Analog\u2009Devices,\u2009Inc,\u00a0a annonc\u00e9\u00a0sa d\u00e9cision d\u2019investir 100\u2009millions d\u2019euros au cours des trois prochaines ann\u00e9es dans\u00a0le programme\u00a0ADI\u2009Catalyst, un\u00a0site d\u2019environ 9\u2009000 m\u00e8tres\u00a0carr\u00e9s\u00a0sp\u00e9cialement\u00a0construit pour\u00a0favoriser\u00a0l\u2019innovation et la collaboration. Cette nouvelle installation sera\u00a0situ\u00e9e sur\u00a0le\u00a0campus\u00a0dont dispose\u00a0la Soci\u00e9t\u00e9\u00a0dans le parc d\u2019activit\u00e9s\u00a0Raheen\u00a0Business Park\u00a0de\u00a0Limerick\u00a0(Irlande).\u00a0Cette\u00a0nouvelle\u00a0phase d\u2019expansion\u00a0se traduira\u00a0en outre\u00a0par\u00a0la cr\u00e9ation de 250 nouveaux emplois\u00a0en Irlande\u00a0d\u2019ici 2025,\u00a0confirmant\u00a0ainsi\u00a0la volont\u00e9 d\u2019expansion continue de la Soci\u00e9t\u00e9\u00a0en Europe. Le projet\u00a0ADI\u2009Catalyst\u00a0est un acc\u00e9l\u00e9rateur de [&hellip;]<\/p>\n","protected":false},"author":36,"featured_media":277193,"comment_status":"closed","ping_status":"closed","sticky":false,"template":"","format":"standard","meta":{"_acf_changed":false,"footnotes":""},"categories":[880],"tags":[936],"domains":[47],"ppma_author":[1154],"class_list":["post-277161","post","type-post","status-publish","format-standard","has-post-thumbnail","hentry","category-actualites-economiques","tag-circuits-integres","domains-electronique-eci"],"acf":[],"yoast_head":"<title>Analog Devices investit 100 millions d\u2019euros en Europe ...<\/title>\n<meta name=\"description\" content=\"Analog\u2009Devices,\u2009Inc,\u00a0a annonc\u00e9\u00a0sa d\u00e9cision d\u2019investir 100\u2009millions d\u2019euros au cours des trois prochaines ann\u00e9es dans\u00a0le...\" \/>\n<meta name=\"robots\" content=\"index, follow, max-snippet:-1, max-image-preview:large, max-video-preview:-1\" \/>\n<link rel=\"canonical\" href=\"https:\/\/www.ecinews.fr\/fr\/wp-json\/wp\/v2\/posts\/277161\/\" \/>\n<meta property=\"og:locale\" content=\"fr_FR\" \/>\n<meta property=\"og:type\" content=\"article\" \/>\n<meta property=\"og:title\" content=\"Analog Devices investit 100 millions d\u2019euros en Europe\" \/>\n<meta property=\"og:description\" content=\"Analog\u2009Devices,\u2009Inc,\u00a0a annonc\u00e9\u00a0sa d\u00e9cision d\u2019investir 100\u2009millions d\u2019euros au cours des trois prochaines ann\u00e9es dans\u00a0le programme\u00a0ADI\u2009Catalyst, un\u00a0site d\u2019environ 9\u2009000 m\u00e8tres\u00a0carr\u00e9s\u00a0sp\u00e9cialement\u00a0construit pour\u00a0favoriser\u00a0l\u2019innovation et la collaboration. Cette nouvelle installation sera\u00a0situ\u00e9e sur\u00a0le\u00a0campus\u00a0dont dispose\u00a0la Soci\u00e9t\u00e9\u00a0dans le parc d\u2019activit\u00e9s\u00a0Raheen\u00a0Business Park\u00a0de\u00a0Limerick\u00a0(Irlande).\u00a0Cette\u00a0nouvelle\u00a0phase d\u2019expansion\u00a0se traduira\u00a0en outre\u00a0par\u00a0la cr\u00e9ation de 250 nouveaux emplois\u00a0en Irlande\u00a0d\u2019ici 2025,\u00a0confirmant\u00a0ainsi\u00a0la volont\u00e9 d\u2019expansion continue de la Soci\u00e9t\u00e9\u00a0en Europe. Le projet\u00a0ADI\u2009Catalyst\u00a0est un acc\u00e9l\u00e9rateur de [&hellip;]\" \/>\n<meta property=\"og:url\" content=\"https:\/\/www.ecinews.fr\/fr\/wp-json\/wp\/v2\/posts\/277161\/\" \/>\n<meta property=\"og:site_name\" content=\"EENewsEurope\" \/>\n<meta property=\"article:published_time\" content=\"2022-03-08T19:11:08+00:00\" \/>\n<meta property=\"og:image\" content=\"https:\/\/www.ecinews.fr\/wp-content\/uploads\/2022\/03\/ECI1088_ADI_actu_web.jpg\" \/>\n\t<meta property=\"og:image:width\" content=\"832\" \/>\n\t<meta property=\"og:image:height\" content=\"675\" \/>\n\t<meta property=\"og:image:type\" content=\"image\/jpeg\" \/>\n<meta name=\"author\" content=\"Alain Dieul\" \/>\n<meta name=\"twitter:card\" content=\"summary_large_image\" \/>\n<meta name=\"twitter:label1\" content=\"Written by\" \/>\n\t<meta name=\"twitter:data1\" content=\"Alain Dieul\" \/>\n\t<meta name=\"twitter:label2\" content=\"Est. reading time\" \/>\n\t<meta name=\"twitter:data2\" content=\"4 minutes\" \/>\n<script type=\"application\/ld+json\" class=\"yoast-schema-graph\">{\"@context\":\"https:\/\/schema.org\",\"@graph\":[{\"@type\":\"Article\",\"@id\":\"https:\/\/www.ecinews.fr\/fr\/analog-devices-investit-100-millions-deuros-en-europe\/#article\",\"isPartOf\":{\"@id\":\"https:\/\/www.ecinews.fr\/fr\/analog-devices-investit-100-millions-deuros-en-europe\/\"},\"author\":{\"name\":\"Alain Dieul\",\"@id\":\"https:\/\/www.ecinews.fr\/fr\/#\/schema\/person\/e4387676ad67ce722325c7832f3c3762\"},\"headline\":\"Analog Devices investit 100 millions d\u2019euros en Europe\",\"datePublished\":\"2022-03-08T19:11:08+00:00\",\"dateModified\":\"2022-03-08T19:11:08+00:00\",\"mainEntityOfPage\":{\"@id\":\"https:\/\/www.ecinews.fr\/fr\/analog-devices-investit-100-millions-deuros-en-europe\/\"},\"wordCount\":977,\"publisher\":{\"@id\":\"https:\/\/www.ecinews.fr\/fr\/#organization\"},\"keywords\":[\"Circuits int\u00e9gr\u00e9s\"],\"articleSection\":[\"Actualit\u00e9s \u00e9conomiques\"],\"inLanguage\":\"fr-FR\"},{\"@type\":\"WebPage\",\"@id\":\"https:\/\/www.ecinews.fr\/fr\/analog-devices-investit-100-millions-deuros-en-europe\/\",\"url\":\"https:\/\/www.ecinews.fr\/fr\/analog-devices-investit-100-millions-deuros-en-europe\/\",\"name\":\"Analog Devices investit 100 millions d\u2019euros en Europe -\",\"isPartOf\":{\"@id\":\"https:\/\/www.ecinews.fr\/fr\/#website\"},\"datePublished\":\"2022-03-08T19:11:08+00:00\",\"dateModified\":\"2022-03-08T19:11:08+00:00\",\"breadcrumb\":{\"@id\":\"https:\/\/www.ecinews.fr\/fr\/analog-devices-investit-100-millions-deuros-en-europe\/#breadcrumb\"},\"inLanguage\":\"fr-FR\",\"potentialAction\":[{\"@type\":\"ReadAction\",\"target\":[\"https:\/\/www.ecinews.fr\/fr\/analog-devices-investit-100-millions-deuros-en-europe\/\"]}]},{\"@type\":\"BreadcrumbList\",\"@id\":\"https:\/\/www.ecinews.fr\/fr\/analog-devices-investit-100-millions-deuros-en-europe\/#breadcrumb\",\"itemListElement\":[{\"@type\":\"ListItem\",\"position\":1,\"name\":\"Home\",\"item\":\"https:\/\/www.ecinews.fr\/fr\/\"},{\"@type\":\"ListItem\",\"position\":2,\"name\":\"Analog Devices investit 100 millions d\u2019euros en Europe\"}]},{\"@type\":\"WebSite\",\"@id\":\"https:\/\/www.ecinews.fr\/fr\/#website\",\"url\":\"https:\/\/www.ecinews.fr\/fr\/\",\"name\":\"EENewsEurope\",\"description\":\"Just another WordPress site\",\"publisher\":{\"@id\":\"https:\/\/www.ecinews.fr\/fr\/#organization\"},\"potentialAction\":[{\"@type\":\"SearchAction\",\"target\":{\"@type\":\"EntryPoint\",\"urlTemplate\":\"https:\/\/www.ecinews.fr\/fr\/?s={search_term_string}\"},\"query-input\":\"required name=search_term_string\"}],\"inLanguage\":\"fr-FR\"},{\"@type\":\"Organization\",\"@id\":\"https:\/\/www.ecinews.fr\/fr\/#organization\",\"name\":\"EENewsEurope\",\"url\":\"https:\/\/www.ecinews.fr\/fr\/\",\"logo\":{\"@type\":\"ImageObject\",\"inLanguage\":\"fr-FR\",\"@id\":\"https:\/\/www.ecinews.fr\/fr\/#\/schema\/logo\/image\/\",\"url\":\"https:\/\/www.ecinews.fr\/wp-content\/uploads\/2022\/02\/logo-1.jpg\",\"contentUrl\":\"https:\/\/www.ecinews.fr\/wp-content\/uploads\/2022\/02\/logo-1.jpg\",\"width\":283,\"height\":113,\"caption\":\"EENewsEurope\"},\"image\":{\"@id\":\"https:\/\/www.ecinews.fr\/fr\/#\/schema\/logo\/image\/\"}},{\"@type\":\"Person\",\"@id\":\"https:\/\/www.ecinews.fr\/fr\/#\/schema\/person\/e4387676ad67ce722325c7832f3c3762\",\"name\":\"Alain Dieul\",\"image\":{\"@type\":\"ImageObject\",\"inLanguage\":\"fr-FR\",\"@id\":\"https:\/\/www.ecinews.fr\/fr\/#\/schema\/person\/image\/736120675699dbbf0f0f282b9a9cfb75\",\"url\":\"https:\/\/secure.gravatar.com\/avatar\/bc93b056d07515be5b8eecd4acf49c5c?s=96&d=mm&r=g\",\"contentUrl\":\"https:\/\/secure.gravatar.com\/avatar\/bc93b056d07515be5b8eecd4acf49c5c?s=96&d=mm&r=g\",\"caption\":\"Alain Dieul\"},\"sameAs\":[\"http:\/\/ECINews\"]}]}<\/script>","yoast_head_json":{"title":"Analog Devices investit 100 millions d\u2019euros en Europe ...","description":"Analog\u2009Devices,\u2009Inc,\u00a0a annonc\u00e9\u00a0sa d\u00e9cision d\u2019investir 100\u2009millions d\u2019euros au cours des trois prochaines ann\u00e9es dans\u00a0le...","robots":{"index":"index","follow":"follow","max-snippet":"max-snippet:-1","max-image-preview":"max-image-preview:large","max-video-preview":"max-video-preview:-1"},"canonical":"https:\/\/www.ecinews.fr\/fr\/wp-json\/wp\/v2\/posts\/277161\/","og_locale":"fr_FR","og_type":"article","og_title":"Analog Devices investit 100 millions d\u2019euros en Europe","og_description":"Analog\u2009Devices,\u2009Inc,\u00a0a annonc\u00e9\u00a0sa d\u00e9cision d\u2019investir 100\u2009millions d\u2019euros au cours des trois prochaines ann\u00e9es dans\u00a0le programme\u00a0ADI\u2009Catalyst, un\u00a0site d\u2019environ 9\u2009000 m\u00e8tres\u00a0carr\u00e9s\u00a0sp\u00e9cialement\u00a0construit pour\u00a0favoriser\u00a0l\u2019innovation et la collaboration. Cette nouvelle installation sera\u00a0situ\u00e9e sur\u00a0le\u00a0campus\u00a0dont dispose\u00a0la Soci\u00e9t\u00e9\u00a0dans le parc d\u2019activit\u00e9s\u00a0Raheen\u00a0Business Park\u00a0de\u00a0Limerick\u00a0(Irlande).\u00a0Cette\u00a0nouvelle\u00a0phase d\u2019expansion\u00a0se traduira\u00a0en outre\u00a0par\u00a0la cr\u00e9ation de 250 nouveaux emplois\u00a0en Irlande\u00a0d\u2019ici 2025,\u00a0confirmant\u00a0ainsi\u00a0la volont\u00e9 d\u2019expansion continue de la Soci\u00e9t\u00e9\u00a0en Europe. Le projet\u00a0ADI\u2009Catalyst\u00a0est un acc\u00e9l\u00e9rateur de [&hellip;]","og_url":"https:\/\/www.ecinews.fr\/fr\/wp-json\/wp\/v2\/posts\/277161\/","og_site_name":"EENewsEurope","article_published_time":"2022-03-08T19:11:08+00:00","og_image":[{"width":832,"height":675,"url":"https:\/\/www.ecinews.fr\/wp-content\/uploads\/2022\/03\/ECI1088_ADI_actu_web.jpg","type":"image\/jpeg"}],"author":"Alain Dieul","twitter_card":"summary_large_image","twitter_misc":{"Written by":"Alain Dieul","Est. reading time":"4 minutes"},"schema":{"@context":"https:\/\/schema.org","@graph":[{"@type":"Article","@id":"https:\/\/www.ecinews.fr\/fr\/analog-devices-investit-100-millions-deuros-en-europe\/#article","isPartOf":{"@id":"https:\/\/www.ecinews.fr\/fr\/analog-devices-investit-100-millions-deuros-en-europe\/"},"author":{"name":"Alain Dieul","@id":"https:\/\/www.ecinews.fr\/fr\/#\/schema\/person\/e4387676ad67ce722325c7832f3c3762"},"headline":"Analog Devices investit 100 millions d\u2019euros en Europe","datePublished":"2022-03-08T19:11:08+00:00","dateModified":"2022-03-08T19:11:08+00:00","mainEntityOfPage":{"@id":"https:\/\/www.ecinews.fr\/fr\/analog-devices-investit-100-millions-deuros-en-europe\/"},"wordCount":977,"publisher":{"@id":"https:\/\/www.ecinews.fr\/fr\/#organization"},"keywords":["Circuits int\u00e9gr\u00e9s"],"articleSection":["Actualit\u00e9s \u00e9conomiques"],"inLanguage":"fr-FR"},{"@type":"WebPage","@id":"https:\/\/www.ecinews.fr\/fr\/analog-devices-investit-100-millions-deuros-en-europe\/","url":"https:\/\/www.ecinews.fr\/fr\/analog-devices-investit-100-millions-deuros-en-europe\/","name":"Analog Devices investit 100 millions d\u2019euros en Europe -","isPartOf":{"@id":"https:\/\/www.ecinews.fr\/fr\/#website"},"datePublished":"2022-03-08T19:11:08+00:00","dateModified":"2022-03-08T19:11:08+00:00","breadcrumb":{"@id":"https:\/\/www.ecinews.fr\/fr\/analog-devices-investit-100-millions-deuros-en-europe\/#breadcrumb"},"inLanguage":"fr-FR","potentialAction":[{"@type":"ReadAction","target":["https:\/\/www.ecinews.fr\/fr\/analog-devices-investit-100-millions-deuros-en-europe\/"]}]},{"@type":"BreadcrumbList","@id":"https:\/\/www.ecinews.fr\/fr\/analog-devices-investit-100-millions-deuros-en-europe\/#breadcrumb","itemListElement":[{"@type":"ListItem","position":1,"name":"Home","item":"https:\/\/www.ecinews.fr\/fr\/"},{"@type":"ListItem","position":2,"name":"Analog Devices investit 100 millions d\u2019euros en Europe"}]},{"@type":"WebSite","@id":"https:\/\/www.ecinews.fr\/fr\/#website","url":"https:\/\/www.ecinews.fr\/fr\/","name":"EENewsEurope","description":"Just another WordPress site","publisher":{"@id":"https:\/\/www.ecinews.fr\/fr\/#organization"},"potentialAction":[{"@type":"SearchAction","target":{"@type":"EntryPoint","urlTemplate":"https:\/\/www.ecinews.fr\/fr\/?s={search_term_string}"},"query-input":"required name=search_term_string"}],"inLanguage":"fr-FR"},{"@type":"Organization","@id":"https:\/\/www.ecinews.fr\/fr\/#organization","name":"EENewsEurope","url":"https:\/\/www.ecinews.fr\/fr\/","logo":{"@type":"ImageObject","inLanguage":"fr-FR","@id":"https:\/\/www.ecinews.fr\/fr\/#\/schema\/logo\/image\/","url":"https:\/\/www.ecinews.fr\/wp-content\/uploads\/2022\/02\/logo-1.jpg","contentUrl":"https:\/\/www.ecinews.fr\/wp-content\/uploads\/2022\/02\/logo-1.jpg","width":283,"height":113,"caption":"EENewsEurope"},"image":{"@id":"https:\/\/www.ecinews.fr\/fr\/#\/schema\/logo\/image\/"}},{"@type":"Person","@id":"https:\/\/www.ecinews.fr\/fr\/#\/schema\/person\/e4387676ad67ce722325c7832f3c3762","name":"Alain Dieul","image":{"@type":"ImageObject","inLanguage":"fr-FR","@id":"https:\/\/www.ecinews.fr\/fr\/#\/schema\/person\/image\/736120675699dbbf0f0f282b9a9cfb75","url":"https:\/\/secure.gravatar.com\/avatar\/bc93b056d07515be5b8eecd4acf49c5c?s=96&d=mm&r=g","contentUrl":"https:\/\/secure.gravatar.com\/avatar\/bc93b056d07515be5b8eecd4acf49c5c?s=96&d=mm&r=g","caption":"Alain Dieul"},"sameAs":["http:\/\/ECINews"]}]}},"authors":[{"term_id":1154,"user_id":36,"is_guest":0,"slug":"alain-dieul","display_name":"Alain Dieul","avatar_url":"https:\/\/secure.gravatar.com\/avatar\/bc93b056d07515be5b8eecd4acf49c5c?s=96&d=mm&r=g","0":null,"1":"","2":"","3":"","4":"","5":"","6":"","7":"","8":""}],"_links":{"self":[{"href":"https:\/\/www.ecinews.fr\/fr\/wp-json\/wp\/v2\/posts\/277161"}],"collection":[{"href":"https:\/\/www.ecinews.fr\/fr\/wp-json\/wp\/v2\/posts"}],"about":[{"href":"https:\/\/www.ecinews.fr\/fr\/wp-json\/wp\/v2\/types\/post"}],"author":[{"embeddable":true,"href":"https:\/\/www.ecinews.fr\/fr\/wp-json\/wp\/v2\/users\/36"}],"replies":[{"embeddable":true,"href":"https:\/\/www.ecinews.fr\/fr\/wp-json\/wp\/v2\/comments?post=277161"}],"version-history":[{"count":0,"href":"https:\/\/www.ecinews.fr\/fr\/wp-json\/wp\/v2\/posts\/277161\/revisions"}],"wp:featuredmedia":[{"embeddable":true,"href":"https:\/\/www.ecinews.fr\/fr\/wp-json\/wp\/v2\/media\/277193"}],"wp:attachment":[{"href":"https:\/\/www.ecinews.fr\/fr\/wp-json\/wp\/v2\/media?parent=277161"}],"wp:term":[{"taxonomy":"category","embeddable":true,"href":"https:\/\/www.ecinews.fr\/fr\/wp-json\/wp\/v2\/categories?post=277161"},{"taxonomy":"post_tag","embeddable":true,"href":"https:\/\/www.ecinews.fr\/fr\/wp-json\/wp\/v2\/tags?post=277161"},{"taxonomy":"domains","embeddable":true,"href":"https:\/\/www.ecinews.fr\/fr\/wp-json\/wp\/v2\/domains?post=277161"},{"taxonomy":"author","embeddable":true,"href":"https:\/\/www.ecinews.fr\/fr\/wp-json\/wp\/v2\/ppma_author?post=277161"}],"curies":[{"name":"wp","href":"https:\/\/api.w.org\/{rel}","templated":true}]}}