{"id":277055,"date":"2022-03-08T09:52:14","date_gmt":"2022-03-08T08:52:14","guid":{"rendered":"https:\/\/www.ecinews.fr\/?p=277055"},"modified":"2022-03-08T09:52:14","modified_gmt":"2022-03-08T08:52:14","slug":"elemca-devient-officiellement-laboratoire-recommande-par-lesa","status":"publish","type":"post","link":"https:\/\/www.ecinews.fr\/fr\/elemca-devient-officiellement-laboratoire-recommande-par-lesa\/","title":{"rendered":"ELEMCA devient officiellement \u00ab Laboratoire recommand\u00e9 par l\u2019ESA \u00bb"},"content":{"rendered":"<p>L\u2019ESA vient d\u2019int\u00e8grer la soci\u00e9t\u00e9 ELEMCA, bas\u00e9e \u00e0 Toulouse (CNES + Ramonville), \u00e0 sa liste de laboratoires recommand\u00e9s pour la v\u00e9rification (microsections + inspections optiques) des brasures des circuits imprim\u00e9s assembl\u00e9s \u00e0 destination d\u2019applications spatiales.<\/p>\n<p>ELEMCA est un laboratoire priv\u00e9 et ind\u00e9pendant, bas\u00e9 \u00e0 Toulouse. Il travaille au service des Bureaux d\u2019Etudes, des \u00e9quipes industrialisation (proc\u00e9d\u00e9s, m\u00e9thodes de fabrication) et qualit\u00e9 (Assurance Qualit\u00e9 Fournisseurs, Assurance Qualit\u00e9 Produit) de l\u2019industrie \u00e9lectronique\u00a0de pointe. Ses clients sont fabricants de composants \u00e9lectroniques, EMS, \u00e9quipementiers et constructeurs (a\u00e9ronautique, espace, d\u00e9fense, transports, \u00e9nergie). Ils confient \u00e0 ELEMCA leurs besoins d\u2019expertise en fiabilit\u00e9, qualification, contr\u00f4les d\u2019entr\u00e9e, analyses mat\u00e9riaux, analyses de d\u00e9faillance et recherche de cause racine.<\/p>\n<p>Depuis sa cr\u00e9ation et gr\u00e2ce \u00e0 un lien historique avec le CNES et le p\u00f4le Aerospace Valley, ELEMCA accompagne l\u2019industrie spatiale dans la mont\u00e9e en gamme de ses d\u00e9veloppements technologiques\u00a0\u2013 h\u00e9ritage et new space : t\u00e9l\u00e9com \/ IOT, g\u00e9olocalisation, observation scientifique et de d\u00e9fense.<\/p>\n<p>Aujourd\u2019hui, l\u2019ESA int\u00e8gre officiellement ELEMCA \u00e0 sa liste des laboratoires recommand\u00e9s pour les prestations de v\u00e9rification des brasures de composants \u00e9lectroniques assembl\u00e9s sur cartes \u00e9lectroniques spatiales.<\/p>\n<p>Les exigences d\u00e9finies par les normes en vigueur (ECSS-Q-ST-70-08C\/38C) sont impos\u00e9es \u00e0 ces derni\u00e8res et permettent de garantir un tr\u00e8s haut niveau de qualit\u00e9. Cette nouvelle gamme de services compl\u00e8te l\u2019offre ELEMCA sp\u00e9cifique aux \u00e9quipements spatiaux\u00a0(essais sous vide thermique, tests de d\u00e9gazage) et plus largement destin\u00e9e aux cartes et composants \u00e9lectroniques (analyses physiques et de d\u00e9faillance, essais environnementaux, simulation num\u00e9rique, caract\u00e9risation des propri\u00e9t\u00e9s mat\u00e9riaux).<\/p>\n<p>Services ELEMCA de v\u00e9rification de conformit\u00e9 ECSS\u00a0:<\/p>\n<p><a href=\"https:\/\/www.elemca.com\/conformite-ipc-ecss\/\">www.elemca.com\/conformite-ipc-ecss\/<\/a><\/p>\n<p>&nbsp;<\/p>\n<p>www.elemca.com<\/p>\n","protected":false},"excerpt":{"rendered":"<p>L\u2019ESA vient d\u2019int\u00e8grer la soci\u00e9t\u00e9 ELEMCA, bas\u00e9e \u00e0 Toulouse (CNES + Ramonville), \u00e0 sa liste de laboratoires recommand\u00e9s pour la v\u00e9rification (microsections + inspections optiques) des brasures des circuits imprim\u00e9s assembl\u00e9s \u00e0 destination d\u2019applications spatiales. ELEMCA est un laboratoire priv\u00e9 et ind\u00e9pendant, bas\u00e9 \u00e0 Toulouse. Il travaille au service des Bureaux d\u2019Etudes, des \u00e9quipes industrialisation [&hellip;]<\/p>\n","protected":false},"author":36,"featured_media":277056,"comment_status":"closed","ping_status":"closed","sticky":false,"template":"","format":"standard","meta":{"_acf_changed":false,"footnotes":""},"categories":[886],"tags":[911],"domains":[47],"ppma_author":[1154],"class_list":["post-277055","post","type-post","status-publish","format-standard","has-post-thumbnail","hentry","category-news-fr","tag-testandmeasurement-fr","domains-electronique-eci"],"acf":[],"yoast_head":"<title><\/title>\n<meta name=\"description\" content=\"L\u2019ESA vient d\u2019int\u00e8grer la soci\u00e9t\u00e9 ELEMCA, bas\u00e9e \u00e0 Toulouse (CNES + Ramonville), \u00e0 sa liste de laboratoires recommand\u00e9s pour la v\u00e9rification...\" \/>\n<meta name=\"robots\" content=\"index, follow, max-snippet:-1, max-image-preview:large, max-video-preview:-1\" \/>\n<link rel=\"canonical\" href=\"https:\/\/www.ecinews.fr\/fr\/wp-json\/wp\/v2\/posts\/277055\/\" \/>\n<meta property=\"og:locale\" content=\"fr_FR\" \/>\n<meta property=\"og:type\" content=\"article\" \/>\n<meta property=\"og:title\" content=\"ELEMCA devient officiellement \u00ab Laboratoire recommand\u00e9 par l\u2019ESA \u00bb\" \/>\n<meta property=\"og:description\" content=\"L\u2019ESA vient d\u2019int\u00e8grer la soci\u00e9t\u00e9 ELEMCA, bas\u00e9e \u00e0 Toulouse (CNES + Ramonville), \u00e0 sa liste de laboratoires recommand\u00e9s pour la v\u00e9rification (microsections + inspections optiques) des brasures des circuits imprim\u00e9s assembl\u00e9s \u00e0 destination d\u2019applications spatiales. ELEMCA est un laboratoire priv\u00e9 et ind\u00e9pendant, bas\u00e9 \u00e0 Toulouse. Il travaille au service des Bureaux d\u2019Etudes, des \u00e9quipes industrialisation [&hellip;]\" \/>\n<meta property=\"og:url\" content=\"https:\/\/www.ecinews.fr\/fr\/wp-json\/wp\/v2\/posts\/277055\/\" \/>\n<meta property=\"og:site_name\" content=\"EENewsEurope\" \/>\n<meta property=\"article:published_time\" content=\"2022-03-08T08:52:14+00:00\" \/>\n<meta property=\"og:image\" content=\"https:\/\/cdn.eenewseurope.com\/wp-content\/uploads\/2022\/03\/ECI1080_ELEMCA_actu-scaled.jpg\" \/>\n\t<meta property=\"og:image:width\" content=\"1080\" \/>\n\t<meta property=\"og:image:height\" content=\"719\" \/>\n\t<meta property=\"og:image:type\" content=\"image\/jpeg\" \/>\n<meta name=\"author\" content=\"Alain Dieul\" \/>\n<meta name=\"twitter:card\" content=\"summary_large_image\" \/>\n<meta name=\"twitter:label1\" content=\"Written by\" \/>\n\t<meta name=\"twitter:data1\" content=\"Alain Dieul\" \/>\n\t<meta name=\"twitter:label2\" content=\"Est. reading time\" \/>\n\t<meta name=\"twitter:data2\" content=\"2 minutes\" \/>\n<script type=\"application\/ld+json\" class=\"yoast-schema-graph\">{\"@context\":\"https:\/\/schema.org\",\"@graph\":[{\"@type\":\"Article\",\"@id\":\"https:\/\/cdn.eenewseurope.com\/fr\/elemca-devient-officiellement-laboratoire-recommande-par-lesa\/#article\",\"isPartOf\":{\"@id\":\"https:\/\/cdn.eenewseurope.com\/fr\/elemca-devient-officiellement-laboratoire-recommande-par-lesa\/\"},\"author\":{\"name\":\"Alain Dieul\",\"@id\":\"https:\/\/www.ecinews.fr\/fr\/#\/schema\/person\/e4387676ad67ce722325c7832f3c3762\"},\"headline\":\"ELEMCA devient officiellement \u00ab Laboratoire recommand\u00e9 par l\u2019ESA \u00bb\",\"datePublished\":\"2022-03-08T08:52:14+00:00\",\"dateModified\":\"2022-03-08T08:52:14+00:00\",\"mainEntityOfPage\":{\"@id\":\"https:\/\/cdn.eenewseurope.com\/fr\/elemca-devient-officiellement-laboratoire-recommande-par-lesa\/\"},\"wordCount\":316,\"publisher\":{\"@id\":\"https:\/\/www.ecinews.fr\/fr\/#organization\"},\"keywords\":[\"TestandMeasurement\"],\"articleSection\":[\"Actualit\u00e9 g\u00e9n\u00e9rale\"],\"inLanguage\":\"fr-FR\"},{\"@type\":\"WebPage\",\"@id\":\"https:\/\/cdn.eenewseurope.com\/fr\/elemca-devient-officiellement-laboratoire-recommande-par-lesa\/\",\"url\":\"https:\/\/cdn.eenewseurope.com\/fr\/elemca-devient-officiellement-laboratoire-recommande-par-lesa\/\",\"name\":\"ELEMCA devient officiellement \u00ab Laboratoire recommand\u00e9 par l\u2019ESA \u00bb -\",\"isPartOf\":{\"@id\":\"https:\/\/www.ecinews.fr\/fr\/#website\"},\"datePublished\":\"2022-03-08T08:52:14+00:00\",\"dateModified\":\"2022-03-08T08:52:14+00:00\",\"breadcrumb\":{\"@id\":\"https:\/\/cdn.eenewseurope.com\/fr\/elemca-devient-officiellement-laboratoire-recommande-par-lesa\/#breadcrumb\"},\"inLanguage\":\"fr-FR\",\"potentialAction\":[{\"@type\":\"ReadAction\",\"target\":[\"https:\/\/cdn.eenewseurope.com\/fr\/elemca-devient-officiellement-laboratoire-recommande-par-lesa\/\"]}]},{\"@type\":\"BreadcrumbList\",\"@id\":\"https:\/\/cdn.eenewseurope.com\/fr\/elemca-devient-officiellement-laboratoire-recommande-par-lesa\/#breadcrumb\",\"itemListElement\":[{\"@type\":\"ListItem\",\"position\":1,\"name\":\"Home\",\"item\":\"https:\/\/www.ecinews.fr\/fr\/\"},{\"@type\":\"ListItem\",\"position\":2,\"name\":\"ELEMCA devient officiellement \u00ab Laboratoire recommand\u00e9 par l\u2019ESA \u00bb\"}]},{\"@type\":\"WebSite\",\"@id\":\"https:\/\/www.ecinews.fr\/fr\/#website\",\"url\":\"https:\/\/www.ecinews.fr\/fr\/\",\"name\":\"EENewsEurope\",\"description\":\"Just another WordPress site\",\"publisher\":{\"@id\":\"https:\/\/www.ecinews.fr\/fr\/#organization\"},\"potentialAction\":[{\"@type\":\"SearchAction\",\"target\":{\"@type\":\"EntryPoint\",\"urlTemplate\":\"https:\/\/www.ecinews.fr\/fr\/?s={search_term_string}\"},\"query-input\":\"required name=search_term_string\"}],\"inLanguage\":\"fr-FR\"},{\"@type\":\"Organization\",\"@id\":\"https:\/\/www.ecinews.fr\/fr\/#organization\",\"name\":\"EENewsEurope\",\"url\":\"https:\/\/www.ecinews.fr\/fr\/\",\"logo\":{\"@type\":\"ImageObject\",\"inLanguage\":\"fr-FR\",\"@id\":\"https:\/\/www.ecinews.fr\/fr\/#\/schema\/logo\/image\/\",\"url\":\"https:\/\/www.ecinews.fr\/wp-content\/uploads\/2022\/02\/logo-1.jpg\",\"contentUrl\":\"https:\/\/www.ecinews.fr\/wp-content\/uploads\/2022\/02\/logo-1.jpg\",\"width\":283,\"height\":113,\"caption\":\"EENewsEurope\"},\"image\":{\"@id\":\"https:\/\/www.ecinews.fr\/fr\/#\/schema\/logo\/image\/\"}},{\"@type\":\"Person\",\"@id\":\"https:\/\/www.ecinews.fr\/fr\/#\/schema\/person\/e4387676ad67ce722325c7832f3c3762\",\"name\":\"Alain Dieul\",\"image\":{\"@type\":\"ImageObject\",\"inLanguage\":\"fr-FR\",\"@id\":\"https:\/\/www.ecinews.fr\/fr\/#\/schema\/person\/image\/736120675699dbbf0f0f282b9a9cfb75\",\"url\":\"https:\/\/secure.gravatar.com\/avatar\/bc93b056d07515be5b8eecd4acf49c5c?s=96&d=mm&r=g\",\"contentUrl\":\"https:\/\/secure.gravatar.com\/avatar\/bc93b056d07515be5b8eecd4acf49c5c?s=96&d=mm&r=g\",\"caption\":\"Alain Dieul\"},\"sameAs\":[\"http:\/\/ECINews\"]}]}<\/script>","yoast_head_json":{"title":"ELEMCA devient officiellement \u00ab Laboratoire recommand\u00e9 par l?...","description":"L\u2019ESA vient d\u2019int\u00e8grer la soci\u00e9t\u00e9 ELEMCA, bas\u00e9e \u00e0 Toulouse (CNES + Ramonville), \u00e0 sa liste de laboratoires recommand\u00e9s pour la v\u00e9rification...","robots":{"index":"index","follow":"follow","max-snippet":"max-snippet:-1","max-image-preview":"max-image-preview:large","max-video-preview":"max-video-preview:-1"},"canonical":"https:\/\/www.ecinews.fr\/fr\/wp-json\/wp\/v2\/posts\/277055\/","og_locale":"fr_FR","og_type":"article","og_title":"ELEMCA devient officiellement \u00ab Laboratoire recommand\u00e9 par l\u2019ESA \u00bb","og_description":"L\u2019ESA vient d\u2019int\u00e8grer la soci\u00e9t\u00e9 ELEMCA, bas\u00e9e \u00e0 Toulouse (CNES + Ramonville), \u00e0 sa liste de laboratoires recommand\u00e9s pour la v\u00e9rification (microsections + inspections optiques) des brasures des circuits imprim\u00e9s assembl\u00e9s \u00e0 destination d\u2019applications spatiales. ELEMCA est un laboratoire priv\u00e9 et ind\u00e9pendant, bas\u00e9 \u00e0 Toulouse. Il travaille au service des Bureaux d\u2019Etudes, des \u00e9quipes industrialisation [&hellip;]","og_url":"https:\/\/www.ecinews.fr\/fr\/wp-json\/wp\/v2\/posts\/277055\/","og_site_name":"EENewsEurope","article_published_time":"2022-03-08T08:52:14+00:00","og_image":[{"width":1080,"height":719,"url":"https:\/\/cdn.eenewseurope.com\/wp-content\/uploads\/2022\/03\/ECI1080_ELEMCA_actu-scaled.jpg","type":"image\/jpeg"}],"author":"Alain Dieul","twitter_card":"summary_large_image","twitter_misc":{"Written by":"Alain Dieul","Est. reading time":"2 minutes"},"schema":{"@context":"https:\/\/schema.org","@graph":[{"@type":"Article","@id":"https:\/\/cdn.eenewseurope.com\/fr\/elemca-devient-officiellement-laboratoire-recommande-par-lesa\/#article","isPartOf":{"@id":"https:\/\/cdn.eenewseurope.com\/fr\/elemca-devient-officiellement-laboratoire-recommande-par-lesa\/"},"author":{"name":"Alain Dieul","@id":"https:\/\/www.ecinews.fr\/fr\/#\/schema\/person\/e4387676ad67ce722325c7832f3c3762"},"headline":"ELEMCA devient officiellement \u00ab Laboratoire recommand\u00e9 par l\u2019ESA \u00bb","datePublished":"2022-03-08T08:52:14+00:00","dateModified":"2022-03-08T08:52:14+00:00","mainEntityOfPage":{"@id":"https:\/\/cdn.eenewseurope.com\/fr\/elemca-devient-officiellement-laboratoire-recommande-par-lesa\/"},"wordCount":316,"publisher":{"@id":"https:\/\/www.ecinews.fr\/fr\/#organization"},"keywords":["TestandMeasurement"],"articleSection":["Actualit\u00e9 g\u00e9n\u00e9rale"],"inLanguage":"fr-FR"},{"@type":"WebPage","@id":"https:\/\/cdn.eenewseurope.com\/fr\/elemca-devient-officiellement-laboratoire-recommande-par-lesa\/","url":"https:\/\/cdn.eenewseurope.com\/fr\/elemca-devient-officiellement-laboratoire-recommande-par-lesa\/","name":"ELEMCA devient officiellement \u00ab Laboratoire recommand\u00e9 par l\u2019ESA \u00bb -","isPartOf":{"@id":"https:\/\/www.ecinews.fr\/fr\/#website"},"datePublished":"2022-03-08T08:52:14+00:00","dateModified":"2022-03-08T08:52:14+00:00","breadcrumb":{"@id":"https:\/\/cdn.eenewseurope.com\/fr\/elemca-devient-officiellement-laboratoire-recommande-par-lesa\/#breadcrumb"},"inLanguage":"fr-FR","potentialAction":[{"@type":"ReadAction","target":["https:\/\/cdn.eenewseurope.com\/fr\/elemca-devient-officiellement-laboratoire-recommande-par-lesa\/"]}]},{"@type":"BreadcrumbList","@id":"https:\/\/cdn.eenewseurope.com\/fr\/elemca-devient-officiellement-laboratoire-recommande-par-lesa\/#breadcrumb","itemListElement":[{"@type":"ListItem","position":1,"name":"Home","item":"https:\/\/www.ecinews.fr\/fr\/"},{"@type":"ListItem","position":2,"name":"ELEMCA devient officiellement \u00ab Laboratoire recommand\u00e9 par l\u2019ESA \u00bb"}]},{"@type":"WebSite","@id":"https:\/\/www.ecinews.fr\/fr\/#website","url":"https:\/\/www.ecinews.fr\/fr\/","name":"EENewsEurope","description":"Just another WordPress site","publisher":{"@id":"https:\/\/www.ecinews.fr\/fr\/#organization"},"potentialAction":[{"@type":"SearchAction","target":{"@type":"EntryPoint","urlTemplate":"https:\/\/www.ecinews.fr\/fr\/?s={search_term_string}"},"query-input":"required name=search_term_string"}],"inLanguage":"fr-FR"},{"@type":"Organization","@id":"https:\/\/www.ecinews.fr\/fr\/#organization","name":"EENewsEurope","url":"https:\/\/www.ecinews.fr\/fr\/","logo":{"@type":"ImageObject","inLanguage":"fr-FR","@id":"https:\/\/www.ecinews.fr\/fr\/#\/schema\/logo\/image\/","url":"https:\/\/www.ecinews.fr\/wp-content\/uploads\/2022\/02\/logo-1.jpg","contentUrl":"https:\/\/www.ecinews.fr\/wp-content\/uploads\/2022\/02\/logo-1.jpg","width":283,"height":113,"caption":"EENewsEurope"},"image":{"@id":"https:\/\/www.ecinews.fr\/fr\/#\/schema\/logo\/image\/"}},{"@type":"Person","@id":"https:\/\/www.ecinews.fr\/fr\/#\/schema\/person\/e4387676ad67ce722325c7832f3c3762","name":"Alain Dieul","image":{"@type":"ImageObject","inLanguage":"fr-FR","@id":"https:\/\/www.ecinews.fr\/fr\/#\/schema\/person\/image\/736120675699dbbf0f0f282b9a9cfb75","url":"https:\/\/secure.gravatar.com\/avatar\/bc93b056d07515be5b8eecd4acf49c5c?s=96&d=mm&r=g","contentUrl":"https:\/\/secure.gravatar.com\/avatar\/bc93b056d07515be5b8eecd4acf49c5c?s=96&d=mm&r=g","caption":"Alain Dieul"},"sameAs":["http:\/\/ECINews"]}]}},"authors":[{"term_id":1154,"user_id":36,"is_guest":0,"slug":"alain-dieul","display_name":"Alain Dieul","avatar_url":"https:\/\/secure.gravatar.com\/avatar\/bc93b056d07515be5b8eecd4acf49c5c?s=96&d=mm&r=g","0":null,"1":"","2":"","3":"","4":"","5":"","6":"","7":"","8":""}],"_links":{"self":[{"href":"https:\/\/www.ecinews.fr\/fr\/wp-json\/wp\/v2\/posts\/277055"}],"collection":[{"href":"https:\/\/www.ecinews.fr\/fr\/wp-json\/wp\/v2\/posts"}],"about":[{"href":"https:\/\/www.ecinews.fr\/fr\/wp-json\/wp\/v2\/types\/post"}],"author":[{"embeddable":true,"href":"https:\/\/www.ecinews.fr\/fr\/wp-json\/wp\/v2\/users\/36"}],"replies":[{"embeddable":true,"href":"https:\/\/www.ecinews.fr\/fr\/wp-json\/wp\/v2\/comments?post=277055"}],"version-history":[{"count":0,"href":"https:\/\/www.ecinews.fr\/fr\/wp-json\/wp\/v2\/posts\/277055\/revisions"}],"wp:featuredmedia":[{"embeddable":true,"href":"https:\/\/www.ecinews.fr\/fr\/wp-json\/wp\/v2\/media\/277056"}],"wp:attachment":[{"href":"https:\/\/www.ecinews.fr\/fr\/wp-json\/wp\/v2\/media?parent=277055"}],"wp:term":[{"taxonomy":"category","embeddable":true,"href":"https:\/\/www.ecinews.fr\/fr\/wp-json\/wp\/v2\/categories?post=277055"},{"taxonomy":"post_tag","embeddable":true,"href":"https:\/\/www.ecinews.fr\/fr\/wp-json\/wp\/v2\/tags?post=277055"},{"taxonomy":"domains","embeddable":true,"href":"https:\/\/www.ecinews.fr\/fr\/wp-json\/wp\/v2\/domains?post=277055"},{"taxonomy":"author","embeddable":true,"href":"https:\/\/www.ecinews.fr\/fr\/wp-json\/wp\/v2\/ppma_author?post=277055"}],"curies":[{"name":"wp","href":"https:\/\/api.w.org\/{rel}","templated":true}]}}