{"id":277047,"date":"2022-03-08T09:45:40","date_gmt":"2022-03-08T08:45:40","guid":{"rendered":"https:\/\/www.ecinews.fr\/?p=277047"},"modified":"2022-03-08T09:45:40","modified_gmt":"2022-03-08T08:45:40","slug":"les-semiconducteurs-automobile-de-renesas-selectionnes-par-honda-pour-ladas","status":"publish","type":"post","link":"https:\/\/www.ecinews.fr\/fr\/les-semiconducteurs-automobile-de-renesas-selectionnes-par-honda-pour-ladas\/","title":{"rendered":"Les semiconducteurs automobile de Renesas s\u00e9lectionn\u00e9s par Honda pour l\u2019ADAS"},"content":{"rendered":"<p>Renesas Electronics a annonc\u00e9 l&rsquo;\u00e9largissement de sa collaboration avec Honda dans le domaine des syst\u00e8mes avanc\u00e9s d&rsquo;assistance \u00e0 la conduite (ADAS). Honda a adopt\u00e9 le syst\u00e8me sur puce (SoC) automobile R-Car de Renesas et le MCU automobile RH850 pour son syst\u00e8me Honda SENSING Elite pr\u00e9sent\u00e9 dans la voiture Legend, qui a \u00e9t\u00e9 mis en vente en\u00a0mars 2021. Honda SENSING Elite int\u00e8gre une technologie de pointe qui se qualifie pour la conduite autonome de niveau 3 (conduite automatis\u00e9e conditionnelle dans des zones limit\u00e9es). Maintenant, Honda a de nouveau s\u00e9lectionn\u00e9 les R-Car et RH850 pour une utilisation dans le syst\u00e8me de s\u00e9curit\u00e9 et d&rsquo;assistance \u00e0 la conduite omnidirectionnel Honda SENSING 360, qui s&rsquo;appuie sur les connaissances et l&rsquo;expertise acquises gr\u00e2ce aux travaux de recherche et d\u00e9veloppement sur la technologie pr\u00e9c\u00e9dente. Le premier mod\u00e8le automobile \u00e9quip\u00e9 de Honda SENSING 360 devrait sortir en Chine en 2022, avec une adoption dans une gamme plus large de mod\u00e8les \u00e0 suivre.<\/p>\n<p>De plus, pour le syst\u00e8me Honda SENSING 360 de nouvelle g\u00e9n\u00e9ration, Honda a s\u00e9lectionn\u00e9 le R-Car S4 comme principal SoC de l&rsquo;unit\u00e9 de commande \u00e9lectronique (ECU), le c\u0153ur de l&rsquo;ADAS. Renesas et Honda \u00e9tendent leur collaboration dans le domaine ADAS pour optimiser les technologies de s\u00e9curit\u00e9.<\/p>\n<p>Dans le syst\u00e8me de technologie avanc\u00e9e phare Honda SENSING Elite, le SoC automobile R-Car de Renesas traite les donn\u00e9es de d\u00e9tection des cam\u00e9ras, du radar \u00e0 ondes millim\u00e9triques et du LiDAR ainsi que les donn\u00e9es des cartes tridimensionnelles haute d\u00e9finition et du syst\u00e8me mondial de navigation par satellite (GNSS). Le SoC surveille \u00e9galement la position du v\u00e9hicule et les conditions de la route, et calcule les plans d&rsquo;itin\u00e9raire en temps r\u00e9el. Le MCU de contr\u00f4le automobile RH850 prend en charge les op\u00e9rations de conduite et l&rsquo;\u00e9vitement des collisions en recevant des signaux du R-Car et en effectuant un contr\u00f4le avanc\u00e9 des syst\u00e8mes d&rsquo;acc\u00e9l\u00e9rateur, de freinage et de direction.<\/p>\n<p>L&rsquo;application de Honda SENSING 360 devrait se d\u00e9velopper \u00e0 l&rsquo;\u00e9chelle mondiale, et le R-Car de Renesas contribue \u00e0 permettre les syst\u00e8mes de s\u00e9curit\u00e9 et d&rsquo;assistance \u00e0 la conduite omnidirectionnels gr\u00e2ce \u00e0 une d\u00e9tection \u00e0 360 degr\u00e9s avec traitement des donn\u00e9es de d\u00e9tection des cam\u00e9ras et des radars \u00e0 ondes millim\u00e9triques.<\/p>\n<p>&nbsp;<\/p>\n<p>&nbsp;<\/p>\n<p><a href=\"https:\/\/www.renesas.com\/\">renesas.com<\/a><\/p>\n","protected":false},"excerpt":{"rendered":"<p>Renesas Electronics a annonc\u00e9 l&rsquo;\u00e9largissement de sa collaboration avec Honda dans le domaine des syst\u00e8mes avanc\u00e9s d&rsquo;assistance \u00e0 la conduite (ADAS). Honda a adopt\u00e9 le syst\u00e8me sur puce (SoC) automobile R-Car de Renesas et le MCU automobile RH850 pour son syst\u00e8me Honda SENSING Elite pr\u00e9sent\u00e9 dans la voiture Legend, qui a \u00e9t\u00e9 mis en vente [&hellip;]<\/p>\n","protected":false},"author":36,"featured_media":277048,"comment_status":"closed","ping_status":"closed","sticky":false,"template":"","format":"standard","meta":{"_acf_changed":false,"footnotes":""},"categories":[886],"tags":[891,936],"domains":[47],"ppma_author":[1154],"class_list":["post-277047","post","type-post","status-publish","format-standard","has-post-thumbnail","hentry","category-news-fr","tag-automotive-fr","tag-circuits-integres","domains-electronique-eci"],"acf":[],"yoast_head":"<title>Les semiconducteurs automobile de Renesas s\u00e9lectionn\u00e9s par Ho...<\/title>\n<meta name=\"description\" content=\"Renesas Electronics a annonc\u00e9 l&rsquo;\u00e9largissement de sa collaboration avec Honda dans le domaine des syst\u00e8mes avanc\u00e9s d&rsquo;assistance \u00e0 la conduite...\" \/>\n<meta name=\"robots\" content=\"index, follow, max-snippet:-1, max-image-preview:large, max-video-preview:-1\" \/>\n<link rel=\"canonical\" href=\"https:\/\/www.ecinews.fr\/fr\/wp-json\/wp\/v2\/posts\/277047\/\" \/>\n<meta property=\"og:locale\" content=\"fr_FR\" \/>\n<meta property=\"og:type\" content=\"article\" \/>\n<meta property=\"og:title\" content=\"Les semiconducteurs automobile de Renesas s\u00e9lectionn\u00e9s par Honda pour l\u2019ADAS\" \/>\n<meta property=\"og:description\" content=\"Renesas Electronics a annonc\u00e9 l&rsquo;\u00e9largissement de sa collaboration avec Honda dans le domaine des syst\u00e8mes avanc\u00e9s d&rsquo;assistance \u00e0 la conduite (ADAS). Honda a adopt\u00e9 le syst\u00e8me sur puce (SoC) automobile R-Car de Renesas et le MCU automobile RH850 pour son syst\u00e8me Honda SENSING Elite pr\u00e9sent\u00e9 dans la voiture Legend, qui a \u00e9t\u00e9 mis en vente [&hellip;]\" \/>\n<meta property=\"og:url\" content=\"https:\/\/www.ecinews.fr\/fr\/wp-json\/wp\/v2\/posts\/277047\/\" \/>\n<meta property=\"og:site_name\" content=\"EENewsEurope\" \/>\n<meta property=\"article:published_time\" content=\"2022-03-08T08:45:40+00:00\" \/>\n<meta property=\"og:image\" content=\"https:\/\/www.ecinews.fr\/wp-content\/uploads\/2022\/03\/ECI1076_Renesas_actu_auto_web-scaled.jpg\" \/>\n\t<meta property=\"og:image:width\" content=\"1080\" \/>\n\t<meta property=\"og:image:height\" content=\"755\" \/>\n\t<meta property=\"og:image:type\" content=\"image\/jpeg\" \/>\n<meta name=\"author\" content=\"Alain Dieul\" \/>\n<meta name=\"twitter:card\" content=\"summary_large_image\" \/>\n<meta name=\"twitter:label1\" content=\"Written by\" \/>\n\t<meta name=\"twitter:data1\" content=\"Alain Dieul\" \/>\n\t<meta name=\"twitter:label2\" content=\"Est. reading time\" \/>\n\t<meta name=\"twitter:data2\" content=\"2 minutes\" \/>\n<script type=\"application\/ld+json\" class=\"yoast-schema-graph\">{\"@context\":\"https:\/\/schema.org\",\"@graph\":[{\"@type\":\"Article\",\"@id\":\"https:\/\/www.ecinews.fr\/fr\/les-semiconducteurs-automobile-de-renesas-selectionnes-par-honda-pour-ladas\/#article\",\"isPartOf\":{\"@id\":\"https:\/\/www.ecinews.fr\/fr\/les-semiconducteurs-automobile-de-renesas-selectionnes-par-honda-pour-ladas\/\"},\"author\":{\"name\":\"Alain Dieul\",\"@id\":\"https:\/\/www.eenewseurope.com\/en\/#\/schema\/person\/e4387676ad67ce722325c7832f3c3762\"},\"headline\":\"Les semiconducteurs automobile de Renesas s\u00e9lectionn\u00e9s par Honda pour l\u2019ADAS\",\"datePublished\":\"2022-03-08T08:45:40+00:00\",\"dateModified\":\"2022-03-08T08:45:40+00:00\",\"mainEntityOfPage\":{\"@id\":\"https:\/\/www.ecinews.fr\/fr\/les-semiconducteurs-automobile-de-renesas-selectionnes-par-honda-pour-ladas\/\"},\"wordCount\":423,\"publisher\":{\"@id\":\"https:\/\/www.eenewseurope.com\/en\/#organization\"},\"keywords\":[\"Automotive\",\"Circuits int\u00e9gr\u00e9s\"],\"articleSection\":[\"Actualit\u00e9 g\u00e9n\u00e9rale\"],\"inLanguage\":\"fr-FR\"},{\"@type\":\"WebPage\",\"@id\":\"https:\/\/www.ecinews.fr\/fr\/les-semiconducteurs-automobile-de-renesas-selectionnes-par-honda-pour-ladas\/\",\"url\":\"https:\/\/www.ecinews.fr\/fr\/les-semiconducteurs-automobile-de-renesas-selectionnes-par-honda-pour-ladas\/\",\"name\":\"Les semiconducteurs automobile de Renesas s\u00e9lectionn\u00e9s par Honda pour l\u2019ADAS -\",\"isPartOf\":{\"@id\":\"https:\/\/www.eenewseurope.com\/en\/#website\"},\"datePublished\":\"2022-03-08T08:45:40+00:00\",\"dateModified\":\"2022-03-08T08:45:40+00:00\",\"breadcrumb\":{\"@id\":\"https:\/\/www.ecinews.fr\/fr\/les-semiconducteurs-automobile-de-renesas-selectionnes-par-honda-pour-ladas\/#breadcrumb\"},\"inLanguage\":\"fr-FR\",\"potentialAction\":[{\"@type\":\"ReadAction\",\"target\":[\"https:\/\/www.ecinews.fr\/fr\/les-semiconducteurs-automobile-de-renesas-selectionnes-par-honda-pour-ladas\/\"]}]},{\"@type\":\"BreadcrumbList\",\"@id\":\"https:\/\/www.ecinews.fr\/fr\/les-semiconducteurs-automobile-de-renesas-selectionnes-par-honda-pour-ladas\/#breadcrumb\",\"itemListElement\":[{\"@type\":\"ListItem\",\"position\":1,\"name\":\"Home\",\"item\":\"https:\/\/www.ecinews.fr\/fr\/\"},{\"@type\":\"ListItem\",\"position\":2,\"name\":\"Les semiconducteurs automobile de Renesas s\u00e9lectionn\u00e9s par Honda pour l\u2019ADAS\"}]},{\"@type\":\"WebSite\",\"@id\":\"https:\/\/www.eenewseurope.com\/en\/#website\",\"url\":\"https:\/\/www.eenewseurope.com\/en\/\",\"name\":\"EENewsEurope\",\"description\":\"Just another WordPress site\",\"publisher\":{\"@id\":\"https:\/\/www.eenewseurope.com\/en\/#organization\"},\"potentialAction\":[{\"@type\":\"SearchAction\",\"target\":{\"@type\":\"EntryPoint\",\"urlTemplate\":\"https:\/\/www.eenewseurope.com\/en\/?s={search_term_string}\"},\"query-input\":\"required name=search_term_string\"}],\"inLanguage\":\"fr-FR\"},{\"@type\":\"Organization\",\"@id\":\"https:\/\/www.eenewseurope.com\/en\/#organization\",\"name\":\"EENewsEurope\",\"url\":\"https:\/\/www.eenewseurope.com\/en\/\",\"logo\":{\"@type\":\"ImageObject\",\"inLanguage\":\"fr-FR\",\"@id\":\"https:\/\/www.eenewseurope.com\/en\/#\/schema\/logo\/image\/\",\"url\":\"https:\/\/www.ecinews.fr\/wp-content\/uploads\/2022\/02\/logo-1.jpg\",\"contentUrl\":\"https:\/\/www.ecinews.fr\/wp-content\/uploads\/2022\/02\/logo-1.jpg\",\"width\":283,\"height\":113,\"caption\":\"EENewsEurope\"},\"image\":{\"@id\":\"https:\/\/www.eenewseurope.com\/en\/#\/schema\/logo\/image\/\"}},{\"@type\":\"Person\",\"@id\":\"https:\/\/www.eenewseurope.com\/en\/#\/schema\/person\/e4387676ad67ce722325c7832f3c3762\",\"name\":\"Alain Dieul\",\"image\":{\"@type\":\"ImageObject\",\"inLanguage\":\"fr-FR\",\"@id\":\"https:\/\/www.eenewseurope.com\/en\/#\/schema\/person\/image\/736120675699dbbf0f0f282b9a9cfb75\",\"url\":\"https:\/\/secure.gravatar.com\/avatar\/bc93b056d07515be5b8eecd4acf49c5c?s=96&d=mm&r=g\",\"contentUrl\":\"https:\/\/secure.gravatar.com\/avatar\/bc93b056d07515be5b8eecd4acf49c5c?s=96&d=mm&r=g\",\"caption\":\"Alain Dieul\"},\"sameAs\":[\"http:\/\/ECINews\"]}]}<\/script>","yoast_head_json":{"title":"Les semiconducteurs automobile de Renesas s\u00e9lectionn\u00e9s par Ho...","description":"Renesas Electronics a annonc\u00e9 l&rsquo;\u00e9largissement de sa collaboration avec Honda dans le domaine des syst\u00e8mes avanc\u00e9s d&rsquo;assistance \u00e0 la conduite...","robots":{"index":"index","follow":"follow","max-snippet":"max-snippet:-1","max-image-preview":"max-image-preview:large","max-video-preview":"max-video-preview:-1"},"canonical":"https:\/\/www.ecinews.fr\/fr\/wp-json\/wp\/v2\/posts\/277047\/","og_locale":"fr_FR","og_type":"article","og_title":"Les semiconducteurs automobile de Renesas s\u00e9lectionn\u00e9s par Honda pour l\u2019ADAS","og_description":"Renesas Electronics a annonc\u00e9 l&rsquo;\u00e9largissement de sa collaboration avec Honda dans le domaine des syst\u00e8mes avanc\u00e9s d&rsquo;assistance \u00e0 la conduite (ADAS). Honda a adopt\u00e9 le syst\u00e8me sur puce (SoC) automobile R-Car de Renesas et le MCU automobile RH850 pour son syst\u00e8me Honda SENSING Elite pr\u00e9sent\u00e9 dans la voiture Legend, qui a \u00e9t\u00e9 mis en vente [&hellip;]","og_url":"https:\/\/www.ecinews.fr\/fr\/wp-json\/wp\/v2\/posts\/277047\/","og_site_name":"EENewsEurope","article_published_time":"2022-03-08T08:45:40+00:00","og_image":[{"width":1080,"height":755,"url":"https:\/\/www.ecinews.fr\/wp-content\/uploads\/2022\/03\/ECI1076_Renesas_actu_auto_web-scaled.jpg","type":"image\/jpeg"}],"author":"Alain Dieul","twitter_card":"summary_large_image","twitter_misc":{"Written by":"Alain Dieul","Est. reading time":"2 minutes"},"schema":{"@context":"https:\/\/schema.org","@graph":[{"@type":"Article","@id":"https:\/\/www.ecinews.fr\/fr\/les-semiconducteurs-automobile-de-renesas-selectionnes-par-honda-pour-ladas\/#article","isPartOf":{"@id":"https:\/\/www.ecinews.fr\/fr\/les-semiconducteurs-automobile-de-renesas-selectionnes-par-honda-pour-ladas\/"},"author":{"name":"Alain Dieul","@id":"https:\/\/www.eenewseurope.com\/en\/#\/schema\/person\/e4387676ad67ce722325c7832f3c3762"},"headline":"Les semiconducteurs automobile de Renesas s\u00e9lectionn\u00e9s par Honda pour l\u2019ADAS","datePublished":"2022-03-08T08:45:40+00:00","dateModified":"2022-03-08T08:45:40+00:00","mainEntityOfPage":{"@id":"https:\/\/www.ecinews.fr\/fr\/les-semiconducteurs-automobile-de-renesas-selectionnes-par-honda-pour-ladas\/"},"wordCount":423,"publisher":{"@id":"https:\/\/www.eenewseurope.com\/en\/#organization"},"keywords":["Automotive","Circuits int\u00e9gr\u00e9s"],"articleSection":["Actualit\u00e9 g\u00e9n\u00e9rale"],"inLanguage":"fr-FR"},{"@type":"WebPage","@id":"https:\/\/www.ecinews.fr\/fr\/les-semiconducteurs-automobile-de-renesas-selectionnes-par-honda-pour-ladas\/","url":"https:\/\/www.ecinews.fr\/fr\/les-semiconducteurs-automobile-de-renesas-selectionnes-par-honda-pour-ladas\/","name":"Les semiconducteurs automobile de Renesas s\u00e9lectionn\u00e9s par Honda pour l\u2019ADAS -","isPartOf":{"@id":"https:\/\/www.eenewseurope.com\/en\/#website"},"datePublished":"2022-03-08T08:45:40+00:00","dateModified":"2022-03-08T08:45:40+00:00","breadcrumb":{"@id":"https:\/\/www.ecinews.fr\/fr\/les-semiconducteurs-automobile-de-renesas-selectionnes-par-honda-pour-ladas\/#breadcrumb"},"inLanguage":"fr-FR","potentialAction":[{"@type":"ReadAction","target":["https:\/\/www.ecinews.fr\/fr\/les-semiconducteurs-automobile-de-renesas-selectionnes-par-honda-pour-ladas\/"]}]},{"@type":"BreadcrumbList","@id":"https:\/\/www.ecinews.fr\/fr\/les-semiconducteurs-automobile-de-renesas-selectionnes-par-honda-pour-ladas\/#breadcrumb","itemListElement":[{"@type":"ListItem","position":1,"name":"Home","item":"https:\/\/www.ecinews.fr\/fr\/"},{"@type":"ListItem","position":2,"name":"Les semiconducteurs automobile de Renesas s\u00e9lectionn\u00e9s par Honda pour l\u2019ADAS"}]},{"@type":"WebSite","@id":"https:\/\/www.eenewseurope.com\/en\/#website","url":"https:\/\/www.eenewseurope.com\/en\/","name":"EENewsEurope","description":"Just another WordPress site","publisher":{"@id":"https:\/\/www.eenewseurope.com\/en\/#organization"},"potentialAction":[{"@type":"SearchAction","target":{"@type":"EntryPoint","urlTemplate":"https:\/\/www.eenewseurope.com\/en\/?s={search_term_string}"},"query-input":"required name=search_term_string"}],"inLanguage":"fr-FR"},{"@type":"Organization","@id":"https:\/\/www.eenewseurope.com\/en\/#organization","name":"EENewsEurope","url":"https:\/\/www.eenewseurope.com\/en\/","logo":{"@type":"ImageObject","inLanguage":"fr-FR","@id":"https:\/\/www.eenewseurope.com\/en\/#\/schema\/logo\/image\/","url":"https:\/\/www.ecinews.fr\/wp-content\/uploads\/2022\/02\/logo-1.jpg","contentUrl":"https:\/\/www.ecinews.fr\/wp-content\/uploads\/2022\/02\/logo-1.jpg","width":283,"height":113,"caption":"EENewsEurope"},"image":{"@id":"https:\/\/www.eenewseurope.com\/en\/#\/schema\/logo\/image\/"}},{"@type":"Person","@id":"https:\/\/www.eenewseurope.com\/en\/#\/schema\/person\/e4387676ad67ce722325c7832f3c3762","name":"Alain Dieul","image":{"@type":"ImageObject","inLanguage":"fr-FR","@id":"https:\/\/www.eenewseurope.com\/en\/#\/schema\/person\/image\/736120675699dbbf0f0f282b9a9cfb75","url":"https:\/\/secure.gravatar.com\/avatar\/bc93b056d07515be5b8eecd4acf49c5c?s=96&d=mm&r=g","contentUrl":"https:\/\/secure.gravatar.com\/avatar\/bc93b056d07515be5b8eecd4acf49c5c?s=96&d=mm&r=g","caption":"Alain Dieul"},"sameAs":["http:\/\/ECINews"]}]}},"authors":[{"term_id":1154,"user_id":36,"is_guest":0,"slug":"alain-dieul","display_name":"Alain Dieul","avatar_url":"https:\/\/secure.gravatar.com\/avatar\/bc93b056d07515be5b8eecd4acf49c5c?s=96&d=mm&r=g","0":null,"1":"","2":"","3":"","4":"","5":"","6":"","7":"","8":""}],"_links":{"self":[{"href":"https:\/\/www.ecinews.fr\/fr\/wp-json\/wp\/v2\/posts\/277047"}],"collection":[{"href":"https:\/\/www.ecinews.fr\/fr\/wp-json\/wp\/v2\/posts"}],"about":[{"href":"https:\/\/www.ecinews.fr\/fr\/wp-json\/wp\/v2\/types\/post"}],"author":[{"embeddable":true,"href":"https:\/\/www.ecinews.fr\/fr\/wp-json\/wp\/v2\/users\/36"}],"replies":[{"embeddable":true,"href":"https:\/\/www.ecinews.fr\/fr\/wp-json\/wp\/v2\/comments?post=277047"}],"version-history":[{"count":0,"href":"https:\/\/www.ecinews.fr\/fr\/wp-json\/wp\/v2\/posts\/277047\/revisions"}],"wp:featuredmedia":[{"embeddable":true,"href":"https:\/\/www.ecinews.fr\/fr\/wp-json\/wp\/v2\/media\/277048"}],"wp:attachment":[{"href":"https:\/\/www.ecinews.fr\/fr\/wp-json\/wp\/v2\/media?parent=277047"}],"wp:term":[{"taxonomy":"category","embeddable":true,"href":"https:\/\/www.ecinews.fr\/fr\/wp-json\/wp\/v2\/categories?post=277047"},{"taxonomy":"post_tag","embeddable":true,"href":"https:\/\/www.ecinews.fr\/fr\/wp-json\/wp\/v2\/tags?post=277047"},{"taxonomy":"domains","embeddable":true,"href":"https:\/\/www.ecinews.fr\/fr\/wp-json\/wp\/v2\/domains?post=277047"},{"taxonomy":"author","embeddable":true,"href":"https:\/\/www.ecinews.fr\/fr\/wp-json\/wp\/v2\/ppma_author?post=277047"}],"curies":[{"name":"wp","href":"https:\/\/api.w.org\/{rel}","templated":true}]}}