{"id":276719,"date":"2022-03-04T11:20:54","date_gmt":"2022-03-04T10:20:54","guid":{"rendered":"https:\/\/www.eenewseurope.com\/?p=276719"},"modified":"2022-03-04T11:20:54","modified_gmt":"2022-03-04T10:20:54","slug":"projet-de-gigafactory-de-panneaux-photovoltaique-en-france","status":"publish","type":"post","link":"https:\/\/www.ecinews.fr\/fr\/projet-de-gigafactory-de-panneaux-photovoltaique-en-france\/","title":{"rendered":"Projet de gigafactory de panneaux photovolta\u00efques en France"},"content":{"rendered":"<p>Dans son r\u00e9cent discourt de Belfort, Emmanuel Macron fixait des objectifs ambitieux pour le solaire d\u2019ici \u00e0 2050. Alors que le Giec publie un nouveau rapport accablant sur les cons\u00e9quences de l\u2019inaction climatique, la start-up industrielle CARBON annonce un projet de gigafactory de panneaux photovolta\u00efques en France dont l\u2019objectif est de produire, d\u00e8s 2025, 5 GW de panneaux photovolta\u00efques en France, puis, \u00e0 partir de 2030, 15 GW.<\/p>\n<p>Fond\u00e9 par Pascal Richard, l\u2019un des fondateurs de SMA France et Pierre-Emmanuel Martin, pr\u00e9sident fondateur du groupe Terre et Lac et de la start-up My Energy Manager, le projet de Carbon est \u00e0 dimension Europ\u00e9enne. \u00c0 terme, la soci\u00e9t\u00e9 veut ma\u00eetriser une grande partie de la cha\u00eene de valeur, du lingot au module, en passant par le wafer et la cellule. Carbon s\u2019engage \u00e0 fabriquer des produits de grande qualit\u00e9, faiblement carbon\u00e9s, \u00e0 un prix comp\u00e9titif. Le projet est ambitieux, \u00e0 titre de comparaison, 29 GW de nouvelles capacit\u00e9s solaires ont \u00e9t\u00e9 install\u00e9s en Europe l\u2019ann\u00e9e derni\u00e8re. Selon les pr\u00e9visions, le parc solaire europ\u00e9en actuellement install\u00e9 de 199 GW devrait doubler d\u2019ici 2025, puis quadrupler d\u2019ici 2030.<\/p>\n<p><strong>R\u00e9industrialisation en France<\/strong><\/p>\n<p>La demande de panneaux photovolta\u00efques va continuer \u00e0 augmenter pour atteindre environ 60 GW par an en 2025 puis 100 GW par an en 2030 \u00e0 l\u2019\u00e9chelle europ\u00e9enne. Pourtant, face \u00e0 la concurrence asiatique qui tire les prix vers le bas, la fili\u00e8re industrielle europ\u00e9enne du photovolta\u00efque reste fragile et sous-dimensionn\u00e9e. Il est donc urgent d\u2019agir pour changer d\u2019\u00e9chelle. Dans un contexte de Green Deal europ\u00e9en, de tensions tr\u00e8s fortes sur le march\u00e9 des composants et du silicium, mais aussi d\u2019une volont\u00e9 de r\u00e9industrialisation en France, Carbon est un bon exemple de ces projets vertueux qui conjuguent impact \u00e9cologique, souverainet\u00e9 \u00e9nerg\u00e9tique et croissance industrielle.<\/p>\n<p><strong>Technologies TOPCon et IBC<\/strong><\/p>\n<p>La gigafactory de Carbon utilisera\u00a0 des technologies photovolta\u00efques ma\u00eetris\u00e9es (TOPCon et IBC), adapt\u00e9es \u00e0 l&rsquo;\u00e9chelle industrielle, qu\u2019elle souhaite faire progresser en investissant largement en R&amp;D. \u00c0 partir de silicium europ\u00e9en bas carbone, la start-up souhaite produire lingots, wafers, cellules et modules de grande qualit\u00e9, faiblement carbon\u00e9s, \u00e0 un prix comp\u00e9titif pour toute la fili\u00e8re. \u00c0 terme, elle fournira \u00e9galement les march\u00e9s du b\u00e2timent et de l\u2019automobile en cellules photovolta\u00efques \u00e0 haut rendement, directement int\u00e9grables dans la structure de leurs produits (BIPV et VIPV). \u00c0 la cl\u00e9, la cr\u00e9ation de 2000 emplois directs et 4000 emplois indirects.<\/p>\n<p><strong>Un projet qui a les pieds sur terre<\/strong><\/p>\n<p>Carbon est port\u00e9e par un actionnariat ind\u00e9pendant et une \u00e9quipe experte m\u00ealant industriels et professionnels de l\u2019\u00e9nergie solaire photovolta\u00efque. \u00ab Dans un contexte de vives tensions sur les march\u00e9s de l\u2019\u00e9nergie, nous entendons apporter une source d\u2019\u00e9lectricit\u00e9 propre, comp\u00e9titive, accessible \u00e0 tous et produite en France, affirme Pascal Richard, pr\u00e9sident et cofondateur de CARBON. Nous voulons accro\u00eetre le potentiel d\u2019innovation et de production en France pour diffuser massivement l\u2019\u00e9nergie solaire en Europe et dans le monde. Pour cela, nous voulons \u00eatre le premier choix pour nos clients. Nous sommes convaincus que CARBON a le potentiel de changer la donne pour le photovolta\u00efque en France et en Europe \u00bb. \u201cCARBON est un projet qui a les pieds sur terre. Notre originalit\u00e9 est de vouloir int\u00e9grer toute la cha\u00eene de valeur du silicium au module pour produire des panneaux et composants photovolta\u00efques en Europe, qui r\u00e9pondent aux attentes du march\u00e9 en termes de qualit\u00e9 et de comp\u00e9titivit\u00e9, explique Pierre-Emmanuel Martin, administrateur et cofondateur de CARBON.<\/p>\n<p><strong>La dimension europ\u00e9enne<\/strong><\/p>\n<p>Cela implique une v\u00e9ritable vision industrielle m\u00ealant \u00e0 la fois des processus de fabrication \u201ctraditionnels\u201d (chimiques, m\u00e9tallurgiques, \u00e9lectroniques\u2026) et une cha\u00eene de production \u00e0 la pointe appuy\u00e9e sur un centre R&amp;D du futur pour les cellules photovolta\u00efques.\u201d Projet \u00e0 dimension europ\u00e9enne, CARBON est soutenu par le centre international de recherche sur l\u2019\u00e9nergie solaire ISC Konstanz (Allemagne), d\u00e9veloppeur europ\u00e9en reconnu des technologies TOPCon et IBC ainsi que l\u2019Institut Becquerel (Belgique &amp; France) avec lesquels il collabore sur les aspects technologiques, de comp\u00e9titivit\u00e9 et d\u2019acc\u00e8s au march\u00e9. \u00ab<\/p>\n<p><strong>Une question primordiale de s\u00e9curit\u00e9 \u00e9nerg\u00e9tique en France et dans l\u2019Union europ\u00e9enne<\/strong><\/p>\n<p>L\u2019ind\u00e9pendance \u00e9nerg\u00e9tique passe par le d\u00e9veloppement massif des capacit\u00e9s de production solaire en Europe, estime Ga\u00ebtan Masson, directeur g\u00e9n\u00e9ral de l\u2019Institut Becquerel. \u00c0 cet \u00e9gard, Carbon est une initiative de premier plan qui augmentera la s\u00e9curit\u00e9 \u00e9nerg\u00e9tique en France et dans l\u2019Union europ\u00e9enne. \u00bb \u00ab L\u2019Europe n\u2019a jamais eu autant besoin d\u2019une industrie solaire dynamique et comp\u00e9titive \u00bb, ajoute Radovan Kopecek, cofondateur et directeur de l\u2019ISC Konstanz. CARBON entend occuper toute sa place dans la reconfiguration du paysage industriel. D\u2019ici la fin de l\u2019ann\u00e9e, la soci\u00e9t\u00e9 m\u00e8nera une premi\u00e8re lev\u00e9e de fonds, afin de poursuivre son aventure avec l\u2019objectif d\u2019inaugurer son premier site de production en France d\u00e8s 2025.<\/p>\n<p><a href=\"https:\/\/www.tecsol.fr\/\">Suivre l\u2019actualit\u00e9 de l\u2019\u00e9nergie solaire sur Tecsol<\/a><\/p>\n","protected":false},"excerpt":{"rendered":"<p>Dans son r\u00e9cent discourt de Belfort, Emmanuel Macron fixait des objectifs ambitieux pour le solaire d\u2019ici \u00e0 2050. Alors que le Giec publie un nouveau rapport accablant sur les cons\u00e9quences de l\u2019inaction climatique, la start-up industrielle CARBON annonce un projet de gigafactory de panneaux photovolta\u00efques en France dont l\u2019objectif est de produire, d\u00e8s 2025, 5 [&hellip;]<\/p>\n","protected":false},"author":11,"featured_media":276721,"comment_status":"closed","ping_status":"closed","sticky":false,"template":"","format":"standard","meta":{"_acf_changed":false,"footnotes":""},"categories":[886],"tags":[],"domains":[47],"ppma_author":[1143],"class_list":["post-276719","post","type-post","status-publish","format-standard","has-post-thumbnail","hentry","category-news-fr","domains-electronique-eci"],"acf":[],"yoast_head":"<title>Projet de gigafactory de panneaux photovolta\u00efques en France ...<\/title>\n<meta name=\"description\" content=\"Dans son r\u00e9cent discourt de Belfort, Emmanuel Macron fixait des objectifs ambitieux pour le solaire d\u2019ici \u00e0 2050. Alors que le Giec publie un nouveau...\" \/>\n<meta name=\"robots\" content=\"index, follow, max-snippet:-1, max-image-preview:large, max-video-preview:-1\" \/>\n<link rel=\"canonical\" href=\"https:\/\/www.ecinews.fr\/fr\/wp-json\/wp\/v2\/posts\/276719\/\" \/>\n<meta property=\"og:locale\" content=\"fr_FR\" \/>\n<meta property=\"og:type\" content=\"article\" \/>\n<meta property=\"og:title\" content=\"Projet de gigafactory de panneaux photovolta\u00efques en France\" \/>\n<meta property=\"og:description\" content=\"Dans son r\u00e9cent discourt de Belfort, Emmanuel Macron fixait des objectifs ambitieux pour le solaire d\u2019ici \u00e0 2050. Alors que le Giec publie un nouveau rapport accablant sur les cons\u00e9quences de l\u2019inaction climatique, la start-up industrielle CARBON annonce un projet de gigafactory de panneaux photovolta\u00efques en France dont l\u2019objectif est de produire, d\u00e8s 2025, 5 [&hellip;]\" \/>\n<meta property=\"og:url\" content=\"https:\/\/www.ecinews.fr\/fr\/wp-json\/wp\/v2\/posts\/276719\/\" \/>\n<meta property=\"og:site_name\" content=\"EENewsEurope\" \/>\n<meta property=\"article:published_time\" content=\"2022-03-04T10:20:54+00:00\" \/>\n<meta property=\"og:image\" content=\"https:\/\/www.ecinews.fr\/wp-content\/uploads\/2022\/03\/panneaux-solaires.jpg\" \/>\n\t<meta property=\"og:image:width\" content=\"500\" \/>\n\t<meta property=\"og:image:height\" content=\"315\" \/>\n\t<meta property=\"og:image:type\" content=\"image\/jpeg\" \/>\n<meta name=\"author\" content=\"Daniel Cardon\" \/>\n<meta name=\"twitter:card\" content=\"summary_large_image\" \/>\n<meta name=\"twitter:label1\" content=\"Written by\" \/>\n\t<meta name=\"twitter:data1\" content=\"Daniel Cardon\" \/>\n\t<meta name=\"twitter:label2\" content=\"Est. reading time\" \/>\n\t<meta name=\"twitter:data2\" content=\"4 minutes\" \/>\n<script type=\"application\/ld+json\" class=\"yoast-schema-graph\">{\"@context\":\"https:\/\/schema.org\",\"@graph\":[{\"@type\":\"Article\",\"@id\":\"https:\/\/www.ecinews.fr\/fr\/projet-de-gigafactory-de-panneaux-photovoltaique-en-france\/#article\",\"isPartOf\":{\"@id\":\"https:\/\/www.ecinews.fr\/fr\/projet-de-gigafactory-de-panneaux-photovoltaique-en-france\/\"},\"author\":{\"name\":\"Daniel Cardon\",\"@id\":\"https:\/\/www.eenewseurope.com\/en\/#\/schema\/person\/93c44cde463762f40a8236eaa44c1c17\"},\"headline\":\"Projet de gigafactory de panneaux photovolta\u00efques en France\",\"datePublished\":\"2022-03-04T10:20:54+00:00\",\"dateModified\":\"2022-03-04T10:20:54+00:00\",\"mainEntityOfPage\":{\"@id\":\"https:\/\/www.ecinews.fr\/fr\/projet-de-gigafactory-de-panneaux-photovoltaique-en-france\/\"},\"wordCount\":875,\"publisher\":{\"@id\":\"https:\/\/www.eenewseurope.com\/en\/#organization\"},\"articleSection\":[\"Actualit\u00e9 g\u00e9n\u00e9rale\"],\"inLanguage\":\"fr-FR\"},{\"@type\":\"WebPage\",\"@id\":\"https:\/\/www.ecinews.fr\/fr\/projet-de-gigafactory-de-panneaux-photovoltaique-en-france\/\",\"url\":\"https:\/\/www.ecinews.fr\/fr\/projet-de-gigafactory-de-panneaux-photovoltaique-en-france\/\",\"name\":\"Projet de gigafactory de panneaux photovolta\u00efques en France -\",\"isPartOf\":{\"@id\":\"https:\/\/www.eenewseurope.com\/en\/#website\"},\"datePublished\":\"2022-03-04T10:20:54+00:00\",\"dateModified\":\"2022-03-04T10:20:54+00:00\",\"breadcrumb\":{\"@id\":\"https:\/\/www.ecinews.fr\/fr\/projet-de-gigafactory-de-panneaux-photovoltaique-en-france\/#breadcrumb\"},\"inLanguage\":\"fr-FR\",\"potentialAction\":[{\"@type\":\"ReadAction\",\"target\":[\"https:\/\/www.ecinews.fr\/fr\/projet-de-gigafactory-de-panneaux-photovoltaique-en-france\/\"]}]},{\"@type\":\"BreadcrumbList\",\"@id\":\"https:\/\/www.ecinews.fr\/fr\/projet-de-gigafactory-de-panneaux-photovoltaique-en-france\/#breadcrumb\",\"itemListElement\":[{\"@type\":\"ListItem\",\"position\":1,\"name\":\"Home\",\"item\":\"https:\/\/www.ecinews.fr\/fr\/\"},{\"@type\":\"ListItem\",\"position\":2,\"name\":\"Projet de gigafactory de panneaux photovolta\u00efques en France\"}]},{\"@type\":\"WebSite\",\"@id\":\"https:\/\/www.eenewseurope.com\/en\/#website\",\"url\":\"https:\/\/www.eenewseurope.com\/en\/\",\"name\":\"EENewsEurope\",\"description\":\"Just another WordPress site\",\"publisher\":{\"@id\":\"https:\/\/www.eenewseurope.com\/en\/#organization\"},\"potentialAction\":[{\"@type\":\"SearchAction\",\"target\":{\"@type\":\"EntryPoint\",\"urlTemplate\":\"https:\/\/www.eenewseurope.com\/en\/?s={search_term_string}\"},\"query-input\":\"required name=search_term_string\"}],\"inLanguage\":\"fr-FR\"},{\"@type\":\"Organization\",\"@id\":\"https:\/\/www.eenewseurope.com\/en\/#organization\",\"name\":\"EENewsEurope\",\"url\":\"https:\/\/www.eenewseurope.com\/en\/\",\"logo\":{\"@type\":\"ImageObject\",\"inLanguage\":\"fr-FR\",\"@id\":\"https:\/\/www.eenewseurope.com\/en\/#\/schema\/logo\/image\/\",\"url\":\"https:\/\/www.ecinews.fr\/wp-content\/uploads\/2022\/02\/logo-1.jpg\",\"contentUrl\":\"https:\/\/www.ecinews.fr\/wp-content\/uploads\/2022\/02\/logo-1.jpg\",\"width\":283,\"height\":113,\"caption\":\"EENewsEurope\"},\"image\":{\"@id\":\"https:\/\/www.eenewseurope.com\/en\/#\/schema\/logo\/image\/\"}},{\"@type\":\"Person\",\"@id\":\"https:\/\/www.eenewseurope.com\/en\/#\/schema\/person\/93c44cde463762f40a8236eaa44c1c17\",\"name\":\"Daniel Cardon\",\"image\":{\"@type\":\"ImageObject\",\"inLanguage\":\"fr-FR\",\"@id\":\"https:\/\/www.eenewseurope.com\/en\/#\/schema\/person\/image\/2b243f6bcc1cff7d86aadfb2cd0bd870\",\"url\":\"https:\/\/secure.gravatar.com\/avatar\/de9edc136dfc061ad4778e04635baefa?s=96&d=mm&r=g\",\"contentUrl\":\"https:\/\/secure.gravatar.com\/avatar\/de9edc136dfc061ad4778e04635baefa?s=96&d=mm&r=g\",\"caption\":\"Daniel Cardon\"}}]}<\/script>","yoast_head_json":{"title":"Projet de gigafactory de panneaux photovolta\u00efques en France ...","description":"Dans son r\u00e9cent discourt de Belfort, Emmanuel Macron fixait des objectifs ambitieux pour le solaire d\u2019ici \u00e0 2050. Alors que le Giec publie un nouveau...","robots":{"index":"index","follow":"follow","max-snippet":"max-snippet:-1","max-image-preview":"max-image-preview:large","max-video-preview":"max-video-preview:-1"},"canonical":"https:\/\/www.ecinews.fr\/fr\/wp-json\/wp\/v2\/posts\/276719\/","og_locale":"fr_FR","og_type":"article","og_title":"Projet de gigafactory de panneaux photovolta\u00efques en France","og_description":"Dans son r\u00e9cent discourt de Belfort, Emmanuel Macron fixait des objectifs ambitieux pour le solaire d\u2019ici \u00e0 2050. Alors que le Giec publie un nouveau rapport accablant sur les cons\u00e9quences de l\u2019inaction climatique, la start-up industrielle CARBON annonce un projet de gigafactory de panneaux photovolta\u00efques en France dont l\u2019objectif est de produire, d\u00e8s 2025, 5 [&hellip;]","og_url":"https:\/\/www.ecinews.fr\/fr\/wp-json\/wp\/v2\/posts\/276719\/","og_site_name":"EENewsEurope","article_published_time":"2022-03-04T10:20:54+00:00","og_image":[{"width":500,"height":315,"url":"https:\/\/www.ecinews.fr\/wp-content\/uploads\/2022\/03\/panneaux-solaires.jpg","type":"image\/jpeg"}],"author":"Daniel Cardon","twitter_card":"summary_large_image","twitter_misc":{"Written by":"Daniel Cardon","Est. reading time":"4 minutes"},"schema":{"@context":"https:\/\/schema.org","@graph":[{"@type":"Article","@id":"https:\/\/www.ecinews.fr\/fr\/projet-de-gigafactory-de-panneaux-photovoltaique-en-france\/#article","isPartOf":{"@id":"https:\/\/www.ecinews.fr\/fr\/projet-de-gigafactory-de-panneaux-photovoltaique-en-france\/"},"author":{"name":"Daniel Cardon","@id":"https:\/\/www.eenewseurope.com\/en\/#\/schema\/person\/93c44cde463762f40a8236eaa44c1c17"},"headline":"Projet de gigafactory de panneaux photovolta\u00efques en France","datePublished":"2022-03-04T10:20:54+00:00","dateModified":"2022-03-04T10:20:54+00:00","mainEntityOfPage":{"@id":"https:\/\/www.ecinews.fr\/fr\/projet-de-gigafactory-de-panneaux-photovoltaique-en-france\/"},"wordCount":875,"publisher":{"@id":"https:\/\/www.eenewseurope.com\/en\/#organization"},"articleSection":["Actualit\u00e9 g\u00e9n\u00e9rale"],"inLanguage":"fr-FR"},{"@type":"WebPage","@id":"https:\/\/www.ecinews.fr\/fr\/projet-de-gigafactory-de-panneaux-photovoltaique-en-france\/","url":"https:\/\/www.ecinews.fr\/fr\/projet-de-gigafactory-de-panneaux-photovoltaique-en-france\/","name":"Projet de gigafactory de panneaux photovolta\u00efques en France -","isPartOf":{"@id":"https:\/\/www.eenewseurope.com\/en\/#website"},"datePublished":"2022-03-04T10:20:54+00:00","dateModified":"2022-03-04T10:20:54+00:00","breadcrumb":{"@id":"https:\/\/www.ecinews.fr\/fr\/projet-de-gigafactory-de-panneaux-photovoltaique-en-france\/#breadcrumb"},"inLanguage":"fr-FR","potentialAction":[{"@type":"ReadAction","target":["https:\/\/www.ecinews.fr\/fr\/projet-de-gigafactory-de-panneaux-photovoltaique-en-france\/"]}]},{"@type":"BreadcrumbList","@id":"https:\/\/www.ecinews.fr\/fr\/projet-de-gigafactory-de-panneaux-photovoltaique-en-france\/#breadcrumb","itemListElement":[{"@type":"ListItem","position":1,"name":"Home","item":"https:\/\/www.ecinews.fr\/fr\/"},{"@type":"ListItem","position":2,"name":"Projet de gigafactory de panneaux photovolta\u00efques en France"}]},{"@type":"WebSite","@id":"https:\/\/www.eenewseurope.com\/en\/#website","url":"https:\/\/www.eenewseurope.com\/en\/","name":"EENewsEurope","description":"Just another WordPress site","publisher":{"@id":"https:\/\/www.eenewseurope.com\/en\/#organization"},"potentialAction":[{"@type":"SearchAction","target":{"@type":"EntryPoint","urlTemplate":"https:\/\/www.eenewseurope.com\/en\/?s={search_term_string}"},"query-input":"required name=search_term_string"}],"inLanguage":"fr-FR"},{"@type":"Organization","@id":"https:\/\/www.eenewseurope.com\/en\/#organization","name":"EENewsEurope","url":"https:\/\/www.eenewseurope.com\/en\/","logo":{"@type":"ImageObject","inLanguage":"fr-FR","@id":"https:\/\/www.eenewseurope.com\/en\/#\/schema\/logo\/image\/","url":"https:\/\/www.ecinews.fr\/wp-content\/uploads\/2022\/02\/logo-1.jpg","contentUrl":"https:\/\/www.ecinews.fr\/wp-content\/uploads\/2022\/02\/logo-1.jpg","width":283,"height":113,"caption":"EENewsEurope"},"image":{"@id":"https:\/\/www.eenewseurope.com\/en\/#\/schema\/logo\/image\/"}},{"@type":"Person","@id":"https:\/\/www.eenewseurope.com\/en\/#\/schema\/person\/93c44cde463762f40a8236eaa44c1c17","name":"Daniel Cardon","image":{"@type":"ImageObject","inLanguage":"fr-FR","@id":"https:\/\/www.eenewseurope.com\/en\/#\/schema\/person\/image\/2b243f6bcc1cff7d86aadfb2cd0bd870","url":"https:\/\/secure.gravatar.com\/avatar\/de9edc136dfc061ad4778e04635baefa?s=96&d=mm&r=g","contentUrl":"https:\/\/secure.gravatar.com\/avatar\/de9edc136dfc061ad4778e04635baefa?s=96&d=mm&r=g","caption":"Daniel Cardon"}}]}},"authors":[{"term_id":1143,"user_id":11,"is_guest":0,"slug":"danielcardon","display_name":"Daniel Cardon","avatar_url":"https:\/\/secure.gravatar.com\/avatar\/de9edc136dfc061ad4778e04635baefa?s=96&d=mm&r=g","0":null,"1":"","2":"","3":"","4":"","5":"","6":"","7":"","8":""}],"_links":{"self":[{"href":"https:\/\/www.ecinews.fr\/fr\/wp-json\/wp\/v2\/posts\/276719"}],"collection":[{"href":"https:\/\/www.ecinews.fr\/fr\/wp-json\/wp\/v2\/posts"}],"about":[{"href":"https:\/\/www.ecinews.fr\/fr\/wp-json\/wp\/v2\/types\/post"}],"author":[{"embeddable":true,"href":"https:\/\/www.ecinews.fr\/fr\/wp-json\/wp\/v2\/users\/11"}],"replies":[{"embeddable":true,"href":"https:\/\/www.ecinews.fr\/fr\/wp-json\/wp\/v2\/comments?post=276719"}],"version-history":[{"count":0,"href":"https:\/\/www.ecinews.fr\/fr\/wp-json\/wp\/v2\/posts\/276719\/revisions"}],"wp:featuredmedia":[{"embeddable":true,"href":"https:\/\/www.ecinews.fr\/fr\/wp-json\/wp\/v2\/media\/276721"}],"wp:attachment":[{"href":"https:\/\/www.ecinews.fr\/fr\/wp-json\/wp\/v2\/media?parent=276719"}],"wp:term":[{"taxonomy":"category","embeddable":true,"href":"https:\/\/www.ecinews.fr\/fr\/wp-json\/wp\/v2\/categories?post=276719"},{"taxonomy":"post_tag","embeddable":true,"href":"https:\/\/www.ecinews.fr\/fr\/wp-json\/wp\/v2\/tags?post=276719"},{"taxonomy":"domains","embeddable":true,"href":"https:\/\/www.ecinews.fr\/fr\/wp-json\/wp\/v2\/domains?post=276719"},{"taxonomy":"author","embeddable":true,"href":"https:\/\/www.ecinews.fr\/fr\/wp-json\/wp\/v2\/ppma_author?post=276719"}],"curies":[{"name":"wp","href":"https:\/\/api.w.org\/{rel}","templated":true}]}}