{"id":275926,"date":"2022-03-01T19:06:04","date_gmt":"2022-03-01T18:06:04","guid":{"rendered":"https:\/\/www.eenewseurope.com\/?p=275926"},"modified":"2022-03-01T19:06:04","modified_gmt":"2022-03-01T18:06:04","slug":"raspberry-pi-fete-ses-dix-ans","status":"publish","type":"post","link":"https:\/\/www.ecinews.fr\/fr\/raspberry-pi-fete-ses-dix-ans\/","title":{"rendered":"Raspberry Pi f\u00eate fi\u00e8rement ses dix ans"},"content":{"rendered":"<p><span class=\"VIiyi\" lang=\"fr\"><span class=\"JLqJ4b\" data-language-for-alternatives=\"fr\" data-language-to-translate-into=\"en\" data-phrase-index=\"0\" data-number-of-phrases=\"1\">Raspberry Pi a dix ans aujourd&rsquo;hui. Les premi\u00e8res commandes commerciales ont \u00e9t\u00e9 prises le 29 f\u00e9vrier 2012, bien qu&rsquo;elles n&rsquo;aient \u00e9t\u00e9 exp\u00e9di\u00e9es que huit mois plus tard. C&rsquo;\u00e9taient les premi\u00e8res de plus de 45 millions de cartes vendues \u00e0 ce jour. <\/span><\/span><\/p>\n<p><span class=\"VIiyi\" lang=\"fr\"><span class=\"JLqJ4b\" data-language-for-alternatives=\"fr\" data-language-to-translate-into=\"en\" data-phrase-index=\"0\" data-number-of-phrases=\"1\">\u00ab\u00a0Il y a presque exactement dix ans aujourd&rsquo;hui, des milliers d&rsquo;entre vous ont r\u00e9gl\u00e9 leurs alarmes et se sont r\u00e9veill\u00e9s le matin d&rsquo;un jour bissextile pour d\u00e9couvrir que nous avions commenc\u00e9 \u00e0 vendre des ordinateurs Raspberry Pi\u00a0\u00bb, a d\u00e9clar\u00e9 Eben Upton, PDG de Raspberry Pi (photo ci-dessus). \u00ab\u00a0Au moment o\u00f9 notre \u00e9quipe enti\u00e8rement b\u00e9n\u00e9vole s&rsquo;est r\u00e9unie au pub ce soir-l\u00e0 pour c\u00e9l\u00e9brer le lancement, nos licenci\u00e9s Farnell et RS Components avaient pris plus de 100 000 commandes, malgr\u00e9 leurs difficult\u00e9s \u00e0 maintenir leurs sites Web en ligne sous la charge et nous avions bri\u00e8vement d\u00e9pass\u00e9 Lady Gaga en termes de popularit\u00e9. Raspberry Pi \u00e9tait donc destin\u00e9 \u00e0 devenir un peu plus grand que pr\u00e9vu. <\/span><\/span><\/p>\n<ul>\n<li><a href=\"https:\/\/www.ecinews.fr\/news\/raspberry-pi-va-entrer-en-bourse-une-ipo\" target=\"notSet\" rel=\"noopener\">Raspberry Pi va entrer en bourse via une IPO<\/a><\/li>\n<li><a href=\"https:\/\/www.ecinews.fr\/news\/raspberry-pi-augmente-ses-prix-et-sen-excuse\" target=\"_blank\" rel=\"noopener\">Raspberry Pi augmente ses prix et s\u2019en excuse<\/a><\/li>\n<li><a href=\"https:\/\/www.ecinews.fr\/news\/penurie-de-raspberry-pi-suite-la-forte-demande\" target=\"_blank\" rel=\"noopener\">P\u00e9nurie de Raspberry Pi suite \u00e0 la forte demande<\/a><\/li>\n<li><a href=\"https:\/\/www.ecinews.fr\/news\/raspberry-pi-utilise-un-chip-proprietaire-pour-sa-carte-4\" target=\"_blank\" rel=\"noopener\">Raspberry Pi utilise un chip propri\u00e9taire pour sa carte \u00e0 $4<\/a><\/li>\n<\/ul>\n<p><span class=\"VIiyi\" lang=\"fr\"><span class=\"JLqJ4b\" data-language-for-alternatives=\"fr\" data-language-to-translate-into=\"en\" data-phrase-index=\"0\" data-number-of-phrases=\"1\">Les volontaires de Cambridge ont fond\u00e9 la Raspberry Pi Foundation en 2008, dans le but d&rsquo;inverser le d\u00e9clin des candidatures pour \u00e9tudier l&rsquo;informatique \u00e0 Cambridge en fournissant aux jeunes un ordinateur amusant, robuste et peu co\u00fbteux avec lequel ils pourraient apprendre \u00e0 programmer. Une d\u00e9monstration d&rsquo;un prototype de carte en mai 2011 avait stimul\u00e9 l&rsquo;int\u00e9r\u00eat pour le projet.<\/span><\/span><\/p>\n<p><span class=\"VIiyi\" lang=\"fr\"><span class=\"JLqJ4b\" data-language-for-alternatives=\"fr\" data-language-to-translate-into=\"en\" data-phrase-index=\"0\" data-number-of-phrases=\"1\">\u00ab\u00a0Apr\u00e8s quelques orni\u00e8res sur la route, les premi\u00e8res cartes de production sont arriv\u00e9es au Royaume-Uni \u00e0 la fin du mois de mars 2012 et les volumes ont continu\u00e9 d&rsquo;augmenter au printemps. \u00c0 la fin du mois d&rsquo;octobre, nous avions exp\u00e9di\u00e9 toutes nos commandes du jour du lancement ; emmen\u00e9 Raspberry Pi aux Maker Fairs dans la Silicon Valley et \u00e0 New York ; fait la d\u00e9monstration d&rsquo;un prototype fonctionnel de la premi\u00e8re carte cam\u00e9ra; commenc\u00e9 la fabrication du Raspberry Pi au Sony UK Technology Center dans le sud du Pays de Galles ; doubl\u00e9 la capacit\u00e9 de m\u00e9moire du mod\u00e8le B \u00e0 512 Mo ; et produit les premiers \u00e9chantillons du mod\u00e8le A r\u00e9duit \u00e0 25 $\u00a0\u00bb, a-t-il d\u00e9clar\u00e9. \u00ab\u00a0En fin de compte, nous avons vendu un million d&rsquo;unit\u00e9s au cours de nos douze premiers mois.\u00a0\u00bb<\/span><\/span><\/p>\n<p><span class=\"VIiyi\" lang=\"fr\"><span class=\"JLqJ4b\" data-language-for-alternatives=\"fr\" data-language-to-translate-into=\"en\" data-phrase-index=\"0\" data-number-of-phrases=\"1\"> \u00ab\u00a0Au cours des dix ann\u00e9es qui ont suivi, nous avons construit une entreprise, une fondation caritative et un mouvement qui a commenc\u00e9 \u00e0 changer le monde\u00a0\u00bb, a-t-il d\u00e9clar\u00e9. \u00ab\u00a0Nous avons lanc\u00e9 cinq autres g\u00e9n\u00e9rations de la plate-forme principale Raspberry Pi, en commen\u00e7ant par\u00a0le\u00a0mod\u00e8le\u00a01B+\u00a0en\u00a02014, et culminant avec\u00a0le\u00a0mod\u00e8le\u00a04B\u00a0en\u00a02019. Nous avons construit\u00a0des\u00a0modules de calcul\u00a0et des\u00a0PC tout-en-un, et produit des\u00a0cam\u00e9ras,\u00a0des \u00e9crans, bo\u00eetiers, c\u00e2bles et toute une plan\u00e8te de\u00a0HAT (modules compl\u00e9mentaires).\u00a0\u00bb<\/span><\/span><\/p>\n<ul>\n<li>\n<p class=\"title\"><a href=\"https:\/\/www.ecinews.fr\/fr\/raspberry-pi-commence-la-vente-directe-de-microcontroleurs\/\" target=\"_blank\" rel=\"noopener\">Raspberry Pi commence la vente directe de microcontr\u00f4leurs<\/a><\/p>\n<\/li>\n<\/ul>\n<p><span class=\"VIiyi\" lang=\"fr\"><span class=\"JLqJ4b\" data-language-for-alternatives=\"fr\" data-language-to-translate-into=\"en\" data-phrase-index=\"0\" data-number-of-phrases=\"1\">Raspberry Pi s&rsquo;est \u00e9tendu pour cr\u00e9er son propre microcontr\u00f4leur en volume et a vu son PC Linux \u00ab\u00a0tout en un\u00a0\u00bb dans un clavier \u00e9mul\u00e9 dans un r\u00e9cent brevet d&rsquo;Apple.<\/span><\/span><\/p>\n<p>&nbsp;<\/p>\n<p><iframe title=\"YouTube video player\" data-src=\"\/\/www.youtube.com\/embed\/eiwm5TMHIy8\" width=\"400\" height=\"250\" frameborder=\"0\" allowfullscreen=\"allowfullscreen\" src=\"data:image\/svg+xml;base64,PHN2ZyB3aWR0aD0iMSIgaGVpZ2h0PSIxIiB4bWxucz0iaHR0cDovL3d3dy53My5vcmcvMjAwMC9zdmciPjwvc3ZnPg==\" class=\"lazyload\" data-load-mode=\"1\"><\/iframe><\/p>\n<p><span class=\"VIiyi\" lang=\"fr\"><span class=\"JLqJ4b\" data-language-for-alternatives=\"fr\" data-language-to-translate-into=\"en\" data-phrase-index=\"0\" data-number-of-phrases=\"1\">\u00ab\u00a0\u00c0 ce jour, nous avons vendu plus de 45 millions d&rsquo;ordinateurs Raspberry Pi\u00a0\u00bb, a d\u00e9clar\u00e9 Upton. \u00ab\u00a0Nos b\u00e9n\u00e9fices ont aid\u00e9 \u00e0 financer le travail de la Fondation Raspberry Pi, qui s&rsquo;est d\u00e9velopp\u00e9e au cours des dix derni\u00e8res ann\u00e9es pour devenir l&rsquo;un des acteurs mondiaux les plus importants de l&rsquo;\u00e9ducation STEM.\u00a0\u00bb<\/span><\/span><\/p>\n<p><span class=\"VIiyi\" lang=\"fr\"><span class=\"JLqJ4b\" data-language-for-alternatives=\"fr\" data-language-to-translate-into=\"en\" data-phrase-index=\"0\" data-number-of-phrases=\"1\">\u00ab\u00a0La Fondation cr\u00e9e des programmes d&rsquo;\u00e9tudes et de formation des enseignants qui contribuent \u00e0 am\u00e9liorer la qualit\u00e9 de l&rsquo;enseignement de l&rsquo;informatique dans des dizaines de milliers d&rsquo;\u00e9coles ; des millions de jeunes apprennent \u00e0 programmer gr\u00e2ce \u00e0 leurs ressources en ligne gratuites, leurs r\u00e9seaux de Code Clubs et CoderDojos, et leurs partenariats avec des organisations de jeunesse et communautaires, et leurs recherches de classe mondiale aident \u00e0 faire progresser notre compr\u00e9hension de ce qui fonctionne et de ce qui ne fonctionne pas sur le terrain \u00bb, a-t-il d\u00e9clar\u00e9. <\/span><\/span><\/p>\n<p><span class=\"VIiyi\" lang=\"fr\"><span class=\"JLqJ4b\" data-language-for-alternatives=\"fr\" data-language-to-translate-into=\"en\" data-phrase-index=\"0\" data-number-of-phrases=\"1\">\u00ab\u00c7a a \u00e9t\u00e9 une course folle. Alors, bravo \u00e0 dix ans de Raspberry Pi, et bravo \u00e0 ce que nous ferons tous, ensemble, au cours des dix prochaines \u00bb, a-t-il d\u00e9clar\u00e9.<\/span><\/span><\/p>\n<p>&nbsp;<\/p>\n<p><a href=\"http:\/\/www.raspberrypi.com\">www.raspberrypi.com<\/a><\/p>\n<p>Related articles<\/p>\n<ul>\n<li><a href=\"https:\/\/www.eenewseurope.com\/en\/first-raspberry-pi-recycling-scheme-from-sony-okdo\/\">First Raspberry Pi recycling scheme from Sony, Okdo<\/a><\/li>\n<li><a href=\"https:\/\/www.eenewsanalog.com\/en\/raspberry-pi-goes-64-bit\/\">Raspberry Pi goes 64-bit<\/a><\/li>\n<li><a href=\"https:\/\/www.eenewseurope.com\/en\/raspberry-pi-controller-available-as-silicon\/\">Raspberry Pi controller available as silicon<\/a><\/li>\n<li><a href=\"https:\/\/www.eenewseurope.com\/en\/first-industrial-programmable-i-o-module-with-raspberry-pi-micro\/\">First industrial programmable I\/O module with Raspberry Pi<\/a><\/li>\n<\/ul>\n","protected":false},"excerpt":{"rendered":"<p>Raspberry Pi a dix ans aujourd&rsquo;hui. Les premi\u00e8res commandes commerciales ont \u00e9t\u00e9 prises le 29 f\u00e9vrier 2012, bien qu&rsquo;elles n&rsquo;aient \u00e9t\u00e9 exp\u00e9di\u00e9es que huit mois plus tard<\/p>\n","protected":false},"author":34,"featured_media":275770,"comment_status":"closed","ping_status":"closed","sticky":true,"template":"","format":"standard","meta":{"_acf_changed":false,"footnotes":""},"categories":[887],"tags":[894,906,917],"domains":[47],"ppma_author":[1153],"class_list":["post-275926","post","type-post","status-publish","format-standard","has-post-thumbnail","hentry","category-applications","tag-boards-embedded-cards-fr","tag-mpus-mcus-fr","tag-software-embedded-tools-fr","domains-electronique-eci"],"acf":[],"yoast_head":"<title>Raspberry Pi f\u00eate fi\u00e8rement ses dix ans ...<\/title>\n<meta name=\"description\" content=\"Raspberry Pi a dix ans aujourd&#039;hui. Les premi\u00e8res commandes commerciales ont \u00e9t\u00e9 prises le 29 f\u00e9vrier 2012 et exp\u00e9di\u00e9es huit mois plus tard\" \/>\n<meta name=\"robots\" content=\"index, follow, max-snippet:-1, max-image-preview:large, max-video-preview:-1\" \/>\n<link rel=\"canonical\" href=\"https:\/\/www.ecinews.fr\/fr\/wp-json\/wp\/v2\/posts\/275926\/\" \/>\n<meta property=\"og:locale\" content=\"fr_FR\" \/>\n<meta property=\"og:type\" content=\"article\" \/>\n<meta property=\"og:title\" content=\"Raspberry Pi f\u00eate fi\u00e8rement ses dix ans\" \/>\n<meta property=\"og:description\" content=\"Raspberry Pi a dix ans aujourd&#039;hui. Les premi\u00e8res commandes commerciales ont \u00e9t\u00e9 prises le 29 f\u00e9vrier 2012 et exp\u00e9di\u00e9es huit mois plus tard\" \/>\n<meta property=\"og:url\" content=\"https:\/\/www.ecinews.fr\/fr\/wp-json\/wp\/v2\/posts\/275926\/\" \/>\n<meta property=\"og:site_name\" content=\"EENewsEurope\" \/>\n<meta property=\"article:published_time\" content=\"2022-03-01T18:06:04+00:00\" \/>\n<meta property=\"og:image\" content=\"https:\/\/www.ecinews.fr\/wp-content\/uploads\/2022\/02\/Eben-Upton-1536x1279-1.png\" \/>\n\t<meta property=\"og:image:width\" content=\"1080\" \/>\n\t<meta property=\"og:image:height\" content=\"899\" \/>\n\t<meta property=\"og:image:type\" content=\"image\/png\" \/>\n<meta name=\"author\" content=\"A Delapalisse\" \/>\n<meta name=\"twitter:card\" content=\"summary_large_image\" \/>\n<meta name=\"twitter:label1\" content=\"Written by\" \/>\n\t<meta name=\"twitter:data1\" content=\"A Delapalisse\" \/>\n\t<meta name=\"twitter:label2\" content=\"Est. reading time\" \/>\n\t<meta name=\"twitter:data2\" content=\"3 minutes\" \/>\n<script type=\"application\/ld+json\" class=\"yoast-schema-graph\">{\"@context\":\"https:\/\/schema.org\",\"@graph\":[{\"@type\":\"Article\",\"@id\":\"https:\/\/www.ecinews.fr\/fr\/raspberry-pi-fete-ses-dix-ans\/#article\",\"isPartOf\":{\"@id\":\"https:\/\/www.ecinews.fr\/fr\/raspberry-pi-fete-ses-dix-ans\/\"},\"author\":{\"name\":\"A Delapalisse\",\"@id\":\"https:\/\/www.eenewseurope.com\/en\/#\/schema\/person\/0aa2cfb0bd8949724a68cbac8d8321b4\"},\"headline\":\"Raspberry Pi f\u00eate fi\u00e8rement ses dix ans\",\"datePublished\":\"2022-03-01T18:06:04+00:00\",\"dateModified\":\"2022-03-01T18:06:04+00:00\",\"mainEntityOfPage\":{\"@id\":\"https:\/\/www.ecinews.fr\/fr\/raspberry-pi-fete-ses-dix-ans\/\"},\"wordCount\":773,\"publisher\":{\"@id\":\"https:\/\/www.eenewseurope.com\/en\/#organization\"},\"keywords\":[\"Boards &amp; Embedded Cards\",\"MPUs\/MCUs\",\"Software &amp; Embedded tools\"],\"articleSection\":[\"Applications\"],\"inLanguage\":\"fr-FR\"},{\"@type\":\"WebPage\",\"@id\":\"https:\/\/www.ecinews.fr\/fr\/raspberry-pi-fete-ses-dix-ans\/\",\"url\":\"https:\/\/www.ecinews.fr\/fr\/raspberry-pi-fete-ses-dix-ans\/\",\"name\":\"Raspberry Pi f\u00eate fi\u00e8rement ses dix ans -\",\"isPartOf\":{\"@id\":\"https:\/\/www.eenewseurope.com\/en\/#website\"},\"datePublished\":\"2022-03-01T18:06:04+00:00\",\"dateModified\":\"2022-03-01T18:06:04+00:00\",\"description\":\"Raspberry Pi a dix ans aujourd'hui. Les premi\u00e8res commandes commerciales ont \u00e9t\u00e9 prises le 29 f\u00e9vrier 2012 et exp\u00e9di\u00e9es huit mois plus tard\",\"breadcrumb\":{\"@id\":\"https:\/\/www.ecinews.fr\/fr\/raspberry-pi-fete-ses-dix-ans\/#breadcrumb\"},\"inLanguage\":\"fr-FR\",\"potentialAction\":[{\"@type\":\"ReadAction\",\"target\":[\"https:\/\/www.ecinews.fr\/fr\/raspberry-pi-fete-ses-dix-ans\/\"]}]},{\"@type\":\"BreadcrumbList\",\"@id\":\"https:\/\/www.ecinews.fr\/fr\/raspberry-pi-fete-ses-dix-ans\/#breadcrumb\",\"itemListElement\":[{\"@type\":\"ListItem\",\"position\":1,\"name\":\"Home\",\"item\":\"https:\/\/www.ecinews.fr\/fr\/\"},{\"@type\":\"ListItem\",\"position\":2,\"name\":\"Raspberry Pi f\u00eate fi\u00e8rement ses dix ans\"}]},{\"@type\":\"WebSite\",\"@id\":\"https:\/\/www.eenewseurope.com\/en\/#website\",\"url\":\"https:\/\/www.eenewseurope.com\/en\/\",\"name\":\"EENewsEurope\",\"description\":\"Just another WordPress site\",\"publisher\":{\"@id\":\"https:\/\/www.eenewseurope.com\/en\/#organization\"},\"potentialAction\":[{\"@type\":\"SearchAction\",\"target\":{\"@type\":\"EntryPoint\",\"urlTemplate\":\"https:\/\/www.eenewseurope.com\/en\/?s={search_term_string}\"},\"query-input\":\"required name=search_term_string\"}],\"inLanguage\":\"fr-FR\"},{\"@type\":\"Organization\",\"@id\":\"https:\/\/www.eenewseurope.com\/en\/#organization\",\"name\":\"EENewsEurope\",\"url\":\"https:\/\/www.eenewseurope.com\/en\/\",\"logo\":{\"@type\":\"ImageObject\",\"inLanguage\":\"fr-FR\",\"@id\":\"https:\/\/www.eenewseurope.com\/en\/#\/schema\/logo\/image\/\",\"url\":\"https:\/\/www.ecinews.fr\/wp-content\/uploads\/2022\/02\/logo-1.jpg\",\"contentUrl\":\"https:\/\/www.ecinews.fr\/wp-content\/uploads\/2022\/02\/logo-1.jpg\",\"width\":283,\"height\":113,\"caption\":\"EENewsEurope\"},\"image\":{\"@id\":\"https:\/\/www.eenewseurope.com\/en\/#\/schema\/logo\/image\/\"}},{\"@type\":\"Person\",\"@id\":\"https:\/\/www.eenewseurope.com\/en\/#\/schema\/person\/0aa2cfb0bd8949724a68cbac8d8321b4\",\"name\":\"A Delapalisse\",\"image\":{\"@type\":\"ImageObject\",\"inLanguage\":\"fr-FR\",\"@id\":\"https:\/\/www.eenewseurope.com\/en\/#\/schema\/person\/image\/211ac42237c2e9683c0964086c393cb4\",\"url\":\"https:\/\/secure.gravatar.com\/avatar\/ad45a8c5da24bc9c7c4940dd1c48a695?s=96&d=mm&r=g\",\"contentUrl\":\"https:\/\/secure.gravatar.com\/avatar\/ad45a8c5da24bc9c7c4940dd1c48a695?s=96&d=mm&r=g\",\"caption\":\"A Delapalisse\"},\"sameAs\":[\"http:\/\/ECI\"]}]}<\/script>","yoast_head_json":{"title":"Raspberry Pi f\u00eate fi\u00e8rement ses dix ans ...","description":"Raspberry Pi a dix ans aujourd'hui. Les premi\u00e8res commandes commerciales ont \u00e9t\u00e9 prises le 29 f\u00e9vrier 2012 et exp\u00e9di\u00e9es huit mois plus tard","robots":{"index":"index","follow":"follow","max-snippet":"max-snippet:-1","max-image-preview":"max-image-preview:large","max-video-preview":"max-video-preview:-1"},"canonical":"https:\/\/www.ecinews.fr\/fr\/wp-json\/wp\/v2\/posts\/275926\/","og_locale":"fr_FR","og_type":"article","og_title":"Raspberry Pi f\u00eate fi\u00e8rement ses dix ans","og_description":"Raspberry Pi a dix ans aujourd'hui. Les premi\u00e8res commandes commerciales ont \u00e9t\u00e9 prises le 29 f\u00e9vrier 2012 et exp\u00e9di\u00e9es huit mois plus tard","og_url":"https:\/\/www.ecinews.fr\/fr\/wp-json\/wp\/v2\/posts\/275926\/","og_site_name":"EENewsEurope","article_published_time":"2022-03-01T18:06:04+00:00","og_image":[{"width":1080,"height":899,"url":"https:\/\/www.ecinews.fr\/wp-content\/uploads\/2022\/02\/Eben-Upton-1536x1279-1.png","type":"image\/png"}],"author":"A Delapalisse","twitter_card":"summary_large_image","twitter_misc":{"Written by":"A Delapalisse","Est. reading time":"3 minutes"},"schema":{"@context":"https:\/\/schema.org","@graph":[{"@type":"Article","@id":"https:\/\/www.ecinews.fr\/fr\/raspberry-pi-fete-ses-dix-ans\/#article","isPartOf":{"@id":"https:\/\/www.ecinews.fr\/fr\/raspberry-pi-fete-ses-dix-ans\/"},"author":{"name":"A Delapalisse","@id":"https:\/\/www.eenewseurope.com\/en\/#\/schema\/person\/0aa2cfb0bd8949724a68cbac8d8321b4"},"headline":"Raspberry Pi f\u00eate fi\u00e8rement ses dix ans","datePublished":"2022-03-01T18:06:04+00:00","dateModified":"2022-03-01T18:06:04+00:00","mainEntityOfPage":{"@id":"https:\/\/www.ecinews.fr\/fr\/raspberry-pi-fete-ses-dix-ans\/"},"wordCount":773,"publisher":{"@id":"https:\/\/www.eenewseurope.com\/en\/#organization"},"keywords":["Boards &amp; Embedded Cards","MPUs\/MCUs","Software &amp; Embedded tools"],"articleSection":["Applications"],"inLanguage":"fr-FR"},{"@type":"WebPage","@id":"https:\/\/www.ecinews.fr\/fr\/raspberry-pi-fete-ses-dix-ans\/","url":"https:\/\/www.ecinews.fr\/fr\/raspberry-pi-fete-ses-dix-ans\/","name":"Raspberry Pi f\u00eate fi\u00e8rement ses dix ans -","isPartOf":{"@id":"https:\/\/www.eenewseurope.com\/en\/#website"},"datePublished":"2022-03-01T18:06:04+00:00","dateModified":"2022-03-01T18:06:04+00:00","description":"Raspberry Pi a dix ans aujourd'hui. Les premi\u00e8res commandes commerciales ont \u00e9t\u00e9 prises le 29 f\u00e9vrier 2012 et exp\u00e9di\u00e9es huit mois plus tard","breadcrumb":{"@id":"https:\/\/www.ecinews.fr\/fr\/raspberry-pi-fete-ses-dix-ans\/#breadcrumb"},"inLanguage":"fr-FR","potentialAction":[{"@type":"ReadAction","target":["https:\/\/www.ecinews.fr\/fr\/raspberry-pi-fete-ses-dix-ans\/"]}]},{"@type":"BreadcrumbList","@id":"https:\/\/www.ecinews.fr\/fr\/raspberry-pi-fete-ses-dix-ans\/#breadcrumb","itemListElement":[{"@type":"ListItem","position":1,"name":"Home","item":"https:\/\/www.ecinews.fr\/fr\/"},{"@type":"ListItem","position":2,"name":"Raspberry Pi f\u00eate fi\u00e8rement ses dix ans"}]},{"@type":"WebSite","@id":"https:\/\/www.eenewseurope.com\/en\/#website","url":"https:\/\/www.eenewseurope.com\/en\/","name":"EENewsEurope","description":"Just another WordPress site","publisher":{"@id":"https:\/\/www.eenewseurope.com\/en\/#organization"},"potentialAction":[{"@type":"SearchAction","target":{"@type":"EntryPoint","urlTemplate":"https:\/\/www.eenewseurope.com\/en\/?s={search_term_string}"},"query-input":"required name=search_term_string"}],"inLanguage":"fr-FR"},{"@type":"Organization","@id":"https:\/\/www.eenewseurope.com\/en\/#organization","name":"EENewsEurope","url":"https:\/\/www.eenewseurope.com\/en\/","logo":{"@type":"ImageObject","inLanguage":"fr-FR","@id":"https:\/\/www.eenewseurope.com\/en\/#\/schema\/logo\/image\/","url":"https:\/\/www.ecinews.fr\/wp-content\/uploads\/2022\/02\/logo-1.jpg","contentUrl":"https:\/\/www.ecinews.fr\/wp-content\/uploads\/2022\/02\/logo-1.jpg","width":283,"height":113,"caption":"EENewsEurope"},"image":{"@id":"https:\/\/www.eenewseurope.com\/en\/#\/schema\/logo\/image\/"}},{"@type":"Person","@id":"https:\/\/www.eenewseurope.com\/en\/#\/schema\/person\/0aa2cfb0bd8949724a68cbac8d8321b4","name":"A Delapalisse","image":{"@type":"ImageObject","inLanguage":"fr-FR","@id":"https:\/\/www.eenewseurope.com\/en\/#\/schema\/person\/image\/211ac42237c2e9683c0964086c393cb4","url":"https:\/\/secure.gravatar.com\/avatar\/ad45a8c5da24bc9c7c4940dd1c48a695?s=96&d=mm&r=g","contentUrl":"https:\/\/secure.gravatar.com\/avatar\/ad45a8c5da24bc9c7c4940dd1c48a695?s=96&d=mm&r=g","caption":"A Delapalisse"},"sameAs":["http:\/\/ECI"]}]}},"authors":[{"term_id":1153,"user_id":34,"is_guest":0,"slug":"adelapalisse","display_name":"A Delapalisse","avatar_url":"https:\/\/secure.gravatar.com\/avatar\/ad45a8c5da24bc9c7c4940dd1c48a695?s=96&d=mm&r=g","0":null,"1":"","2":"","3":"","4":"","5":"","6":"","7":"","8":""}],"_links":{"self":[{"href":"https:\/\/www.ecinews.fr\/fr\/wp-json\/wp\/v2\/posts\/275926"}],"collection":[{"href":"https:\/\/www.ecinews.fr\/fr\/wp-json\/wp\/v2\/posts"}],"about":[{"href":"https:\/\/www.ecinews.fr\/fr\/wp-json\/wp\/v2\/types\/post"}],"author":[{"embeddable":true,"href":"https:\/\/www.ecinews.fr\/fr\/wp-json\/wp\/v2\/users\/34"}],"replies":[{"embeddable":true,"href":"https:\/\/www.ecinews.fr\/fr\/wp-json\/wp\/v2\/comments?post=275926"}],"version-history":[{"count":0,"href":"https:\/\/www.ecinews.fr\/fr\/wp-json\/wp\/v2\/posts\/275926\/revisions"}],"wp:featuredmedia":[{"embeddable":true,"href":"https:\/\/www.ecinews.fr\/fr\/wp-json\/wp\/v2\/media\/275770"}],"wp:attachment":[{"href":"https:\/\/www.ecinews.fr\/fr\/wp-json\/wp\/v2\/media?parent=275926"}],"wp:term":[{"taxonomy":"category","embeddable":true,"href":"https:\/\/www.ecinews.fr\/fr\/wp-json\/wp\/v2\/categories?post=275926"},{"taxonomy":"post_tag","embeddable":true,"href":"https:\/\/www.ecinews.fr\/fr\/wp-json\/wp\/v2\/tags?post=275926"},{"taxonomy":"domains","embeddable":true,"href":"https:\/\/www.ecinews.fr\/fr\/wp-json\/wp\/v2\/domains?post=275926"},{"taxonomy":"author","embeddable":true,"href":"https:\/\/www.ecinews.fr\/fr\/wp-json\/wp\/v2\/ppma_author?post=275926"}],"curies":[{"name":"wp","href":"https:\/\/api.w.org\/{rel}","templated":true}]}}