{"id":275847,"date":"2022-03-01T12:06:12","date_gmt":"2022-03-01T11:06:12","guid":{"rendered":"https:\/\/www.eenewseurope.com\/?p=275847"},"modified":"2022-03-01T12:06:12","modified_gmt":"2022-03-01T11:06:12","slug":"premieres-assises-du-newspace","status":"publish","type":"post","link":"https:\/\/www.ecinews.fr\/fr\/premieres-assises-du-newspace\/","title":{"rendered":"Premi\u00e8res assises du Newspace"},"content":{"rendered":"<p>L\u2019av\u00e8nement du NewSpace a profond\u00e9ment boulevers\u00e9 l\u2019industrie spatiale et incit\u00e9 les acteurs traditionnels \u00e0 revoir leurs strat\u00e9gies face aux multiples initiatives de nouveaux acteurs priv\u00e9s depuis une vingtaine d\u2019ann\u00e9es.<\/p>\n<p>Ce secteur, d\u00e9sormais plus accessible, ouvre un nombre consid\u00e9rable d\u2019opportunit\u00e9s et les acteurs du spatial fran\u00e7ais doivent faire face \u00e0 des enjeux en pleine mutation pour rester dans la course internationale.<\/p>\n<p>Un collectif d\u2019acteurs du spatial, pleinement convaincus de la n\u00e9cessit\u00e9 d\u2019acc\u00e9l\u00e9rer la transformation de l\u2019\u00e9cosyst\u00e8me a donc d\u00e9cid\u00e9 d\u2019organiser les premi\u00e8res Assises du NewSpace , les 7 et 8 juillet 2022 \u00e0 Station F, Paris. C\u2019est dans ce cadre qu\u2019une grande consultation publique est lanc\u00e9e pour l\u2019ensemble des personnes physiques ou morales int\u00e9ress\u00e9es.<\/p>\n<p><strong>Une consultation ouverte \u00e0 toutes et \u00e0 tous d\u00e8s aujourd\u2019hui jusqu\u2019au 31 mars 2022<\/strong><br \/>\nEn premier lieu, la consultation publique portera sur la question suivante : \u00ab Quelles mesures et conditions pour faire du NewSpace fran\u00e7ais un acteur du Top3 mondial \u00e0 5 ans ? \u00bb.<\/p>\n<p>Ouverte \u00e0 toutes et \u00e0 tous \u2013 industriels, entrepreneurs, porteurs de projets, investisseurs, clients du secteur priv\u00e9, public, chercheurs, \u00e9tudiants \u2013 cette consultation doit permettre \u00e0 chacun de s\u2019exprimer sur ce grand enjeu national.<\/p>\n<p>Les contributions se structureront autour de 10 th\u00e9matiques sp\u00e9cialis\u00e9es et seront supervis\u00e9es par une \u00e9quipe de 16 coordinateurs th\u00e9matiques puis \u00e9tudi\u00e9es par le collectif \u00e0 l\u2019origine des Assises du NewSpace. Elles viendront enrichir le programme de l\u2019\u00e9v\u00e9nement des 7 et 8 juillet pour aboutir \u00e0 la publication d\u2019un rapport final qui sera pr\u00e9sent\u00e9 en Septembre 2022 au public.<\/p>\n<p><a href=\"https:\/\/presse.cnes.fr\/fr\/7-et-8-juillet-2022-1eres-assises-du-newspace-en-france-lancement-dune-consultation-publique-ouverte\">En savoir plus\u00a0<\/a><\/p>\n","protected":false},"excerpt":{"rendered":"<p>L\u2019av\u00e8nement du NewSpace a profond\u00e9ment boulevers\u00e9 l\u2019industrie spatiale et incit\u00e9 les acteurs traditionnels \u00e0 revoir leurs strat\u00e9gies face aux multiples initiatives de nouveaux acteurs priv\u00e9s depuis une vingtaine d\u2019ann\u00e9es. Ce secteur, d\u00e9sormais plus accessible, ouvre un nombre consid\u00e9rable d\u2019opportunit\u00e9s et les acteurs du spatial fran\u00e7ais doivent faire face \u00e0 des enjeux en pleine mutation pour [&hellip;]<\/p>\n","protected":false},"author":11,"featured_media":275851,"comment_status":"closed","ping_status":"closed","sticky":false,"template":"","format":"standard","meta":{"_acf_changed":false,"footnotes":""},"categories":[886],"tags":[],"domains":[39,47],"ppma_author":[1143],"class_list":["post-275847","post","type-post","status-publish","format-standard","has-post-thumbnail","hentry","category-news-fr","domains-eenews-europe","domains-electronique-eci"],"acf":[],"yoast_head":"<title>Premi\u00e8res assises du Newspace ...<\/title>\n<meta name=\"description\" content=\"L\u2019av\u00e8nement du NewSpace a profond\u00e9ment boulevers\u00e9 l\u2019industrie spatiale et incit\u00e9 les acteurs traditionnels \u00e0 revoir leurs strat\u00e9gies face aux...\" \/>\n<meta name=\"robots\" content=\"index, follow, max-snippet:-1, max-image-preview:large, max-video-preview:-1\" \/>\n<link rel=\"canonical\" href=\"https:\/\/www.ecinews.fr\/fr\/wp-json\/wp\/v2\/posts\/275847\/\" \/>\n<meta property=\"og:locale\" content=\"fr_FR\" \/>\n<meta property=\"og:type\" content=\"article\" \/>\n<meta property=\"og:title\" content=\"Premi\u00e8res assises du Newspace\" \/>\n<meta property=\"og:description\" content=\"L\u2019av\u00e8nement du NewSpace a profond\u00e9ment boulevers\u00e9 l\u2019industrie spatiale et incit\u00e9 les acteurs traditionnels \u00e0 revoir leurs strat\u00e9gies face aux multiples initiatives de nouveaux acteurs priv\u00e9s depuis une vingtaine d\u2019ann\u00e9es. Ce secteur, d\u00e9sormais plus accessible, ouvre un nombre consid\u00e9rable d\u2019opportunit\u00e9s et les acteurs du spatial fran\u00e7ais doivent faire face \u00e0 des enjeux en pleine mutation pour [&hellip;]\" \/>\n<meta property=\"og:url\" content=\"https:\/\/www.ecinews.fr\/fr\/wp-json\/wp\/v2\/posts\/275847\/\" \/>\n<meta property=\"og:site_name\" content=\"EENewsEurope\" \/>\n<meta property=\"article:published_time\" content=\"2022-03-01T11:06:12+00:00\" \/>\n<meta property=\"og:image\" content=\"https:\/\/www.ecinews.fr\/wp-content\/uploads\/2022\/03\/Cnes-Newspace.jpg\" \/>\n\t<meta property=\"og:image:width\" content=\"500\" \/>\n\t<meta property=\"og:image:height\" content=\"226\" \/>\n\t<meta property=\"og:image:type\" content=\"image\/jpeg\" \/>\n<meta name=\"author\" content=\"Daniel Cardon\" \/>\n<meta name=\"twitter:card\" content=\"summary_large_image\" \/>\n<meta name=\"twitter:label1\" content=\"Written by\" \/>\n\t<meta name=\"twitter:data1\" content=\"Daniel Cardon\" \/>\n\t<meta name=\"twitter:label2\" content=\"Est. reading time\" \/>\n\t<meta name=\"twitter:data2\" content=\"2 minutes\" \/>\n<script type=\"application\/ld+json\" class=\"yoast-schema-graph\">{\"@context\":\"https:\/\/schema.org\",\"@graph\":[{\"@type\":\"Article\",\"@id\":\"https:\/\/www.ecinews.fr\/fr\/premieres-assises-du-newspace\/#article\",\"isPartOf\":{\"@id\":\"https:\/\/www.ecinews.fr\/fr\/premieres-assises-du-newspace\/\"},\"author\":{\"name\":\"Daniel Cardon\",\"@id\":\"https:\/\/www.eenewseurope.com\/en\/#\/schema\/person\/93c44cde463762f40a8236eaa44c1c17\"},\"headline\":\"Premi\u00e8res assises du Newspace\",\"datePublished\":\"2022-03-01T11:06:12+00:00\",\"dateModified\":\"2022-03-01T11:06:12+00:00\",\"mainEntityOfPage\":{\"@id\":\"https:\/\/www.ecinews.fr\/fr\/premieres-assises-du-newspace\/\"},\"wordCount\":275,\"publisher\":{\"@id\":\"https:\/\/www.eenewseurope.com\/en\/#organization\"},\"articleSection\":[\"Actualit\u00e9 g\u00e9n\u00e9rale\"],\"inLanguage\":\"fr-FR\"},{\"@type\":\"WebPage\",\"@id\":\"https:\/\/www.ecinews.fr\/fr\/premieres-assises-du-newspace\/\",\"url\":\"https:\/\/www.ecinews.fr\/fr\/premieres-assises-du-newspace\/\",\"name\":\"Premi\u00e8res assises du Newspace -\",\"isPartOf\":{\"@id\":\"https:\/\/www.eenewseurope.com\/en\/#website\"},\"datePublished\":\"2022-03-01T11:06:12+00:00\",\"dateModified\":\"2022-03-01T11:06:12+00:00\",\"breadcrumb\":{\"@id\":\"https:\/\/www.ecinews.fr\/fr\/premieres-assises-du-newspace\/#breadcrumb\"},\"inLanguage\":\"fr-FR\",\"potentialAction\":[{\"@type\":\"ReadAction\",\"target\":[\"https:\/\/www.ecinews.fr\/fr\/premieres-assises-du-newspace\/\"]}]},{\"@type\":\"BreadcrumbList\",\"@id\":\"https:\/\/www.ecinews.fr\/fr\/premieres-assises-du-newspace\/#breadcrumb\",\"itemListElement\":[{\"@type\":\"ListItem\",\"position\":1,\"name\":\"Home\",\"item\":\"https:\/\/www.ecinews.fr\/fr\/\"},{\"@type\":\"ListItem\",\"position\":2,\"name\":\"Premi\u00e8res assises du Newspace\"}]},{\"@type\":\"WebSite\",\"@id\":\"https:\/\/www.eenewseurope.com\/en\/#website\",\"url\":\"https:\/\/www.eenewseurope.com\/en\/\",\"name\":\"EENewsEurope\",\"description\":\"Just another WordPress site\",\"publisher\":{\"@id\":\"https:\/\/www.eenewseurope.com\/en\/#organization\"},\"potentialAction\":[{\"@type\":\"SearchAction\",\"target\":{\"@type\":\"EntryPoint\",\"urlTemplate\":\"https:\/\/www.eenewseurope.com\/en\/?s={search_term_string}\"},\"query-input\":\"required name=search_term_string\"}],\"inLanguage\":\"fr-FR\"},{\"@type\":\"Organization\",\"@id\":\"https:\/\/www.eenewseurope.com\/en\/#organization\",\"name\":\"EENewsEurope\",\"url\":\"https:\/\/www.eenewseurope.com\/en\/\",\"logo\":{\"@type\":\"ImageObject\",\"inLanguage\":\"fr-FR\",\"@id\":\"https:\/\/www.eenewseurope.com\/en\/#\/schema\/logo\/image\/\",\"url\":\"https:\/\/www.ecinews.fr\/wp-content\/uploads\/2022\/02\/logo-1.jpg\",\"contentUrl\":\"https:\/\/www.ecinews.fr\/wp-content\/uploads\/2022\/02\/logo-1.jpg\",\"width\":283,\"height\":113,\"caption\":\"EENewsEurope\"},\"image\":{\"@id\":\"https:\/\/www.eenewseurope.com\/en\/#\/schema\/logo\/image\/\"}},{\"@type\":\"Person\",\"@id\":\"https:\/\/www.eenewseurope.com\/en\/#\/schema\/person\/93c44cde463762f40a8236eaa44c1c17\",\"name\":\"Daniel Cardon\",\"image\":{\"@type\":\"ImageObject\",\"inLanguage\":\"fr-FR\",\"@id\":\"https:\/\/www.eenewseurope.com\/en\/#\/schema\/person\/image\/2b243f6bcc1cff7d86aadfb2cd0bd870\",\"url\":\"https:\/\/secure.gravatar.com\/avatar\/de9edc136dfc061ad4778e04635baefa?s=96&d=mm&r=g\",\"contentUrl\":\"https:\/\/secure.gravatar.com\/avatar\/de9edc136dfc061ad4778e04635baefa?s=96&d=mm&r=g\",\"caption\":\"Daniel Cardon\"}}]}<\/script>","yoast_head_json":{"title":"Premi\u00e8res assises du Newspace ...","description":"L\u2019av\u00e8nement du NewSpace a profond\u00e9ment boulevers\u00e9 l\u2019industrie spatiale et incit\u00e9 les acteurs traditionnels \u00e0 revoir leurs strat\u00e9gies face aux...","robots":{"index":"index","follow":"follow","max-snippet":"max-snippet:-1","max-image-preview":"max-image-preview:large","max-video-preview":"max-video-preview:-1"},"canonical":"https:\/\/www.ecinews.fr\/fr\/wp-json\/wp\/v2\/posts\/275847\/","og_locale":"fr_FR","og_type":"article","og_title":"Premi\u00e8res assises du Newspace","og_description":"L\u2019av\u00e8nement du NewSpace a profond\u00e9ment boulevers\u00e9 l\u2019industrie spatiale et incit\u00e9 les acteurs traditionnels \u00e0 revoir leurs strat\u00e9gies face aux multiples initiatives de nouveaux acteurs priv\u00e9s depuis une vingtaine d\u2019ann\u00e9es. Ce secteur, d\u00e9sormais plus accessible, ouvre un nombre consid\u00e9rable d\u2019opportunit\u00e9s et les acteurs du spatial fran\u00e7ais doivent faire face \u00e0 des enjeux en pleine mutation pour [&hellip;]","og_url":"https:\/\/www.ecinews.fr\/fr\/wp-json\/wp\/v2\/posts\/275847\/","og_site_name":"EENewsEurope","article_published_time":"2022-03-01T11:06:12+00:00","og_image":[{"width":500,"height":226,"url":"https:\/\/www.ecinews.fr\/wp-content\/uploads\/2022\/03\/Cnes-Newspace.jpg","type":"image\/jpeg"}],"author":"Daniel Cardon","twitter_card":"summary_large_image","twitter_misc":{"Written by":"Daniel Cardon","Est. reading time":"2 minutes"},"schema":{"@context":"https:\/\/schema.org","@graph":[{"@type":"Article","@id":"https:\/\/www.ecinews.fr\/fr\/premieres-assises-du-newspace\/#article","isPartOf":{"@id":"https:\/\/www.ecinews.fr\/fr\/premieres-assises-du-newspace\/"},"author":{"name":"Daniel Cardon","@id":"https:\/\/www.eenewseurope.com\/en\/#\/schema\/person\/93c44cde463762f40a8236eaa44c1c17"},"headline":"Premi\u00e8res assises du Newspace","datePublished":"2022-03-01T11:06:12+00:00","dateModified":"2022-03-01T11:06:12+00:00","mainEntityOfPage":{"@id":"https:\/\/www.ecinews.fr\/fr\/premieres-assises-du-newspace\/"},"wordCount":275,"publisher":{"@id":"https:\/\/www.eenewseurope.com\/en\/#organization"},"articleSection":["Actualit\u00e9 g\u00e9n\u00e9rale"],"inLanguage":"fr-FR"},{"@type":"WebPage","@id":"https:\/\/www.ecinews.fr\/fr\/premieres-assises-du-newspace\/","url":"https:\/\/www.ecinews.fr\/fr\/premieres-assises-du-newspace\/","name":"Premi\u00e8res assises du Newspace -","isPartOf":{"@id":"https:\/\/www.eenewseurope.com\/en\/#website"},"datePublished":"2022-03-01T11:06:12+00:00","dateModified":"2022-03-01T11:06:12+00:00","breadcrumb":{"@id":"https:\/\/www.ecinews.fr\/fr\/premieres-assises-du-newspace\/#breadcrumb"},"inLanguage":"fr-FR","potentialAction":[{"@type":"ReadAction","target":["https:\/\/www.ecinews.fr\/fr\/premieres-assises-du-newspace\/"]}]},{"@type":"BreadcrumbList","@id":"https:\/\/www.ecinews.fr\/fr\/premieres-assises-du-newspace\/#breadcrumb","itemListElement":[{"@type":"ListItem","position":1,"name":"Home","item":"https:\/\/www.ecinews.fr\/fr\/"},{"@type":"ListItem","position":2,"name":"Premi\u00e8res assises du Newspace"}]},{"@type":"WebSite","@id":"https:\/\/www.eenewseurope.com\/en\/#website","url":"https:\/\/www.eenewseurope.com\/en\/","name":"EENewsEurope","description":"Just another WordPress site","publisher":{"@id":"https:\/\/www.eenewseurope.com\/en\/#organization"},"potentialAction":[{"@type":"SearchAction","target":{"@type":"EntryPoint","urlTemplate":"https:\/\/www.eenewseurope.com\/en\/?s={search_term_string}"},"query-input":"required name=search_term_string"}],"inLanguage":"fr-FR"},{"@type":"Organization","@id":"https:\/\/www.eenewseurope.com\/en\/#organization","name":"EENewsEurope","url":"https:\/\/www.eenewseurope.com\/en\/","logo":{"@type":"ImageObject","inLanguage":"fr-FR","@id":"https:\/\/www.eenewseurope.com\/en\/#\/schema\/logo\/image\/","url":"https:\/\/www.ecinews.fr\/wp-content\/uploads\/2022\/02\/logo-1.jpg","contentUrl":"https:\/\/www.ecinews.fr\/wp-content\/uploads\/2022\/02\/logo-1.jpg","width":283,"height":113,"caption":"EENewsEurope"},"image":{"@id":"https:\/\/www.eenewseurope.com\/en\/#\/schema\/logo\/image\/"}},{"@type":"Person","@id":"https:\/\/www.eenewseurope.com\/en\/#\/schema\/person\/93c44cde463762f40a8236eaa44c1c17","name":"Daniel Cardon","image":{"@type":"ImageObject","inLanguage":"fr-FR","@id":"https:\/\/www.eenewseurope.com\/en\/#\/schema\/person\/image\/2b243f6bcc1cff7d86aadfb2cd0bd870","url":"https:\/\/secure.gravatar.com\/avatar\/de9edc136dfc061ad4778e04635baefa?s=96&d=mm&r=g","contentUrl":"https:\/\/secure.gravatar.com\/avatar\/de9edc136dfc061ad4778e04635baefa?s=96&d=mm&r=g","caption":"Daniel Cardon"}}]}},"authors":[{"term_id":1143,"user_id":11,"is_guest":0,"slug":"danielcardon","display_name":"Daniel Cardon","avatar_url":"https:\/\/secure.gravatar.com\/avatar\/de9edc136dfc061ad4778e04635baefa?s=96&d=mm&r=g","0":null,"1":"","2":"","3":"","4":"","5":"","6":"","7":"","8":""}],"_links":{"self":[{"href":"https:\/\/www.ecinews.fr\/fr\/wp-json\/wp\/v2\/posts\/275847"}],"collection":[{"href":"https:\/\/www.ecinews.fr\/fr\/wp-json\/wp\/v2\/posts"}],"about":[{"href":"https:\/\/www.ecinews.fr\/fr\/wp-json\/wp\/v2\/types\/post"}],"author":[{"embeddable":true,"href":"https:\/\/www.ecinews.fr\/fr\/wp-json\/wp\/v2\/users\/11"}],"replies":[{"embeddable":true,"href":"https:\/\/www.ecinews.fr\/fr\/wp-json\/wp\/v2\/comments?post=275847"}],"version-history":[{"count":0,"href":"https:\/\/www.ecinews.fr\/fr\/wp-json\/wp\/v2\/posts\/275847\/revisions"}],"wp:featuredmedia":[{"embeddable":true,"href":"https:\/\/www.ecinews.fr\/fr\/wp-json\/wp\/v2\/media\/275851"}],"wp:attachment":[{"href":"https:\/\/www.ecinews.fr\/fr\/wp-json\/wp\/v2\/media?parent=275847"}],"wp:term":[{"taxonomy":"category","embeddable":true,"href":"https:\/\/www.ecinews.fr\/fr\/wp-json\/wp\/v2\/categories?post=275847"},{"taxonomy":"post_tag","embeddable":true,"href":"https:\/\/www.ecinews.fr\/fr\/wp-json\/wp\/v2\/tags?post=275847"},{"taxonomy":"domains","embeddable":true,"href":"https:\/\/www.ecinews.fr\/fr\/wp-json\/wp\/v2\/domains?post=275847"},{"taxonomy":"author","embeddable":true,"href":"https:\/\/www.ecinews.fr\/fr\/wp-json\/wp\/v2\/ppma_author?post=275847"}],"curies":[{"name":"wp","href":"https:\/\/api.w.org\/{rel}","templated":true}]}}