{"id":275793,"date":"2022-02-28T19:47:05","date_gmt":"2022-02-28T18:47:05","guid":{"rendered":"https:\/\/www.eenewseurope.com\/?p=275793"},"modified":"2022-02-28T19:47:05","modified_gmt":"2022-02-28T18:47:05","slug":"airbus-et-loccar-mettent-leurodrome-sur-les-rails","status":"publish","type":"post","link":"https:\/\/www.ecinews.fr\/fr\/airbus-et-loccar-mettent-leurodrome-sur-les-rails\/","title":{"rendered":"Airbus et l&rsquo;OCCAR mettent l&rsquo;Eurodrone \u00ab\u00a0sur les rails\u00a0\u00bb"},"content":{"rendered":"<p><strong>Airbus attendait depuis plusieurs ann\u00e9es, le contrat de d\u00e9veloppement du drone Europ\u00e9en par l\u2019Organisation Conjointe de Coop\u00e9ration en mati\u00e8re d\u2019Armement (OCCAR). Le contrat est enfin sign\u00e9. C&rsquo;est une \u00e9tape importante pour le lancement du premier avion militaire autonome 100% europ\u00e9en.<\/strong><\/p>\n<p>Apr\u00e8s des ann\u00e9e de discussions et de tergiversations, il \u00e9tait temps que l&rsquo;Europe se r\u00e9veil, pour gagner son ind\u00e9pendance dans le domaine strat\u00e9gique des drones. Largement distanc\u00e9 par les \u00e9tats Unis, Isra\u00ebl et m\u00eame la Turquie, il va falloir combler le retard technologique qui s&rsquo;est naturellement creus\u00e9 avec ces pays et ne plus \u00eatre d\u00e9pendant du Reaper am\u00e9ricain<\/p>\n<p>\u00a0L\u2019Allemagne, la France, l\u2019Italie et l\u2019Espagne ont sign\u00e9 le contrat de d\u00e9veloppement du futur drone. Airbus est le chef de file industriel du projet. A ses c\u00f4t\u00e9s, l\u2019italien Leonardo et le fran\u00e7ais Dassault Aviation seront de la partie. D\u2019un montant de 7,1 milliards d\u2019euros, le projet pr\u00e9voit le d\u00e9veloppement de l\u2019appareil, la livraison de 60 drones &#8211; soit 20 syst\u00e8mes &#8211; et leur entretien pendant cinq ans.\u00a0 L\u2019Allemagne a command\u00e9 sept syst\u00e8mes, l\u2019Italie cinq, avec quatre syst\u00e8mes chacune, la France et l\u2019Espagne ferment le banc.\u00a0<\/p>\n<p>Jean-Brice Dumot patron de l&rsquo;activit\u00e9 militaire d&rsquo;Airbus a annonc\u00e9 : \u00a0\u00bb Le premier vol est pr\u00e9vu en 2026 et les premi\u00e8res livraisons en 2028. Ce sera un\u00a0 bimoteur de 30 m d\u2019envergure et d\u2019une masse au d\u00e9collage de 10 tonnes, avec une endurance de vol d&rsquo;une vingtaine d&rsquo;heures. Les missions de l\u2019Eurodrone concerneront des op\u00e9rations de surveillance, de renseignement, voire de frappe a\u00e9rienne. Un point important, Il devra avoir la capacit\u00e9 de s\u2019ins\u00e9rer dans le trafic a\u00e9rien civil.<\/p>\n<p>\u00ab Ce programme donnera naissance au syst\u00e8me de drone le plus avanc\u00e9 de sa cat\u00e9gorie. Il\u00a0 g\u00e9n\u00e9rera plus de 7 000 emplois hautement qualifi\u00e9s et renforcera la souverainet\u00e9 de l\u2019industrie europ\u00e9enne \u00bb, a d\u00e9clar\u00e9 Mike Schoellhorn, pr\u00e9sident d\u2019Airbus Defense and Space.<\/p>\n<p><a href=\"https:\/\/www.airbus.com\/en\">Airbus<\/a><\/p>\n<p><a href=\"http:\/\/www.occar.int\/\">OCCAR<\/a><\/p>\n","protected":false},"excerpt":{"rendered":"<p>Airbus attendait depuis plusieurs ann\u00e9es, le contrat de d\u00e9veloppement du drone Europ\u00e9en par l\u2019Organisation Conjointe de Coop\u00e9ration en mati\u00e8re d\u2019Armement (OCCAR). Le contrat est enfin sign\u00e9. C&rsquo;est une \u00e9tape importante pour le lancement du premier avion militaire autonome 100% europ\u00e9en. Apr\u00e8s des ann\u00e9e de discussions et de tergiversations, il \u00e9tait temps que l&rsquo;Europe se r\u00e9veil, [&hellip;]<\/p>\n","protected":false},"author":11,"featured_media":275797,"comment_status":"closed","ping_status":"closed","sticky":false,"template":"","format":"standard","meta":{"_acf_changed":false,"footnotes":""},"categories":[886],"tags":[],"domains":[47],"ppma_author":[1143],"class_list":["post-275793","post","type-post","status-publish","format-standard","has-post-thumbnail","hentry","category-news-fr","domains-electronique-eci"],"acf":[],"yoast_head":"<title>Airbus et l&#039;OCCAR mettent l&#039;Eurodrone &quot;sur les rails&quot; ...<\/title>\n<meta name=\"description\" content=\"Airbus attendait depuis plusieurs ann\u00e9es, le contrat de d\u00e9veloppement du drone Europ\u00e9en par l\u2019Organisation Conjointe de Coop\u00e9ration en mati\u00e8re...\" \/>\n<meta name=\"robots\" content=\"index, follow, max-snippet:-1, max-image-preview:large, max-video-preview:-1\" \/>\n<link rel=\"canonical\" href=\"https:\/\/www.ecinews.fr\/fr\/wp-json\/wp\/v2\/posts\/275793\/\" \/>\n<meta property=\"og:locale\" content=\"fr_FR\" \/>\n<meta property=\"og:type\" content=\"article\" \/>\n<meta property=\"og:title\" content=\"Airbus et l&#039;OCCAR mettent l&#039;Eurodrone &quot;sur les rails&quot;\" \/>\n<meta property=\"og:description\" content=\"Airbus attendait depuis plusieurs ann\u00e9es, le contrat de d\u00e9veloppement du drone Europ\u00e9en par l\u2019Organisation Conjointe de Coop\u00e9ration en mati\u00e8re d\u2019Armement (OCCAR). Le contrat est enfin sign\u00e9. C&rsquo;est une \u00e9tape importante pour le lancement du premier avion militaire autonome 100% europ\u00e9en. Apr\u00e8s des ann\u00e9e de discussions et de tergiversations, il \u00e9tait temps que l&rsquo;Europe se r\u00e9veil, [&hellip;]\" \/>\n<meta property=\"og:url\" content=\"https:\/\/www.ecinews.fr\/fr\/wp-json\/wp\/v2\/posts\/275793\/\" \/>\n<meta property=\"og:site_name\" content=\"EENewsEurope\" \/>\n<meta property=\"article:published_time\" content=\"2022-02-28T18:47:05+00:00\" \/>\n<meta property=\"og:image\" content=\"https:\/\/www.ecinews.fr\/wp-content\/uploads\/2022\/02\/Eurodrone.jpg\" \/>\n\t<meta property=\"og:image:width\" content=\"500\" \/>\n\t<meta property=\"og:image:height\" content=\"281\" \/>\n\t<meta property=\"og:image:type\" content=\"image\/jpeg\" \/>\n<meta name=\"author\" content=\"Daniel Cardon\" \/>\n<meta name=\"twitter:card\" content=\"summary_large_image\" \/>\n<meta name=\"twitter:label1\" content=\"Written by\" \/>\n\t<meta name=\"twitter:data1\" content=\"Daniel Cardon\" \/>\n\t<meta name=\"twitter:label2\" content=\"Est. reading time\" \/>\n\t<meta name=\"twitter:data2\" content=\"2 minutes\" \/>\n<script type=\"application\/ld+json\" class=\"yoast-schema-graph\">{\"@context\":\"https:\/\/schema.org\",\"@graph\":[{\"@type\":\"Article\",\"@id\":\"https:\/\/www.ecinews.fr\/fr\/airbus-et-loccar-mettent-leurodrome-sur-les-rails\/#article\",\"isPartOf\":{\"@id\":\"https:\/\/www.ecinews.fr\/fr\/airbus-et-loccar-mettent-leurodrome-sur-les-rails\/\"},\"author\":{\"name\":\"Daniel Cardon\",\"@id\":\"https:\/\/www.eenewseurope.com\/en\/#\/schema\/person\/93c44cde463762f40a8236eaa44c1c17\"},\"headline\":\"Airbus et l&rsquo;OCCAR mettent l&rsquo;Eurodrone \u00ab\u00a0sur les rails\u00a0\u00bb\",\"datePublished\":\"2022-02-28T18:47:05+00:00\",\"dateModified\":\"2022-02-28T18:47:05+00:00\",\"mainEntityOfPage\":{\"@id\":\"https:\/\/www.ecinews.fr\/fr\/airbus-et-loccar-mettent-leurodrome-sur-les-rails\/\"},\"wordCount\":364,\"publisher\":{\"@id\":\"https:\/\/www.eenewseurope.com\/en\/#organization\"},\"articleSection\":[\"Actualit\u00e9 g\u00e9n\u00e9rale\"],\"inLanguage\":\"fr-FR\"},{\"@type\":\"WebPage\",\"@id\":\"https:\/\/www.ecinews.fr\/fr\/airbus-et-loccar-mettent-leurodrome-sur-les-rails\/\",\"url\":\"https:\/\/www.ecinews.fr\/fr\/airbus-et-loccar-mettent-leurodrome-sur-les-rails\/\",\"name\":\"Airbus et l'OCCAR mettent l'Eurodrone \\\"sur les rails\\\" -\",\"isPartOf\":{\"@id\":\"https:\/\/www.eenewseurope.com\/en\/#website\"},\"datePublished\":\"2022-02-28T18:47:05+00:00\",\"dateModified\":\"2022-02-28T18:47:05+00:00\",\"breadcrumb\":{\"@id\":\"https:\/\/www.ecinews.fr\/fr\/airbus-et-loccar-mettent-leurodrome-sur-les-rails\/#breadcrumb\"},\"inLanguage\":\"fr-FR\",\"potentialAction\":[{\"@type\":\"ReadAction\",\"target\":[\"https:\/\/www.ecinews.fr\/fr\/airbus-et-loccar-mettent-leurodrome-sur-les-rails\/\"]}]},{\"@type\":\"BreadcrumbList\",\"@id\":\"https:\/\/www.ecinews.fr\/fr\/airbus-et-loccar-mettent-leurodrome-sur-les-rails\/#breadcrumb\",\"itemListElement\":[{\"@type\":\"ListItem\",\"position\":1,\"name\":\"Home\",\"item\":\"https:\/\/www.ecinews.fr\/fr\/\"},{\"@type\":\"ListItem\",\"position\":2,\"name\":\"Airbus et l&rsquo;OCCAR mettent l&rsquo;Eurodrone \u00ab\u00a0sur les rails\u00a0\u00bb\"}]},{\"@type\":\"WebSite\",\"@id\":\"https:\/\/www.eenewseurope.com\/en\/#website\",\"url\":\"https:\/\/www.eenewseurope.com\/en\/\",\"name\":\"EENewsEurope\",\"description\":\"Just another WordPress site\",\"publisher\":{\"@id\":\"https:\/\/www.eenewseurope.com\/en\/#organization\"},\"potentialAction\":[{\"@type\":\"SearchAction\",\"target\":{\"@type\":\"EntryPoint\",\"urlTemplate\":\"https:\/\/www.eenewseurope.com\/en\/?s={search_term_string}\"},\"query-input\":\"required name=search_term_string\"}],\"inLanguage\":\"fr-FR\"},{\"@type\":\"Organization\",\"@id\":\"https:\/\/www.eenewseurope.com\/en\/#organization\",\"name\":\"EENewsEurope\",\"url\":\"https:\/\/www.eenewseurope.com\/en\/\",\"logo\":{\"@type\":\"ImageObject\",\"inLanguage\":\"fr-FR\",\"@id\":\"https:\/\/www.eenewseurope.com\/en\/#\/schema\/logo\/image\/\",\"url\":\"https:\/\/www.ecinews.fr\/wp-content\/uploads\/2022\/02\/logo-1.jpg\",\"contentUrl\":\"https:\/\/www.ecinews.fr\/wp-content\/uploads\/2022\/02\/logo-1.jpg\",\"width\":283,\"height\":113,\"caption\":\"EENewsEurope\"},\"image\":{\"@id\":\"https:\/\/www.eenewseurope.com\/en\/#\/schema\/logo\/image\/\"}},{\"@type\":\"Person\",\"@id\":\"https:\/\/www.eenewseurope.com\/en\/#\/schema\/person\/93c44cde463762f40a8236eaa44c1c17\",\"name\":\"Daniel Cardon\",\"image\":{\"@type\":\"ImageObject\",\"inLanguage\":\"fr-FR\",\"@id\":\"https:\/\/www.eenewseurope.com\/en\/#\/schema\/person\/image\/2b243f6bcc1cff7d86aadfb2cd0bd870\",\"url\":\"https:\/\/secure.gravatar.com\/avatar\/de9edc136dfc061ad4778e04635baefa?s=96&d=mm&r=g\",\"contentUrl\":\"https:\/\/secure.gravatar.com\/avatar\/de9edc136dfc061ad4778e04635baefa?s=96&d=mm&r=g\",\"caption\":\"Daniel Cardon\"}}]}<\/script>","yoast_head_json":{"title":"Airbus et l'OCCAR mettent l'Eurodrone \"sur les rails\" ...","description":"Airbus attendait depuis plusieurs ann\u00e9es, le contrat de d\u00e9veloppement du drone Europ\u00e9en par l\u2019Organisation Conjointe de Coop\u00e9ration en mati\u00e8re...","robots":{"index":"index","follow":"follow","max-snippet":"max-snippet:-1","max-image-preview":"max-image-preview:large","max-video-preview":"max-video-preview:-1"},"canonical":"https:\/\/www.ecinews.fr\/fr\/wp-json\/wp\/v2\/posts\/275793\/","og_locale":"fr_FR","og_type":"article","og_title":"Airbus et l'OCCAR mettent l'Eurodrone \"sur les rails\"","og_description":"Airbus attendait depuis plusieurs ann\u00e9es, le contrat de d\u00e9veloppement du drone Europ\u00e9en par l\u2019Organisation Conjointe de Coop\u00e9ration en mati\u00e8re d\u2019Armement (OCCAR). Le contrat est enfin sign\u00e9. C&rsquo;est une \u00e9tape importante pour le lancement du premier avion militaire autonome 100% europ\u00e9en. Apr\u00e8s des ann\u00e9e de discussions et de tergiversations, il \u00e9tait temps que l&rsquo;Europe se r\u00e9veil, [&hellip;]","og_url":"https:\/\/www.ecinews.fr\/fr\/wp-json\/wp\/v2\/posts\/275793\/","og_site_name":"EENewsEurope","article_published_time":"2022-02-28T18:47:05+00:00","og_image":[{"width":500,"height":281,"url":"https:\/\/www.ecinews.fr\/wp-content\/uploads\/2022\/02\/Eurodrone.jpg","type":"image\/jpeg"}],"author":"Daniel Cardon","twitter_card":"summary_large_image","twitter_misc":{"Written by":"Daniel Cardon","Est. reading time":"2 minutes"},"schema":{"@context":"https:\/\/schema.org","@graph":[{"@type":"Article","@id":"https:\/\/www.ecinews.fr\/fr\/airbus-et-loccar-mettent-leurodrome-sur-les-rails\/#article","isPartOf":{"@id":"https:\/\/www.ecinews.fr\/fr\/airbus-et-loccar-mettent-leurodrome-sur-les-rails\/"},"author":{"name":"Daniel Cardon","@id":"https:\/\/www.eenewseurope.com\/en\/#\/schema\/person\/93c44cde463762f40a8236eaa44c1c17"},"headline":"Airbus et l&rsquo;OCCAR mettent l&rsquo;Eurodrone \u00ab\u00a0sur les rails\u00a0\u00bb","datePublished":"2022-02-28T18:47:05+00:00","dateModified":"2022-02-28T18:47:05+00:00","mainEntityOfPage":{"@id":"https:\/\/www.ecinews.fr\/fr\/airbus-et-loccar-mettent-leurodrome-sur-les-rails\/"},"wordCount":364,"publisher":{"@id":"https:\/\/www.eenewseurope.com\/en\/#organization"},"articleSection":["Actualit\u00e9 g\u00e9n\u00e9rale"],"inLanguage":"fr-FR"},{"@type":"WebPage","@id":"https:\/\/www.ecinews.fr\/fr\/airbus-et-loccar-mettent-leurodrome-sur-les-rails\/","url":"https:\/\/www.ecinews.fr\/fr\/airbus-et-loccar-mettent-leurodrome-sur-les-rails\/","name":"Airbus et l'OCCAR mettent l'Eurodrone \"sur les rails\" -","isPartOf":{"@id":"https:\/\/www.eenewseurope.com\/en\/#website"},"datePublished":"2022-02-28T18:47:05+00:00","dateModified":"2022-02-28T18:47:05+00:00","breadcrumb":{"@id":"https:\/\/www.ecinews.fr\/fr\/airbus-et-loccar-mettent-leurodrome-sur-les-rails\/#breadcrumb"},"inLanguage":"fr-FR","potentialAction":[{"@type":"ReadAction","target":["https:\/\/www.ecinews.fr\/fr\/airbus-et-loccar-mettent-leurodrome-sur-les-rails\/"]}]},{"@type":"BreadcrumbList","@id":"https:\/\/www.ecinews.fr\/fr\/airbus-et-loccar-mettent-leurodrome-sur-les-rails\/#breadcrumb","itemListElement":[{"@type":"ListItem","position":1,"name":"Home","item":"https:\/\/www.ecinews.fr\/fr\/"},{"@type":"ListItem","position":2,"name":"Airbus et l&rsquo;OCCAR mettent l&rsquo;Eurodrone \u00ab\u00a0sur les rails\u00a0\u00bb"}]},{"@type":"WebSite","@id":"https:\/\/www.eenewseurope.com\/en\/#website","url":"https:\/\/www.eenewseurope.com\/en\/","name":"EENewsEurope","description":"Just another WordPress site","publisher":{"@id":"https:\/\/www.eenewseurope.com\/en\/#organization"},"potentialAction":[{"@type":"SearchAction","target":{"@type":"EntryPoint","urlTemplate":"https:\/\/www.eenewseurope.com\/en\/?s={search_term_string}"},"query-input":"required name=search_term_string"}],"inLanguage":"fr-FR"},{"@type":"Organization","@id":"https:\/\/www.eenewseurope.com\/en\/#organization","name":"EENewsEurope","url":"https:\/\/www.eenewseurope.com\/en\/","logo":{"@type":"ImageObject","inLanguage":"fr-FR","@id":"https:\/\/www.eenewseurope.com\/en\/#\/schema\/logo\/image\/","url":"https:\/\/www.ecinews.fr\/wp-content\/uploads\/2022\/02\/logo-1.jpg","contentUrl":"https:\/\/www.ecinews.fr\/wp-content\/uploads\/2022\/02\/logo-1.jpg","width":283,"height":113,"caption":"EENewsEurope"},"image":{"@id":"https:\/\/www.eenewseurope.com\/en\/#\/schema\/logo\/image\/"}},{"@type":"Person","@id":"https:\/\/www.eenewseurope.com\/en\/#\/schema\/person\/93c44cde463762f40a8236eaa44c1c17","name":"Daniel Cardon","image":{"@type":"ImageObject","inLanguage":"fr-FR","@id":"https:\/\/www.eenewseurope.com\/en\/#\/schema\/person\/image\/2b243f6bcc1cff7d86aadfb2cd0bd870","url":"https:\/\/secure.gravatar.com\/avatar\/de9edc136dfc061ad4778e04635baefa?s=96&d=mm&r=g","contentUrl":"https:\/\/secure.gravatar.com\/avatar\/de9edc136dfc061ad4778e04635baefa?s=96&d=mm&r=g","caption":"Daniel Cardon"}}]}},"authors":[{"term_id":1143,"user_id":11,"is_guest":0,"slug":"danielcardon","display_name":"Daniel Cardon","avatar_url":"https:\/\/secure.gravatar.com\/avatar\/de9edc136dfc061ad4778e04635baefa?s=96&d=mm&r=g","0":null,"1":"","2":"","3":"","4":"","5":"","6":"","7":"","8":""}],"_links":{"self":[{"href":"https:\/\/www.ecinews.fr\/fr\/wp-json\/wp\/v2\/posts\/275793"}],"collection":[{"href":"https:\/\/www.ecinews.fr\/fr\/wp-json\/wp\/v2\/posts"}],"about":[{"href":"https:\/\/www.ecinews.fr\/fr\/wp-json\/wp\/v2\/types\/post"}],"author":[{"embeddable":true,"href":"https:\/\/www.ecinews.fr\/fr\/wp-json\/wp\/v2\/users\/11"}],"replies":[{"embeddable":true,"href":"https:\/\/www.ecinews.fr\/fr\/wp-json\/wp\/v2\/comments?post=275793"}],"version-history":[{"count":0,"href":"https:\/\/www.ecinews.fr\/fr\/wp-json\/wp\/v2\/posts\/275793\/revisions"}],"wp:featuredmedia":[{"embeddable":true,"href":"https:\/\/www.ecinews.fr\/fr\/wp-json\/wp\/v2\/media\/275797"}],"wp:attachment":[{"href":"https:\/\/www.ecinews.fr\/fr\/wp-json\/wp\/v2\/media?parent=275793"}],"wp:term":[{"taxonomy":"category","embeddable":true,"href":"https:\/\/www.ecinews.fr\/fr\/wp-json\/wp\/v2\/categories?post=275793"},{"taxonomy":"post_tag","embeddable":true,"href":"https:\/\/www.ecinews.fr\/fr\/wp-json\/wp\/v2\/tags?post=275793"},{"taxonomy":"domains","embeddable":true,"href":"https:\/\/www.ecinews.fr\/fr\/wp-json\/wp\/v2\/domains?post=275793"},{"taxonomy":"author","embeddable":true,"href":"https:\/\/www.ecinews.fr\/fr\/wp-json\/wp\/v2\/ppma_author?post=275793"}],"curies":[{"name":"wp","href":"https:\/\/api.w.org\/{rel}","templated":true}]}}