{"id":275676,"date":"2022-02-28T09:46:00","date_gmt":"2022-02-28T08:46:00","guid":{"rendered":"https:\/\/www.ecinews.fr\/?p=275676"},"modified":"2022-02-28T09:46:00","modified_gmt":"2022-02-28T08:46:00","slug":"tete-de-balayage-laser-a-deux-axes-avec-precision-dynamique-tres-elevee","status":"publish","type":"post","link":"https:\/\/www.ecinews.fr\/fr\/tete-de-balayage-laser-a-deux-axes-avec-precision-dynamique-tres-elevee\/","title":{"rendered":"T\u00eate de balayage laser \u00e0 deux axes avec pr\u00e9cision dynamique tr\u00e8s \u00e9lev\u00e9e"},"content":{"rendered":"<p>Combinant des moteurs \u00e0 faible inertie et \u00e0 haut rendement avec un retour de position \u00e0 ultra haute r\u00e9solution, la t\u00eate de balayage laser \u00e0 deux axes AGV-XPO propos\u00e9e par Aerotech permet d&rsquo;obtenir des profils d&rsquo;acc\u00e9l\u00e9ration maximaux et une excellente pr\u00e9cision de trajectoire tout en minimisant les erreurs de suivi. Elle est donc id\u00e9ale pour la fabrication rapide et ultrapr\u00e9cise de composants complexes dans la micro\u00e9lectronique, la technique m\u00e9dicale et l&rsquo;industrie automobile.<\/p>\n<p>\n<strong>Optimis\u00e9 pour l&rsquo;utilisation industrielle<\/strong><br \/>\nAinsi, le nouvel AGV-XPO peut \u00eatre utilis\u00e9 partout o\u00f9 un d\u00e9bit de processus plus \u00e9lev\u00e9 doit \u00eatre atteint avec une erreur de suivi minimale et une pr\u00e9cision dynamique tr\u00e8s \u00e9lev\u00e9e. Les domaines d&rsquo;application typiques sont par exemple le per\u00e7age et la d\u00e9coupe \u00e0 grande vitesse, l&rsquo;usinage et la fabrication d&rsquo;\u00e9crans dans la production \u00e9lectronique, l&rsquo;usinage au laser avec des lasers femtosecondes ainsi que les applications qui n\u00e9cessitent un scannage avec un grand champ de vision et une longue distance focale.<\/p>\n<p><strong>Un design optimis\u00e9 pour plus de dynamisme<\/strong><br \/>\nLe scanner laser \u00e0 deux axes permet d&rsquo;augmenter le d\u00e9bit du processus gr\u00e2ce \u00e0 son excellente dynamique et d&rsquo;am\u00e9liorer le rendement du processus gr\u00e2ce \u00e0 sa grande pr\u00e9cision. Gr\u00e2ce \u00e0 la nouvelle conception du moteur Galvo, le moment d&rsquo;inertie des entra\u00eenements est r\u00e9duit de pr\u00e8s de 30 % par rapport au moteur AGV-HPO standard. Un autre avantage est l&rsquo;optimisation de l&rsquo;\u00e9lectronique de l&rsquo;entra\u00eenement, qui dispose d&rsquo;une bande passante plus large et d&rsquo;une meilleure r\u00e9gulation du courant.<br \/>\nL&rsquo;AGV-XPO se distingue par son excellente stabilit\u00e9 des points et ses performances de suivi, m\u00eame \u00e0 de longues distances focales. Gr\u00e2ce \u00e0 des refroidisseurs d&rsquo;eau et d&rsquo;air int\u00e9gr\u00e9s en option, le nouveau scanner atteint en outre une stabilit\u00e9 thermique maximale et garantit ainsi des d\u00e9bits \u00e9lev\u00e9s tout en conservant la qualit\u00e9. De plus, l&rsquo;AGV-XPO permet une ex\u00e9cution plus rapide des pochoirs de bande agressifs, avec un minimum d&rsquo;erreurs cons\u00e9cutives. La pr\u00e9cision de la trajectoire peut ainsi \u00eatre optimis\u00e9e, m\u00eame pour les applications difficiles.<\/p>\n<p><strong>Une utilisation transparente et intuitive<\/strong><br \/>\nLes tables motoris\u00e9es asservies et pas \u00e0 pas, les hexapodes et les nanopositionneurs pi\u00e9zo\u00e9lectriques permettent d&rsquo;obtenir des mouvements coordonn\u00e9s sans faille. Une seule plate-forme de commande est n\u00e9cessaire pour l&rsquo;ensemble du syst\u00e8me de mouvement ou du sous-syst\u00e8me. L&rsquo;utilisation d&rsquo;un contr\u00f4leur Aerotech facilite la synchronisation et la coordination du mouvement de l&rsquo;AGV-XPO avec les autres axes de mouvement du syst\u00e8me. Comme tous les appareils sont programm\u00e9s et contr\u00f4l\u00e9s par la m\u00eame interface utilisateur intuitive, le confort de l&rsquo;op\u00e9rateur est garanti.<\/p>\n<p><a href=\"https:\/\/de.aerotech.com\/\">https:\/\/de.aerotech.com<\/a><\/p>\n","protected":false},"excerpt":{"rendered":"<p>Combinant des moteurs \u00e0 faible inertie et \u00e0 haut rendement avec un retour de position \u00e0 ultra haute r\u00e9solution, la t\u00eate de balayage laser \u00e0 deux axes AGV-XPO propos\u00e9e par Aerotech permet d&rsquo;obtenir des profils d&rsquo;acc\u00e9l\u00e9ration maximaux et une excellente pr\u00e9cision de trajectoire tout en minimisant les erreurs de suivi. Elle est donc id\u00e9ale pour [&hellip;]<\/p>\n","protected":false},"author":36,"featured_media":275677,"comment_status":"closed","ping_status":"closed","sticky":false,"template":"","format":"standard","meta":{"_acf_changed":false,"footnotes":""},"categories":[881],"tags":[907],"domains":[47],"ppma_author":[1154],"class_list":["post-275676","post","type-post","status-publish","format-standard","has-post-thumbnail","hentry","category-nouveaux-produits","tag-optoelectronics-fr","domains-electronique-eci"],"acf":[],"yoast_head":"<title>T\u00eate de balayage laser \u00e0 deux axes avec pr\u00e9cision dynamique ...<\/title>\n<meta name=\"description\" content=\"Combinant des moteurs \u00e0 faible inertie et \u00e0 haut rendement avec un retour de position \u00e0 ultra haute r\u00e9solution, la t\u00eate de balayage laser \u00e0 deux axes...\" \/>\n<meta name=\"robots\" content=\"index, follow, max-snippet:-1, max-image-preview:large, max-video-preview:-1\" \/>\n<link rel=\"canonical\" href=\"https:\/\/www.ecinews.fr\/fr\/wp-json\/wp\/v2\/posts\/275676\/\" \/>\n<meta property=\"og:locale\" content=\"fr_FR\" \/>\n<meta property=\"og:type\" content=\"article\" \/>\n<meta property=\"og:title\" content=\"T\u00eate de balayage laser \u00e0 deux axes avec pr\u00e9cision dynamique tr\u00e8s \u00e9lev\u00e9e\" \/>\n<meta property=\"og:description\" content=\"Combinant des moteurs \u00e0 faible inertie et \u00e0 haut rendement avec un retour de position \u00e0 ultra haute r\u00e9solution, la t\u00eate de balayage laser \u00e0 deux axes AGV-XPO propos\u00e9e par Aerotech permet d&rsquo;obtenir des profils d&rsquo;acc\u00e9l\u00e9ration maximaux et une excellente pr\u00e9cision de trajectoire tout en minimisant les erreurs de suivi. Elle est donc id\u00e9ale pour [&hellip;]\" \/>\n<meta property=\"og:url\" content=\"https:\/\/www.ecinews.fr\/fr\/wp-json\/wp\/v2\/posts\/275676\/\" \/>\n<meta property=\"og:site_name\" content=\"EENewsEurope\" \/>\n<meta property=\"article:published_time\" content=\"2022-02-28T08:46:00+00:00\" \/>\n<meta property=\"og:image\" content=\"https:\/\/www.ecinews.fr\/wp-content\/uploads\/2022\/02\/ECI1062_Aerotech-scaled.jpg\" \/>\n\t<meta property=\"og:image:width\" content=\"1080\" \/>\n\t<meta property=\"og:image:height\" content=\"974\" \/>\n\t<meta property=\"og:image:type\" content=\"image\/jpeg\" \/>\n<meta name=\"author\" content=\"Alain Dieul\" \/>\n<meta name=\"twitter:card\" content=\"summary_large_image\" \/>\n<meta name=\"twitter:label1\" content=\"Written by\" \/>\n\t<meta name=\"twitter:data1\" content=\"Alain Dieul\" \/>\n\t<meta name=\"twitter:label2\" content=\"Est. reading time\" \/>\n\t<meta name=\"twitter:data2\" content=\"2 minutes\" \/>\n<script type=\"application\/ld+json\" class=\"yoast-schema-graph\">{\"@context\":\"https:\/\/schema.org\",\"@graph\":[{\"@type\":\"Article\",\"@id\":\"https:\/\/www.ecinews.fr\/fr\/tete-de-balayage-laser-a-deux-axes-avec-precision-dynamique-tres-elevee\/#article\",\"isPartOf\":{\"@id\":\"https:\/\/www.ecinews.fr\/fr\/tete-de-balayage-laser-a-deux-axes-avec-precision-dynamique-tres-elevee\/\"},\"author\":{\"name\":\"Alain Dieul\",\"@id\":\"https:\/\/www.eenewseurope.com\/en\/#\/schema\/person\/e4387676ad67ce722325c7832f3c3762\"},\"headline\":\"T\u00eate de balayage laser \u00e0 deux axes avec pr\u00e9cision dynamique tr\u00e8s \u00e9lev\u00e9e\",\"datePublished\":\"2022-02-28T08:46:00+00:00\",\"dateModified\":\"2022-02-28T08:46:00+00:00\",\"mainEntityOfPage\":{\"@id\":\"https:\/\/www.ecinews.fr\/fr\/tete-de-balayage-laser-a-deux-axes-avec-precision-dynamique-tres-elevee\/\"},\"wordCount\":491,\"publisher\":{\"@id\":\"https:\/\/www.eenewseurope.com\/en\/#organization\"},\"keywords\":[\"Optoelectronics\"],\"articleSection\":[\"Nouveaux produits\"],\"inLanguage\":\"fr-FR\"},{\"@type\":\"WebPage\",\"@id\":\"https:\/\/www.ecinews.fr\/fr\/tete-de-balayage-laser-a-deux-axes-avec-precision-dynamique-tres-elevee\/\",\"url\":\"https:\/\/www.ecinews.fr\/fr\/tete-de-balayage-laser-a-deux-axes-avec-precision-dynamique-tres-elevee\/\",\"name\":\"T\u00eate de balayage laser \u00e0 deux axes avec pr\u00e9cision dynamique tr\u00e8s \u00e9lev\u00e9e -\",\"isPartOf\":{\"@id\":\"https:\/\/www.eenewseurope.com\/en\/#website\"},\"datePublished\":\"2022-02-28T08:46:00+00:00\",\"dateModified\":\"2022-02-28T08:46:00+00:00\",\"breadcrumb\":{\"@id\":\"https:\/\/www.ecinews.fr\/fr\/tete-de-balayage-laser-a-deux-axes-avec-precision-dynamique-tres-elevee\/#breadcrumb\"},\"inLanguage\":\"fr-FR\",\"potentialAction\":[{\"@type\":\"ReadAction\",\"target\":[\"https:\/\/www.ecinews.fr\/fr\/tete-de-balayage-laser-a-deux-axes-avec-precision-dynamique-tres-elevee\/\"]}]},{\"@type\":\"BreadcrumbList\",\"@id\":\"https:\/\/www.ecinews.fr\/fr\/tete-de-balayage-laser-a-deux-axes-avec-precision-dynamique-tres-elevee\/#breadcrumb\",\"itemListElement\":[{\"@type\":\"ListItem\",\"position\":1,\"name\":\"Home\",\"item\":\"https:\/\/www.ecinews.fr\/fr\/\"},{\"@type\":\"ListItem\",\"position\":2,\"name\":\"T\u00eate de balayage laser \u00e0 deux axes avec pr\u00e9cision dynamique tr\u00e8s \u00e9lev\u00e9e\"}]},{\"@type\":\"WebSite\",\"@id\":\"https:\/\/www.eenewseurope.com\/en\/#website\",\"url\":\"https:\/\/www.eenewseurope.com\/en\/\",\"name\":\"EENewsEurope\",\"description\":\"Just another WordPress site\",\"publisher\":{\"@id\":\"https:\/\/www.eenewseurope.com\/en\/#organization\"},\"potentialAction\":[{\"@type\":\"SearchAction\",\"target\":{\"@type\":\"EntryPoint\",\"urlTemplate\":\"https:\/\/www.eenewseurope.com\/en\/?s={search_term_string}\"},\"query-input\":\"required name=search_term_string\"}],\"inLanguage\":\"fr-FR\"},{\"@type\":\"Organization\",\"@id\":\"https:\/\/www.eenewseurope.com\/en\/#organization\",\"name\":\"EENewsEurope\",\"url\":\"https:\/\/www.eenewseurope.com\/en\/\",\"logo\":{\"@type\":\"ImageObject\",\"inLanguage\":\"fr-FR\",\"@id\":\"https:\/\/www.eenewseurope.com\/en\/#\/schema\/logo\/image\/\",\"url\":\"https:\/\/www.ecinews.fr\/wp-content\/uploads\/2022\/02\/logo-1.jpg\",\"contentUrl\":\"https:\/\/www.ecinews.fr\/wp-content\/uploads\/2022\/02\/logo-1.jpg\",\"width\":283,\"height\":113,\"caption\":\"EENewsEurope\"},\"image\":{\"@id\":\"https:\/\/www.eenewseurope.com\/en\/#\/schema\/logo\/image\/\"}},{\"@type\":\"Person\",\"@id\":\"https:\/\/www.eenewseurope.com\/en\/#\/schema\/person\/e4387676ad67ce722325c7832f3c3762\",\"name\":\"Alain Dieul\",\"image\":{\"@type\":\"ImageObject\",\"inLanguage\":\"fr-FR\",\"@id\":\"https:\/\/www.eenewseurope.com\/en\/#\/schema\/person\/image\/736120675699dbbf0f0f282b9a9cfb75\",\"url\":\"https:\/\/secure.gravatar.com\/avatar\/bc93b056d07515be5b8eecd4acf49c5c?s=96&d=mm&r=g\",\"contentUrl\":\"https:\/\/secure.gravatar.com\/avatar\/bc93b056d07515be5b8eecd4acf49c5c?s=96&d=mm&r=g\",\"caption\":\"Alain Dieul\"},\"sameAs\":[\"http:\/\/ECINews\"]}]}<\/script>","yoast_head_json":{"title":"T\u00eate de balayage laser \u00e0 deux axes avec pr\u00e9cision dynamique ...","description":"Combinant des moteurs \u00e0 faible inertie et \u00e0 haut rendement avec un retour de position \u00e0 ultra haute r\u00e9solution, la t\u00eate de balayage laser \u00e0 deux axes...","robots":{"index":"index","follow":"follow","max-snippet":"max-snippet:-1","max-image-preview":"max-image-preview:large","max-video-preview":"max-video-preview:-1"},"canonical":"https:\/\/www.ecinews.fr\/fr\/wp-json\/wp\/v2\/posts\/275676\/","og_locale":"fr_FR","og_type":"article","og_title":"T\u00eate de balayage laser \u00e0 deux axes avec pr\u00e9cision dynamique tr\u00e8s \u00e9lev\u00e9e","og_description":"Combinant des moteurs \u00e0 faible inertie et \u00e0 haut rendement avec un retour de position \u00e0 ultra haute r\u00e9solution, la t\u00eate de balayage laser \u00e0 deux axes AGV-XPO propos\u00e9e par Aerotech permet d&rsquo;obtenir des profils d&rsquo;acc\u00e9l\u00e9ration maximaux et une excellente pr\u00e9cision de trajectoire tout en minimisant les erreurs de suivi. Elle est donc id\u00e9ale pour [&hellip;]","og_url":"https:\/\/www.ecinews.fr\/fr\/wp-json\/wp\/v2\/posts\/275676\/","og_site_name":"EENewsEurope","article_published_time":"2022-02-28T08:46:00+00:00","og_image":[{"width":1080,"height":974,"url":"https:\/\/www.ecinews.fr\/wp-content\/uploads\/2022\/02\/ECI1062_Aerotech-scaled.jpg","type":"image\/jpeg"}],"author":"Alain Dieul","twitter_card":"summary_large_image","twitter_misc":{"Written by":"Alain Dieul","Est. reading time":"2 minutes"},"schema":{"@context":"https:\/\/schema.org","@graph":[{"@type":"Article","@id":"https:\/\/www.ecinews.fr\/fr\/tete-de-balayage-laser-a-deux-axes-avec-precision-dynamique-tres-elevee\/#article","isPartOf":{"@id":"https:\/\/www.ecinews.fr\/fr\/tete-de-balayage-laser-a-deux-axes-avec-precision-dynamique-tres-elevee\/"},"author":{"name":"Alain Dieul","@id":"https:\/\/www.eenewseurope.com\/en\/#\/schema\/person\/e4387676ad67ce722325c7832f3c3762"},"headline":"T\u00eate de balayage laser \u00e0 deux axes avec pr\u00e9cision dynamique tr\u00e8s \u00e9lev\u00e9e","datePublished":"2022-02-28T08:46:00+00:00","dateModified":"2022-02-28T08:46:00+00:00","mainEntityOfPage":{"@id":"https:\/\/www.ecinews.fr\/fr\/tete-de-balayage-laser-a-deux-axes-avec-precision-dynamique-tres-elevee\/"},"wordCount":491,"publisher":{"@id":"https:\/\/www.eenewseurope.com\/en\/#organization"},"keywords":["Optoelectronics"],"articleSection":["Nouveaux produits"],"inLanguage":"fr-FR"},{"@type":"WebPage","@id":"https:\/\/www.ecinews.fr\/fr\/tete-de-balayage-laser-a-deux-axes-avec-precision-dynamique-tres-elevee\/","url":"https:\/\/www.ecinews.fr\/fr\/tete-de-balayage-laser-a-deux-axes-avec-precision-dynamique-tres-elevee\/","name":"T\u00eate de balayage laser \u00e0 deux axes avec pr\u00e9cision dynamique tr\u00e8s \u00e9lev\u00e9e -","isPartOf":{"@id":"https:\/\/www.eenewseurope.com\/en\/#website"},"datePublished":"2022-02-28T08:46:00+00:00","dateModified":"2022-02-28T08:46:00+00:00","breadcrumb":{"@id":"https:\/\/www.ecinews.fr\/fr\/tete-de-balayage-laser-a-deux-axes-avec-precision-dynamique-tres-elevee\/#breadcrumb"},"inLanguage":"fr-FR","potentialAction":[{"@type":"ReadAction","target":["https:\/\/www.ecinews.fr\/fr\/tete-de-balayage-laser-a-deux-axes-avec-precision-dynamique-tres-elevee\/"]}]},{"@type":"BreadcrumbList","@id":"https:\/\/www.ecinews.fr\/fr\/tete-de-balayage-laser-a-deux-axes-avec-precision-dynamique-tres-elevee\/#breadcrumb","itemListElement":[{"@type":"ListItem","position":1,"name":"Home","item":"https:\/\/www.ecinews.fr\/fr\/"},{"@type":"ListItem","position":2,"name":"T\u00eate de balayage laser \u00e0 deux axes avec pr\u00e9cision dynamique tr\u00e8s \u00e9lev\u00e9e"}]},{"@type":"WebSite","@id":"https:\/\/www.eenewseurope.com\/en\/#website","url":"https:\/\/www.eenewseurope.com\/en\/","name":"EENewsEurope","description":"Just another WordPress site","publisher":{"@id":"https:\/\/www.eenewseurope.com\/en\/#organization"},"potentialAction":[{"@type":"SearchAction","target":{"@type":"EntryPoint","urlTemplate":"https:\/\/www.eenewseurope.com\/en\/?s={search_term_string}"},"query-input":"required name=search_term_string"}],"inLanguage":"fr-FR"},{"@type":"Organization","@id":"https:\/\/www.eenewseurope.com\/en\/#organization","name":"EENewsEurope","url":"https:\/\/www.eenewseurope.com\/en\/","logo":{"@type":"ImageObject","inLanguage":"fr-FR","@id":"https:\/\/www.eenewseurope.com\/en\/#\/schema\/logo\/image\/","url":"https:\/\/www.ecinews.fr\/wp-content\/uploads\/2022\/02\/logo-1.jpg","contentUrl":"https:\/\/www.ecinews.fr\/wp-content\/uploads\/2022\/02\/logo-1.jpg","width":283,"height":113,"caption":"EENewsEurope"},"image":{"@id":"https:\/\/www.eenewseurope.com\/en\/#\/schema\/logo\/image\/"}},{"@type":"Person","@id":"https:\/\/www.eenewseurope.com\/en\/#\/schema\/person\/e4387676ad67ce722325c7832f3c3762","name":"Alain Dieul","image":{"@type":"ImageObject","inLanguage":"fr-FR","@id":"https:\/\/www.eenewseurope.com\/en\/#\/schema\/person\/image\/736120675699dbbf0f0f282b9a9cfb75","url":"https:\/\/secure.gravatar.com\/avatar\/bc93b056d07515be5b8eecd4acf49c5c?s=96&d=mm&r=g","contentUrl":"https:\/\/secure.gravatar.com\/avatar\/bc93b056d07515be5b8eecd4acf49c5c?s=96&d=mm&r=g","caption":"Alain Dieul"},"sameAs":["http:\/\/ECINews"]}]}},"authors":[{"term_id":1154,"user_id":36,"is_guest":0,"slug":"alain-dieul","display_name":"Alain Dieul","avatar_url":"https:\/\/secure.gravatar.com\/avatar\/bc93b056d07515be5b8eecd4acf49c5c?s=96&d=mm&r=g","0":null,"1":"","2":"","3":"","4":"","5":"","6":"","7":"","8":""}],"_links":{"self":[{"href":"https:\/\/www.ecinews.fr\/fr\/wp-json\/wp\/v2\/posts\/275676"}],"collection":[{"href":"https:\/\/www.ecinews.fr\/fr\/wp-json\/wp\/v2\/posts"}],"about":[{"href":"https:\/\/www.ecinews.fr\/fr\/wp-json\/wp\/v2\/types\/post"}],"author":[{"embeddable":true,"href":"https:\/\/www.ecinews.fr\/fr\/wp-json\/wp\/v2\/users\/36"}],"replies":[{"embeddable":true,"href":"https:\/\/www.ecinews.fr\/fr\/wp-json\/wp\/v2\/comments?post=275676"}],"version-history":[{"count":0,"href":"https:\/\/www.ecinews.fr\/fr\/wp-json\/wp\/v2\/posts\/275676\/revisions"}],"wp:featuredmedia":[{"embeddable":true,"href":"https:\/\/www.ecinews.fr\/fr\/wp-json\/wp\/v2\/media\/275677"}],"wp:attachment":[{"href":"https:\/\/www.ecinews.fr\/fr\/wp-json\/wp\/v2\/media?parent=275676"}],"wp:term":[{"taxonomy":"category","embeddable":true,"href":"https:\/\/www.ecinews.fr\/fr\/wp-json\/wp\/v2\/categories?post=275676"},{"taxonomy":"post_tag","embeddable":true,"href":"https:\/\/www.ecinews.fr\/fr\/wp-json\/wp\/v2\/tags?post=275676"},{"taxonomy":"domains","embeddable":true,"href":"https:\/\/www.ecinews.fr\/fr\/wp-json\/wp\/v2\/domains?post=275676"},{"taxonomy":"author","embeddable":true,"href":"https:\/\/www.ecinews.fr\/fr\/wp-json\/wp\/v2\/ppma_author?post=275676"}],"curies":[{"name":"wp","href":"https:\/\/api.w.org\/{rel}","templated":true}]}}