{"id":274784,"date":"2022-02-24T09:54:30","date_gmt":"2022-02-24T08:54:30","guid":{"rendered":"https:\/\/www.eenewseurope.com\/?p=274784"},"modified":"2022-02-24T09:54:30","modified_gmt":"2022-02-24T08:54:30","slug":"les-racks-haute-densite-vont-ils-changer-la-facon-de-refroidir-les-futurs-centres-de-donnees","status":"publish","type":"post","link":"https:\/\/www.ecinews.fr\/fr\/les-racks-haute-densite-vont-ils-changer-la-facon-de-refroidir-les-futurs-centres-de-donnees\/","title":{"rendered":"Les racks haute densit\u00e9 vont-ils changer la fa\u00e7on de refroidir les futurs centres de donn\u00e9es ?"},"content":{"rendered":"<p>Selon une r\u00e9cente \u00e9tude de march\u00e9 de Researchandmarkets.com, la densit\u00e9 de puissance des racks devrait cro\u00eetre au niveau mondial, en passant d\u2019une moyenne de 4 \u00e0 6 kW en 2020, \u00e0 une moyenne de 10 \u00e0 12 kW en 2026, compte tenu du d\u00e9ploiement d&rsquo;infrastructures de plus en plus performantes, et pourrait m\u00eame atteindre 100 kW pour les applications mettant en \u0153uvre des superordinateurs. Le groupe CBRE souligne une baisse trimestrielle des disponibilit\u00e9s sur les march\u00e9s FLAP (Francfort, Londres, Amsterdam, Paris) suite \u00e0 la croissance de la demande de donn\u00e9es, et aussi que les installations sont d\u00e9sormais plus souvent r\u00e9alis\u00e9es dans des sites plus petits, \u00e9quip\u00e9s de baies haute densit\u00e9.<br \/>\nAfin d\u2019\u00e9viter aux serveurs de surchauffer dans ces environnements plus exigus, les technologies de refroidissement plus efficaces, comme le refroidissement liquide, ont gagn\u00e9 en popularit\u00e9. Selon Aggreko, ce changement d&rsquo;approche pr\u00e9sente un certain nombre de d\u00e9fis pour les tests de charge, qui doivent \u00eatre r\u00e9alis\u00e9s lors de la mise en service.<br \/>\n\u00ab Veiller \u00e0 ce que les halls des centres de donn\u00e9es maintiennent un environnement contr\u00f4l\u00e9 est d\u00e9terminant pour garder les installations fonctionnelles, et \u00e9viter les perturbations, \u00bb explique Billy Durie, Responsable International Centres de donn\u00e9es chez Aggreko. \u00ab Cependant, la multiplication de centres de donn\u00e9es plus petits, souvent install\u00e9s dans des tours en centre-ville, dans des agglom\u00e9rations comme Francfort ou Londres, pose de nouveaux d\u00e9fis de mise en service, qui doivent \u00eatre pris en compte avec des m\u00e9thodes de test innovantes.<br \/>\nEn termes simples, le refroidissement par air traditionnel n&rsquo;est plus possible dans les salles de donn\u00e9es \u00e0 haute densit\u00e9 de racks, et comme le montrent plusieurs \u00e9tudes, cela va devenir une pr\u00e9occupation croissante, car de plus en plus d&rsquo;\u00e9quipements informatiques sont install\u00e9s dans des espaces r\u00e9duits. Il est donc crucial que les propri\u00e9taires et les exploitants de centres de donn\u00e9es s&rsquo;engagent aupr\u00e8s d&rsquo;organisations capables de tester efficacement la charge des syst\u00e8mes de refroidissement liquide, qui vont devenir de plus en plus courants dans les installations \u00e0 venir. \u00bb<br \/>\nDes approches innovantes \u00e9tant n\u00e9cessaires pour tester correctement les syst\u00e8mes de refroidissement dans ces environnements difficiles, les chaudi\u00e8res \u00e9lectriques de fournisseurs comme Aggreko constituent une solution int\u00e9ressante., Install\u00e9es dans le hall de donn\u00e9es et connect\u00e9es directement au circuit de refroidissement pendant la phase de mise en service, ces unit\u00e9s chauffent le liquide du syst\u00e8me de refroidissement et mesurent la r\u00e9ponse de ce syst\u00e8me \u00e0 l&rsquo;\u00e9l\u00e9vation de temp\u00e9rature.<br \/>\nDes serveurs en surchauffe peuvent poser de r\u00e9els probl\u00e8mes aux entreprises qui en d\u00e9pendent pour leurs op\u00e9rations au quotidien, \u00bb conclut \u00a0Billy Durie. \u00ab C&rsquo;est notamment le cas pour les organisations ayant en permanence tr\u00e8s rapidement besoin de gros volumes de donn\u00e9es. Ce niveau de demande, associ\u00e9 \u00e0 la densit\u00e9 croissante des racks, n\u00e9cessite des syst\u00e8mes de refroidissement liquide tr\u00e8s efficaces pour maintenir des conditions stables.<br \/>\nCe probl\u00e8me sp\u00e9cifique en cache un autre plus g\u00e9n\u00e9ral, \u00e0 savoir que le march\u00e9 des centres de donn\u00e9es est en constante \u00e9volution et qu\u2019il est soumis \u00e0 plusieurs tendances \u00e9mergentes. Dans cette optique, les responsables de chantier doivent faire appel \u00e0 des organisations sp\u00e9cialis\u00e9es, capables d&rsquo;adapter leurs m\u00e9thodes de test aux nouvelles exigences de construction. L&rsquo;utilisation par Aggreko de chaudi\u00e8res \u00e9lectriques, combin\u00e9e \u00e0 l&rsquo;expertise de l&rsquo;organisation pour garantir la stabilit\u00e9 de l&rsquo;environnement contr\u00f4l\u00e9 de la salle de donn\u00e9es pendant le test, est un tr\u00e8s bon exemple de la mise en pratique de ce type d\u2019approche. \u00bb<\/p>\n<p>\n<strong>\u00c0 propos d&rsquo;Aggreko<\/strong><br \/>\nAggreko est la plus grande soci\u00e9t\u00e9 de location au monde et peut fournir, dans le monde entier et sur une base temporaire, des g\u00e9n\u00e9rateurs, des batteries de stockage, ainsi que des moyens de contr\u00f4le et de mesure de temp\u00e9rature, pour r\u00e9pondre aux demandes toujours croissantes des centres de donn\u00e9es. Les ruptures de service ne sont pas une option pour les centres de donn\u00e9es, et le support d&rsquo;Aggreko sur ce march\u00e9 s&rsquo;\u00e9tend tout au long du cycle de vie. Depuis la construction et la planification, jusqu\u2019aux urgences, \u00e0 l&rsquo;entretien et aux r\u00e9parations, son \u00e9quipe mondiale se tient pr\u00e9sente pour soutenir l&rsquo;industrie.<\/p>\n<p>En tant que fournisseur mondial, Aggreko est la seule entreprise de location capable de proposer aux centres de donn\u00e9es une flotte standardis\u00e9e. Et dans la mesure o\u00f9 la soci\u00e9t\u00e9 dispose de sp\u00e9cialistes des centres de donn\u00e9es dans le monde entier, elle peut combiner expertise locale et service mondial. La capacit\u00e9 \u00e0 fournir de l&rsquo;\u00e9lectricit\u00e9, du chauffage et du refroidissement continuera d\u2019offrir des perspectives et de g\u00e9n\u00e9rer du potentiel pour les individus, les communaut\u00e9s, les industries et les entreprises du monde entier. Ensemble et au fil du temps, les services d&rsquo;Aggreko ont un r\u00f4le d\u00e9terminant \u00e0 jouer sur le march\u00e9 des centres de donn\u00e9es.<\/p>\n<p>\u00a0<a href=\"http:\/\/www.aggreko.com.\/\">www.aggreko.com<\/a><\/p>\n","protected":false},"excerpt":{"rendered":"<p>Selon une r\u00e9cente \u00e9tude de march\u00e9 de Researchandmarkets.com, la densit\u00e9 de puissance des racks devrait cro\u00eetre au niveau mondial, en passant d\u2019une moyenne de 4 \u00e0 6 kW en 2020, \u00e0 une moyenne de 10 \u00e0 12 kW en 2026, compte tenu du d\u00e9ploiement d&rsquo;infrastructures de plus en plus performantes, et pourrait m\u00eame atteindre 100 [&hellip;]<\/p>\n","protected":false},"author":9,"featured_media":274785,"comment_status":"closed","ping_status":"closed","sticky":false,"template":"","format":"standard","meta":{"_acf_changed":false,"footnotes":""},"categories":[886],"tags":[905],"domains":[47],"ppma_author":[1141],"class_list":["post-274784","post","type-post","status-publish","format-standard","has-post-thumbnail","hentry","category-news-fr","tag-memory-data-storage-fr","domains-electronique-eci"],"acf":[],"yoast_head":"<title>Les racks haute densit\u00e9 vont-ils changer la fa\u00e7on de refroidi...<\/title>\n<meta name=\"description\" content=\"Selon une r\u00e9cente \u00e9tude de march\u00e9 de Researchandmarkets.com, la densit\u00e9 de puissance des racks devrait cro\u00eetre au niveau mondial, en passant d\u2019une...\" \/>\n<meta name=\"robots\" content=\"index, follow, max-snippet:-1, max-image-preview:large, max-video-preview:-1\" \/>\n<link rel=\"canonical\" href=\"https:\/\/www.ecinews.fr\/fr\/wp-json\/wp\/v2\/posts\/274784\/\" \/>\n<meta property=\"og:locale\" content=\"fr_FR\" \/>\n<meta property=\"og:type\" content=\"article\" \/>\n<meta property=\"og:title\" content=\"Les racks haute densit\u00e9 vont-ils changer la fa\u00e7on de refroidir les futurs centres de donn\u00e9es ?\" \/>\n<meta property=\"og:description\" content=\"Selon une r\u00e9cente \u00e9tude de march\u00e9 de Researchandmarkets.com, la densit\u00e9 de puissance des racks devrait cro\u00eetre au niveau mondial, en passant d\u2019une moyenne de 4 \u00e0 6 kW en 2020, \u00e0 une moyenne de 10 \u00e0 12 kW en 2026, compte tenu du d\u00e9ploiement d&rsquo;infrastructures de plus en plus performantes, et pourrait m\u00eame atteindre 100 [&hellip;]\" \/>\n<meta property=\"og:url\" content=\"https:\/\/www.ecinews.fr\/fr\/wp-json\/wp\/v2\/posts\/274784\/\" \/>\n<meta property=\"og:site_name\" content=\"EENewsEurope\" \/>\n<meta property=\"article:published_time\" content=\"2022-02-24T08:54:30+00:00\" \/>\n<meta property=\"og:image\" content=\"https:\/\/www.ecinews.fr\/wp-content\/uploads\/2022\/02\/ECI5107_Aggreko_actu-scaled.jpg\" \/>\n\t<meta property=\"og:image:width\" content=\"1080\" \/>\n\t<meta property=\"og:image:height\" content=\"608\" \/>\n\t<meta property=\"og:image:type\" content=\"image\/jpeg\" \/>\n<meta name=\"author\" content=\"Alain Dieul\" \/>\n<meta name=\"twitter:card\" content=\"summary_large_image\" \/>\n<meta name=\"twitter:label1\" content=\"Written by\" \/>\n\t<meta name=\"twitter:data1\" content=\"Alain Dieul\" \/>\n\t<meta name=\"twitter:label2\" content=\"Est. reading time\" \/>\n\t<meta name=\"twitter:data2\" content=\"4 minutes\" \/>\n<script type=\"application\/ld+json\" class=\"yoast-schema-graph\">{\"@context\":\"https:\/\/schema.org\",\"@graph\":[{\"@type\":\"Article\",\"@id\":\"https:\/\/www.ecinews.fr\/fr\/les-racks-haute-densite-vont-ils-changer-la-facon-de-refroidir-les-futurs-centres-de-donnees\/#article\",\"isPartOf\":{\"@id\":\"https:\/\/www.ecinews.fr\/fr\/les-racks-haute-densite-vont-ils-changer-la-facon-de-refroidir-les-futurs-centres-de-donnees\/\"},\"author\":{\"name\":\"Alain Dieul\",\"@id\":\"https:\/\/www.eenewseurope.com\/en\/#\/schema\/person\/568c789a4794bd460460501ba91f5daf\"},\"headline\":\"Les racks haute densit\u00e9 vont-ils changer la fa\u00e7on de refroidir les futurs centres de donn\u00e9es ?\",\"datePublished\":\"2022-02-24T08:54:30+00:00\",\"dateModified\":\"2022-02-24T08:54:30+00:00\",\"mainEntityOfPage\":{\"@id\":\"https:\/\/www.ecinews.fr\/fr\/les-racks-haute-densite-vont-ils-changer-la-facon-de-refroidir-les-futurs-centres-de-donnees\/\"},\"wordCount\":869,\"publisher\":{\"@id\":\"https:\/\/www.eenewseurope.com\/en\/#organization\"},\"keywords\":[\"Memory &amp; Data Storage\"],\"articleSection\":[\"Actualit\u00e9 g\u00e9n\u00e9rale\"],\"inLanguage\":\"fr-FR\"},{\"@type\":\"WebPage\",\"@id\":\"https:\/\/www.ecinews.fr\/fr\/les-racks-haute-densite-vont-ils-changer-la-facon-de-refroidir-les-futurs-centres-de-donnees\/\",\"url\":\"https:\/\/www.ecinews.fr\/fr\/les-racks-haute-densite-vont-ils-changer-la-facon-de-refroidir-les-futurs-centres-de-donnees\/\",\"name\":\"Les racks haute densit\u00e9 vont-ils changer la fa\u00e7on de refroidir les futurs centres de donn\u00e9es ? -\",\"isPartOf\":{\"@id\":\"https:\/\/www.eenewseurope.com\/en\/#website\"},\"datePublished\":\"2022-02-24T08:54:30+00:00\",\"dateModified\":\"2022-02-24T08:54:30+00:00\",\"breadcrumb\":{\"@id\":\"https:\/\/www.ecinews.fr\/fr\/les-racks-haute-densite-vont-ils-changer-la-facon-de-refroidir-les-futurs-centres-de-donnees\/#breadcrumb\"},\"inLanguage\":\"fr-FR\",\"potentialAction\":[{\"@type\":\"ReadAction\",\"target\":[\"https:\/\/www.ecinews.fr\/fr\/les-racks-haute-densite-vont-ils-changer-la-facon-de-refroidir-les-futurs-centres-de-donnees\/\"]}]},{\"@type\":\"BreadcrumbList\",\"@id\":\"https:\/\/www.ecinews.fr\/fr\/les-racks-haute-densite-vont-ils-changer-la-facon-de-refroidir-les-futurs-centres-de-donnees\/#breadcrumb\",\"itemListElement\":[{\"@type\":\"ListItem\",\"position\":1,\"name\":\"Home\",\"item\":\"https:\/\/www.ecinews.fr\/fr\/\"},{\"@type\":\"ListItem\",\"position\":2,\"name\":\"Les racks haute densit\u00e9 vont-ils changer la fa\u00e7on de refroidir les futurs centres de donn\u00e9es ?\"}]},{\"@type\":\"WebSite\",\"@id\":\"https:\/\/www.eenewseurope.com\/en\/#website\",\"url\":\"https:\/\/www.eenewseurope.com\/en\/\",\"name\":\"EENewsEurope\",\"description\":\"Just another WordPress site\",\"publisher\":{\"@id\":\"https:\/\/www.eenewseurope.com\/en\/#organization\"},\"potentialAction\":[{\"@type\":\"SearchAction\",\"target\":{\"@type\":\"EntryPoint\",\"urlTemplate\":\"https:\/\/www.eenewseurope.com\/en\/?s={search_term_string}\"},\"query-input\":\"required name=search_term_string\"}],\"inLanguage\":\"fr-FR\"},{\"@type\":\"Organization\",\"@id\":\"https:\/\/www.eenewseurope.com\/en\/#organization\",\"name\":\"EENewsEurope\",\"url\":\"https:\/\/www.eenewseurope.com\/en\/\",\"logo\":{\"@type\":\"ImageObject\",\"inLanguage\":\"fr-FR\",\"@id\":\"https:\/\/www.eenewseurope.com\/en\/#\/schema\/logo\/image\/\",\"url\":\"https:\/\/www.ecinews.fr\/wp-content\/uploads\/2022\/02\/logo-1.jpg\",\"contentUrl\":\"https:\/\/www.ecinews.fr\/wp-content\/uploads\/2022\/02\/logo-1.jpg\",\"width\":283,\"height\":113,\"caption\":\"EENewsEurope\"},\"image\":{\"@id\":\"https:\/\/www.eenewseurope.com\/en\/#\/schema\/logo\/image\/\"}},{\"@type\":\"Person\",\"@id\":\"https:\/\/www.eenewseurope.com\/en\/#\/schema\/person\/568c789a4794bd460460501ba91f5daf\",\"name\":\"Alain Dieul\",\"image\":{\"@type\":\"ImageObject\",\"inLanguage\":\"fr-FR\",\"@id\":\"https:\/\/www.eenewseurope.com\/en\/#\/schema\/person\/image\/6d32dc651fbcef3b338066625b118364\",\"url\":\"https:\/\/secure.gravatar.com\/avatar\/93708ec89b35deb10f4cfbfe144b4e07?s=96&d=mm&r=g\",\"contentUrl\":\"https:\/\/secure.gravatar.com\/avatar\/93708ec89b35deb10f4cfbfe144b4e07?s=96&d=mm&r=g\",\"caption\":\"Alain Dieul\"}}]}<\/script>","yoast_head_json":{"title":"Les racks haute densit\u00e9 vont-ils changer la fa\u00e7on de refroidi...","description":"Selon une r\u00e9cente \u00e9tude de march\u00e9 de Researchandmarkets.com, la densit\u00e9 de puissance des racks devrait cro\u00eetre au niveau mondial, en passant d\u2019une...","robots":{"index":"index","follow":"follow","max-snippet":"max-snippet:-1","max-image-preview":"max-image-preview:large","max-video-preview":"max-video-preview:-1"},"canonical":"https:\/\/www.ecinews.fr\/fr\/wp-json\/wp\/v2\/posts\/274784\/","og_locale":"fr_FR","og_type":"article","og_title":"Les racks haute densit\u00e9 vont-ils changer la fa\u00e7on de refroidir les futurs centres de donn\u00e9es ?","og_description":"Selon une r\u00e9cente \u00e9tude de march\u00e9 de Researchandmarkets.com, la densit\u00e9 de puissance des racks devrait cro\u00eetre au niveau mondial, en passant d\u2019une moyenne de 4 \u00e0 6 kW en 2020, \u00e0 une moyenne de 10 \u00e0 12 kW en 2026, compte tenu du d\u00e9ploiement d&rsquo;infrastructures de plus en plus performantes, et pourrait m\u00eame atteindre 100 [&hellip;]","og_url":"https:\/\/www.ecinews.fr\/fr\/wp-json\/wp\/v2\/posts\/274784\/","og_site_name":"EENewsEurope","article_published_time":"2022-02-24T08:54:30+00:00","og_image":[{"width":1080,"height":608,"url":"https:\/\/www.ecinews.fr\/wp-content\/uploads\/2022\/02\/ECI5107_Aggreko_actu-scaled.jpg","type":"image\/jpeg"}],"author":"Alain Dieul","twitter_card":"summary_large_image","twitter_misc":{"Written by":"Alain Dieul","Est. reading time":"4 minutes"},"schema":{"@context":"https:\/\/schema.org","@graph":[{"@type":"Article","@id":"https:\/\/www.ecinews.fr\/fr\/les-racks-haute-densite-vont-ils-changer-la-facon-de-refroidir-les-futurs-centres-de-donnees\/#article","isPartOf":{"@id":"https:\/\/www.ecinews.fr\/fr\/les-racks-haute-densite-vont-ils-changer-la-facon-de-refroidir-les-futurs-centres-de-donnees\/"},"author":{"name":"Alain Dieul","@id":"https:\/\/www.eenewseurope.com\/en\/#\/schema\/person\/568c789a4794bd460460501ba91f5daf"},"headline":"Les racks haute densit\u00e9 vont-ils changer la fa\u00e7on de refroidir les futurs centres de donn\u00e9es ?","datePublished":"2022-02-24T08:54:30+00:00","dateModified":"2022-02-24T08:54:30+00:00","mainEntityOfPage":{"@id":"https:\/\/www.ecinews.fr\/fr\/les-racks-haute-densite-vont-ils-changer-la-facon-de-refroidir-les-futurs-centres-de-donnees\/"},"wordCount":869,"publisher":{"@id":"https:\/\/www.eenewseurope.com\/en\/#organization"},"keywords":["Memory &amp; Data Storage"],"articleSection":["Actualit\u00e9 g\u00e9n\u00e9rale"],"inLanguage":"fr-FR"},{"@type":"WebPage","@id":"https:\/\/www.ecinews.fr\/fr\/les-racks-haute-densite-vont-ils-changer-la-facon-de-refroidir-les-futurs-centres-de-donnees\/","url":"https:\/\/www.ecinews.fr\/fr\/les-racks-haute-densite-vont-ils-changer-la-facon-de-refroidir-les-futurs-centres-de-donnees\/","name":"Les racks haute densit\u00e9 vont-ils changer la fa\u00e7on de refroidir les futurs centres de donn\u00e9es ? -","isPartOf":{"@id":"https:\/\/www.eenewseurope.com\/en\/#website"},"datePublished":"2022-02-24T08:54:30+00:00","dateModified":"2022-02-24T08:54:30+00:00","breadcrumb":{"@id":"https:\/\/www.ecinews.fr\/fr\/les-racks-haute-densite-vont-ils-changer-la-facon-de-refroidir-les-futurs-centres-de-donnees\/#breadcrumb"},"inLanguage":"fr-FR","potentialAction":[{"@type":"ReadAction","target":["https:\/\/www.ecinews.fr\/fr\/les-racks-haute-densite-vont-ils-changer-la-facon-de-refroidir-les-futurs-centres-de-donnees\/"]}]},{"@type":"BreadcrumbList","@id":"https:\/\/www.ecinews.fr\/fr\/les-racks-haute-densite-vont-ils-changer-la-facon-de-refroidir-les-futurs-centres-de-donnees\/#breadcrumb","itemListElement":[{"@type":"ListItem","position":1,"name":"Home","item":"https:\/\/www.ecinews.fr\/fr\/"},{"@type":"ListItem","position":2,"name":"Les racks haute densit\u00e9 vont-ils changer la fa\u00e7on de refroidir les futurs centres de donn\u00e9es ?"}]},{"@type":"WebSite","@id":"https:\/\/www.eenewseurope.com\/en\/#website","url":"https:\/\/www.eenewseurope.com\/en\/","name":"EENewsEurope","description":"Just another WordPress site","publisher":{"@id":"https:\/\/www.eenewseurope.com\/en\/#organization"},"potentialAction":[{"@type":"SearchAction","target":{"@type":"EntryPoint","urlTemplate":"https:\/\/www.eenewseurope.com\/en\/?s={search_term_string}"},"query-input":"required name=search_term_string"}],"inLanguage":"fr-FR"},{"@type":"Organization","@id":"https:\/\/www.eenewseurope.com\/en\/#organization","name":"EENewsEurope","url":"https:\/\/www.eenewseurope.com\/en\/","logo":{"@type":"ImageObject","inLanguage":"fr-FR","@id":"https:\/\/www.eenewseurope.com\/en\/#\/schema\/logo\/image\/","url":"https:\/\/www.ecinews.fr\/wp-content\/uploads\/2022\/02\/logo-1.jpg","contentUrl":"https:\/\/www.ecinews.fr\/wp-content\/uploads\/2022\/02\/logo-1.jpg","width":283,"height":113,"caption":"EENewsEurope"},"image":{"@id":"https:\/\/www.eenewseurope.com\/en\/#\/schema\/logo\/image\/"}},{"@type":"Person","@id":"https:\/\/www.eenewseurope.com\/en\/#\/schema\/person\/568c789a4794bd460460501ba91f5daf","name":"Alain Dieul","image":{"@type":"ImageObject","inLanguage":"fr-FR","@id":"https:\/\/www.eenewseurope.com\/en\/#\/schema\/person\/image\/6d32dc651fbcef3b338066625b118364","url":"https:\/\/secure.gravatar.com\/avatar\/93708ec89b35deb10f4cfbfe144b4e07?s=96&d=mm&r=g","contentUrl":"https:\/\/secure.gravatar.com\/avatar\/93708ec89b35deb10f4cfbfe144b4e07?s=96&d=mm&r=g","caption":"Alain Dieul"}}]}},"authors":[{"term_id":1141,"user_id":9,"is_guest":0,"slug":"alaindieul","display_name":"Alain Dieul","avatar_url":"https:\/\/secure.gravatar.com\/avatar\/93708ec89b35deb10f4cfbfe144b4e07?s=96&d=mm&r=g","0":null,"1":"","2":"","3":"","4":"","5":"","6":"","7":"","8":""}],"_links":{"self":[{"href":"https:\/\/www.ecinews.fr\/fr\/wp-json\/wp\/v2\/posts\/274784"}],"collection":[{"href":"https:\/\/www.ecinews.fr\/fr\/wp-json\/wp\/v2\/posts"}],"about":[{"href":"https:\/\/www.ecinews.fr\/fr\/wp-json\/wp\/v2\/types\/post"}],"author":[{"embeddable":true,"href":"https:\/\/www.ecinews.fr\/fr\/wp-json\/wp\/v2\/users\/9"}],"replies":[{"embeddable":true,"href":"https:\/\/www.ecinews.fr\/fr\/wp-json\/wp\/v2\/comments?post=274784"}],"version-history":[{"count":0,"href":"https:\/\/www.ecinews.fr\/fr\/wp-json\/wp\/v2\/posts\/274784\/revisions"}],"wp:featuredmedia":[{"embeddable":true,"href":"https:\/\/www.ecinews.fr\/fr\/wp-json\/wp\/v2\/media\/274785"}],"wp:attachment":[{"href":"https:\/\/www.ecinews.fr\/fr\/wp-json\/wp\/v2\/media?parent=274784"}],"wp:term":[{"taxonomy":"category","embeddable":true,"href":"https:\/\/www.ecinews.fr\/fr\/wp-json\/wp\/v2\/categories?post=274784"},{"taxonomy":"post_tag","embeddable":true,"href":"https:\/\/www.ecinews.fr\/fr\/wp-json\/wp\/v2\/tags?post=274784"},{"taxonomy":"domains","embeddable":true,"href":"https:\/\/www.ecinews.fr\/fr\/wp-json\/wp\/v2\/domains?post=274784"},{"taxonomy":"author","embeddable":true,"href":"https:\/\/www.ecinews.fr\/fr\/wp-json\/wp\/v2\/ppma_author?post=274784"}],"curies":[{"name":"wp","href":"https:\/\/api.w.org\/{rel}","templated":true}]}}