{"id":274774,"date":"2022-02-23T21:21:32","date_gmt":"2022-02-23T20:21:32","guid":{"rendered":"https:\/\/www.eenewseurope.com\/?p=274774"},"modified":"2022-02-23T21:21:32","modified_gmt":"2022-02-23T20:21:32","slug":"imec-montre-processeur-6502-plastique-flexible","status":"publish","type":"post","link":"https:\/\/www.ecinews.fr\/fr\/imec-montre-processeur-6502-plastique-flexible\/","title":{"rendered":"imec donne des details sur son processeur flexible 6502 en plastique"},"content":{"rendered":"<p><span class=\"VIiyi\" lang=\"fr\"><span class=\"JLqJ4b\" data-language-for-alternatives=\"fr\" data-language-to-translate-into=\"en\" data-phrase-index=\"0\" data-number-of-phrases=\"1\">imec en Belgique a donn\u00e9 plus de d\u00e9tails sur la conception d&rsquo;un processeur plastique 8 bits 6502 d\u00e9velopp\u00e9 avec la fonderie PragmatIC Semiconductor et l&rsquo;universit\u00e9 KU Leuven. <\/span><\/span><\/p>\n<p><span class=\"VIiyi\" lang=\"fr\"><span class=\"JLqJ4b\" data-language-for-alternatives=\"fr\" data-language-to-translate-into=\"en\" data-phrase-index=\"0\" data-number-of-phrases=\"1\">Le microprocesseur 8 bits pr\u00e9sent\u00e9 \u00e0 l&rsquo;ISSCC 2022 cette semaine a \u00e9t\u00e9 construit dans une technologie flexible \u00e0 oxyde m\u00e9tallique de 0,8 \u00b5m et est capable d&rsquo;ex\u00e9cuter un codeAssembleur complexe en temps r\u00e9el \u00e0 une fr\u00e9quence d&rsquo;horloge de 71,4 kHz. Le microprocesseur a \u00e9t\u00e9 mis en \u0153uvre avec un flux de conception num\u00e9rique unique avec une nouvelle biblioth\u00e8que de cellules standard pour les transistors NMOS \u00e0 couche mince d&rsquo;oxyde d&rsquo;indium-gallium-zinc (IGZO) avec une structure \u00ab quasi-CMOS \u00bb.<\/span><\/span><\/p>\n<p><span class=\"VIiyi\" lang=\"fr\"><span class=\"JLqJ4b\" data-language-for-alternatives=\"fr\" data-language-to-translate-into=\"en\" data-phrase-index=\"0\" data-number-of-phrases=\"1\">Ceci est pertinent pour la conception d&rsquo;une large gamme d&rsquo;applications loT, int\u00e9grant environ 16 000 transistors \u00e0 couches minces \u00e0 oxyde m\u00e9tallique sur une puce flexible de 24,9 mm2. L&rsquo;\u00e9lectronique flexible bas\u00e9e sur la technologie des transistors \u00e0 couches minces est pr\u00e9f\u00e9r\u00e9e \u00e0 l&rsquo;\u00e9lectronique bas\u00e9e sur Si CMOS pour les applications n\u00e9cessitant des dispositifs peu co\u00fbteux, minces, flexibles et\/ou conformables. La technologie est d\u00e9j\u00e0 utilis\u00e9e pour les capteurs de sant\u00e9 et les \u00e9tiquettes RFID et comme driver pour les \u00e9crans plats.<\/span><\/span><\/p>\n<p><span class=\"VIiyi\" lang=\"fr\"><span class=\"JLqJ4b\" data-language-for-alternatives=\"fr\" data-language-to-translate-into=\"en\" data-phrase-index=\"0\" data-number-of-phrases=\"1\"> imec a con\u00e7u le microprocesseur 8 bits flexible en se basant sur le fichier source de la puce MOS6502.<\/span><\/span><\/p>\n<p><span class=\"VIiyi\" lang=\"fr\"><span class=\"JLqJ4b\" data-language-for-alternatives=\"fr\" data-language-to-translate-into=\"en\" data-phrase-index=\"0\" data-number-of-phrases=\"1\">\u00ab\u00a0Notre microprocesseur flexible pr\u00e9sente d&rsquo;excellentes caract\u00e9ristiques pour les applications IoT, notamment une vitesse de fonctionnement \u00e9lev\u00e9e, une faible consommation d&rsquo;\u00e9nergie de 11,6 mW lorsqu&rsquo;il fonctionne \u00e0 10 kHz, 134,9 mW \u00e0 la vitesse de fonctionnement maximale et une densit\u00e9 d&rsquo;int\u00e9gration de transistors \u00e9lev\u00e9e\u00a0\u00bb, a d\u00e9clar\u00e9 Kris Myny, scientifique principal chez imec. \u00ab\u00a0Lors de l&rsquo;ISSCC 2022, nous pr\u00e9senterons le fonctionnement en temps r\u00e9el de notre circuit en ex\u00e9cutant le code Asembleur complexe du c\u00e9l\u00e8bre jeu Snake.\u00a0\u00bb<\/span><\/span><\/p>\n<p><span class=\"VIiyi\" lang=\"fr\"><span class=\"JLqJ4b\" data-language-for-alternatives=\"fr\" data-language-to-translate-into=\"en\" data-phrase-index=\"0\" data-number-of-phrases=\"1\">\u00abLes transistors \u00e0 couches minces \u00e0 oxyde m\u00e9tallique bas\u00e9s sur IGZO sont intrins\u00e8quement de type n. Il en r\u00e9sulte des circuits avec une consommation d&rsquo;\u00e9nergie statique plus \u00e9lev\u00e9e par rapport aux technologies compl\u00e9mentaires. Pour r\u00e9soudre ce probl\u00e8me, nous avons cr\u00e9\u00e9 notre propre flux de conception \u00e0 partir du fichier open source du microprocesseur MOS6502 &#8211; l&rsquo;un des microprocesseurs les plus influents jamais con\u00e7us \u00bb, a-t-il d\u00e9clar\u00e9. <\/span><\/span><\/p>\n<p><span class=\"VIiyi\" lang=\"fr\"><span class=\"JLqJ4b\" data-language-for-alternatives=\"fr\" data-language-to-translate-into=\"en\" data-phrase-index=\"0\" data-number-of-phrases=\"1\">\u00ab\u00a0Nous avons con\u00e7u le nombre de cellules et de portes logiques pour obtenir la conception la plus optimale pour notre microprocesseur flexible6502 en termes de surface, de puissance et de vitesse &#8211; en utilisant le pseudo-CMOS comme famille logique. Ce flux de conception unique nous a permis de cr\u00e9er une nouvelle biblioth\u00e8que de cellules standard pour la technologie des couches minces d&rsquo;oxyde m\u00e9tallique qui peut \u00eatre utilis\u00e9e pour innover dans des applications bas\u00e9es sur la technologie des couches minces d&rsquo;oxyde m\u00e9tallique.<\/span><\/span><\/p>\n<p><span class=\"VIiyi\" lang=\"fr\"><span class=\"JLqJ4b\" data-language-for-alternatives=\"fr\" data-language-to-translate-into=\"en\" data-phrase-index=\"0\" data-number-of-phrases=\"1\">La puce a \u00e9t\u00e9 cfabriqu\u00e9e par la fonderie britannique et d\u00e9veloppeur de puces flexibles PragmatIC Semiconductor, qui a montr\u00e9 la puce l&rsquo;ann\u00e9e derni\u00e8re et a \u00e9galement travaill\u00e9 avec ARM sur une version plastique du processeur Coretex-M0.<\/span><\/span><\/p>\n<ul>\n<li>\n<p class=\"title\"><a href=\"https:\/\/www.ecinews.fr\/fr\/pragmatic-developpe-un-processeur-6502-en-plastique\/\" target=\"_blank\" rel=\"noopener\">PragmatIC d\u00e9veloppe un processeur 6502 en plastique<\/a><\/p>\n<\/li>\n<\/ul>\n<p><span class=\"VIiyi\" lang=\"fr\"><span class=\"JLqJ4b\" data-language-for-alternatives=\"fr\" data-language-to-translate-into=\"en\" data-phrase-index=\"0\" data-number-of-phrases=\"1\">\u00ab Jusqu&rsquo;\u00e0 r\u00e9cemment, aucune technologie mature et robuste n&rsquo;\u00e9tait disponible pour int\u00e9grer un si grand nombre de transistors \u00e0 couches minces avec un rendement suffisant. Notre usine FlexLogIC permet d\u00e9sormais la mise en \u0153uvre rapide de ces nouvelles conceptions complexes \u00e0 un co\u00fbt ultra-faible, en fournissant des circuits int\u00e9gr\u00e9s sur des plaquettes minces et flexibles. Notre service FlexIC Foundry continue de jouer un r\u00f4le d\u00e9terminant en permettant aux \u00e9quipes de conception comme celle d&rsquo;imec d&rsquo;\u00e9largir la gamme de cas de conception et d&rsquo;utilisation pour l&rsquo;\u00e9lectronique flexible \u00bb, a d\u00e9clar\u00e9 Brian Cobb, vice-pr\u00e9sident du d\u00e9veloppement de produits chez PragmatIC.<\/span><\/span><\/p>\n<p><span class=\"VIiyi\" lang=\"fr\"><span class=\"JLqJ4b\" data-language-for-alternatives=\"fr\" data-language-to-translate-into=\"en\" data-phrase-index=\"0\" data-number-of-phrases=\"1\">Le processeur a \u00e9t\u00e9 d\u00e9velopp\u00e9 dans le cadre d&rsquo;une subvention E1.5m Horizon 2020 ciblant les TFT \u00e0 oxyde amorphe sur des substrats en plastique pour les circuits int\u00e9gr\u00e9s flexibles \u00e0 tr\u00e8s grande \u00e9chelle. Le projet a d\u00e9velopp\u00e9 un nouveau style logique, appel\u00e9 \u00ab\u00a0quasi-CMOS\u00a0\u00bb, bas\u00e9 sur des transistors unipolaires \u00e0 couches minces \u00e0 double grille d&rsquo;oxyde. Cela a permis de r\u00e9duire la consommation d&rsquo;\u00e9nergie dans les portes logiques unipolaires d&rsquo;une nouvelle mani\u00e8re en tirant parti de la commande dynamique de backgate et du faible courant de fuite \u00e0 l&rsquo;\u00e9tat bloqu\u00e9 unique du transistor, sans compromettre la vitesse de commutation. <\/span><\/span><\/p>\n<p><span class=\"VIiyi\" lang=\"fr\"><span class=\"JLqJ4b\" data-language-for-alternatives=\"fr\" data-language-to-translate-into=\"en\" data-phrase-index=\"0\" data-number-of-phrases=\"1\">\u00ab En tant que tel, ce travail conclut bien ma subvention de d\u00e9marrage ERC qui visait \u00e0 ouvrir de nouveaux horizons dans le domaine de la technologie des transistors \u00e0 couches minces \u00bb, a d\u00e9clar\u00e9 Myny.<\/span><\/span><\/p>\n<p><a href=\"http:\/\/www.imec-int.com\">www.imec-int.com<\/a>; <a href=\"http:\/\/www.pragmaticsemi.com\">www.pragmaticsemi.com<\/a><\/p>\n<p>Related articles<\/p>\n<ul>\n<li><a href=\"https:\/\/www.ecinews.fr\/news\/electronique-imprimee-par-rotative-sur-supports-flexibles\">Electronique imprim\u00e9e par rotative sur supports flexibles<\/a><\/li>\n<li><a href=\"https:\/\/www.ecinews.fr\/news\/arm-produit-des-chips-plastique-neural-networks\">ARM\u00a0produit des chips plastique Neural Networks<\/a><\/li>\n<li><a href=\"https:\/\/www.eenewseurope.com\/en\/arm-shows-first-plastic-m0-microcontroller\/\">ARM shows first plastic M0+ microcontroller\u00a0<\/a><\/li>\n<li><a href=\"https:\/\/www.eenewseurope.com\/en\/project-aims-for-worlds-first-biodegradable-plastic-chips\/\">Building the world&rsquo;s first biodegradable plastic chips<\/a><\/li>\n<li><a href=\"https:\/\/www.eenewseurope.com\/en\/pragmatic-raises-80m-for-second-plastic-chip-fab\/\">PragmatIC raises $80m for second plastic chip fab<\/a><\/li>\n<\/ul>\n","protected":false},"excerpt":{"rendered":"<p>imec en Belgique a donn\u00e9 plus de d\u00e9tails sur la conception d&rsquo;un processeur plastique 8 bits 6502 d\u00e9velopp\u00e9 avec la fonderie PragmatIC Semiconductor et l&rsquo;universit\u00e9 KU Leuven.<\/p>\n","protected":false},"author":34,"featured_media":274224,"comment_status":"closed","ping_status":"closed","sticky":true,"template":"","format":"standard","meta":{"_acf_changed":false,"footnotes":""},"categories":[883],"tags":[906],"domains":[47],"ppma_author":[1153],"class_list":["post-274774","post","type-post","status-publish","format-standard","has-post-thumbnail","hentry","category-technologies","tag-mpus-mcus-fr","domains-electronique-eci"],"acf":[],"yoast_head":"<title>imec donne des details sur son processeur flexible 6502 en plas...<\/title>\n<meta name=\"description\" content=\"imec a donn\u00e9 plus de d\u00e9tails sur le processeur plastique 8 bits 6502 d\u00e9velopp\u00e9 avec la fonderie PragmatIC et l&#039;universit\u00e9 KU Leuven.\" \/>\n<meta name=\"robots\" content=\"index, follow, max-snippet:-1, max-image-preview:large, max-video-preview:-1\" \/>\n<link rel=\"canonical\" href=\"https:\/\/www.ecinews.fr\/fr\/wp-json\/wp\/v2\/posts\/274774\/\" \/>\n<meta property=\"og:locale\" content=\"fr_FR\" \/>\n<meta property=\"og:type\" content=\"article\" \/>\n<meta property=\"og:title\" content=\"imec donne des details sur son processeur flexible 6502 en plastique\" \/>\n<meta property=\"og:description\" content=\"imec a donn\u00e9 plus de d\u00e9tails sur le processeur plastique 8 bits 6502 d\u00e9velopp\u00e9 avec la fonderie PragmatIC et l&#039;universit\u00e9 KU Leuven.\" \/>\n<meta property=\"og:url\" content=\"https:\/\/www.ecinews.fr\/fr\/wp-json\/wp\/v2\/posts\/274774\/\" \/>\n<meta property=\"og:site_name\" content=\"EENewsEurope\" \/>\n<meta property=\"article:published_time\" content=\"2022-02-23T20:21:32+00:00\" \/>\n<meta property=\"og:image\" content=\"https:\/\/www.ecinews.fr\/wp-content\/uploads\/2022\/02\/flexible-microprocessor-2euro-scaled.jpg\" \/>\n\t<meta property=\"og:image:width\" content=\"1080\" \/>\n\t<meta property=\"og:image:height\" content=\"659\" \/>\n\t<meta property=\"og:image:type\" content=\"image\/jpeg\" \/>\n<meta name=\"author\" content=\"A Delapalisse\" \/>\n<meta name=\"twitter:card\" content=\"summary_large_image\" \/>\n<meta name=\"twitter:label1\" content=\"Written by\" \/>\n\t<meta name=\"twitter:data1\" content=\"A Delapalisse\" \/>\n\t<meta name=\"twitter:label2\" content=\"Est. reading time\" \/>\n\t<meta name=\"twitter:data2\" content=\"3 minutes\" \/>\n<script type=\"application\/ld+json\" class=\"yoast-schema-graph\">{\"@context\":\"https:\/\/schema.org\",\"@graph\":[{\"@type\":\"Article\",\"@id\":\"https:\/\/www.ecinews.fr\/fr\/imec-montre-processeur-6502-plastique-flexible\/#article\",\"isPartOf\":{\"@id\":\"https:\/\/www.ecinews.fr\/fr\/imec-montre-processeur-6502-plastique-flexible\/\"},\"author\":{\"name\":\"A Delapalisse\",\"@id\":\"https:\/\/www.ecinews.fr\/fr\/#\/schema\/person\/0aa2cfb0bd8949724a68cbac8d8321b4\"},\"headline\":\"imec donne des details sur son processeur flexible 6502 en plastique\",\"datePublished\":\"2022-02-23T20:21:32+00:00\",\"dateModified\":\"2022-02-23T20:21:32+00:00\",\"mainEntityOfPage\":{\"@id\":\"https:\/\/www.ecinews.fr\/fr\/imec-montre-processeur-6502-plastique-flexible\/\"},\"wordCount\":818,\"publisher\":{\"@id\":\"https:\/\/www.ecinews.fr\/fr\/#organization\"},\"keywords\":[\"MPUs\/MCUs\"],\"articleSection\":[\"Technologies\"],\"inLanguage\":\"fr-FR\"},{\"@type\":\"WebPage\",\"@id\":\"https:\/\/www.ecinews.fr\/fr\/imec-montre-processeur-6502-plastique-flexible\/\",\"url\":\"https:\/\/www.ecinews.fr\/fr\/imec-montre-processeur-6502-plastique-flexible\/\",\"name\":\"imec donne des details sur son processeur flexible 6502 en plastique -\",\"isPartOf\":{\"@id\":\"https:\/\/www.ecinews.fr\/fr\/#website\"},\"datePublished\":\"2022-02-23T20:21:32+00:00\",\"dateModified\":\"2022-02-23T20:21:32+00:00\",\"description\":\"imec a donn\u00e9 plus de d\u00e9tails sur le processeur plastique 8 bits 6502 d\u00e9velopp\u00e9 avec la fonderie PragmatIC et l'universit\u00e9 KU Leuven.\",\"breadcrumb\":{\"@id\":\"https:\/\/www.ecinews.fr\/fr\/imec-montre-processeur-6502-plastique-flexible\/#breadcrumb\"},\"inLanguage\":\"fr-FR\",\"potentialAction\":[{\"@type\":\"ReadAction\",\"target\":[\"https:\/\/www.ecinews.fr\/fr\/imec-montre-processeur-6502-plastique-flexible\/\"]}]},{\"@type\":\"BreadcrumbList\",\"@id\":\"https:\/\/www.ecinews.fr\/fr\/imec-montre-processeur-6502-plastique-flexible\/#breadcrumb\",\"itemListElement\":[{\"@type\":\"ListItem\",\"position\":1,\"name\":\"Home\",\"item\":\"https:\/\/www.ecinews.fr\/fr\/\"},{\"@type\":\"ListItem\",\"position\":2,\"name\":\"imec donne des details sur son processeur flexible 6502 en plastique\"}]},{\"@type\":\"WebSite\",\"@id\":\"https:\/\/www.ecinews.fr\/fr\/#website\",\"url\":\"https:\/\/www.ecinews.fr\/fr\/\",\"name\":\"EENewsEurope\",\"description\":\"Just another WordPress site\",\"publisher\":{\"@id\":\"https:\/\/www.ecinews.fr\/fr\/#organization\"},\"potentialAction\":[{\"@type\":\"SearchAction\",\"target\":{\"@type\":\"EntryPoint\",\"urlTemplate\":\"https:\/\/www.ecinews.fr\/fr\/?s={search_term_string}\"},\"query-input\":\"required name=search_term_string\"}],\"inLanguage\":\"fr-FR\"},{\"@type\":\"Organization\",\"@id\":\"https:\/\/www.ecinews.fr\/fr\/#organization\",\"name\":\"EENewsEurope\",\"url\":\"https:\/\/www.ecinews.fr\/fr\/\",\"logo\":{\"@type\":\"ImageObject\",\"inLanguage\":\"fr-FR\",\"@id\":\"https:\/\/www.ecinews.fr\/fr\/#\/schema\/logo\/image\/\",\"url\":\"https:\/\/www.ecinews.fr\/wp-content\/uploads\/2022\/02\/logo-1.jpg\",\"contentUrl\":\"https:\/\/www.ecinews.fr\/wp-content\/uploads\/2022\/02\/logo-1.jpg\",\"width\":283,\"height\":113,\"caption\":\"EENewsEurope\"},\"image\":{\"@id\":\"https:\/\/www.ecinews.fr\/fr\/#\/schema\/logo\/image\/\"}},{\"@type\":\"Person\",\"@id\":\"https:\/\/www.ecinews.fr\/fr\/#\/schema\/person\/0aa2cfb0bd8949724a68cbac8d8321b4\",\"name\":\"A Delapalisse\",\"image\":{\"@type\":\"ImageObject\",\"inLanguage\":\"fr-FR\",\"@id\":\"https:\/\/www.ecinews.fr\/fr\/#\/schema\/person\/image\/211ac42237c2e9683c0964086c393cb4\",\"url\":\"https:\/\/secure.gravatar.com\/avatar\/ad45a8c5da24bc9c7c4940dd1c48a695?s=96&d=mm&r=g\",\"contentUrl\":\"https:\/\/secure.gravatar.com\/avatar\/ad45a8c5da24bc9c7c4940dd1c48a695?s=96&d=mm&r=g\",\"caption\":\"A Delapalisse\"},\"sameAs\":[\"http:\/\/ECI\"]}]}<\/script>","yoast_head_json":{"title":"imec donne des details sur son processeur flexible 6502 en plas...","description":"imec a donn\u00e9 plus de d\u00e9tails sur le processeur plastique 8 bits 6502 d\u00e9velopp\u00e9 avec la fonderie PragmatIC et l'universit\u00e9 KU Leuven.","robots":{"index":"index","follow":"follow","max-snippet":"max-snippet:-1","max-image-preview":"max-image-preview:large","max-video-preview":"max-video-preview:-1"},"canonical":"https:\/\/www.ecinews.fr\/fr\/wp-json\/wp\/v2\/posts\/274774\/","og_locale":"fr_FR","og_type":"article","og_title":"imec donne des details sur son processeur flexible 6502 en plastique","og_description":"imec a donn\u00e9 plus de d\u00e9tails sur le processeur plastique 8 bits 6502 d\u00e9velopp\u00e9 avec la fonderie PragmatIC et l'universit\u00e9 KU Leuven.","og_url":"https:\/\/www.ecinews.fr\/fr\/wp-json\/wp\/v2\/posts\/274774\/","og_site_name":"EENewsEurope","article_published_time":"2022-02-23T20:21:32+00:00","og_image":[{"width":1080,"height":659,"url":"https:\/\/www.ecinews.fr\/wp-content\/uploads\/2022\/02\/flexible-microprocessor-2euro-scaled.jpg","type":"image\/jpeg"}],"author":"A Delapalisse","twitter_card":"summary_large_image","twitter_misc":{"Written by":"A Delapalisse","Est. reading time":"3 minutes"},"schema":{"@context":"https:\/\/schema.org","@graph":[{"@type":"Article","@id":"https:\/\/www.ecinews.fr\/fr\/imec-montre-processeur-6502-plastique-flexible\/#article","isPartOf":{"@id":"https:\/\/www.ecinews.fr\/fr\/imec-montre-processeur-6502-plastique-flexible\/"},"author":{"name":"A Delapalisse","@id":"https:\/\/www.ecinews.fr\/fr\/#\/schema\/person\/0aa2cfb0bd8949724a68cbac8d8321b4"},"headline":"imec donne des details sur son processeur flexible 6502 en plastique","datePublished":"2022-02-23T20:21:32+00:00","dateModified":"2022-02-23T20:21:32+00:00","mainEntityOfPage":{"@id":"https:\/\/www.ecinews.fr\/fr\/imec-montre-processeur-6502-plastique-flexible\/"},"wordCount":818,"publisher":{"@id":"https:\/\/www.ecinews.fr\/fr\/#organization"},"keywords":["MPUs\/MCUs"],"articleSection":["Technologies"],"inLanguage":"fr-FR"},{"@type":"WebPage","@id":"https:\/\/www.ecinews.fr\/fr\/imec-montre-processeur-6502-plastique-flexible\/","url":"https:\/\/www.ecinews.fr\/fr\/imec-montre-processeur-6502-plastique-flexible\/","name":"imec donne des details sur son processeur flexible 6502 en plastique -","isPartOf":{"@id":"https:\/\/www.ecinews.fr\/fr\/#website"},"datePublished":"2022-02-23T20:21:32+00:00","dateModified":"2022-02-23T20:21:32+00:00","description":"imec a donn\u00e9 plus de d\u00e9tails sur le processeur plastique 8 bits 6502 d\u00e9velopp\u00e9 avec la fonderie PragmatIC et l'universit\u00e9 KU Leuven.","breadcrumb":{"@id":"https:\/\/www.ecinews.fr\/fr\/imec-montre-processeur-6502-plastique-flexible\/#breadcrumb"},"inLanguage":"fr-FR","potentialAction":[{"@type":"ReadAction","target":["https:\/\/www.ecinews.fr\/fr\/imec-montre-processeur-6502-plastique-flexible\/"]}]},{"@type":"BreadcrumbList","@id":"https:\/\/www.ecinews.fr\/fr\/imec-montre-processeur-6502-plastique-flexible\/#breadcrumb","itemListElement":[{"@type":"ListItem","position":1,"name":"Home","item":"https:\/\/www.ecinews.fr\/fr\/"},{"@type":"ListItem","position":2,"name":"imec donne des details sur son processeur flexible 6502 en plastique"}]},{"@type":"WebSite","@id":"https:\/\/www.ecinews.fr\/fr\/#website","url":"https:\/\/www.ecinews.fr\/fr\/","name":"EENewsEurope","description":"Just another WordPress site","publisher":{"@id":"https:\/\/www.ecinews.fr\/fr\/#organization"},"potentialAction":[{"@type":"SearchAction","target":{"@type":"EntryPoint","urlTemplate":"https:\/\/www.ecinews.fr\/fr\/?s={search_term_string}"},"query-input":"required name=search_term_string"}],"inLanguage":"fr-FR"},{"@type":"Organization","@id":"https:\/\/www.ecinews.fr\/fr\/#organization","name":"EENewsEurope","url":"https:\/\/www.ecinews.fr\/fr\/","logo":{"@type":"ImageObject","inLanguage":"fr-FR","@id":"https:\/\/www.ecinews.fr\/fr\/#\/schema\/logo\/image\/","url":"https:\/\/www.ecinews.fr\/wp-content\/uploads\/2022\/02\/logo-1.jpg","contentUrl":"https:\/\/www.ecinews.fr\/wp-content\/uploads\/2022\/02\/logo-1.jpg","width":283,"height":113,"caption":"EENewsEurope"},"image":{"@id":"https:\/\/www.ecinews.fr\/fr\/#\/schema\/logo\/image\/"}},{"@type":"Person","@id":"https:\/\/www.ecinews.fr\/fr\/#\/schema\/person\/0aa2cfb0bd8949724a68cbac8d8321b4","name":"A Delapalisse","image":{"@type":"ImageObject","inLanguage":"fr-FR","@id":"https:\/\/www.ecinews.fr\/fr\/#\/schema\/person\/image\/211ac42237c2e9683c0964086c393cb4","url":"https:\/\/secure.gravatar.com\/avatar\/ad45a8c5da24bc9c7c4940dd1c48a695?s=96&d=mm&r=g","contentUrl":"https:\/\/secure.gravatar.com\/avatar\/ad45a8c5da24bc9c7c4940dd1c48a695?s=96&d=mm&r=g","caption":"A Delapalisse"},"sameAs":["http:\/\/ECI"]}]}},"authors":[{"term_id":1153,"user_id":34,"is_guest":0,"slug":"adelapalisse","display_name":"A Delapalisse","avatar_url":"https:\/\/secure.gravatar.com\/avatar\/ad45a8c5da24bc9c7c4940dd1c48a695?s=96&d=mm&r=g","0":null,"1":"","2":"","3":"","4":"","5":"","6":"","7":"","8":""}],"_links":{"self":[{"href":"https:\/\/www.ecinews.fr\/fr\/wp-json\/wp\/v2\/posts\/274774"}],"collection":[{"href":"https:\/\/www.ecinews.fr\/fr\/wp-json\/wp\/v2\/posts"}],"about":[{"href":"https:\/\/www.ecinews.fr\/fr\/wp-json\/wp\/v2\/types\/post"}],"author":[{"embeddable":true,"href":"https:\/\/www.ecinews.fr\/fr\/wp-json\/wp\/v2\/users\/34"}],"replies":[{"embeddable":true,"href":"https:\/\/www.ecinews.fr\/fr\/wp-json\/wp\/v2\/comments?post=274774"}],"version-history":[{"count":0,"href":"https:\/\/www.ecinews.fr\/fr\/wp-json\/wp\/v2\/posts\/274774\/revisions"}],"wp:featuredmedia":[{"embeddable":true,"href":"https:\/\/www.ecinews.fr\/fr\/wp-json\/wp\/v2\/media\/274224"}],"wp:attachment":[{"href":"https:\/\/www.ecinews.fr\/fr\/wp-json\/wp\/v2\/media?parent=274774"}],"wp:term":[{"taxonomy":"category","embeddable":true,"href":"https:\/\/www.ecinews.fr\/fr\/wp-json\/wp\/v2\/categories?post=274774"},{"taxonomy":"post_tag","embeddable":true,"href":"https:\/\/www.ecinews.fr\/fr\/wp-json\/wp\/v2\/tags?post=274774"},{"taxonomy":"domains","embeddable":true,"href":"https:\/\/www.ecinews.fr\/fr\/wp-json\/wp\/v2\/domains?post=274774"},{"taxonomy":"author","embeddable":true,"href":"https:\/\/www.ecinews.fr\/fr\/wp-json\/wp\/v2\/ppma_author?post=274774"}],"curies":[{"name":"wp","href":"https:\/\/api.w.org\/{rel}","templated":true}]}}