{"id":274019,"date":"2022-02-21T20:09:35","date_gmt":"2022-02-21T19:09:35","guid":{"rendered":"https:\/\/www.eenewseurope.com\/?p=274019"},"modified":"2022-02-21T20:09:35","modified_gmt":"2022-02-21T19:09:35","slug":"lue-saisit-lomc-contre-la-chine","status":"publish","type":"post","link":"https:\/\/www.ecinews.fr\/fr\/lue-saisit-lomc-contre-la-chine\/","title":{"rendered":"L\u2019UE saisit l\u2019OMC contre la Chine"},"content":{"rendered":"<p><strong>Bruxelles accuse P\u00e9kin de freiner les recours en justice des entreprises europ\u00e9ennes dont les brevets, \u00a0sont utilis\u00e9s de fa\u00e7on ill\u00e9gale par les firmes chinoises, notamment dans les t\u00e9l\u00e9coms.<\/strong><\/p>\n<p>La Commission europ\u00e9enne, a annonc\u00e9 dans un communiqu\u00e9, avoir saisi l\u2019Organisation mondiale du commerce contre P\u00e9kin. L\u2019UE reproche \u00e0 P\u00e9kin d\u2019emp\u00eacher des entreprises europ\u00e9ennes \u00ab<em>d\u00e9tenant des droits sur des technologies cruciales, comme la 5G<\/em>\u00bb d\u2019avoir recours \u00e0 la justice hors de Chine, \u00ab\u00a0<em>lorsque leurs brevets sont utilis\u00e9s de mani\u00e8re ill\u00e9gale ou sans compensation appropri\u00e9e, notamment par les fabricants chinois de smartphones<\/em>\u00bb comme entre autres les g\u00e9ants mondiaux du secteur que sont Huawei, ZTE et Oppo. Bruxelles explique que\u00a0: \u00ab<em>les brevets concern\u00e9s sont essentiels aux technologies de pointe pour la fabrication de produits r\u00e9pondant \u00e0 certaines normes techniques internationales<\/em>\u00bb, notamment des smartphones,<\/p>\n<p>Depuis ao\u00fbt 2020, \u00e0 la suite d\u2019une d\u00e9cision de la Cour populaire supr\u00eame chinoise, les tribunaux du pays peuvent interdire aux titulaires de brevets de s\u2019adresser \u00e0 un tribunal non chinois pour faire valoir leurs droits par une \u00abinjonction contre des poursuites\u00bb dans un \u00c9tat tiers. Toute violation de cette injonction peut \u00eatre sanctionn\u00e9e d\u2019une amende journali\u00e8re de 130 000 euros selon l\u2019UE.\u00a0<\/p>\n<p>Les engagements des titulaires de brevets<\/p>\n<p>Les titulaires de ces brevets jug\u00e9s indispensables au respect de ces normes universelles \u00abs\u2019engagent \u00e0 les conc\u00e9der aux fabricants \u00e0 des conditions \u00e9quitables, raisonnables et non discriminatoires\u00bb, mais un fabricant de t\u00e9l\u00e9phones mobiles reste tenu d\u2019obtenir une licence pour ces brevets, en n\u00e9gociation avec leur titulaire, rappellent les Europ\u00e9ens. Or, les fabricants chinois de smartphones ont tir\u00e9 profit de ces injonctions pour r\u00e9duire de moiti\u00e9 les frais qu\u2019ils acquittent pour ces brevets occidentaux, estiment des sources europ\u00e9ennes.<\/p>\n<p>Certains en profitent<\/p>\n<p>Des groupes autres que chinois s\u2019engouffrent dans la br\u00e8che: le g\u00e9ant sud-cor\u00e9en Samsung a ainsi saisi un tribunal chinois en vue de bloquer un litige autour des brevets de son rival Ericsson devant les juridictions d\u2019autres pays, dont l\u2019Allemagne. Cette politique de P\u00e9kin est \u00ab<em>extr\u00eamement pr\u00e9judiciable \u00e0 l\u2019innovation et \u00e0 la croissance en Europe<\/em>\u00bb, car elle emp\u00eache les entreprises de pointe de l\u2019UE de profiter de l\u2019avantage concurrentiel que leur octroient leurs brevets et d\u00e9plore l\u2019UE \u00ab<em>les pousse \u00e0 accepter des droits de licence inf\u00e9rieurs aux prix du march\u00e9<\/em>\u00bb,.<\/p>\n<p>Le vice-pr\u00e9sident de la Commission Europ\u00e9enne, <strong>Valdis Dombrovskis<\/strong> insiste : \u00abLes entreprises ont le droit de demander justice dans des conditions \u00e9quitables lorsque leur technologie est utilis\u00e9e ill\u00e9galement\u00bb. Cette nouvelle proc\u00e9dure intervient alors que l\u2019UE est d\u00e9j\u00e0 engag\u00e9e dans un bras de fer \u00e0 l\u2019OMC avec P\u00e9kin, accus\u00e9 \u00e9galement de bloquer des importations lituaniennes sur fond de tensions diplomatiques au sujet de Ta\u00efwan.\u00a0<\/p>\n<p>Apr\u00e8s 20 ans d\u2019adh\u00e9sion \u00e0 l\u2019OMC, \u00c9tats-Unis et Europ\u00e9ens accusent r\u00e9guli\u00e8rement la Chine de contourner les r\u00e8gles de l\u2019institution pour prot\u00e9ger ses entreprises, en contr\u00f4lant strictement l\u2019acc\u00e8s de son march\u00e9 aux groupes \u00e9trangers et en amplifiant la domination par l\u2019\u00c9tat de pans entiers de son \u00e9conomie. Des critiques jug\u00e9es \u00absans fondement\u00bb par P\u00e9kin.<\/p>\n<p>Les \u00abconsultations\u00bb demand\u00e9es par l\u2019UE constituent la premi\u00e8re \u00e9tape de la proc\u00e9dure de r\u00e8glement des diff\u00e9rends dans le cadre de l\u2019OMC. En cas d\u2019\u00e9chec de ces consultations dans les 60 jours, l\u2019UE pourra demander la constitution d\u2019un groupe charg\u00e9 de statuer sur la question.<\/p>\n<p><a href=\"https:\/\/www.wto.org\/french\/res_f\/doload_f\/inbr_f.pdf\">Organisation Mondiale du Commerce<\/a><\/p>\n<p>&nbsp;<\/p>\n<p>&nbsp;<\/p>\n","protected":false},"excerpt":{"rendered":"<p>Bruxelles accuse P\u00e9kin de freiner les recours en justice des entreprises europ\u00e9ennes dont les brevets, \u00a0sont utilis\u00e9s de fa\u00e7on ill\u00e9gale par les firmes chinoises, notamment dans les t\u00e9l\u00e9coms. La Commission europ\u00e9enne, a annonc\u00e9 dans un communiqu\u00e9, avoir saisi l\u2019Organisation mondiale du commerce contre P\u00e9kin. L\u2019UE reproche \u00e0 P\u00e9kin d\u2019emp\u00eacher des entreprises europ\u00e9ennes \u00abd\u00e9tenant des droits [&hellip;]<\/p>\n","protected":false},"author":11,"featured_media":274024,"comment_status":"closed","ping_status":"closed","sticky":false,"template":"","format":"standard","meta":{"_acf_changed":false,"footnotes":""},"categories":[886],"tags":[1101,1102],"domains":[47],"ppma_author":[1143],"class_list":["post-274019","post","type-post","status-publish","format-standard","has-post-thumbnail","hentry","category-news-fr","tag-omc","tag-ue","domains-electronique-eci"],"acf":[],"yoast_head":"<title>L\u2019UE saisit l\u2019OMC contre la Chine ...<\/title>\n<meta name=\"description\" content=\"Bruxelles accuse P\u00e9kin de freiner les recours en justice des entreprises europ\u00e9ennes dont les brevets, \u00a0sont utilis\u00e9s de fa\u00e7on ill\u00e9gale par les firmes...\" \/>\n<meta name=\"robots\" content=\"index, follow, max-snippet:-1, max-image-preview:large, max-video-preview:-1\" \/>\n<link rel=\"canonical\" href=\"https:\/\/www.ecinews.fr\/fr\/wp-json\/wp\/v2\/posts\/274019\/\" \/>\n<meta property=\"og:locale\" content=\"fr_FR\" \/>\n<meta property=\"og:type\" content=\"article\" \/>\n<meta property=\"og:title\" content=\"L\u2019UE saisit l\u2019OMC contre la Chine\" \/>\n<meta property=\"og:description\" content=\"Bruxelles accuse P\u00e9kin de freiner les recours en justice des entreprises europ\u00e9ennes dont les brevets, \u00a0sont utilis\u00e9s de fa\u00e7on ill\u00e9gale par les firmes chinoises, notamment dans les t\u00e9l\u00e9coms. La Commission europ\u00e9enne, a annonc\u00e9 dans un communiqu\u00e9, avoir saisi l\u2019Organisation mondiale du commerce contre P\u00e9kin. L\u2019UE reproche \u00e0 P\u00e9kin d\u2019emp\u00eacher des entreprises europ\u00e9ennes \u00abd\u00e9tenant des droits [&hellip;]\" \/>\n<meta property=\"og:url\" content=\"https:\/\/www.ecinews.fr\/fr\/wp-json\/wp\/v2\/posts\/274019\/\" \/>\n<meta property=\"og:site_name\" content=\"EENewsEurope\" \/>\n<meta property=\"article:published_time\" content=\"2022-02-21T19:09:35+00:00\" \/>\n<meta property=\"og:image\" content=\"https:\/\/www.ecinews.fr\/wp-content\/uploads\/2022\/02\/logo-OMC-1.jpg\" \/>\n\t<meta property=\"og:image:width\" content=\"350\" \/>\n\t<meta property=\"og:image:height\" content=\"105\" \/>\n\t<meta property=\"og:image:type\" content=\"image\/jpeg\" \/>\n<meta name=\"author\" content=\"Daniel Cardon\" \/>\n<meta name=\"twitter:card\" content=\"summary_large_image\" \/>\n<meta name=\"twitter:label1\" content=\"Written by\" \/>\n\t<meta name=\"twitter:data1\" content=\"Daniel Cardon\" \/>\n\t<meta name=\"twitter:label2\" content=\"Est. reading time\" \/>\n\t<meta name=\"twitter:data2\" content=\"3 minutes\" \/>\n<script type=\"application\/ld+json\" class=\"yoast-schema-graph\">{\"@context\":\"https:\/\/schema.org\",\"@graph\":[{\"@type\":\"Article\",\"@id\":\"https:\/\/www.ecinews.fr\/fr\/lue-saisit-lomc-contre-la-chine\/#article\",\"isPartOf\":{\"@id\":\"https:\/\/www.ecinews.fr\/fr\/lue-saisit-lomc-contre-la-chine\/\"},\"author\":{\"name\":\"Daniel Cardon\",\"@id\":\"https:\/\/www.eenewseurope.com\/en\/#\/schema\/person\/93c44cde463762f40a8236eaa44c1c17\"},\"headline\":\"L\u2019UE saisit l\u2019OMC contre la Chine\",\"datePublished\":\"2022-02-21T19:09:35+00:00\",\"dateModified\":\"2022-02-21T19:09:35+00:00\",\"mainEntityOfPage\":{\"@id\":\"https:\/\/www.ecinews.fr\/fr\/lue-saisit-lomc-contre-la-chine\/\"},\"wordCount\":620,\"publisher\":{\"@id\":\"https:\/\/www.eenewseurope.com\/en\/#organization\"},\"keywords\":[\"omc\",\"ue\"],\"articleSection\":[\"Actualit\u00e9 g\u00e9n\u00e9rale\"],\"inLanguage\":\"fr-FR\"},{\"@type\":\"WebPage\",\"@id\":\"https:\/\/www.ecinews.fr\/fr\/lue-saisit-lomc-contre-la-chine\/\",\"url\":\"https:\/\/www.ecinews.fr\/fr\/lue-saisit-lomc-contre-la-chine\/\",\"name\":\"L\u2019UE saisit l\u2019OMC contre la Chine -\",\"isPartOf\":{\"@id\":\"https:\/\/www.eenewseurope.com\/en\/#website\"},\"datePublished\":\"2022-02-21T19:09:35+00:00\",\"dateModified\":\"2022-02-21T19:09:35+00:00\",\"breadcrumb\":{\"@id\":\"https:\/\/www.ecinews.fr\/fr\/lue-saisit-lomc-contre-la-chine\/#breadcrumb\"},\"inLanguage\":\"fr-FR\",\"potentialAction\":[{\"@type\":\"ReadAction\",\"target\":[\"https:\/\/www.ecinews.fr\/fr\/lue-saisit-lomc-contre-la-chine\/\"]}]},{\"@type\":\"BreadcrumbList\",\"@id\":\"https:\/\/www.ecinews.fr\/fr\/lue-saisit-lomc-contre-la-chine\/#breadcrumb\",\"itemListElement\":[{\"@type\":\"ListItem\",\"position\":1,\"name\":\"Home\",\"item\":\"https:\/\/www.ecinews.fr\/fr\/\"},{\"@type\":\"ListItem\",\"position\":2,\"name\":\"L\u2019UE saisit l\u2019OMC contre la Chine\"}]},{\"@type\":\"WebSite\",\"@id\":\"https:\/\/www.eenewseurope.com\/en\/#website\",\"url\":\"https:\/\/www.eenewseurope.com\/en\/\",\"name\":\"EENewsEurope\",\"description\":\"Just another WordPress site\",\"publisher\":{\"@id\":\"https:\/\/www.eenewseurope.com\/en\/#organization\"},\"potentialAction\":[{\"@type\":\"SearchAction\",\"target\":{\"@type\":\"EntryPoint\",\"urlTemplate\":\"https:\/\/www.eenewseurope.com\/en\/?s={search_term_string}\"},\"query-input\":\"required name=search_term_string\"}],\"inLanguage\":\"fr-FR\"},{\"@type\":\"Organization\",\"@id\":\"https:\/\/www.eenewseurope.com\/en\/#organization\",\"name\":\"EENewsEurope\",\"url\":\"https:\/\/www.eenewseurope.com\/en\/\",\"logo\":{\"@type\":\"ImageObject\",\"inLanguage\":\"fr-FR\",\"@id\":\"https:\/\/www.eenewseurope.com\/en\/#\/schema\/logo\/image\/\",\"url\":\"https:\/\/www.ecinews.fr\/wp-content\/uploads\/2022\/02\/logo-1.jpg\",\"contentUrl\":\"https:\/\/www.ecinews.fr\/wp-content\/uploads\/2022\/02\/logo-1.jpg\",\"width\":283,\"height\":113,\"caption\":\"EENewsEurope\"},\"image\":{\"@id\":\"https:\/\/www.eenewseurope.com\/en\/#\/schema\/logo\/image\/\"}},{\"@type\":\"Person\",\"@id\":\"https:\/\/www.eenewseurope.com\/en\/#\/schema\/person\/93c44cde463762f40a8236eaa44c1c17\",\"name\":\"Daniel Cardon\",\"image\":{\"@type\":\"ImageObject\",\"inLanguage\":\"fr-FR\",\"@id\":\"https:\/\/www.eenewseurope.com\/en\/#\/schema\/person\/image\/2b243f6bcc1cff7d86aadfb2cd0bd870\",\"url\":\"https:\/\/secure.gravatar.com\/avatar\/de9edc136dfc061ad4778e04635baefa?s=96&d=mm&r=g\",\"contentUrl\":\"https:\/\/secure.gravatar.com\/avatar\/de9edc136dfc061ad4778e04635baefa?s=96&d=mm&r=g\",\"caption\":\"Daniel Cardon\"}}]}<\/script>","yoast_head_json":{"title":"L\u2019UE saisit l\u2019OMC contre la Chine ...","description":"Bruxelles accuse P\u00e9kin de freiner les recours en justice des entreprises europ\u00e9ennes dont les brevets, \u00a0sont utilis\u00e9s de fa\u00e7on ill\u00e9gale par les firmes...","robots":{"index":"index","follow":"follow","max-snippet":"max-snippet:-1","max-image-preview":"max-image-preview:large","max-video-preview":"max-video-preview:-1"},"canonical":"https:\/\/www.ecinews.fr\/fr\/wp-json\/wp\/v2\/posts\/274019\/","og_locale":"fr_FR","og_type":"article","og_title":"L\u2019UE saisit l\u2019OMC contre la Chine","og_description":"Bruxelles accuse P\u00e9kin de freiner les recours en justice des entreprises europ\u00e9ennes dont les brevets, \u00a0sont utilis\u00e9s de fa\u00e7on ill\u00e9gale par les firmes chinoises, notamment dans les t\u00e9l\u00e9coms. La Commission europ\u00e9enne, a annonc\u00e9 dans un communiqu\u00e9, avoir saisi l\u2019Organisation mondiale du commerce contre P\u00e9kin. L\u2019UE reproche \u00e0 P\u00e9kin d\u2019emp\u00eacher des entreprises europ\u00e9ennes \u00abd\u00e9tenant des droits [&hellip;]","og_url":"https:\/\/www.ecinews.fr\/fr\/wp-json\/wp\/v2\/posts\/274019\/","og_site_name":"EENewsEurope","article_published_time":"2022-02-21T19:09:35+00:00","og_image":[{"width":350,"height":105,"url":"https:\/\/www.ecinews.fr\/wp-content\/uploads\/2022\/02\/logo-OMC-1.jpg","type":"image\/jpeg"}],"author":"Daniel Cardon","twitter_card":"summary_large_image","twitter_misc":{"Written by":"Daniel Cardon","Est. reading time":"3 minutes"},"schema":{"@context":"https:\/\/schema.org","@graph":[{"@type":"Article","@id":"https:\/\/www.ecinews.fr\/fr\/lue-saisit-lomc-contre-la-chine\/#article","isPartOf":{"@id":"https:\/\/www.ecinews.fr\/fr\/lue-saisit-lomc-contre-la-chine\/"},"author":{"name":"Daniel Cardon","@id":"https:\/\/www.eenewseurope.com\/en\/#\/schema\/person\/93c44cde463762f40a8236eaa44c1c17"},"headline":"L\u2019UE saisit l\u2019OMC contre la Chine","datePublished":"2022-02-21T19:09:35+00:00","dateModified":"2022-02-21T19:09:35+00:00","mainEntityOfPage":{"@id":"https:\/\/www.ecinews.fr\/fr\/lue-saisit-lomc-contre-la-chine\/"},"wordCount":620,"publisher":{"@id":"https:\/\/www.eenewseurope.com\/en\/#organization"},"keywords":["omc","ue"],"articleSection":["Actualit\u00e9 g\u00e9n\u00e9rale"],"inLanguage":"fr-FR"},{"@type":"WebPage","@id":"https:\/\/www.ecinews.fr\/fr\/lue-saisit-lomc-contre-la-chine\/","url":"https:\/\/www.ecinews.fr\/fr\/lue-saisit-lomc-contre-la-chine\/","name":"L\u2019UE saisit l\u2019OMC contre la Chine -","isPartOf":{"@id":"https:\/\/www.eenewseurope.com\/en\/#website"},"datePublished":"2022-02-21T19:09:35+00:00","dateModified":"2022-02-21T19:09:35+00:00","breadcrumb":{"@id":"https:\/\/www.ecinews.fr\/fr\/lue-saisit-lomc-contre-la-chine\/#breadcrumb"},"inLanguage":"fr-FR","potentialAction":[{"@type":"ReadAction","target":["https:\/\/www.ecinews.fr\/fr\/lue-saisit-lomc-contre-la-chine\/"]}]},{"@type":"BreadcrumbList","@id":"https:\/\/www.ecinews.fr\/fr\/lue-saisit-lomc-contre-la-chine\/#breadcrumb","itemListElement":[{"@type":"ListItem","position":1,"name":"Home","item":"https:\/\/www.ecinews.fr\/fr\/"},{"@type":"ListItem","position":2,"name":"L\u2019UE saisit l\u2019OMC contre la Chine"}]},{"@type":"WebSite","@id":"https:\/\/www.eenewseurope.com\/en\/#website","url":"https:\/\/www.eenewseurope.com\/en\/","name":"EENewsEurope","description":"Just another WordPress site","publisher":{"@id":"https:\/\/www.eenewseurope.com\/en\/#organization"},"potentialAction":[{"@type":"SearchAction","target":{"@type":"EntryPoint","urlTemplate":"https:\/\/www.eenewseurope.com\/en\/?s={search_term_string}"},"query-input":"required name=search_term_string"}],"inLanguage":"fr-FR"},{"@type":"Organization","@id":"https:\/\/www.eenewseurope.com\/en\/#organization","name":"EENewsEurope","url":"https:\/\/www.eenewseurope.com\/en\/","logo":{"@type":"ImageObject","inLanguage":"fr-FR","@id":"https:\/\/www.eenewseurope.com\/en\/#\/schema\/logo\/image\/","url":"https:\/\/www.ecinews.fr\/wp-content\/uploads\/2022\/02\/logo-1.jpg","contentUrl":"https:\/\/www.ecinews.fr\/wp-content\/uploads\/2022\/02\/logo-1.jpg","width":283,"height":113,"caption":"EENewsEurope"},"image":{"@id":"https:\/\/www.eenewseurope.com\/en\/#\/schema\/logo\/image\/"}},{"@type":"Person","@id":"https:\/\/www.eenewseurope.com\/en\/#\/schema\/person\/93c44cde463762f40a8236eaa44c1c17","name":"Daniel Cardon","image":{"@type":"ImageObject","inLanguage":"fr-FR","@id":"https:\/\/www.eenewseurope.com\/en\/#\/schema\/person\/image\/2b243f6bcc1cff7d86aadfb2cd0bd870","url":"https:\/\/secure.gravatar.com\/avatar\/de9edc136dfc061ad4778e04635baefa?s=96&d=mm&r=g","contentUrl":"https:\/\/secure.gravatar.com\/avatar\/de9edc136dfc061ad4778e04635baefa?s=96&d=mm&r=g","caption":"Daniel Cardon"}}]}},"authors":[{"term_id":1143,"user_id":11,"is_guest":0,"slug":"danielcardon","display_name":"Daniel Cardon","avatar_url":"https:\/\/secure.gravatar.com\/avatar\/de9edc136dfc061ad4778e04635baefa?s=96&d=mm&r=g","0":null,"1":"","2":"","3":"","4":"","5":"","6":"","7":"","8":""}],"_links":{"self":[{"href":"https:\/\/www.ecinews.fr\/fr\/wp-json\/wp\/v2\/posts\/274019"}],"collection":[{"href":"https:\/\/www.ecinews.fr\/fr\/wp-json\/wp\/v2\/posts"}],"about":[{"href":"https:\/\/www.ecinews.fr\/fr\/wp-json\/wp\/v2\/types\/post"}],"author":[{"embeddable":true,"href":"https:\/\/www.ecinews.fr\/fr\/wp-json\/wp\/v2\/users\/11"}],"replies":[{"embeddable":true,"href":"https:\/\/www.ecinews.fr\/fr\/wp-json\/wp\/v2\/comments?post=274019"}],"version-history":[{"count":0,"href":"https:\/\/www.ecinews.fr\/fr\/wp-json\/wp\/v2\/posts\/274019\/revisions"}],"wp:featuredmedia":[{"embeddable":true,"href":"https:\/\/www.ecinews.fr\/fr\/wp-json\/wp\/v2\/media\/274024"}],"wp:attachment":[{"href":"https:\/\/www.ecinews.fr\/fr\/wp-json\/wp\/v2\/media?parent=274019"}],"wp:term":[{"taxonomy":"category","embeddable":true,"href":"https:\/\/www.ecinews.fr\/fr\/wp-json\/wp\/v2\/categories?post=274019"},{"taxonomy":"post_tag","embeddable":true,"href":"https:\/\/www.ecinews.fr\/fr\/wp-json\/wp\/v2\/tags?post=274019"},{"taxonomy":"domains","embeddable":true,"href":"https:\/\/www.ecinews.fr\/fr\/wp-json\/wp\/v2\/domains?post=274019"},{"taxonomy":"author","embeddable":true,"href":"https:\/\/www.ecinews.fr\/fr\/wp-json\/wp\/v2\/ppma_author?post=274019"}],"curies":[{"name":"wp","href":"https:\/\/api.w.org\/{rel}","templated":true}]}}