{"id":273782,"date":"2022-02-18T10:16:32","date_gmt":"2022-02-18T09:16:32","guid":{"rendered":"https:\/\/www.eenewseurope.com\/?p=273782"},"modified":"2022-02-18T10:16:32","modified_gmt":"2022-02-18T09:16:32","slug":"abb-decroche-une-commande-de-30-m-pour-une-technologie-dimagerie-par-satellite","status":"publish","type":"post","link":"https:\/\/www.ecinews.fr\/fr\/abb-decroche-une-commande-de-30-m-pour-une-technologie-dimagerie-par-satellite\/","title":{"rendered":"ABB d\u00e9croche une commande de 30 M$ pour une technologie d\u2019imagerie par satellite"},"content":{"rendered":"<p>ABB a obtenu un contrat d\u2019environ 30 millions de dollars de la soci\u00e9t\u00e9 canadienne de donn\u00e9es et d\u2019analyse EarthDaily Analytics Corp. (EDA) pour d\u00e9velopper et fabriquer des syst\u00e8mes d\u2019imagerie multispectrale de nouvelle g\u00e9n\u00e9ration qui seront install\u00e9s sur dix satellites (dont un de rechange) qui feront le tour de la Terre afin de d\u00e9tecter les changements environnementaux en temps quasi r\u00e9el. Les syst\u00e8mes d\u2019imagerie multispectrale capturent des donn\u00e9es \u00e0 des fr\u00e9quences lumineuses particuli\u00e8res sur un large spectre. Le r\u00e9seau de satellites EarthDaily Constellation sera en mesure de fournir des images de haute qualit\u00e9 dans 22 bandes spectrales avec une r\u00e9solution allant jusqu\u2019\u00e0 cinq m\u00e8tres. \u00ab Nous sommes fiers de collaborer avec ABB au d\u00e9veloppement du syst\u00e8me r\u00e9volutionnaire EarthDaily Constellation, qui fournira une couverture mondiale quotidienne sans pr\u00e9c\u00e9dent de la Terre avec une qualit\u00e9 d\u2019image scientifique de niveau sup\u00e9rieur. Les syst\u00e8mes actuels d\u2019observation de la Terre par satellite fournissent soit des images de haute qualit\u00e9 avec une faible couverture, soit des images de faible qualit\u00e9 avec une couverture \u00e9lev\u00e9e. Le syst\u00e8me EarthDaily Constellation offre une qualit\u00e9 d\u2019image \u00e9lev\u00e9e et une riche diversit\u00e9 de bandes spectrales, ainsi qu\u2019une couverture mondiale quotidienne, ce qui n\u2019a jamais \u00e9t\u00e9 disponible auparavant. La longue s\u00e9rie de succ\u00e8s d\u2019ABB \u00e0 l\u2019avant-garde des domaines des capteurs spatiaux et de l\u2019observation de la Terre nous fait b\u00e9n\u00e9ficier non seulement de la meilleure technologie de sa cat\u00e9gorie, mais aussi de la confiance qui d\u00e9coule d\u2019une collaboration \u00e9troite avec une entreprise technologique de premier plan. \u00bb a d\u00e9clar\u00e9 Don Osborne, chef de la direction d\u2019EarthDaily Analytics.<\/p>\n<p>Une fois d\u00e9ploy\u00e9e sur le r\u00e9seau de satellites, la technologie d\u2019ABB capturera en continu des images des masses terrestres et des grandes zones maritimes de la plan\u00e8te pendant que les satellites tournent autour de la Terre. Le syst\u00e8me d\u2019analyse bas\u00e9 sur l\u2019intelligence artificielle d\u2019EDA traitera ensuite les donn\u00e9es recueillies \u00e0 partir de ces images en fonction des changements enregistr\u00e9s et g\u00e9n\u00e9rera des renseignements exploitables, notamment sur l\u2019\u00e9tat des \u00e9cosyst\u00e8mes de la Terre, ainsi que sur la progression des changements climatiques et leur incidence. En plus de fournir des renseignements sur les changements climatiques, ces mesures pourraient aider les scientifiques \u00e0 relever certains des plus grands d\u00e9fis mondiaux, depuis la surveillance de la sant\u00e9 des cultures jusqu\u2019aux pr\u00e9dictions des trajectoires des feux de for\u00eat. Les donn\u00e9es recueillies fournissent des renseignements pr\u00e9cieux qui permettent de soutenir davantage les mesures de protection de l\u2019environnement, dont la conservation et la gestion durable des ressources.<\/p>\n<p>\u00ab ABB est fi\u00e8re de participer au projet EarthDaily Constellation, qui vise \u00e0 am\u00e9liorer la compr\u00e9hension des changements naturels et anthropiques sur Terre, a d\u00e9clar\u00e9 Jacques Mulbert, pr\u00e9sident de la division Mesure et analyse d\u2019ABB. Notre technologie d\u2019imagerie multispectrale de pointe est le fruit de notre riche expertise en mati\u00e8re de solutions d\u2019analyse industrielle et de plus de deux d\u00e9cennies d\u2019exp\u00e9rience dans les programmes spatiaux. L\u2019attribution de ce contrat \u00e0 ABB t\u00e9moigne de la comp\u00e9titivit\u00e9 de notre offre dans le secteur spatial priv\u00e9, qui conna\u00eet une \u00e9volution rapide. Nous sommes convaincus que ce projet sera essentiel pour garantir aux industries de divers domaines de prendre les meilleures d\u00e9cisions possibles pour leurs activit\u00e9s et d\u2019atteindre leurs objectifs de durabilit\u00e9. \u00bb<\/p>\n<p>Dans le cadre de ce projet, ABB collaborera avec le sp\u00e9cialiste des solutions informatiques pour l\u2019espace Xiphos Systems Corporation sur les composantes \u00e9lectroniques de traitement de donn\u00e9es hautes performances en vol, ainsi qu\u2019avec Loft Orbital, le fournisseur de services d\u2019infrastructure spatiale du syst\u00e8me EarthDaily Constellation.<\/p>\n<p><a href=\"http:\/\/x38up.mjt.lu\/lnk\/AMsAAMELIhQAAAAAAAAAAADvF28AAAAANm0AAAAAABBxwgBiDiY7NUEyG-sqT3iMJ9itK6v0OQAQJR4\/3\/DEVKPAsEUVDIWnAwGr2B6w\/aHR0cDovL3d3dy5hYmIuY29tLw\">www.abb.com<\/a><\/p>\n<p>&nbsp;<\/p>\n","protected":false},"excerpt":{"rendered":"<p>ABB a obtenu un contrat d\u2019environ 30 millions de dollars de la soci\u00e9t\u00e9 canadienne de donn\u00e9es et d\u2019analyse EarthDaily Analytics Corp. (EDA) pour d\u00e9velopper et fabriquer des syst\u00e8mes d\u2019imagerie multispectrale de nouvelle g\u00e9n\u00e9ration qui seront install\u00e9s sur dix satellites (dont un de rechange) qui feront le tour de la Terre afin de d\u00e9tecter les changements [&hellip;]<\/p>\n","protected":false},"author":9,"featured_media":273783,"comment_status":"closed","ping_status":"closed","sticky":false,"template":"","format":"standard","meta":{"_acf_changed":false,"footnotes":""},"categories":[886],"tags":[1061],"domains":[47],"ppma_author":[1141],"class_list":["post-273782","post","type-post","status-publish","format-standard","has-post-thumbnail","hentry","category-news-fr","tag-imagerie","domains-electronique-eci"],"acf":[],"yoast_head":"<title>ABB d\u00e9croche une commande de 30 M$ pour une technologie d\u2019im...<\/title>\n<meta name=\"description\" content=\"ABB a obtenu un contrat d\u2019environ 30 millions de dollars de la soci\u00e9t\u00e9 canadienne de donn\u00e9es et d\u2019analyse EarthDaily Analytics Corp. (EDA) pour...\" \/>\n<meta name=\"robots\" content=\"index, follow, max-snippet:-1, max-image-preview:large, max-video-preview:-1\" \/>\n<link rel=\"canonical\" href=\"https:\/\/www.ecinews.fr\/fr\/wp-json\/wp\/v2\/posts\/273782\/\" \/>\n<meta property=\"og:locale\" content=\"fr_FR\" \/>\n<meta property=\"og:type\" content=\"article\" \/>\n<meta property=\"og:title\" content=\"ABB d\u00e9croche une commande de 30 M$ pour une technologie d\u2019imagerie par satellite\" \/>\n<meta property=\"og:description\" content=\"ABB a obtenu un contrat d\u2019environ 30 millions de dollars de la soci\u00e9t\u00e9 canadienne de donn\u00e9es et d\u2019analyse EarthDaily Analytics Corp. (EDA) pour d\u00e9velopper et fabriquer des syst\u00e8mes d\u2019imagerie multispectrale de nouvelle g\u00e9n\u00e9ration qui seront install\u00e9s sur dix satellites (dont un de rechange) qui feront le tour de la Terre afin de d\u00e9tecter les changements [&hellip;]\" \/>\n<meta property=\"og:url\" content=\"https:\/\/www.ecinews.fr\/fr\/wp-json\/wp\/v2\/posts\/273782\/\" \/>\n<meta property=\"og:site_name\" content=\"EENewsEurope\" \/>\n<meta property=\"article:published_time\" content=\"2022-02-18T09:16:32+00:00\" \/>\n<meta property=\"og:image\" content=\"https:\/\/www.ecinews.fr\/wp-content\/uploads\/2022\/02\/ECI1048_ABB_actu-scaled.jpg\" \/>\n\t<meta property=\"og:image:width\" content=\"1080\" \/>\n\t<meta property=\"og:image:height\" content=\"607\" \/>\n\t<meta property=\"og:image:type\" content=\"image\/jpeg\" \/>\n<meta name=\"author\" content=\"Alain Dieul\" \/>\n<meta name=\"twitter:card\" content=\"summary_large_image\" \/>\n<meta name=\"twitter:label1\" content=\"Written by\" \/>\n\t<meta name=\"twitter:data1\" content=\"Alain Dieul\" \/>\n\t<meta name=\"twitter:label2\" content=\"Est. reading time\" \/>\n\t<meta name=\"twitter:data2\" content=\"3 minutes\" \/>\n<script type=\"application\/ld+json\" class=\"yoast-schema-graph\">{\"@context\":\"https:\/\/schema.org\",\"@graph\":[{\"@type\":\"Article\",\"@id\":\"https:\/\/www.ecinews.fr\/fr\/abb-decroche-une-commande-de-30-m-pour-une-technologie-dimagerie-par-satellite\/#article\",\"isPartOf\":{\"@id\":\"https:\/\/www.ecinews.fr\/fr\/abb-decroche-une-commande-de-30-m-pour-une-technologie-dimagerie-par-satellite\/\"},\"author\":{\"name\":\"Alain Dieul\",\"@id\":\"https:\/\/www.eenewseurope.com\/en\/#\/schema\/person\/568c789a4794bd460460501ba91f5daf\"},\"headline\":\"ABB d\u00e9croche une commande de 30 M$ pour une technologie d\u2019imagerie par satellite\",\"datePublished\":\"2022-02-18T09:16:32+00:00\",\"dateModified\":\"2022-02-18T09:16:32+00:00\",\"mainEntityOfPage\":{\"@id\":\"https:\/\/www.ecinews.fr\/fr\/abb-decroche-une-commande-de-30-m-pour-une-technologie-dimagerie-par-satellite\/\"},\"wordCount\":668,\"publisher\":{\"@id\":\"https:\/\/www.eenewseurope.com\/en\/#organization\"},\"keywords\":[\"Imagerie\"],\"articleSection\":[\"Actualit\u00e9 g\u00e9n\u00e9rale\"],\"inLanguage\":\"fr-FR\"},{\"@type\":\"WebPage\",\"@id\":\"https:\/\/www.ecinews.fr\/fr\/abb-decroche-une-commande-de-30-m-pour-une-technologie-dimagerie-par-satellite\/\",\"url\":\"https:\/\/www.ecinews.fr\/fr\/abb-decroche-une-commande-de-30-m-pour-une-technologie-dimagerie-par-satellite\/\",\"name\":\"ABB d\u00e9croche une commande de 30 M$ pour une technologie d\u2019imagerie par satellite -\",\"isPartOf\":{\"@id\":\"https:\/\/www.eenewseurope.com\/en\/#website\"},\"datePublished\":\"2022-02-18T09:16:32+00:00\",\"dateModified\":\"2022-02-18T09:16:32+00:00\",\"breadcrumb\":{\"@id\":\"https:\/\/www.ecinews.fr\/fr\/abb-decroche-une-commande-de-30-m-pour-une-technologie-dimagerie-par-satellite\/#breadcrumb\"},\"inLanguage\":\"fr-FR\",\"potentialAction\":[{\"@type\":\"ReadAction\",\"target\":[\"https:\/\/www.ecinews.fr\/fr\/abb-decroche-une-commande-de-30-m-pour-une-technologie-dimagerie-par-satellite\/\"]}]},{\"@type\":\"BreadcrumbList\",\"@id\":\"https:\/\/www.ecinews.fr\/fr\/abb-decroche-une-commande-de-30-m-pour-une-technologie-dimagerie-par-satellite\/#breadcrumb\",\"itemListElement\":[{\"@type\":\"ListItem\",\"position\":1,\"name\":\"Home\",\"item\":\"https:\/\/www.ecinews.fr\/fr\/\"},{\"@type\":\"ListItem\",\"position\":2,\"name\":\"ABB d\u00e9croche une commande de 30 M$ pour une technologie d\u2019imagerie par satellite\"}]},{\"@type\":\"WebSite\",\"@id\":\"https:\/\/www.eenewseurope.com\/en\/#website\",\"url\":\"https:\/\/www.eenewseurope.com\/en\/\",\"name\":\"EENewsEurope\",\"description\":\"Just another WordPress site\",\"publisher\":{\"@id\":\"https:\/\/www.eenewseurope.com\/en\/#organization\"},\"potentialAction\":[{\"@type\":\"SearchAction\",\"target\":{\"@type\":\"EntryPoint\",\"urlTemplate\":\"https:\/\/www.eenewseurope.com\/en\/?s={search_term_string}\"},\"query-input\":\"required name=search_term_string\"}],\"inLanguage\":\"fr-FR\"},{\"@type\":\"Organization\",\"@id\":\"https:\/\/www.eenewseurope.com\/en\/#organization\",\"name\":\"EENewsEurope\",\"url\":\"https:\/\/www.eenewseurope.com\/en\/\",\"logo\":{\"@type\":\"ImageObject\",\"inLanguage\":\"fr-FR\",\"@id\":\"https:\/\/www.eenewseurope.com\/en\/#\/schema\/logo\/image\/\",\"url\":\"https:\/\/www.ecinews.fr\/wp-content\/uploads\/2022\/02\/logo-1.jpg\",\"contentUrl\":\"https:\/\/www.ecinews.fr\/wp-content\/uploads\/2022\/02\/logo-1.jpg\",\"width\":283,\"height\":113,\"caption\":\"EENewsEurope\"},\"image\":{\"@id\":\"https:\/\/www.eenewseurope.com\/en\/#\/schema\/logo\/image\/\"}},{\"@type\":\"Person\",\"@id\":\"https:\/\/www.eenewseurope.com\/en\/#\/schema\/person\/568c789a4794bd460460501ba91f5daf\",\"name\":\"Alain Dieul\",\"image\":{\"@type\":\"ImageObject\",\"inLanguage\":\"fr-FR\",\"@id\":\"https:\/\/www.eenewseurope.com\/en\/#\/schema\/person\/image\/6d32dc651fbcef3b338066625b118364\",\"url\":\"https:\/\/secure.gravatar.com\/avatar\/93708ec89b35deb10f4cfbfe144b4e07?s=96&d=mm&r=g\",\"contentUrl\":\"https:\/\/secure.gravatar.com\/avatar\/93708ec89b35deb10f4cfbfe144b4e07?s=96&d=mm&r=g\",\"caption\":\"Alain Dieul\"}}]}<\/script>","yoast_head_json":{"title":"ABB d\u00e9croche une commande de 30 M$ pour une technologie d\u2019im...","description":"ABB a obtenu un contrat d\u2019environ 30 millions de dollars de la soci\u00e9t\u00e9 canadienne de donn\u00e9es et d\u2019analyse EarthDaily Analytics Corp. (EDA) pour...","robots":{"index":"index","follow":"follow","max-snippet":"max-snippet:-1","max-image-preview":"max-image-preview:large","max-video-preview":"max-video-preview:-1"},"canonical":"https:\/\/www.ecinews.fr\/fr\/wp-json\/wp\/v2\/posts\/273782\/","og_locale":"fr_FR","og_type":"article","og_title":"ABB d\u00e9croche une commande de 30 M$ pour une technologie d\u2019imagerie par satellite","og_description":"ABB a obtenu un contrat d\u2019environ 30 millions de dollars de la soci\u00e9t\u00e9 canadienne de donn\u00e9es et d\u2019analyse EarthDaily Analytics Corp. (EDA) pour d\u00e9velopper et fabriquer des syst\u00e8mes d\u2019imagerie multispectrale de nouvelle g\u00e9n\u00e9ration qui seront install\u00e9s sur dix satellites (dont un de rechange) qui feront le tour de la Terre afin de d\u00e9tecter les changements [&hellip;]","og_url":"https:\/\/www.ecinews.fr\/fr\/wp-json\/wp\/v2\/posts\/273782\/","og_site_name":"EENewsEurope","article_published_time":"2022-02-18T09:16:32+00:00","og_image":[{"width":1080,"height":607,"url":"https:\/\/www.ecinews.fr\/wp-content\/uploads\/2022\/02\/ECI1048_ABB_actu-scaled.jpg","type":"image\/jpeg"}],"author":"Alain Dieul","twitter_card":"summary_large_image","twitter_misc":{"Written by":"Alain Dieul","Est. reading time":"3 minutes"},"schema":{"@context":"https:\/\/schema.org","@graph":[{"@type":"Article","@id":"https:\/\/www.ecinews.fr\/fr\/abb-decroche-une-commande-de-30-m-pour-une-technologie-dimagerie-par-satellite\/#article","isPartOf":{"@id":"https:\/\/www.ecinews.fr\/fr\/abb-decroche-une-commande-de-30-m-pour-une-technologie-dimagerie-par-satellite\/"},"author":{"name":"Alain Dieul","@id":"https:\/\/www.eenewseurope.com\/en\/#\/schema\/person\/568c789a4794bd460460501ba91f5daf"},"headline":"ABB d\u00e9croche une commande de 30 M$ pour une technologie d\u2019imagerie par satellite","datePublished":"2022-02-18T09:16:32+00:00","dateModified":"2022-02-18T09:16:32+00:00","mainEntityOfPage":{"@id":"https:\/\/www.ecinews.fr\/fr\/abb-decroche-une-commande-de-30-m-pour-une-technologie-dimagerie-par-satellite\/"},"wordCount":668,"publisher":{"@id":"https:\/\/www.eenewseurope.com\/en\/#organization"},"keywords":["Imagerie"],"articleSection":["Actualit\u00e9 g\u00e9n\u00e9rale"],"inLanguage":"fr-FR"},{"@type":"WebPage","@id":"https:\/\/www.ecinews.fr\/fr\/abb-decroche-une-commande-de-30-m-pour-une-technologie-dimagerie-par-satellite\/","url":"https:\/\/www.ecinews.fr\/fr\/abb-decroche-une-commande-de-30-m-pour-une-technologie-dimagerie-par-satellite\/","name":"ABB d\u00e9croche une commande de 30 M$ pour une technologie d\u2019imagerie par satellite -","isPartOf":{"@id":"https:\/\/www.eenewseurope.com\/en\/#website"},"datePublished":"2022-02-18T09:16:32+00:00","dateModified":"2022-02-18T09:16:32+00:00","breadcrumb":{"@id":"https:\/\/www.ecinews.fr\/fr\/abb-decroche-une-commande-de-30-m-pour-une-technologie-dimagerie-par-satellite\/#breadcrumb"},"inLanguage":"fr-FR","potentialAction":[{"@type":"ReadAction","target":["https:\/\/www.ecinews.fr\/fr\/abb-decroche-une-commande-de-30-m-pour-une-technologie-dimagerie-par-satellite\/"]}]},{"@type":"BreadcrumbList","@id":"https:\/\/www.ecinews.fr\/fr\/abb-decroche-une-commande-de-30-m-pour-une-technologie-dimagerie-par-satellite\/#breadcrumb","itemListElement":[{"@type":"ListItem","position":1,"name":"Home","item":"https:\/\/www.ecinews.fr\/fr\/"},{"@type":"ListItem","position":2,"name":"ABB d\u00e9croche une commande de 30 M$ pour une technologie d\u2019imagerie par satellite"}]},{"@type":"WebSite","@id":"https:\/\/www.eenewseurope.com\/en\/#website","url":"https:\/\/www.eenewseurope.com\/en\/","name":"EENewsEurope","description":"Just another WordPress site","publisher":{"@id":"https:\/\/www.eenewseurope.com\/en\/#organization"},"potentialAction":[{"@type":"SearchAction","target":{"@type":"EntryPoint","urlTemplate":"https:\/\/www.eenewseurope.com\/en\/?s={search_term_string}"},"query-input":"required name=search_term_string"}],"inLanguage":"fr-FR"},{"@type":"Organization","@id":"https:\/\/www.eenewseurope.com\/en\/#organization","name":"EENewsEurope","url":"https:\/\/www.eenewseurope.com\/en\/","logo":{"@type":"ImageObject","inLanguage":"fr-FR","@id":"https:\/\/www.eenewseurope.com\/en\/#\/schema\/logo\/image\/","url":"https:\/\/www.ecinews.fr\/wp-content\/uploads\/2022\/02\/logo-1.jpg","contentUrl":"https:\/\/www.ecinews.fr\/wp-content\/uploads\/2022\/02\/logo-1.jpg","width":283,"height":113,"caption":"EENewsEurope"},"image":{"@id":"https:\/\/www.eenewseurope.com\/en\/#\/schema\/logo\/image\/"}},{"@type":"Person","@id":"https:\/\/www.eenewseurope.com\/en\/#\/schema\/person\/568c789a4794bd460460501ba91f5daf","name":"Alain Dieul","image":{"@type":"ImageObject","inLanguage":"fr-FR","@id":"https:\/\/www.eenewseurope.com\/en\/#\/schema\/person\/image\/6d32dc651fbcef3b338066625b118364","url":"https:\/\/secure.gravatar.com\/avatar\/93708ec89b35deb10f4cfbfe144b4e07?s=96&d=mm&r=g","contentUrl":"https:\/\/secure.gravatar.com\/avatar\/93708ec89b35deb10f4cfbfe144b4e07?s=96&d=mm&r=g","caption":"Alain Dieul"}}]}},"authors":[{"term_id":1141,"user_id":9,"is_guest":0,"slug":"alaindieul","display_name":"Alain Dieul","avatar_url":"https:\/\/secure.gravatar.com\/avatar\/93708ec89b35deb10f4cfbfe144b4e07?s=96&d=mm&r=g","0":null,"1":"","2":"","3":"","4":"","5":"","6":"","7":"","8":""}],"_links":{"self":[{"href":"https:\/\/www.ecinews.fr\/fr\/wp-json\/wp\/v2\/posts\/273782"}],"collection":[{"href":"https:\/\/www.ecinews.fr\/fr\/wp-json\/wp\/v2\/posts"}],"about":[{"href":"https:\/\/www.ecinews.fr\/fr\/wp-json\/wp\/v2\/types\/post"}],"author":[{"embeddable":true,"href":"https:\/\/www.ecinews.fr\/fr\/wp-json\/wp\/v2\/users\/9"}],"replies":[{"embeddable":true,"href":"https:\/\/www.ecinews.fr\/fr\/wp-json\/wp\/v2\/comments?post=273782"}],"version-history":[{"count":0,"href":"https:\/\/www.ecinews.fr\/fr\/wp-json\/wp\/v2\/posts\/273782\/revisions"}],"wp:featuredmedia":[{"embeddable":true,"href":"https:\/\/www.ecinews.fr\/fr\/wp-json\/wp\/v2\/media\/273783"}],"wp:attachment":[{"href":"https:\/\/www.ecinews.fr\/fr\/wp-json\/wp\/v2\/media?parent=273782"}],"wp:term":[{"taxonomy":"category","embeddable":true,"href":"https:\/\/www.ecinews.fr\/fr\/wp-json\/wp\/v2\/categories?post=273782"},{"taxonomy":"post_tag","embeddable":true,"href":"https:\/\/www.ecinews.fr\/fr\/wp-json\/wp\/v2\/tags?post=273782"},{"taxonomy":"domains","embeddable":true,"href":"https:\/\/www.ecinews.fr\/fr\/wp-json\/wp\/v2\/domains?post=273782"},{"taxonomy":"author","embeddable":true,"href":"https:\/\/www.ecinews.fr\/fr\/wp-json\/wp\/v2\/ppma_author?post=273782"}],"curies":[{"name":"wp","href":"https:\/\/api.w.org\/{rel}","templated":true}]}}