{"id":273773,"date":"2022-02-18T10:06:04","date_gmt":"2022-02-18T09:06:04","guid":{"rendered":"https:\/\/www.eenewseurope.com\/?p=273773"},"modified":"2022-02-18T10:06:04","modified_gmt":"2022-02-18T09:06:04","slug":"surete-fonctionnelle-automobile-accord-avl-renesas","status":"publish","type":"post","link":"https:\/\/www.ecinews.fr\/fr\/surete-fonctionnelle-automobile-accord-avl-renesas\/","title":{"rendered":"S\u00fbret\u00e9 fonctionnelle automobile :  accord AVL Renesas"},"content":{"rendered":"<p>Renesas Electronics et\u00a0<a href=\"http:\/\/www.avl.com\/\">AVL<\/a>, soci\u00e9t\u00e9 leader dans le d\u00e9veloppement, la simulation et les tests dans le secteur automobile, ont annonc\u00e9 leur collaboration pour fournir un support client pour le d\u00e9veloppement d&rsquo;unit\u00e9s de contr\u00f4le \u00e9lectroniques (ECU) conformes \u00e0 la norme internationale ISO 26262 pour la s\u00fbret\u00e9 fonctionnelle automobile. Dans le cadre de cette collaboration, AVL fournira une assistance compl\u00e8te pour le d\u00e9veloppement de syst\u00e8mes de s\u00fbret\u00e9 fonctionnelle complexes et sp\u00e9cialis\u00e9s pour les clients automobiles de Renesas.<\/p>\n<p>Il est devenu difficile de d\u00e9velopper efficacement des syst\u00e8mes de conduite automatis\u00e9e (AD)\/ADAS complexes et avanc\u00e9s qui respectent les normes de s\u00fbret\u00e9 fonctionnelle. Renesas fournit des syst\u00e8mes sur puces (SoC) automobiles R-Car, des microcontr\u00f4leurs (MCU) de contr\u00f4le automobile RH850, des circuits int\u00e9gr\u00e9s de gestion de l&rsquo;alimentation (PMIC) et des solutions logicielles prenant en charge les niveaux ASIL B \u00e0 ASIL D de la norme ISO 26262. Cependant, pour r\u00e9pondre aux normes de s\u00fbret\u00e9 fonctionnelle, l&rsquo;ensemble du syst\u00e8me ECU doit \u00eatre conforme, pas seulement les composants semi-conducteurs. Par cons\u00e9quent, m\u00eame avec l&rsquo;utilisation des R-Car et des RH850 qui r\u00e9pondent aux exigences de s\u00fbret\u00e9 fonctionnelle, le d\u00e9veloppement d&rsquo;un calculateur conforme \u00e0 la norme ISO 26262 n\u00e9cessite une expertise approfondie au niveau du syst\u00e8me. AVL a fait ses preuves en mati\u00e8re de soutien au d\u00e9veloppement d&rsquo;ECU conformes \u00e0 la norme ISO 26262, tant du point de vue mat\u00e9riel que logiciel. Gr\u00e2ce \u00e0 cette collaboration, les clients de Renesas peuvent tirer parti des solutions de s\u00fbret\u00e9 sophistiqu\u00e9es des composants Renesas et b\u00e9n\u00e9ficier de l&rsquo;assistance experte d&rsquo;AVL en mati\u00e8re de s\u00fbret\u00e9 fonctionnelle, ce qui permet de r\u00e9duire le temps de d\u00e9veloppement des ECU conformes \u00e0 la norme ISO 26262.<\/p>\n<p>\u00ab\u00a0Nous sommes ravis de pouvoir offrir aux clients de Renesas l&rsquo;expertise avanc\u00e9e et la vaste exp\u00e9rience d&rsquo;AVL en mati\u00e8re de s\u00fbret\u00e9 fonctionnelle\u00a0\u00bb,\u00a0a d\u00e9clar\u00e9 Naoki Yoshida, vice-pr\u00e9sident de la division marketing des produits num\u00e9riques automobiles chez Renesas. \u00ab\u00a0Cette collaboration permettra \u00e0 tous nos clients du monde entier de d\u00e9velopper rapidement des ECU conformes \u00e0 la norme ISO 26262 en utilisant les produits hautement fiables de Renesas.\u00a0\u00bb<\/p>\n<p>\u00ab\u00a0Avec la prolif\u00e9ration de l\u2019ADAS\/AD, le nombre d&rsquo;ECU qui doivent prendre en charge la s\u00fbret\u00e9 fonctionnelle ne fera qu&rsquo;augmenter\u00a0\u00bb,\u00a0a d\u00e9clar\u00e9 Dirk Geyer, directeur de la s\u00fbret\u00e9 fonctionnelle et de la cybers\u00e9curit\u00e9 chez AVL. \u00ab AVL peut fournir un support mat\u00e9riel et logiciel pour diff\u00e9rents niveaux de s\u00fbret\u00e9, y compris un support avanc\u00e9 tel qu\u2019un FMEDA personnalis\u00e9 et une analyse du taux de d\u00e9faillance sp\u00e9cifique au produit. Nous sommes impatients de fournir une assistance globale et compl\u00e8te aux clients de Renesas.\u00a0\u00bb<\/p>\n<p>&nbsp;<\/p>\n<p><a href=\"https:\/\/www.renesas.com\/software-tool\/safety-support-program-consultancy-r-car-automotive-applications\">https:\/\/www.renesas.com\/software-tool\/safety-support-program-consultancy-r-car-automotive-applications<\/a><\/p>\n<p>&nbsp;<\/p>\n<p>&nbsp;<\/p>\n","protected":false},"excerpt":{"rendered":"<p>Renesas Electronics et\u00a0AVL, soci\u00e9t\u00e9 leader dans le d\u00e9veloppement, la simulation et les tests dans le secteur automobile, ont annonc\u00e9 leur collaboration pour fournir un support client pour le d\u00e9veloppement d&rsquo;unit\u00e9s de contr\u00f4le \u00e9lectroniques (ECU) conformes \u00e0 la norme internationale ISO 26262 pour la s\u00fbret\u00e9 fonctionnelle automobile. Dans le cadre de cette collaboration, AVL fournira une [&hellip;]<\/p>\n","protected":false},"author":9,"featured_media":273774,"comment_status":"closed","ping_status":"closed","sticky":false,"template":"","format":"standard","meta":{"_acf_changed":false,"footnotes":""},"categories":[886],"tags":[891],"domains":[47],"ppma_author":[1141],"class_list":["post-273773","post","type-post","status-publish","format-standard","has-post-thumbnail","hentry","category-news-fr","tag-automotive-fr","domains-electronique-eci"],"acf":[],"yoast_head":"<title>S\u00fbret\u00e9 fonctionnelle automobile : accord AVL Renesas ...<\/title>\n<meta name=\"description\" content=\"Renesas Electronics et\u00a0AVL, soci\u00e9t\u00e9 leader dans le d\u00e9veloppement, la simulation et les tests dans le secteur automobile, ont annonc\u00e9 leur collaboration...\" \/>\n<meta name=\"robots\" content=\"index, follow, max-snippet:-1, max-image-preview:large, max-video-preview:-1\" \/>\n<link rel=\"canonical\" href=\"https:\/\/www.ecinews.fr\/fr\/wp-json\/wp\/v2\/posts\/273773\/\" \/>\n<meta property=\"og:locale\" content=\"fr_FR\" \/>\n<meta property=\"og:type\" content=\"article\" \/>\n<meta property=\"og:title\" content=\"S\u00fbret\u00e9 fonctionnelle automobile : accord AVL Renesas\" \/>\n<meta property=\"og:description\" content=\"Renesas Electronics et\u00a0AVL, soci\u00e9t\u00e9 leader dans le d\u00e9veloppement, la simulation et les tests dans le secteur automobile, ont annonc\u00e9 leur collaboration pour fournir un support client pour le d\u00e9veloppement d&rsquo;unit\u00e9s de contr\u00f4le \u00e9lectroniques (ECU) conformes \u00e0 la norme internationale ISO 26262 pour la s\u00fbret\u00e9 fonctionnelle automobile. Dans le cadre de cette collaboration, AVL fournira une [&hellip;]\" \/>\n<meta property=\"og:url\" content=\"https:\/\/www.ecinews.fr\/fr\/wp-json\/wp\/v2\/posts\/273773\/\" \/>\n<meta property=\"og:site_name\" content=\"EENewsEurope\" \/>\n<meta property=\"article:published_time\" content=\"2022-02-18T09:06:04+00:00\" \/>\n<meta property=\"og:image\" content=\"https:\/\/www.ecinews.fr\/wp-content\/uploads\/2022\/02\/ECI1045_Renesas_actu-scaled.jpg\" \/>\n\t<meta property=\"og:image:width\" content=\"1080\" \/>\n\t<meta property=\"og:image:height\" content=\"608\" \/>\n\t<meta property=\"og:image:type\" content=\"image\/jpeg\" \/>\n<meta name=\"author\" content=\"Alain Dieul\" \/>\n<meta name=\"twitter:card\" content=\"summary_large_image\" \/>\n<meta name=\"twitter:label1\" content=\"Written by\" \/>\n\t<meta name=\"twitter:data1\" content=\"Alain Dieul\" \/>\n\t<meta name=\"twitter:label2\" content=\"Est. reading time\" \/>\n\t<meta name=\"twitter:data2\" content=\"2 minutes\" \/>\n<script type=\"application\/ld+json\" class=\"yoast-schema-graph\">{\"@context\":\"https:\/\/schema.org\",\"@graph\":[{\"@type\":\"Article\",\"@id\":\"https:\/\/www.ecinews.fr\/fr\/surete-fonctionnelle-automobile-accord-avl-renesas\/#article\",\"isPartOf\":{\"@id\":\"https:\/\/www.ecinews.fr\/fr\/surete-fonctionnelle-automobile-accord-avl-renesas\/\"},\"author\":{\"name\":\"Alain Dieul\",\"@id\":\"https:\/\/www.eenewseurope.com\/en\/#\/schema\/person\/568c789a4794bd460460501ba91f5daf\"},\"headline\":\"S\u00fbret\u00e9 fonctionnelle automobile : accord AVL Renesas\",\"datePublished\":\"2022-02-18T09:06:04+00:00\",\"dateModified\":\"2022-02-18T09:06:04+00:00\",\"mainEntityOfPage\":{\"@id\":\"https:\/\/www.ecinews.fr\/fr\/surete-fonctionnelle-automobile-accord-avl-renesas\/\"},\"wordCount\":496,\"publisher\":{\"@id\":\"https:\/\/www.eenewseurope.com\/en\/#organization\"},\"keywords\":[\"Automotive\"],\"articleSection\":[\"Actualit\u00e9 g\u00e9n\u00e9rale\"],\"inLanguage\":\"fr-FR\"},{\"@type\":\"WebPage\",\"@id\":\"https:\/\/www.ecinews.fr\/fr\/surete-fonctionnelle-automobile-accord-avl-renesas\/\",\"url\":\"https:\/\/www.ecinews.fr\/fr\/surete-fonctionnelle-automobile-accord-avl-renesas\/\",\"name\":\"S\u00fbret\u00e9 fonctionnelle automobile : accord AVL Renesas -\",\"isPartOf\":{\"@id\":\"https:\/\/www.eenewseurope.com\/en\/#website\"},\"datePublished\":\"2022-02-18T09:06:04+00:00\",\"dateModified\":\"2022-02-18T09:06:04+00:00\",\"breadcrumb\":{\"@id\":\"https:\/\/www.ecinews.fr\/fr\/surete-fonctionnelle-automobile-accord-avl-renesas\/#breadcrumb\"},\"inLanguage\":\"fr-FR\",\"potentialAction\":[{\"@type\":\"ReadAction\",\"target\":[\"https:\/\/www.ecinews.fr\/fr\/surete-fonctionnelle-automobile-accord-avl-renesas\/\"]}]},{\"@type\":\"BreadcrumbList\",\"@id\":\"https:\/\/www.ecinews.fr\/fr\/surete-fonctionnelle-automobile-accord-avl-renesas\/#breadcrumb\",\"itemListElement\":[{\"@type\":\"ListItem\",\"position\":1,\"name\":\"Home\",\"item\":\"https:\/\/www.ecinews.fr\/fr\/\"},{\"@type\":\"ListItem\",\"position\":2,\"name\":\"S\u00fbret\u00e9 fonctionnelle automobile : accord AVL Renesas\"}]},{\"@type\":\"WebSite\",\"@id\":\"https:\/\/www.eenewseurope.com\/en\/#website\",\"url\":\"https:\/\/www.eenewseurope.com\/en\/\",\"name\":\"EENewsEurope\",\"description\":\"Just another WordPress site\",\"publisher\":{\"@id\":\"https:\/\/www.eenewseurope.com\/en\/#organization\"},\"potentialAction\":[{\"@type\":\"SearchAction\",\"target\":{\"@type\":\"EntryPoint\",\"urlTemplate\":\"https:\/\/www.eenewseurope.com\/en\/?s={search_term_string}\"},\"query-input\":\"required name=search_term_string\"}],\"inLanguage\":\"fr-FR\"},{\"@type\":\"Organization\",\"@id\":\"https:\/\/www.eenewseurope.com\/en\/#organization\",\"name\":\"EENewsEurope\",\"url\":\"https:\/\/www.eenewseurope.com\/en\/\",\"logo\":{\"@type\":\"ImageObject\",\"inLanguage\":\"fr-FR\",\"@id\":\"https:\/\/www.eenewseurope.com\/en\/#\/schema\/logo\/image\/\",\"url\":\"https:\/\/www.ecinews.fr\/wp-content\/uploads\/2022\/02\/logo-1.jpg\",\"contentUrl\":\"https:\/\/www.ecinews.fr\/wp-content\/uploads\/2022\/02\/logo-1.jpg\",\"width\":283,\"height\":113,\"caption\":\"EENewsEurope\"},\"image\":{\"@id\":\"https:\/\/www.eenewseurope.com\/en\/#\/schema\/logo\/image\/\"}},{\"@type\":\"Person\",\"@id\":\"https:\/\/www.eenewseurope.com\/en\/#\/schema\/person\/568c789a4794bd460460501ba91f5daf\",\"name\":\"Alain Dieul\",\"image\":{\"@type\":\"ImageObject\",\"inLanguage\":\"fr-FR\",\"@id\":\"https:\/\/www.eenewseurope.com\/en\/#\/schema\/person\/image\/6d32dc651fbcef3b338066625b118364\",\"url\":\"https:\/\/secure.gravatar.com\/avatar\/93708ec89b35deb10f4cfbfe144b4e07?s=96&d=mm&r=g\",\"contentUrl\":\"https:\/\/secure.gravatar.com\/avatar\/93708ec89b35deb10f4cfbfe144b4e07?s=96&d=mm&r=g\",\"caption\":\"Alain Dieul\"}}]}<\/script>","yoast_head_json":{"title":"S\u00fbret\u00e9 fonctionnelle automobile : accord AVL Renesas ...","description":"Renesas Electronics et\u00a0AVL, soci\u00e9t\u00e9 leader dans le d\u00e9veloppement, la simulation et les tests dans le secteur automobile, ont annonc\u00e9 leur collaboration...","robots":{"index":"index","follow":"follow","max-snippet":"max-snippet:-1","max-image-preview":"max-image-preview:large","max-video-preview":"max-video-preview:-1"},"canonical":"https:\/\/www.ecinews.fr\/fr\/wp-json\/wp\/v2\/posts\/273773\/","og_locale":"fr_FR","og_type":"article","og_title":"S\u00fbret\u00e9 fonctionnelle automobile : accord AVL Renesas","og_description":"Renesas Electronics et\u00a0AVL, soci\u00e9t\u00e9 leader dans le d\u00e9veloppement, la simulation et les tests dans le secteur automobile, ont annonc\u00e9 leur collaboration pour fournir un support client pour le d\u00e9veloppement d&rsquo;unit\u00e9s de contr\u00f4le \u00e9lectroniques (ECU) conformes \u00e0 la norme internationale ISO 26262 pour la s\u00fbret\u00e9 fonctionnelle automobile. Dans le cadre de cette collaboration, AVL fournira une [&hellip;]","og_url":"https:\/\/www.ecinews.fr\/fr\/wp-json\/wp\/v2\/posts\/273773\/","og_site_name":"EENewsEurope","article_published_time":"2022-02-18T09:06:04+00:00","og_image":[{"width":1080,"height":608,"url":"https:\/\/www.ecinews.fr\/wp-content\/uploads\/2022\/02\/ECI1045_Renesas_actu-scaled.jpg","type":"image\/jpeg"}],"author":"Alain Dieul","twitter_card":"summary_large_image","twitter_misc":{"Written by":"Alain Dieul","Est. reading time":"2 minutes"},"schema":{"@context":"https:\/\/schema.org","@graph":[{"@type":"Article","@id":"https:\/\/www.ecinews.fr\/fr\/surete-fonctionnelle-automobile-accord-avl-renesas\/#article","isPartOf":{"@id":"https:\/\/www.ecinews.fr\/fr\/surete-fonctionnelle-automobile-accord-avl-renesas\/"},"author":{"name":"Alain Dieul","@id":"https:\/\/www.eenewseurope.com\/en\/#\/schema\/person\/568c789a4794bd460460501ba91f5daf"},"headline":"S\u00fbret\u00e9 fonctionnelle automobile : accord AVL Renesas","datePublished":"2022-02-18T09:06:04+00:00","dateModified":"2022-02-18T09:06:04+00:00","mainEntityOfPage":{"@id":"https:\/\/www.ecinews.fr\/fr\/surete-fonctionnelle-automobile-accord-avl-renesas\/"},"wordCount":496,"publisher":{"@id":"https:\/\/www.eenewseurope.com\/en\/#organization"},"keywords":["Automotive"],"articleSection":["Actualit\u00e9 g\u00e9n\u00e9rale"],"inLanguage":"fr-FR"},{"@type":"WebPage","@id":"https:\/\/www.ecinews.fr\/fr\/surete-fonctionnelle-automobile-accord-avl-renesas\/","url":"https:\/\/www.ecinews.fr\/fr\/surete-fonctionnelle-automobile-accord-avl-renesas\/","name":"S\u00fbret\u00e9 fonctionnelle automobile : accord AVL Renesas -","isPartOf":{"@id":"https:\/\/www.eenewseurope.com\/en\/#website"},"datePublished":"2022-02-18T09:06:04+00:00","dateModified":"2022-02-18T09:06:04+00:00","breadcrumb":{"@id":"https:\/\/www.ecinews.fr\/fr\/surete-fonctionnelle-automobile-accord-avl-renesas\/#breadcrumb"},"inLanguage":"fr-FR","potentialAction":[{"@type":"ReadAction","target":["https:\/\/www.ecinews.fr\/fr\/surete-fonctionnelle-automobile-accord-avl-renesas\/"]}]},{"@type":"BreadcrumbList","@id":"https:\/\/www.ecinews.fr\/fr\/surete-fonctionnelle-automobile-accord-avl-renesas\/#breadcrumb","itemListElement":[{"@type":"ListItem","position":1,"name":"Home","item":"https:\/\/www.ecinews.fr\/fr\/"},{"@type":"ListItem","position":2,"name":"S\u00fbret\u00e9 fonctionnelle automobile : accord AVL Renesas"}]},{"@type":"WebSite","@id":"https:\/\/www.eenewseurope.com\/en\/#website","url":"https:\/\/www.eenewseurope.com\/en\/","name":"EENewsEurope","description":"Just another WordPress site","publisher":{"@id":"https:\/\/www.eenewseurope.com\/en\/#organization"},"potentialAction":[{"@type":"SearchAction","target":{"@type":"EntryPoint","urlTemplate":"https:\/\/www.eenewseurope.com\/en\/?s={search_term_string}"},"query-input":"required name=search_term_string"}],"inLanguage":"fr-FR"},{"@type":"Organization","@id":"https:\/\/www.eenewseurope.com\/en\/#organization","name":"EENewsEurope","url":"https:\/\/www.eenewseurope.com\/en\/","logo":{"@type":"ImageObject","inLanguage":"fr-FR","@id":"https:\/\/www.eenewseurope.com\/en\/#\/schema\/logo\/image\/","url":"https:\/\/www.ecinews.fr\/wp-content\/uploads\/2022\/02\/logo-1.jpg","contentUrl":"https:\/\/www.ecinews.fr\/wp-content\/uploads\/2022\/02\/logo-1.jpg","width":283,"height":113,"caption":"EENewsEurope"},"image":{"@id":"https:\/\/www.eenewseurope.com\/en\/#\/schema\/logo\/image\/"}},{"@type":"Person","@id":"https:\/\/www.eenewseurope.com\/en\/#\/schema\/person\/568c789a4794bd460460501ba91f5daf","name":"Alain Dieul","image":{"@type":"ImageObject","inLanguage":"fr-FR","@id":"https:\/\/www.eenewseurope.com\/en\/#\/schema\/person\/image\/6d32dc651fbcef3b338066625b118364","url":"https:\/\/secure.gravatar.com\/avatar\/93708ec89b35deb10f4cfbfe144b4e07?s=96&d=mm&r=g","contentUrl":"https:\/\/secure.gravatar.com\/avatar\/93708ec89b35deb10f4cfbfe144b4e07?s=96&d=mm&r=g","caption":"Alain Dieul"}}]}},"authors":[{"term_id":1141,"user_id":9,"is_guest":0,"slug":"alaindieul","display_name":"Alain Dieul","avatar_url":"https:\/\/secure.gravatar.com\/avatar\/93708ec89b35deb10f4cfbfe144b4e07?s=96&d=mm&r=g","0":null,"1":"","2":"","3":"","4":"","5":"","6":"","7":"","8":""}],"_links":{"self":[{"href":"https:\/\/www.ecinews.fr\/fr\/wp-json\/wp\/v2\/posts\/273773"}],"collection":[{"href":"https:\/\/www.ecinews.fr\/fr\/wp-json\/wp\/v2\/posts"}],"about":[{"href":"https:\/\/www.ecinews.fr\/fr\/wp-json\/wp\/v2\/types\/post"}],"author":[{"embeddable":true,"href":"https:\/\/www.ecinews.fr\/fr\/wp-json\/wp\/v2\/users\/9"}],"replies":[{"embeddable":true,"href":"https:\/\/www.ecinews.fr\/fr\/wp-json\/wp\/v2\/comments?post=273773"}],"version-history":[{"count":0,"href":"https:\/\/www.ecinews.fr\/fr\/wp-json\/wp\/v2\/posts\/273773\/revisions"}],"wp:featuredmedia":[{"embeddable":true,"href":"https:\/\/www.ecinews.fr\/fr\/wp-json\/wp\/v2\/media\/273774"}],"wp:attachment":[{"href":"https:\/\/www.ecinews.fr\/fr\/wp-json\/wp\/v2\/media?parent=273773"}],"wp:term":[{"taxonomy":"category","embeddable":true,"href":"https:\/\/www.ecinews.fr\/fr\/wp-json\/wp\/v2\/categories?post=273773"},{"taxonomy":"post_tag","embeddable":true,"href":"https:\/\/www.ecinews.fr\/fr\/wp-json\/wp\/v2\/tags?post=273773"},{"taxonomy":"domains","embeddable":true,"href":"https:\/\/www.ecinews.fr\/fr\/wp-json\/wp\/v2\/domains?post=273773"},{"taxonomy":"author","embeddable":true,"href":"https:\/\/www.ecinews.fr\/fr\/wp-json\/wp\/v2\/ppma_author?post=273773"}],"curies":[{"name":"wp","href":"https:\/\/api.w.org\/{rel}","templated":true}]}}