{"id":272161,"date":"2022-02-15T09:31:39","date_gmt":"2022-02-15T08:31:39","guid":{"rendered":"https:\/\/www.eenewseurope.com\/?p=272161"},"modified":"2022-02-15T09:31:39","modified_gmt":"2022-02-15T08:31:39","slug":"isit-devient-partenaire-de-all4tec","status":"publish","type":"post","link":"https:\/\/www.ecinews.fr\/fr\/isit-devient-partenaire-de-all4tec\/","title":{"rendered":"ISIT devient partenaire de ALL4TEC"},"content":{"rendered":"<p>Expert en s\u00fbret\u00e9 de fonctionnement et applications embarqu\u00e9es critiques, ISIT, en devenant partenaire de ALL4TEC, est ainsi \u00e0 m\u00eame d\u2019offrir une offre de Produits &amp; Services d\u00e9di\u00e9e en cybers\u00e9curit\u00e9 unique sur le march\u00e9. ALL4TEC con\u00e7oit et distribue des outils d\u2019analyse de risques dans le domaine de la cybers\u00e9curit\u00e9 et de la s\u00fbret\u00e9 de fonctionnement, pour r\u00e9pondre \u00e0 la double probl\u00e9matique \u00ab Safe &amp; Secure \u00bb de plus en plus pr\u00e9sente chez les grands industriels, op\u00e9rateurs et donneurs d\u2019ordre de l\u2019IT. D\u00e9velopp\u00e9 en partenariat avec l\u2019ANSSI, Agile Risk Manager, permet l\u2019analyse et le pilotage des risques accompagnant la m\u00e9thode EBIOS Risk Manager promue par l\u2019ANSSI. En permettant une mise en \u0153uvre guid\u00e9e de cette m\u00e9thode, le logiciel Agile Risk Manager permet de se focaliser sur les valeurs fondamentales de la m\u00e9thode EBIOS RM\u00a0: la connaissance, l\u2019agilit\u00e9 et l\u2019engagement.<\/p>\n<p>Solution agile, l\u2019outil permet un travail collaboratif complet et efficace, la journalisation des modifications par diff\u00e9rents utilisateurs, la gestion de leurs r\u00f4les et acc\u00e8s sur les analyses partag\u00e9es ainsi que la r\u00e9solution des conflits potentiels. Enti\u00e8rement personnalisable,\u00a0Agile Risk Manager\u00a0met \u00e0 disposition un grand nombre de r\u00e9f\u00e9rentiels standards (ISO27001, IEC 62443, PSSIE, etc.) mais permet \u00e9galement de d\u00e9finir ses propres r\u00e9f\u00e9rentiels d\u2019entreprise facilitant le travail collaboratif. Il est aussi possible de d\u00e9finir les ateliers et les activit\u00e9s \u00e0 mener en fonction des objectifs \u00e0 atteindre.<\/p>\n<p>Afin de conserver votre capital m\u00e9tier existant, Agile Risk manager permet l\u2019import de donn\u00e9es existantes \u00e0 partir de format Excel et d\u2019un mod\u00e8le simple et ouvert permettant d\u2019initialiser de nouvelles analyses. Cette capacit\u00e9 permet non seulement d\u2019importer des donn\u00e9es provenant d\u2019autre r\u00e9f\u00e9rentiels standards (NIST par exemple) mais permet \u00e9galement d\u2019exporter les donn\u00e9es au format Excel et d\u2019y ins\u00e9rer des graphiques ou matrices sous forme d\u2019images d\u2019un simple clic. Cela permet d\u2019\u00e9changer avec tout type d\u2019interlocuteur qu\u2019ils aient l\u2019application ou non.<\/p>\n<p>Afin de garantir la coh\u00e9rence des donn\u00e9es saisies et optimiser les revues par les pairs, l\u2019outil permet la v\u00e9rification de mod\u00e8le permettant, gr\u00e2ce \u00e0 des r\u00e8gles m\u00e9tiers simples, de pointer les \u00e9l\u00e9ments non justifi\u00e9s ou incoh\u00e9rents afin d\u2019en permettre la correction.<\/p>\n<p>Des mod\u00e8les de documents Word peuvent par ailleurs \u00eatre importer dans Agile Risk Manager afin des g\u00e9n\u00e9rer des rapports personnalisables \u00e0 fa\u00e7on et adapt\u00e9s \u00e0 chacun de vos besoins.<\/p>\n<p>\u00ab\u00a0En combinant les capacit\u00e9s de la plateforme logicielle Agile Risk Manager et notre expertise des r\u00e9f\u00e9rentiels cyber industriels tels que l\u2019IEC62443 ou l\u2019ISO21434, l\u2019\u00e9quipe d\u2019ISIT est \u00e0 m\u00eame, non seulement d\u2019accompagner ses clients dans l\u2019analyse globale des risques, la d\u00e9finition des mesures de s\u00e9curit\u00e9 \u00e0 mettre en \u0153uvre et leur suivi dans le temps mais \u00e9galement, de les assister dans l\u2019impl\u00e9mentation de leurs applications embarqu\u00e9es\u00a0\u00bb d\u00e9clare Dominique LESTRADE, Directrice G\u00e9n\u00e9rale d\u2019ISIT.<\/p>\n<p><a href=\"https:\/\/www.all4tec.com\/\">www.all4tec.com<\/a><\/p>\n<p><a href=\"https:\/\/www.isit.fr\/fr\/\">www.isit.fr\/fr\/<\/a><\/p>\n<p>&nbsp;<\/p>\n","protected":false},"excerpt":{"rendered":"<p>Expert en s\u00fbret\u00e9 de fonctionnement et applications embarqu\u00e9es critiques, ISIT, en devenant partenaire de ALL4TEC, est ainsi \u00e0 m\u00eame d\u2019offrir une offre de Produits &amp; Services d\u00e9di\u00e9e en cybers\u00e9curit\u00e9 unique sur le march\u00e9. ALL4TEC con\u00e7oit et distribue des outils d\u2019analyse de risques dans le domaine de la cybers\u00e9curit\u00e9 et de la s\u00fbret\u00e9 de fonctionnement, pour [&hellip;]<\/p>\n","protected":false},"author":9,"featured_media":272162,"comment_status":"closed","ping_status":"closed","sticky":false,"template":"","format":"standard","meta":{"_acf_changed":false,"footnotes":""},"categories":[886],"tags":[1069],"domains":[47],"ppma_author":[1141],"class_list":["post-272161","post","type-post","status-publish","format-standard","has-post-thumbnail","hentry","category-news-fr","tag-cybersecurite","domains-electronique-eci"],"acf":[],"yoast_head":"<title>ISIT devient partenaire de ALL4TEC ...<\/title>\n<meta name=\"description\" content=\"Expert en s\u00fbret\u00e9 de fonctionnement et applications embarqu\u00e9es critiques, ISIT, en devenant partenaire de ALL4TEC, est ainsi \u00e0 m\u00eame d\u2019offrir une offre...\" \/>\n<meta name=\"robots\" content=\"index, follow, max-snippet:-1, max-image-preview:large, max-video-preview:-1\" \/>\n<link rel=\"canonical\" href=\"https:\/\/www.ecinews.fr\/fr\/wp-json\/wp\/v2\/posts\/272161\/\" \/>\n<meta property=\"og:locale\" content=\"fr_FR\" \/>\n<meta property=\"og:type\" content=\"article\" \/>\n<meta property=\"og:title\" content=\"ISIT devient partenaire de ALL4TEC\" \/>\n<meta property=\"og:description\" content=\"Expert en s\u00fbret\u00e9 de fonctionnement et applications embarqu\u00e9es critiques, ISIT, en devenant partenaire de ALL4TEC, est ainsi \u00e0 m\u00eame d\u2019offrir une offre de Produits &amp; Services d\u00e9di\u00e9e en cybers\u00e9curit\u00e9 unique sur le march\u00e9. ALL4TEC con\u00e7oit et distribue des outils d\u2019analyse de risques dans le domaine de la cybers\u00e9curit\u00e9 et de la s\u00fbret\u00e9 de fonctionnement, pour [&hellip;]\" \/>\n<meta property=\"og:url\" content=\"https:\/\/www.ecinews.fr\/fr\/wp-json\/wp\/v2\/posts\/272161\/\" \/>\n<meta property=\"og:site_name\" content=\"EENewsEurope\" \/>\n<meta property=\"article:published_time\" content=\"2022-02-15T08:31:39+00:00\" \/>\n<meta property=\"og:image\" content=\"https:\/\/www.ecinews.fr\/wp-content\/uploads\/2022\/02\/ECI1032_ISIT.jpg\" \/>\n\t<meta property=\"og:image:width\" content=\"498\" \/>\n\t<meta property=\"og:image:height\" content=\"284\" \/>\n\t<meta property=\"og:image:type\" content=\"image\/jpeg\" \/>\n<meta name=\"author\" content=\"Alain Dieul\" \/>\n<meta name=\"twitter:card\" content=\"summary_large_image\" \/>\n<meta name=\"twitter:label1\" content=\"Written by\" \/>\n\t<meta name=\"twitter:data1\" content=\"Alain Dieul\" \/>\n\t<meta name=\"twitter:label2\" content=\"Est. reading time\" \/>\n\t<meta name=\"twitter:data2\" content=\"3 minutes\" \/>\n<script type=\"application\/ld+json\" class=\"yoast-schema-graph\">{\"@context\":\"https:\/\/schema.org\",\"@graph\":[{\"@type\":\"Article\",\"@id\":\"https:\/\/www.ecinews.fr\/fr\/isit-devient-partenaire-de-all4tec\/#article\",\"isPartOf\":{\"@id\":\"https:\/\/www.ecinews.fr\/fr\/isit-devient-partenaire-de-all4tec\/\"},\"author\":{\"name\":\"Alain Dieul\",\"@id\":\"https:\/\/www.eenewseurope.com\/en\/#\/schema\/person\/568c789a4794bd460460501ba91f5daf\"},\"headline\":\"ISIT devient partenaire de ALL4TEC\",\"datePublished\":\"2022-02-15T08:31:39+00:00\",\"dateModified\":\"2022-02-15T08:31:39+00:00\",\"mainEntityOfPage\":{\"@id\":\"https:\/\/www.ecinews.fr\/fr\/isit-devient-partenaire-de-all4tec\/\"},\"wordCount\":546,\"publisher\":{\"@id\":\"https:\/\/www.eenewseurope.com\/en\/#organization\"},\"keywords\":[\"Cybers\u00e9curit\u00e9\"],\"articleSection\":[\"Actualit\u00e9 g\u00e9n\u00e9rale\"],\"inLanguage\":\"fr-FR\"},{\"@type\":\"WebPage\",\"@id\":\"https:\/\/www.ecinews.fr\/fr\/isit-devient-partenaire-de-all4tec\/\",\"url\":\"https:\/\/www.ecinews.fr\/fr\/isit-devient-partenaire-de-all4tec\/\",\"name\":\"ISIT devient partenaire de ALL4TEC -\",\"isPartOf\":{\"@id\":\"https:\/\/www.eenewseurope.com\/en\/#website\"},\"datePublished\":\"2022-02-15T08:31:39+00:00\",\"dateModified\":\"2022-02-15T08:31:39+00:00\",\"breadcrumb\":{\"@id\":\"https:\/\/www.ecinews.fr\/fr\/isit-devient-partenaire-de-all4tec\/#breadcrumb\"},\"inLanguage\":\"fr-FR\",\"potentialAction\":[{\"@type\":\"ReadAction\",\"target\":[\"https:\/\/www.ecinews.fr\/fr\/isit-devient-partenaire-de-all4tec\/\"]}]},{\"@type\":\"BreadcrumbList\",\"@id\":\"https:\/\/www.ecinews.fr\/fr\/isit-devient-partenaire-de-all4tec\/#breadcrumb\",\"itemListElement\":[{\"@type\":\"ListItem\",\"position\":1,\"name\":\"Home\",\"item\":\"https:\/\/www.ecinews.fr\/fr\/\"},{\"@type\":\"ListItem\",\"position\":2,\"name\":\"ISIT devient partenaire de ALL4TEC\"}]},{\"@type\":\"WebSite\",\"@id\":\"https:\/\/www.eenewseurope.com\/en\/#website\",\"url\":\"https:\/\/www.eenewseurope.com\/en\/\",\"name\":\"EENewsEurope\",\"description\":\"Just another WordPress site\",\"publisher\":{\"@id\":\"https:\/\/www.eenewseurope.com\/en\/#organization\"},\"potentialAction\":[{\"@type\":\"SearchAction\",\"target\":{\"@type\":\"EntryPoint\",\"urlTemplate\":\"https:\/\/www.eenewseurope.com\/en\/?s={search_term_string}\"},\"query-input\":\"required name=search_term_string\"}],\"inLanguage\":\"fr-FR\"},{\"@type\":\"Organization\",\"@id\":\"https:\/\/www.eenewseurope.com\/en\/#organization\",\"name\":\"EENewsEurope\",\"url\":\"https:\/\/www.eenewseurope.com\/en\/\",\"logo\":{\"@type\":\"ImageObject\",\"inLanguage\":\"fr-FR\",\"@id\":\"https:\/\/www.eenewseurope.com\/en\/#\/schema\/logo\/image\/\",\"url\":\"https:\/\/www.ecinews.fr\/wp-content\/uploads\/2022\/02\/logo-1.jpg\",\"contentUrl\":\"https:\/\/www.ecinews.fr\/wp-content\/uploads\/2022\/02\/logo-1.jpg\",\"width\":283,\"height\":113,\"caption\":\"EENewsEurope\"},\"image\":{\"@id\":\"https:\/\/www.eenewseurope.com\/en\/#\/schema\/logo\/image\/\"}},{\"@type\":\"Person\",\"@id\":\"https:\/\/www.eenewseurope.com\/en\/#\/schema\/person\/568c789a4794bd460460501ba91f5daf\",\"name\":\"Alain Dieul\",\"image\":{\"@type\":\"ImageObject\",\"inLanguage\":\"fr-FR\",\"@id\":\"https:\/\/www.eenewseurope.com\/en\/#\/schema\/person\/image\/6d32dc651fbcef3b338066625b118364\",\"url\":\"https:\/\/secure.gravatar.com\/avatar\/93708ec89b35deb10f4cfbfe144b4e07?s=96&d=mm&r=g\",\"contentUrl\":\"https:\/\/secure.gravatar.com\/avatar\/93708ec89b35deb10f4cfbfe144b4e07?s=96&d=mm&r=g\",\"caption\":\"Alain Dieul\"}}]}<\/script>","yoast_head_json":{"title":"ISIT devient partenaire de ALL4TEC ...","description":"Expert en s\u00fbret\u00e9 de fonctionnement et applications embarqu\u00e9es critiques, ISIT, en devenant partenaire de ALL4TEC, est ainsi \u00e0 m\u00eame d\u2019offrir une offre...","robots":{"index":"index","follow":"follow","max-snippet":"max-snippet:-1","max-image-preview":"max-image-preview:large","max-video-preview":"max-video-preview:-1"},"canonical":"https:\/\/www.ecinews.fr\/fr\/wp-json\/wp\/v2\/posts\/272161\/","og_locale":"fr_FR","og_type":"article","og_title":"ISIT devient partenaire de ALL4TEC","og_description":"Expert en s\u00fbret\u00e9 de fonctionnement et applications embarqu\u00e9es critiques, ISIT, en devenant partenaire de ALL4TEC, est ainsi \u00e0 m\u00eame d\u2019offrir une offre de Produits &amp; Services d\u00e9di\u00e9e en cybers\u00e9curit\u00e9 unique sur le march\u00e9. ALL4TEC con\u00e7oit et distribue des outils d\u2019analyse de risques dans le domaine de la cybers\u00e9curit\u00e9 et de la s\u00fbret\u00e9 de fonctionnement, pour [&hellip;]","og_url":"https:\/\/www.ecinews.fr\/fr\/wp-json\/wp\/v2\/posts\/272161\/","og_site_name":"EENewsEurope","article_published_time":"2022-02-15T08:31:39+00:00","og_image":[{"width":498,"height":284,"url":"https:\/\/www.ecinews.fr\/wp-content\/uploads\/2022\/02\/ECI1032_ISIT.jpg","type":"image\/jpeg"}],"author":"Alain Dieul","twitter_card":"summary_large_image","twitter_misc":{"Written by":"Alain Dieul","Est. reading time":"3 minutes"},"schema":{"@context":"https:\/\/schema.org","@graph":[{"@type":"Article","@id":"https:\/\/www.ecinews.fr\/fr\/isit-devient-partenaire-de-all4tec\/#article","isPartOf":{"@id":"https:\/\/www.ecinews.fr\/fr\/isit-devient-partenaire-de-all4tec\/"},"author":{"name":"Alain Dieul","@id":"https:\/\/www.eenewseurope.com\/en\/#\/schema\/person\/568c789a4794bd460460501ba91f5daf"},"headline":"ISIT devient partenaire de ALL4TEC","datePublished":"2022-02-15T08:31:39+00:00","dateModified":"2022-02-15T08:31:39+00:00","mainEntityOfPage":{"@id":"https:\/\/www.ecinews.fr\/fr\/isit-devient-partenaire-de-all4tec\/"},"wordCount":546,"publisher":{"@id":"https:\/\/www.eenewseurope.com\/en\/#organization"},"keywords":["Cybers\u00e9curit\u00e9"],"articleSection":["Actualit\u00e9 g\u00e9n\u00e9rale"],"inLanguage":"fr-FR"},{"@type":"WebPage","@id":"https:\/\/www.ecinews.fr\/fr\/isit-devient-partenaire-de-all4tec\/","url":"https:\/\/www.ecinews.fr\/fr\/isit-devient-partenaire-de-all4tec\/","name":"ISIT devient partenaire de ALL4TEC -","isPartOf":{"@id":"https:\/\/www.eenewseurope.com\/en\/#website"},"datePublished":"2022-02-15T08:31:39+00:00","dateModified":"2022-02-15T08:31:39+00:00","breadcrumb":{"@id":"https:\/\/www.ecinews.fr\/fr\/isit-devient-partenaire-de-all4tec\/#breadcrumb"},"inLanguage":"fr-FR","potentialAction":[{"@type":"ReadAction","target":["https:\/\/www.ecinews.fr\/fr\/isit-devient-partenaire-de-all4tec\/"]}]},{"@type":"BreadcrumbList","@id":"https:\/\/www.ecinews.fr\/fr\/isit-devient-partenaire-de-all4tec\/#breadcrumb","itemListElement":[{"@type":"ListItem","position":1,"name":"Home","item":"https:\/\/www.ecinews.fr\/fr\/"},{"@type":"ListItem","position":2,"name":"ISIT devient partenaire de ALL4TEC"}]},{"@type":"WebSite","@id":"https:\/\/www.eenewseurope.com\/en\/#website","url":"https:\/\/www.eenewseurope.com\/en\/","name":"EENewsEurope","description":"Just another WordPress site","publisher":{"@id":"https:\/\/www.eenewseurope.com\/en\/#organization"},"potentialAction":[{"@type":"SearchAction","target":{"@type":"EntryPoint","urlTemplate":"https:\/\/www.eenewseurope.com\/en\/?s={search_term_string}"},"query-input":"required name=search_term_string"}],"inLanguage":"fr-FR"},{"@type":"Organization","@id":"https:\/\/www.eenewseurope.com\/en\/#organization","name":"EENewsEurope","url":"https:\/\/www.eenewseurope.com\/en\/","logo":{"@type":"ImageObject","inLanguage":"fr-FR","@id":"https:\/\/www.eenewseurope.com\/en\/#\/schema\/logo\/image\/","url":"https:\/\/www.ecinews.fr\/wp-content\/uploads\/2022\/02\/logo-1.jpg","contentUrl":"https:\/\/www.ecinews.fr\/wp-content\/uploads\/2022\/02\/logo-1.jpg","width":283,"height":113,"caption":"EENewsEurope"},"image":{"@id":"https:\/\/www.eenewseurope.com\/en\/#\/schema\/logo\/image\/"}},{"@type":"Person","@id":"https:\/\/www.eenewseurope.com\/en\/#\/schema\/person\/568c789a4794bd460460501ba91f5daf","name":"Alain Dieul","image":{"@type":"ImageObject","inLanguage":"fr-FR","@id":"https:\/\/www.eenewseurope.com\/en\/#\/schema\/person\/image\/6d32dc651fbcef3b338066625b118364","url":"https:\/\/secure.gravatar.com\/avatar\/93708ec89b35deb10f4cfbfe144b4e07?s=96&d=mm&r=g","contentUrl":"https:\/\/secure.gravatar.com\/avatar\/93708ec89b35deb10f4cfbfe144b4e07?s=96&d=mm&r=g","caption":"Alain Dieul"}}]}},"authors":[{"term_id":1141,"user_id":9,"is_guest":0,"slug":"alaindieul","display_name":"Alain Dieul","avatar_url":"https:\/\/secure.gravatar.com\/avatar\/93708ec89b35deb10f4cfbfe144b4e07?s=96&d=mm&r=g","0":null,"1":"","2":"","3":"","4":"","5":"","6":"","7":"","8":""}],"_links":{"self":[{"href":"https:\/\/www.ecinews.fr\/fr\/wp-json\/wp\/v2\/posts\/272161"}],"collection":[{"href":"https:\/\/www.ecinews.fr\/fr\/wp-json\/wp\/v2\/posts"}],"about":[{"href":"https:\/\/www.ecinews.fr\/fr\/wp-json\/wp\/v2\/types\/post"}],"author":[{"embeddable":true,"href":"https:\/\/www.ecinews.fr\/fr\/wp-json\/wp\/v2\/users\/9"}],"replies":[{"embeddable":true,"href":"https:\/\/www.ecinews.fr\/fr\/wp-json\/wp\/v2\/comments?post=272161"}],"version-history":[{"count":0,"href":"https:\/\/www.ecinews.fr\/fr\/wp-json\/wp\/v2\/posts\/272161\/revisions"}],"wp:featuredmedia":[{"embeddable":true,"href":"https:\/\/www.ecinews.fr\/fr\/wp-json\/wp\/v2\/media\/272162"}],"wp:attachment":[{"href":"https:\/\/www.ecinews.fr\/fr\/wp-json\/wp\/v2\/media?parent=272161"}],"wp:term":[{"taxonomy":"category","embeddable":true,"href":"https:\/\/www.ecinews.fr\/fr\/wp-json\/wp\/v2\/categories?post=272161"},{"taxonomy":"post_tag","embeddable":true,"href":"https:\/\/www.ecinews.fr\/fr\/wp-json\/wp\/v2\/tags?post=272161"},{"taxonomy":"domains","embeddable":true,"href":"https:\/\/www.ecinews.fr\/fr\/wp-json\/wp\/v2\/domains?post=272161"},{"taxonomy":"author","embeddable":true,"href":"https:\/\/www.ecinews.fr\/fr\/wp-json\/wp\/v2\/ppma_author?post=272161"}],"curies":[{"name":"wp","href":"https:\/\/api.w.org\/{rel}","templated":true}]}}