{"id":269258,"date":"2022-02-10T10:28:55","date_gmt":"2022-02-10T09:28:55","guid":{"rendered":"https:\/\/www.eenewseurope.com\/?p=269258"},"modified":"2022-02-10T10:28:55","modified_gmt":"2022-02-10T09:28:55","slug":"siemens-rejoint-le-programme-intel-foundry-services-eda-alliance","status":"publish","type":"post","link":"https:\/\/www.ecinews.fr\/fr\/siemens-rejoint-le-programme-intel-foundry-services-eda-alliance\/","title":{"rendered":"Siemens rejoint le programme Intel Foundry Services &#8211; EDA Alliance"},"content":{"rendered":"<p>Siemens Digital Industries Software annonce qu\u2019elle a rejoint \u2013\u00a0en tant que membre fondateur\u00a0\u2013 l\u2019alliance Intel Foundry Services (IFS) Accelerator\u00a0&#8211; EDA Alliance, un programme qui vise \u00e0 cr\u00e9er un \u00e9cosyst\u00e8me pour la conception et la fabrication de la prochaine g\u00e9n\u00e9ration de syst\u00e8mes sur puce (SoC) avec les technologies de proc\u00e9d\u00e9 de pointe d\u2019IFS.<\/p>\n<p>Cette initiative encourage la collaboration entre IFS et les partenaires de son \u00e9cosyst\u00e8me, en mettant l\u2019accent sur la r\u00e9duction des risques et l\u2019\u00e9limination des obstacles \u00e0 la conception, tout en acc\u00e9l\u00e9rant la mise sur le march\u00e9 des produits de leurs clients communs.\u00a0Les partenaires de l\u2019alliance IFS Accelerator\u00a0&#8211; EDA Alliance b\u00e9n\u00e9ficient d\u2019un acc\u00e8s anticip\u00e9 aux technologies de proc\u00e9d\u00e9 et de conditionnement d\u2019Intel, ce qui leur permet de cooptimiser et am\u00e9liorer les outils et les flux pour exploiter au mieux les possibilit\u00e9s qu\u2019offrent les technologies d\u2019Intel.<\/p>\n<p>\u00ab\u00a0Nous sommes ravis d\u2019annoncer l\u2019alliance pour l\u2019\u00e9cosyst\u00e8me IFS, qui constitue une avanc\u00e9e majeure pour les ambitions d\u2019Intel dans le domaine de la fonderie\u00a0\u00bb, d\u00e9clare Rahul Goyal, vice-pr\u00e9sident et directeur g\u00e9n\u00e9ral d\u2019Intel Product &amp; Design Ecosystem Enablement. \u00ab\u00a0Nous sommes heureux que Siemens EDA ait rejoint ce programme. La combinaison des offres EDA de classe mondiale de Siemens et des technologies de proc\u00e9d\u00e9 de pointe d\u2019IFS offrira aux \u00e9quipes de conception du secteur les solutions dont elles ont besoin pour \u00eatre performantes sur les march\u00e9s concurrentiels des circuits int\u00e9gr\u00e9s.\u00a0\u00bb<\/p>\n<p>Dans le cadre de cette alliance, Siemens pr\u00e9voit de collaborer \u00e9troitement avec IFS afin d\u2019optimiser les outils, flux et m\u00e9thodologies de pointe de conception de circuits int\u00e9gr\u00e9s (CI) utilis\u00e9s dans les proc\u00e9d\u00e9s ultra-sophistiqu\u00e9s d\u2019Intel. Les premi\u00e8res gammes de produits Siemens EDA certifi\u00e9es par IFS comprennent la plateforme Calibre\u00a0nm et la plateforme Analog\u00a0FastSPICE (AFS), qui sont d\u00e9di\u00e9es \u00e0 la v\u00e9rification des circuits nanom\u00e9triques de type analogique, radiofr\u00e9quences (RF), \u00e0 signaux mixtes et m\u00e9moire, ainsi que des CI nanom\u00e9triques num\u00e9riques personnalis\u00e9s.<\/p>\n<p>\u00ab\u00a0\u00c9tant donn\u00e9 l\u2019importance croissante des semi-conducteurs dans l\u2019\u00e9conomie mondiale, l\u2019engagement d\u2019Intel dans le secteur de la fonderie par l\u2019interm\u00e9diaire d\u2019IFS repr\u00e9sente une nouvelle source d\u2019innovations importante dans le domaine des produits de pointe\u00a0\u00bb, commente Joe Sawicki, vice-pr\u00e9sident ex\u00e9cutif responsable de la division IC-EDA de Siemens Digital Industries Software. \u00ab\u00a0Siemens est fier de collaborer avec IFS pour d\u00e9velopper des solutions logicielles con\u00e7ues pour permettre \u00e0 nos clients communs de tirer le meilleur parti des technologies de proc\u00e9d\u00e9 et de conditionnement d\u2019Intel.\u00a0\u00bb<\/p>\n<p>&nbsp;<\/p>\n<p><a href=\"http:\/\/www.siemens.com\/\">www.siemens.com<\/a><\/p>\n","protected":false},"excerpt":{"rendered":"<p>Siemens Digital Industries Software annonce qu\u2019elle a rejoint \u2013\u00a0en tant que membre fondateur\u00a0\u2013 l\u2019alliance Intel Foundry Services (IFS) Accelerator\u00a0&#8211; EDA Alliance, un programme qui vise \u00e0 cr\u00e9er un \u00e9cosyst\u00e8me pour la conception et la fabrication de la prochaine g\u00e9n\u00e9ration de syst\u00e8mes sur puce (SoC) avec les technologies de proc\u00e9d\u00e9 de pointe d\u2019IFS. Cette initiative encourage [&hellip;]<\/p>\n","protected":false},"author":9,"featured_media":269259,"comment_status":"closed","ping_status":"closed","sticky":false,"template":"","format":"standard","meta":{"_acf_changed":false,"footnotes":""},"categories":[886],"tags":[936],"domains":[47],"ppma_author":[1141],"class_list":["post-269258","post","type-post","status-publish","format-standard","has-post-thumbnail","hentry","category-news-fr","tag-circuits-integres","domains-electronique-eci"],"acf":[],"yoast_head":"<title>Siemens rejoint le programme Intel Foundry Services - EDA Allia...<\/title>\n<meta name=\"description\" content=\"Siemens Digital Industries Software annonce qu\u2019elle a rejoint \u2013\u00a0en tant que membre fondateur\u00a0\u2013 l\u2019alliance Intel Foundry Services (IFS)...\" \/>\n<meta name=\"robots\" content=\"index, follow, max-snippet:-1, max-image-preview:large, max-video-preview:-1\" \/>\n<link rel=\"canonical\" href=\"https:\/\/www.ecinews.fr\/fr\/wp-json\/wp\/v2\/posts\/269258\/\" \/>\n<meta property=\"og:locale\" content=\"fr_FR\" \/>\n<meta property=\"og:type\" content=\"article\" \/>\n<meta property=\"og:title\" content=\"Siemens rejoint le programme Intel Foundry Services - EDA Alliance\" \/>\n<meta property=\"og:description\" content=\"Siemens Digital Industries Software annonce qu\u2019elle a rejoint \u2013\u00a0en tant que membre fondateur\u00a0\u2013 l\u2019alliance Intel Foundry Services (IFS) Accelerator\u00a0&#8211; EDA Alliance, un programme qui vise \u00e0 cr\u00e9er un \u00e9cosyst\u00e8me pour la conception et la fabrication de la prochaine g\u00e9n\u00e9ration de syst\u00e8mes sur puce (SoC) avec les technologies de proc\u00e9d\u00e9 de pointe d\u2019IFS. Cette initiative encourage [&hellip;]\" \/>\n<meta property=\"og:url\" content=\"https:\/\/www.ecinews.fr\/fr\/wp-json\/wp\/v2\/posts\/269258\/\" \/>\n<meta property=\"og:site_name\" content=\"EENewsEurope\" \/>\n<meta property=\"article:published_time\" content=\"2022-02-10T09:28:55+00:00\" \/>\n<meta property=\"og:image\" content=\"https:\/\/www.eenewseurope.com\/wp-content\/uploads\/2022\/02\/ECI1028_Siemens_actu-scaled.jpg\" \/>\n\t<meta property=\"og:image:width\" content=\"1080\" \/>\n\t<meta property=\"og:image:height\" content=\"715\" \/>\n\t<meta property=\"og:image:type\" content=\"image\/jpeg\" \/>\n<meta name=\"author\" content=\"Alain Dieul\" \/>\n<meta name=\"twitter:card\" content=\"summary_large_image\" \/>\n<meta name=\"twitter:label1\" content=\"Written by\" \/>\n\t<meta name=\"twitter:data1\" content=\"Alain Dieul\" \/>\n\t<meta name=\"twitter:label2\" content=\"Est. reading time\" \/>\n\t<meta name=\"twitter:data2\" content=\"2 minutes\" \/>\n<script type=\"application\/ld+json\" class=\"yoast-schema-graph\">{\"@context\":\"https:\/\/schema.org\",\"@graph\":[{\"@type\":\"Article\",\"@id\":\"https:\/\/www.eenewseurope.com\/fr\/siemens-rejoint-le-programme-intel-foundry-services-eda-alliance\/#article\",\"isPartOf\":{\"@id\":\"https:\/\/www.eenewseurope.com\/fr\/siemens-rejoint-le-programme-intel-foundry-services-eda-alliance\/\"},\"author\":{\"name\":\"Alain Dieul\",\"@id\":\"https:\/\/www.ecinews.fr\/fr\/#\/schema\/person\/568c789a4794bd460460501ba91f5daf\"},\"headline\":\"Siemens rejoint le programme Intel Foundry Services &#8211; EDA Alliance\",\"datePublished\":\"2022-02-10T09:28:55+00:00\",\"dateModified\":\"2022-02-10T09:28:55+00:00\",\"mainEntityOfPage\":{\"@id\":\"https:\/\/www.eenewseurope.com\/fr\/siemens-rejoint-le-programme-intel-foundry-services-eda-alliance\/\"},\"wordCount\":474,\"publisher\":{\"@id\":\"https:\/\/www.ecinews.fr\/fr\/#organization\"},\"keywords\":[\"Circuits int\u00e9gr\u00e9s\"],\"articleSection\":[\"Actualit\u00e9 g\u00e9n\u00e9rale\"],\"inLanguage\":\"fr-FR\"},{\"@type\":\"WebPage\",\"@id\":\"https:\/\/www.eenewseurope.com\/fr\/siemens-rejoint-le-programme-intel-foundry-services-eda-alliance\/\",\"url\":\"https:\/\/www.eenewseurope.com\/fr\/siemens-rejoint-le-programme-intel-foundry-services-eda-alliance\/\",\"name\":\"Siemens rejoint le programme Intel Foundry Services - EDA Alliance -\",\"isPartOf\":{\"@id\":\"https:\/\/www.ecinews.fr\/fr\/#website\"},\"datePublished\":\"2022-02-10T09:28:55+00:00\",\"dateModified\":\"2022-02-10T09:28:55+00:00\",\"breadcrumb\":{\"@id\":\"https:\/\/www.eenewseurope.com\/fr\/siemens-rejoint-le-programme-intel-foundry-services-eda-alliance\/#breadcrumb\"},\"inLanguage\":\"fr-FR\",\"potentialAction\":[{\"@type\":\"ReadAction\",\"target\":[\"https:\/\/www.eenewseurope.com\/fr\/siemens-rejoint-le-programme-intel-foundry-services-eda-alliance\/\"]}]},{\"@type\":\"BreadcrumbList\",\"@id\":\"https:\/\/www.eenewseurope.com\/fr\/siemens-rejoint-le-programme-intel-foundry-services-eda-alliance\/#breadcrumb\",\"itemListElement\":[{\"@type\":\"ListItem\",\"position\":1,\"name\":\"Home\",\"item\":\"https:\/\/www.ecinews.fr\/fr\/\"},{\"@type\":\"ListItem\",\"position\":2,\"name\":\"Siemens rejoint le programme Intel Foundry Services &#8211; EDA Alliance\"}]},{\"@type\":\"WebSite\",\"@id\":\"https:\/\/www.ecinews.fr\/fr\/#website\",\"url\":\"https:\/\/www.ecinews.fr\/fr\/\",\"name\":\"EENewsEurope\",\"description\":\"Just another WordPress site\",\"publisher\":{\"@id\":\"https:\/\/www.ecinews.fr\/fr\/#organization\"},\"potentialAction\":[{\"@type\":\"SearchAction\",\"target\":{\"@type\":\"EntryPoint\",\"urlTemplate\":\"https:\/\/www.ecinews.fr\/fr\/?s={search_term_string}\"},\"query-input\":\"required name=search_term_string\"}],\"inLanguage\":\"fr-FR\"},{\"@type\":\"Organization\",\"@id\":\"https:\/\/www.ecinews.fr\/fr\/#organization\",\"name\":\"EENewsEurope\",\"url\":\"https:\/\/www.ecinews.fr\/fr\/\",\"logo\":{\"@type\":\"ImageObject\",\"inLanguage\":\"fr-FR\",\"@id\":\"https:\/\/www.ecinews.fr\/fr\/#\/schema\/logo\/image\/\",\"url\":\"https:\/\/www.ecinews.fr\/wp-content\/uploads\/2022\/02\/logo-1.jpg\",\"contentUrl\":\"https:\/\/www.ecinews.fr\/wp-content\/uploads\/2022\/02\/logo-1.jpg\",\"width\":283,\"height\":113,\"caption\":\"EENewsEurope\"},\"image\":{\"@id\":\"https:\/\/www.ecinews.fr\/fr\/#\/schema\/logo\/image\/\"}},{\"@type\":\"Person\",\"@id\":\"https:\/\/www.ecinews.fr\/fr\/#\/schema\/person\/568c789a4794bd460460501ba91f5daf\",\"name\":\"Alain Dieul\",\"image\":{\"@type\":\"ImageObject\",\"inLanguage\":\"fr-FR\",\"@id\":\"https:\/\/www.ecinews.fr\/fr\/#\/schema\/person\/image\/6d32dc651fbcef3b338066625b118364\",\"url\":\"https:\/\/secure.gravatar.com\/avatar\/93708ec89b35deb10f4cfbfe144b4e07?s=96&d=mm&r=g\",\"contentUrl\":\"https:\/\/secure.gravatar.com\/avatar\/93708ec89b35deb10f4cfbfe144b4e07?s=96&d=mm&r=g\",\"caption\":\"Alain Dieul\"}}]}<\/script>","yoast_head_json":{"title":"Siemens rejoint le programme Intel Foundry Services - EDA Allia...","description":"Siemens Digital Industries Software annonce qu\u2019elle a rejoint \u2013\u00a0en tant que membre fondateur\u00a0\u2013 l\u2019alliance Intel Foundry Services (IFS)...","robots":{"index":"index","follow":"follow","max-snippet":"max-snippet:-1","max-image-preview":"max-image-preview:large","max-video-preview":"max-video-preview:-1"},"canonical":"https:\/\/www.ecinews.fr\/fr\/wp-json\/wp\/v2\/posts\/269258\/","og_locale":"fr_FR","og_type":"article","og_title":"Siemens rejoint le programme Intel Foundry Services - EDA Alliance","og_description":"Siemens Digital Industries Software annonce qu\u2019elle a rejoint \u2013\u00a0en tant que membre fondateur\u00a0\u2013 l\u2019alliance Intel Foundry Services (IFS) Accelerator\u00a0&#8211; EDA Alliance, un programme qui vise \u00e0 cr\u00e9er un \u00e9cosyst\u00e8me pour la conception et la fabrication de la prochaine g\u00e9n\u00e9ration de syst\u00e8mes sur puce (SoC) avec les technologies de proc\u00e9d\u00e9 de pointe d\u2019IFS. Cette initiative encourage [&hellip;]","og_url":"https:\/\/www.ecinews.fr\/fr\/wp-json\/wp\/v2\/posts\/269258\/","og_site_name":"EENewsEurope","article_published_time":"2022-02-10T09:28:55+00:00","og_image":[{"width":1080,"height":715,"url":"https:\/\/www.eenewseurope.com\/wp-content\/uploads\/2022\/02\/ECI1028_Siemens_actu-scaled.jpg","type":"image\/jpeg"}],"author":"Alain Dieul","twitter_card":"summary_large_image","twitter_misc":{"Written by":"Alain Dieul","Est. reading time":"2 minutes"},"schema":{"@context":"https:\/\/schema.org","@graph":[{"@type":"Article","@id":"https:\/\/www.eenewseurope.com\/fr\/siemens-rejoint-le-programme-intel-foundry-services-eda-alliance\/#article","isPartOf":{"@id":"https:\/\/www.eenewseurope.com\/fr\/siemens-rejoint-le-programme-intel-foundry-services-eda-alliance\/"},"author":{"name":"Alain Dieul","@id":"https:\/\/www.ecinews.fr\/fr\/#\/schema\/person\/568c789a4794bd460460501ba91f5daf"},"headline":"Siemens rejoint le programme Intel Foundry Services &#8211; EDA Alliance","datePublished":"2022-02-10T09:28:55+00:00","dateModified":"2022-02-10T09:28:55+00:00","mainEntityOfPage":{"@id":"https:\/\/www.eenewseurope.com\/fr\/siemens-rejoint-le-programme-intel-foundry-services-eda-alliance\/"},"wordCount":474,"publisher":{"@id":"https:\/\/www.ecinews.fr\/fr\/#organization"},"keywords":["Circuits int\u00e9gr\u00e9s"],"articleSection":["Actualit\u00e9 g\u00e9n\u00e9rale"],"inLanguage":"fr-FR"},{"@type":"WebPage","@id":"https:\/\/www.eenewseurope.com\/fr\/siemens-rejoint-le-programme-intel-foundry-services-eda-alliance\/","url":"https:\/\/www.eenewseurope.com\/fr\/siemens-rejoint-le-programme-intel-foundry-services-eda-alliance\/","name":"Siemens rejoint le programme Intel Foundry Services - EDA Alliance -","isPartOf":{"@id":"https:\/\/www.ecinews.fr\/fr\/#website"},"datePublished":"2022-02-10T09:28:55+00:00","dateModified":"2022-02-10T09:28:55+00:00","breadcrumb":{"@id":"https:\/\/www.eenewseurope.com\/fr\/siemens-rejoint-le-programme-intel-foundry-services-eda-alliance\/#breadcrumb"},"inLanguage":"fr-FR","potentialAction":[{"@type":"ReadAction","target":["https:\/\/www.eenewseurope.com\/fr\/siemens-rejoint-le-programme-intel-foundry-services-eda-alliance\/"]}]},{"@type":"BreadcrumbList","@id":"https:\/\/www.eenewseurope.com\/fr\/siemens-rejoint-le-programme-intel-foundry-services-eda-alliance\/#breadcrumb","itemListElement":[{"@type":"ListItem","position":1,"name":"Home","item":"https:\/\/www.ecinews.fr\/fr\/"},{"@type":"ListItem","position":2,"name":"Siemens rejoint le programme Intel Foundry Services &#8211; EDA Alliance"}]},{"@type":"WebSite","@id":"https:\/\/www.ecinews.fr\/fr\/#website","url":"https:\/\/www.ecinews.fr\/fr\/","name":"EENewsEurope","description":"Just another WordPress site","publisher":{"@id":"https:\/\/www.ecinews.fr\/fr\/#organization"},"potentialAction":[{"@type":"SearchAction","target":{"@type":"EntryPoint","urlTemplate":"https:\/\/www.ecinews.fr\/fr\/?s={search_term_string}"},"query-input":"required name=search_term_string"}],"inLanguage":"fr-FR"},{"@type":"Organization","@id":"https:\/\/www.ecinews.fr\/fr\/#organization","name":"EENewsEurope","url":"https:\/\/www.ecinews.fr\/fr\/","logo":{"@type":"ImageObject","inLanguage":"fr-FR","@id":"https:\/\/www.ecinews.fr\/fr\/#\/schema\/logo\/image\/","url":"https:\/\/www.ecinews.fr\/wp-content\/uploads\/2022\/02\/logo-1.jpg","contentUrl":"https:\/\/www.ecinews.fr\/wp-content\/uploads\/2022\/02\/logo-1.jpg","width":283,"height":113,"caption":"EENewsEurope"},"image":{"@id":"https:\/\/www.ecinews.fr\/fr\/#\/schema\/logo\/image\/"}},{"@type":"Person","@id":"https:\/\/www.ecinews.fr\/fr\/#\/schema\/person\/568c789a4794bd460460501ba91f5daf","name":"Alain Dieul","image":{"@type":"ImageObject","inLanguage":"fr-FR","@id":"https:\/\/www.ecinews.fr\/fr\/#\/schema\/person\/image\/6d32dc651fbcef3b338066625b118364","url":"https:\/\/secure.gravatar.com\/avatar\/93708ec89b35deb10f4cfbfe144b4e07?s=96&d=mm&r=g","contentUrl":"https:\/\/secure.gravatar.com\/avatar\/93708ec89b35deb10f4cfbfe144b4e07?s=96&d=mm&r=g","caption":"Alain Dieul"}}]}},"authors":[{"term_id":1141,"user_id":9,"is_guest":0,"slug":"alaindieul","display_name":"Alain Dieul","avatar_url":"https:\/\/secure.gravatar.com\/avatar\/93708ec89b35deb10f4cfbfe144b4e07?s=96&d=mm&r=g","0":null,"1":"","2":"","3":"","4":"","5":"","6":"","7":"","8":""}],"_links":{"self":[{"href":"https:\/\/www.ecinews.fr\/fr\/wp-json\/wp\/v2\/posts\/269258"}],"collection":[{"href":"https:\/\/www.ecinews.fr\/fr\/wp-json\/wp\/v2\/posts"}],"about":[{"href":"https:\/\/www.ecinews.fr\/fr\/wp-json\/wp\/v2\/types\/post"}],"author":[{"embeddable":true,"href":"https:\/\/www.ecinews.fr\/fr\/wp-json\/wp\/v2\/users\/9"}],"replies":[{"embeddable":true,"href":"https:\/\/www.ecinews.fr\/fr\/wp-json\/wp\/v2\/comments?post=269258"}],"version-history":[{"count":0,"href":"https:\/\/www.ecinews.fr\/fr\/wp-json\/wp\/v2\/posts\/269258\/revisions"}],"wp:featuredmedia":[{"embeddable":true,"href":"https:\/\/www.ecinews.fr\/fr\/wp-json\/wp\/v2\/media\/269259"}],"wp:attachment":[{"href":"https:\/\/www.ecinews.fr\/fr\/wp-json\/wp\/v2\/media?parent=269258"}],"wp:term":[{"taxonomy":"category","embeddable":true,"href":"https:\/\/www.ecinews.fr\/fr\/wp-json\/wp\/v2\/categories?post=269258"},{"taxonomy":"post_tag","embeddable":true,"href":"https:\/\/www.ecinews.fr\/fr\/wp-json\/wp\/v2\/tags?post=269258"},{"taxonomy":"domains","embeddable":true,"href":"https:\/\/www.ecinews.fr\/fr\/wp-json\/wp\/v2\/domains?post=269258"},{"taxonomy":"author","embeddable":true,"href":"https:\/\/www.ecinews.fr\/fr\/wp-json\/wp\/v2\/ppma_author?post=269258"}],"curies":[{"name":"wp","href":"https:\/\/api.w.org\/{rel}","templated":true}]}}