{"id":269100,"date":"2022-02-08T20:15:16","date_gmt":"2022-02-08T19:15:16","guid":{"rendered":"https:\/\/www.eenewseurope.com\/?p=269100"},"modified":"2022-02-08T20:15:16","modified_gmt":"2022-02-08T19:15:16","slug":"semi-applaudit-la-publication-de-la-loi-europeenne-sur-les-puces","status":"publish","type":"post","link":"https:\/\/www.ecinews.fr\/fr\/semi-applaudit-la-publication-de-la-loi-europeenne-sur-les-puces\/","title":{"rendered":"SEMI applaudit la publication de la loi europ\u00e9enne sur les puces"},"content":{"rendered":"<p>SEMI, l\u2019association mondiale de l\u2019industrie repr\u00e9sentant la cha\u00eene d\u2019approvisionnement de la fabrication et de la conception \u00e9lectroniques, a salu\u00e9 la publication de la loi europ\u00e9enne sur les puces. Lanc\u00e9e pour redynamiser la fabrication et l\u2019innovation des semi-conducteurs, la loi appelle \u00e0 quadrupler la capacit\u00e9 de production de l\u2019Europe d\u2019ici 2030 et \u00e9nonce des mesures pour \u00e9viter de futures perturbations de la cha\u00eene d\u2019approvisionnement.<\/p>\n<p>En vertu de cette loi, la Commission europ\u00e9enne est appel\u00e9e \u00e0 intensifier les investissements dans les capacit\u00e9s de l\u2019Europe \u00e0 innover dans la conception, la production et l\u2019emballage de puces avanc\u00e9es. En outre, la loi vise \u00e0 renforcer le leadership de l\u2019Union europ\u00e9enne en mati\u00e8re de R&amp;D et \u00e0 rem\u00e9dier aux p\u00e9nuries de comp\u00e9tences dans la r\u00e9gion.<\/p>\n<p>\u00ab SEMI soutient la loi europ\u00e9enne sur les puces et une l\u00e9gislation et des incitations similaires con\u00e7ues pour renforcer la r\u00e9silience de l\u2019industrie mondiale des semi-conducteurs et cr\u00e9er une cha\u00eene d\u2019approvisionnement plus robuste \u00bb, a d\u00e9clar\u00e9 Ajit Manocha, pr\u00e9sident et chef de la direction de SEMI. \u00ab La p\u00e9nurie actuelle de puces a prolong\u00e9 les d\u00e9lais de livraison des \u00e9quipements et des mat\u00e9riaux de fabrication de semi-conducteurs, retardant ainsi les efforts visant \u00e0 accro\u00eetre la capacit\u00e9 de production de semi-conducteurs. Afin de maximiser l\u2019efficacit\u00e9 des incitations visant \u00e0 accro\u00eetre la capacit\u00e9 et \u00e0 r\u00e9soudre les probl\u00e8mes de cha\u00eene d\u2019approvisionnement \u00e9tendue, elles devraient inclure des investissements dans des \u00e9quipements et des installations de fabrication de mat\u00e9riaux de semi-conducteurs nouveaux et existants.<\/p>\n<p>\u00ab L\u2019European Chips Act vise \u00e0 renforcer les forces de l\u2019Europe \u00bb, a d\u00e9clar\u00e9 Luc Van den hove, pr\u00e9sident du conseil consultatif de Semi Europe et pr\u00e9sident-directeur g\u00e9n\u00e9ral de l\u2019imec. \u00ab En s\u2019appuyant sur les atouts uniques de l\u2019Europe, tels que ses principaux fournisseurs d\u2019\u00e9quipements et de mat\u00e9riaux et sa R&amp;D de premier ordre, et en renfor\u00e7ant ses capacit\u00e9s de fabrication, tant pour les technologies matures que pour les technologies avanc\u00e9es, l\u2019Europe renforcera sa position dans l\u2019\u00e9cosyst\u00e8me mondial des semi-conducteurs.<br \/>\nLe d\u00e9voilement de l\u2019European Chips Act s\u2019inscrit dans le cadre d\u2019initiatives similaires visant \u00e0 soutenir la croissance de l\u2019industrie des semi-conducteurs dans le monde entier. Par exemple, aux \u00c9tats-Unis, la l\u00e9gislation actuelle \u00e0 l\u2019\u00e9tude pr\u00e9voit un financement de 52 milliards de dollars am\u00e9ricains pour augmenter la production nationale de semi-conducteurs.<\/p>\n<p>De m\u00eame, l\u2019Assembl\u00e9e nationale de Cor\u00e9e du Sud a approuv\u00e9 des r\u00e8gles et des incitations fiscales pour soutenir et prot\u00e9ger l\u2019industrie locale des semi-conducteurs, tandis que la Chine a cr\u00e9\u00e9 15 fonds locaux de semi-conducteurs dans le but de fournir 70% de ses propres besoins en puces d\u2019ici 2025.<br \/>\n<a href=\"https:\/\/u7061146.ct.sendgrid.net\/ls\/click?upn=4tNED-2FM8iDZJQyQ53jATUWqooAbyvwUXV-2FOD1U7TtZc-3DMamn_Ja9eihoKTgbB96k3kty92bnR6BVapATlpdIkGl0V0T7KuGkvwFv-2FK64JbK0yk1ieUtnoqV8EtkFxkYhyMgwytMnnT97HzLMD69riQqoIWkTcd3725j1pGPw9RdvmWbdYrdpfv49TUVhcePYZnUOoq-2Bl00cJYy5Re43lSH-2B-2FVVM-2BeH4DnpNfKsnjPf3d1ynhwxLX2ybrRpXPk9kORvp0lCjvvjhtaRFVTE7p01z2-2Bc54AwnQbtZAp6HYYjJiajdOo3biJatZsbKZqVpRBRCne97MGRHPvw0Xfw5DN7vlIMi3j8oyOd2WQeN6PFASpcDQanl1d3rBqzH62pjFvIOZmAnK1EdMzw2EfujlqY6-2FfToI-3D\">www.semi.org<\/a><\/p>\n","protected":false},"excerpt":{"rendered":"<p>SEMI, l\u2019association mondiale de l\u2019industrie repr\u00e9sentant la cha\u00eene d\u2019approvisionnement de la fabrication et de la conception \u00e9lectroniques, a salu\u00e9 la publication de la loi europ\u00e9enne sur les puces. Lanc\u00e9e pour redynamiser la fabrication et l\u2019innovation des semi-conducteurs, la loi appelle \u00e0 quadrupler la capacit\u00e9 de production de l\u2019Europe d\u2019ici 2030 et \u00e9nonce des mesures pour [&hellip;]<\/p>\n","protected":false},"author":9,"featured_media":269101,"comment_status":"closed","ping_status":"closed","sticky":true,"template":"","format":"standard","meta":{"_acf_changed":false,"footnotes":""},"categories":[886],"tags":[936],"domains":[47],"ppma_author":[1141],"class_list":["post-269100","post","type-post","status-publish","format-standard","has-post-thumbnail","hentry","category-news-fr","tag-circuits-integres","domains-electronique-eci"],"acf":[],"yoast_head":"<title>SEMI applaudit la publication de la loi europ\u00e9enne sur les puces ...<\/title>\n<meta name=\"description\" content=\"SEMI, l\u2019association mondiale de l\u2019industrie repr\u00e9sentant la cha\u00eene d\u2019approvisionnement de la fabrication et de la conception \u00e9lectroniques, a salu\u00e9...\" \/>\n<meta name=\"robots\" content=\"index, follow, max-snippet:-1, max-image-preview:large, max-video-preview:-1\" \/>\n<link rel=\"canonical\" href=\"https:\/\/www.ecinews.fr\/fr\/wp-json\/wp\/v2\/posts\/269100\/\" \/>\n<meta property=\"og:locale\" content=\"fr_FR\" \/>\n<meta property=\"og:type\" content=\"article\" \/>\n<meta property=\"og:title\" content=\"SEMI applaudit la publication de la loi europ\u00e9enne sur les puces\" \/>\n<meta property=\"og:description\" content=\"SEMI, l\u2019association mondiale de l\u2019industrie repr\u00e9sentant la cha\u00eene d\u2019approvisionnement de la fabrication et de la conception \u00e9lectroniques, a salu\u00e9 la publication de la loi europ\u00e9enne sur les puces. Lanc\u00e9e pour redynamiser la fabrication et l\u2019innovation des semi-conducteurs, la loi appelle \u00e0 quadrupler la capacit\u00e9 de production de l\u2019Europe d\u2019ici 2030 et \u00e9nonce des mesures pour [&hellip;]\" \/>\n<meta property=\"og:url\" content=\"https:\/\/www.ecinews.fr\/fr\/wp-json\/wp\/v2\/posts\/269100\/\" \/>\n<meta property=\"og:site_name\" content=\"EENewsEurope\" \/>\n<meta property=\"article:published_time\" content=\"2022-02-08T19:15:16+00:00\" \/>\n<meta property=\"og:image\" content=\"https:\/\/www.ecinews.fr\/wp-content\/uploads\/2022\/02\/ECI1027_Semi_actu.jpg\" \/>\n\t<meta property=\"og:image:width\" content=\"224\" \/>\n\t<meta property=\"og:image:height\" content=\"158\" \/>\n\t<meta property=\"og:image:type\" content=\"image\/jpeg\" \/>\n<meta name=\"author\" content=\"Alain Dieul\" \/>\n<meta name=\"twitter:card\" content=\"summary_large_image\" \/>\n<meta name=\"twitter:label1\" content=\"Written by\" \/>\n\t<meta name=\"twitter:data1\" content=\"Alain Dieul\" \/>\n\t<meta name=\"twitter:label2\" content=\"Est. reading time\" \/>\n\t<meta name=\"twitter:data2\" content=\"2 minutes\" \/>\n<script type=\"application\/ld+json\" class=\"yoast-schema-graph\">{\"@context\":\"https:\/\/schema.org\",\"@graph\":[{\"@type\":\"Article\",\"@id\":\"https:\/\/www.ecinews.fr\/fr\/semi-applaudit-la-publication-de-la-loi-europeenne-sur-les-puces\/#article\",\"isPartOf\":{\"@id\":\"https:\/\/www.ecinews.fr\/fr\/semi-applaudit-la-publication-de-la-loi-europeenne-sur-les-puces\/\"},\"author\":{\"name\":\"Alain Dieul\",\"@id\":\"https:\/\/www.ecinews.fr\/fr\/#\/schema\/person\/568c789a4794bd460460501ba91f5daf\"},\"headline\":\"SEMI applaudit la publication de la loi europ\u00e9enne sur les puces\",\"datePublished\":\"2022-02-08T19:15:16+00:00\",\"dateModified\":\"2022-02-08T19:15:16+00:00\",\"mainEntityOfPage\":{\"@id\":\"https:\/\/www.ecinews.fr\/fr\/semi-applaudit-la-publication-de-la-loi-europeenne-sur-les-puces\/\"},\"wordCount\":497,\"publisher\":{\"@id\":\"https:\/\/www.ecinews.fr\/fr\/#organization\"},\"keywords\":[\"Circuits int\u00e9gr\u00e9s\"],\"articleSection\":[\"Actualit\u00e9 g\u00e9n\u00e9rale\"],\"inLanguage\":\"fr-FR\"},{\"@type\":\"WebPage\",\"@id\":\"https:\/\/www.ecinews.fr\/fr\/semi-applaudit-la-publication-de-la-loi-europeenne-sur-les-puces\/\",\"url\":\"https:\/\/www.ecinews.fr\/fr\/semi-applaudit-la-publication-de-la-loi-europeenne-sur-les-puces\/\",\"name\":\"SEMI applaudit la publication de la loi europ\u00e9enne sur les puces -\",\"isPartOf\":{\"@id\":\"https:\/\/www.ecinews.fr\/fr\/#website\"},\"datePublished\":\"2022-02-08T19:15:16+00:00\",\"dateModified\":\"2022-02-08T19:15:16+00:00\",\"breadcrumb\":{\"@id\":\"https:\/\/www.ecinews.fr\/fr\/semi-applaudit-la-publication-de-la-loi-europeenne-sur-les-puces\/#breadcrumb\"},\"inLanguage\":\"fr-FR\",\"potentialAction\":[{\"@type\":\"ReadAction\",\"target\":[\"https:\/\/www.ecinews.fr\/fr\/semi-applaudit-la-publication-de-la-loi-europeenne-sur-les-puces\/\"]}]},{\"@type\":\"BreadcrumbList\",\"@id\":\"https:\/\/www.ecinews.fr\/fr\/semi-applaudit-la-publication-de-la-loi-europeenne-sur-les-puces\/#breadcrumb\",\"itemListElement\":[{\"@type\":\"ListItem\",\"position\":1,\"name\":\"Home\",\"item\":\"https:\/\/www.ecinews.fr\/fr\/\"},{\"@type\":\"ListItem\",\"position\":2,\"name\":\"SEMI applaudit la publication de la loi europ\u00e9enne sur les puces\"}]},{\"@type\":\"WebSite\",\"@id\":\"https:\/\/www.ecinews.fr\/fr\/#website\",\"url\":\"https:\/\/www.ecinews.fr\/fr\/\",\"name\":\"EENewsEurope\",\"description\":\"Just another WordPress site\",\"publisher\":{\"@id\":\"https:\/\/www.ecinews.fr\/fr\/#organization\"},\"potentialAction\":[{\"@type\":\"SearchAction\",\"target\":{\"@type\":\"EntryPoint\",\"urlTemplate\":\"https:\/\/www.ecinews.fr\/fr\/?s={search_term_string}\"},\"query-input\":\"required name=search_term_string\"}],\"inLanguage\":\"fr-FR\"},{\"@type\":\"Organization\",\"@id\":\"https:\/\/www.ecinews.fr\/fr\/#organization\",\"name\":\"EENewsEurope\",\"url\":\"https:\/\/www.ecinews.fr\/fr\/\",\"logo\":{\"@type\":\"ImageObject\",\"inLanguage\":\"fr-FR\",\"@id\":\"https:\/\/www.ecinews.fr\/fr\/#\/schema\/logo\/image\/\",\"url\":\"https:\/\/www.ecinews.fr\/wp-content\/uploads\/2022\/02\/logo-1.jpg\",\"contentUrl\":\"https:\/\/www.ecinews.fr\/wp-content\/uploads\/2022\/02\/logo-1.jpg\",\"width\":283,\"height\":113,\"caption\":\"EENewsEurope\"},\"image\":{\"@id\":\"https:\/\/www.ecinews.fr\/fr\/#\/schema\/logo\/image\/\"}},{\"@type\":\"Person\",\"@id\":\"https:\/\/www.ecinews.fr\/fr\/#\/schema\/person\/568c789a4794bd460460501ba91f5daf\",\"name\":\"Alain Dieul\",\"image\":{\"@type\":\"ImageObject\",\"inLanguage\":\"fr-FR\",\"@id\":\"https:\/\/www.ecinews.fr\/fr\/#\/schema\/person\/image\/6d32dc651fbcef3b338066625b118364\",\"url\":\"https:\/\/secure.gravatar.com\/avatar\/93708ec89b35deb10f4cfbfe144b4e07?s=96&d=mm&r=g\",\"contentUrl\":\"https:\/\/secure.gravatar.com\/avatar\/93708ec89b35deb10f4cfbfe144b4e07?s=96&d=mm&r=g\",\"caption\":\"Alain Dieul\"}}]}<\/script>","yoast_head_json":{"title":"SEMI applaudit la publication de la loi europ\u00e9enne sur les puces ...","description":"SEMI, l\u2019association mondiale de l\u2019industrie repr\u00e9sentant la cha\u00eene d\u2019approvisionnement de la fabrication et de la conception \u00e9lectroniques, a salu\u00e9...","robots":{"index":"index","follow":"follow","max-snippet":"max-snippet:-1","max-image-preview":"max-image-preview:large","max-video-preview":"max-video-preview:-1"},"canonical":"https:\/\/www.ecinews.fr\/fr\/wp-json\/wp\/v2\/posts\/269100\/","og_locale":"fr_FR","og_type":"article","og_title":"SEMI applaudit la publication de la loi europ\u00e9enne sur les puces","og_description":"SEMI, l\u2019association mondiale de l\u2019industrie repr\u00e9sentant la cha\u00eene d\u2019approvisionnement de la fabrication et de la conception \u00e9lectroniques, a salu\u00e9 la publication de la loi europ\u00e9enne sur les puces. Lanc\u00e9e pour redynamiser la fabrication et l\u2019innovation des semi-conducteurs, la loi appelle \u00e0 quadrupler la capacit\u00e9 de production de l\u2019Europe d\u2019ici 2030 et \u00e9nonce des mesures pour [&hellip;]","og_url":"https:\/\/www.ecinews.fr\/fr\/wp-json\/wp\/v2\/posts\/269100\/","og_site_name":"EENewsEurope","article_published_time":"2022-02-08T19:15:16+00:00","og_image":[{"width":224,"height":158,"url":"https:\/\/www.ecinews.fr\/wp-content\/uploads\/2022\/02\/ECI1027_Semi_actu.jpg","type":"image\/jpeg"}],"author":"Alain Dieul","twitter_card":"summary_large_image","twitter_misc":{"Written by":"Alain Dieul","Est. reading time":"2 minutes"},"schema":{"@context":"https:\/\/schema.org","@graph":[{"@type":"Article","@id":"https:\/\/www.ecinews.fr\/fr\/semi-applaudit-la-publication-de-la-loi-europeenne-sur-les-puces\/#article","isPartOf":{"@id":"https:\/\/www.ecinews.fr\/fr\/semi-applaudit-la-publication-de-la-loi-europeenne-sur-les-puces\/"},"author":{"name":"Alain Dieul","@id":"https:\/\/www.ecinews.fr\/fr\/#\/schema\/person\/568c789a4794bd460460501ba91f5daf"},"headline":"SEMI applaudit la publication de la loi europ\u00e9enne sur les puces","datePublished":"2022-02-08T19:15:16+00:00","dateModified":"2022-02-08T19:15:16+00:00","mainEntityOfPage":{"@id":"https:\/\/www.ecinews.fr\/fr\/semi-applaudit-la-publication-de-la-loi-europeenne-sur-les-puces\/"},"wordCount":497,"publisher":{"@id":"https:\/\/www.ecinews.fr\/fr\/#organization"},"keywords":["Circuits int\u00e9gr\u00e9s"],"articleSection":["Actualit\u00e9 g\u00e9n\u00e9rale"],"inLanguage":"fr-FR"},{"@type":"WebPage","@id":"https:\/\/www.ecinews.fr\/fr\/semi-applaudit-la-publication-de-la-loi-europeenne-sur-les-puces\/","url":"https:\/\/www.ecinews.fr\/fr\/semi-applaudit-la-publication-de-la-loi-europeenne-sur-les-puces\/","name":"SEMI applaudit la publication de la loi europ\u00e9enne sur les puces -","isPartOf":{"@id":"https:\/\/www.ecinews.fr\/fr\/#website"},"datePublished":"2022-02-08T19:15:16+00:00","dateModified":"2022-02-08T19:15:16+00:00","breadcrumb":{"@id":"https:\/\/www.ecinews.fr\/fr\/semi-applaudit-la-publication-de-la-loi-europeenne-sur-les-puces\/#breadcrumb"},"inLanguage":"fr-FR","potentialAction":[{"@type":"ReadAction","target":["https:\/\/www.ecinews.fr\/fr\/semi-applaudit-la-publication-de-la-loi-europeenne-sur-les-puces\/"]}]},{"@type":"BreadcrumbList","@id":"https:\/\/www.ecinews.fr\/fr\/semi-applaudit-la-publication-de-la-loi-europeenne-sur-les-puces\/#breadcrumb","itemListElement":[{"@type":"ListItem","position":1,"name":"Home","item":"https:\/\/www.ecinews.fr\/fr\/"},{"@type":"ListItem","position":2,"name":"SEMI applaudit la publication de la loi europ\u00e9enne sur les puces"}]},{"@type":"WebSite","@id":"https:\/\/www.ecinews.fr\/fr\/#website","url":"https:\/\/www.ecinews.fr\/fr\/","name":"EENewsEurope","description":"Just another WordPress site","publisher":{"@id":"https:\/\/www.ecinews.fr\/fr\/#organization"},"potentialAction":[{"@type":"SearchAction","target":{"@type":"EntryPoint","urlTemplate":"https:\/\/www.ecinews.fr\/fr\/?s={search_term_string}"},"query-input":"required name=search_term_string"}],"inLanguage":"fr-FR"},{"@type":"Organization","@id":"https:\/\/www.ecinews.fr\/fr\/#organization","name":"EENewsEurope","url":"https:\/\/www.ecinews.fr\/fr\/","logo":{"@type":"ImageObject","inLanguage":"fr-FR","@id":"https:\/\/www.ecinews.fr\/fr\/#\/schema\/logo\/image\/","url":"https:\/\/www.ecinews.fr\/wp-content\/uploads\/2022\/02\/logo-1.jpg","contentUrl":"https:\/\/www.ecinews.fr\/wp-content\/uploads\/2022\/02\/logo-1.jpg","width":283,"height":113,"caption":"EENewsEurope"},"image":{"@id":"https:\/\/www.ecinews.fr\/fr\/#\/schema\/logo\/image\/"}},{"@type":"Person","@id":"https:\/\/www.ecinews.fr\/fr\/#\/schema\/person\/568c789a4794bd460460501ba91f5daf","name":"Alain Dieul","image":{"@type":"ImageObject","inLanguage":"fr-FR","@id":"https:\/\/www.ecinews.fr\/fr\/#\/schema\/person\/image\/6d32dc651fbcef3b338066625b118364","url":"https:\/\/secure.gravatar.com\/avatar\/93708ec89b35deb10f4cfbfe144b4e07?s=96&d=mm&r=g","contentUrl":"https:\/\/secure.gravatar.com\/avatar\/93708ec89b35deb10f4cfbfe144b4e07?s=96&d=mm&r=g","caption":"Alain Dieul"}}]}},"authors":[{"term_id":1141,"user_id":9,"is_guest":0,"slug":"alaindieul","display_name":"Alain Dieul","avatar_url":"https:\/\/secure.gravatar.com\/avatar\/93708ec89b35deb10f4cfbfe144b4e07?s=96&d=mm&r=g","0":null,"1":"","2":"","3":"","4":"","5":"","6":"","7":"","8":""}],"_links":{"self":[{"href":"https:\/\/www.ecinews.fr\/fr\/wp-json\/wp\/v2\/posts\/269100"}],"collection":[{"href":"https:\/\/www.ecinews.fr\/fr\/wp-json\/wp\/v2\/posts"}],"about":[{"href":"https:\/\/www.ecinews.fr\/fr\/wp-json\/wp\/v2\/types\/post"}],"author":[{"embeddable":true,"href":"https:\/\/www.ecinews.fr\/fr\/wp-json\/wp\/v2\/users\/9"}],"replies":[{"embeddable":true,"href":"https:\/\/www.ecinews.fr\/fr\/wp-json\/wp\/v2\/comments?post=269100"}],"version-history":[{"count":0,"href":"https:\/\/www.ecinews.fr\/fr\/wp-json\/wp\/v2\/posts\/269100\/revisions"}],"wp:featuredmedia":[{"embeddable":true,"href":"https:\/\/www.ecinews.fr\/fr\/wp-json\/wp\/v2\/media\/269101"}],"wp:attachment":[{"href":"https:\/\/www.ecinews.fr\/fr\/wp-json\/wp\/v2\/media?parent=269100"}],"wp:term":[{"taxonomy":"category","embeddable":true,"href":"https:\/\/www.ecinews.fr\/fr\/wp-json\/wp\/v2\/categories?post=269100"},{"taxonomy":"post_tag","embeddable":true,"href":"https:\/\/www.ecinews.fr\/fr\/wp-json\/wp\/v2\/tags?post=269100"},{"taxonomy":"domains","embeddable":true,"href":"https:\/\/www.ecinews.fr\/fr\/wp-json\/wp\/v2\/domains?post=269100"},{"taxonomy":"author","embeddable":true,"href":"https:\/\/www.ecinews.fr\/fr\/wp-json\/wp\/v2\/ppma_author?post=269100"}],"curies":[{"name":"wp","href":"https:\/\/api.w.org\/{rel}","templated":true}]}}