{"id":268872,"date":"2022-02-08T09:54:43","date_gmt":"2022-02-08T08:54:43","guid":{"rendered":"https:\/\/www.eenewseurope.com\/?p=268872"},"modified":"2022-02-08T09:54:43","modified_gmt":"2022-02-08T08:54:43","slug":"un-cloud-ia-europeen-base-sur-des-systemes-graphcore","status":"publish","type":"post","link":"https:\/\/www.ecinews.fr\/fr\/un-cloud-ia-europeen-base-sur-des-systemes-graphcore\/","title":{"rendered":"Un cloud IA europ\u00e9en bas\u00e9 sur des syst\u00e8mes Graphcore"},"content":{"rendered":"<p><a href=\"http:\/\/graphcore.ai\/\">Graphcore<\/a>, l\u2019inventeur de l\u2019Intelligence Processing Unit (IPU), le microprocesseur d\u00e9di\u00e9 a\u0300 l&rsquo;intelligence artificielle (IA), annonce que\u00a0<a href=\"https:\/\/gcorelabs.com\/\">G-Core Labs<\/a>, fournisseur mondial de services cloud, int\u00e8gre d\u00e9sormais les unit\u00e9s de traitement intelligent Graphcore au centre de son nouveau service de cloud IA public bas\u00e9 en Europe.<\/p>\n<p>L\u2019entreprise s\u2019est tourn\u00e9e vers les syst\u00e8mes IPU pour faire face \u00e0 la demande en forte croissance de capacit\u00e9s d\u2019intelligence artificielle puissantes, efficaces et s\u00e9curis\u00e9es dans le cloud. Le premier service IPU de G-Core Labs sera install\u00e9 sur un cluster initial au Luxembourg avant d\u2019\u00eatre \u00e9tendu \u00e0 l\u2019Europe centrale afin de r\u00e9pondre aux besoins en mati\u00e8re de souverainet\u00e9 des donn\u00e9es des entreprises, des grands laboratoires et des institutions de recherche.<\/p>\n<p>Le cloud IA bas\u00e9 sur les syst\u00e8mes IPU de G-Core Labs a pour objectif d\u2019aider les entreprises d\u2019un certain nombre de secteurs, dont la finance, la sant\u00e9, la fabrication et la recherche scientifique. Il doit contribuer \u00e0 toutes les \u00e9tapes de leur adoption de l\u2019intelligence artificielle, de l\u2019\u00e9laboration de preuves de concept \u00e0 l\u2019entra\u00eenement et au d\u00e9ploiement. Les solutions pr\u00eates \u00e0 l\u2019emploi pour des applications d\u2019IA comme le traitement automatique du langage naturel, la vision par ordinateur et l\u2019IA conversationnelle, ainsi que les autres ressources de mise en \u0153uvre, d\u2019entra\u00eenement et d\u2019assistance, permettront aux clients de r\u00e9soudre des probl\u00e8mes quotidiens en entreprise et d\u2019innover plus rapidement.<\/p>\n<p>\u00ab L\u2019intelligence artificielle \u00e9volue rapidement et les utilisateurs sont \u00e0 la recherche de partenaires technologiques de confiance comme G-Core pour trouver des solutions de calcul puissantes facilement accessibles et tr\u00e8s souples permettant de r\u00e9pondre \u00e0 l\u2019\u00e9volution de leurs besoins \u00bb, explique Andre Reitenbach, PDG de G-Core Labs.<\/p>\n<p>\u00ab L\u2019IA est tr\u00e8s prometteuse, mais ses progr\u00e8s d\u00e9pendent \u00e9norm\u00e9ment des syst\u00e8mes informatiques sur lesquels elle s\u2019ex\u00e9cute. Avec ses partenariats commerciaux et de recherche, Graphcore a montr\u00e9 que ses syst\u00e8mes \u00e9taient des moteurs d\u2019innovation qui ouvraient de nouvelles voies de la recherche en IA tout en offrant une rentabilit\u00e9 exceptionnelle. \u00bb<\/p>\n<p>Nigel Toon, cofondateur et PDG de Graphcore affirme : \u00ab L\u2019infrastructure cloud G-Core soutient une infinit\u00e9 de secteurs, de la finance \u00e0 la m\u00e9decine au e-commerce, en passant par les jeux vid\u00e9os. Elle a prouv\u00e9 sa capacit\u00e9 \u00e0 rendre des technologies informatiques de pointe accessibles, abordables et \u00e9volutives.<\/p>\n<p>En s\u2019associant, Graphcore et G-Core rendront la puissance et la flexibilit\u00e9 des syst\u00e8mes IPU accessibles \u00e0 tous ceux qui souhaitent renforcer leurs capacit\u00e9s d\u2019intelligence artificielle, qu\u2019il s\u2019agisse d\u2019acc\u00e9l\u00e9rer leurs workloads actuels ou de s\u2019essayer \u00e0 l\u2019utilisation de nouveaux mod\u00e8les qui n\u00e9cessitent des syst\u00e8mes sp\u00e9cialis\u00e9s con\u00e7us pour l\u2019IA. \u00bb<\/p>\n<p>Depuis qu\u2019elle a commenc\u00e9 en proposant ses services aux communaut\u00e9s de joueurs en ligne, l\u2019entreprise G-Core s\u2019est forg\u00e9e la r\u00e9putation de fournir des services de mise \u00e0 disposition de contenus tr\u00e8s solides, \u00e0 faible latence et s\u00e9curis\u00e9s pour les entreprises en ligne.<\/p>\n<p>Aujourd\u2019hui, G-Core Labs d\u00e9veloppe un service de cloud IA unique et complet pour l\u2019entra\u00eenement de l\u2019IA et le d\u00e9ploiement d\u2019applications. La plateforme fonctionne selon le principe de guichet unique pour permettre aux d\u00e9veloppeurs de se concentrer sur le d\u00e9veloppement de leurs mod\u00e8les et services de machine learning sans se soucier de pr\u00e9parer l\u2019infrastructure, t\u00e9l\u00e9charger des logiciels, configurer l\u2019environnement ou fournir des cadres, des syst\u00e8mes de stockage des donn\u00e9es et une assistance technique pour tous ces \u00e9l\u00e9ments.<\/p>\n<p>G-Core Labs pr\u00e9voit d\u2019\u00e9tendre son service de cloud IPU en Europe, aux \u00c9tats-Unis et en Asie en 2022.<\/p>\n<p>Atos, leader dans les technologies d\u2019intelligence artificielle et de calcul \u00e0 haute performance, a travaill\u00e9 en \u00e9troite collaboration avec G-Core Labs et Graphcore comme int\u00e9grateur syst\u00e8me pour le d\u00e9ploiement des IPU dans le cloud G-Core. Atos utilisera \u00e9galement le cloud G-Core pour permettre \u00e0 sa base de clients d\u2019acc\u00e9der efficacement et \u00e0 la demande \u00e0 la technologie IPU.<\/p>\n<p>Le service cloud IPU de G-Core Labs est actuellement accessible aux clients avec acc\u00e8s anticip\u00e9. <a href=\"https:\/\/gcorelabs.com\/partners\/graphcore\/\">https:\/\/gcorelabs.com\/partners\/graphcore\/<\/a><\/p>\n<p><a href=\"http:\/\/www.graphcore.ai\">www.graphcore.ai<\/a><\/p>\n","protected":false},"excerpt":{"rendered":"<p>Graphcore, l\u2019inventeur de l\u2019Intelligence Processing Unit (IPU), le microprocesseur d\u00e9di\u00e9 a\u0300 l&rsquo;intelligence artificielle (IA), annonce que\u00a0G-Core Labs, fournisseur mondial de services cloud, int\u00e8gre d\u00e9sormais les unit\u00e9s de traitement intelligent Graphcore au centre de son nouveau service de cloud IA public bas\u00e9 en Europe. L\u2019entreprise s\u2019est tourn\u00e9e vers les syst\u00e8mes IPU pour faire face \u00e0 la [&hellip;]<\/p>\n","protected":false},"author":9,"featured_media":268873,"comment_status":"closed","ping_status":"closed","sticky":false,"template":"","format":"standard","meta":{"_acf_changed":false,"footnotes":""},"categories":[886],"tags":[920],"domains":[47],"ppma_author":[1141],"class_list":["post-268872","post","type-post","status-publish","format-standard","has-post-thumbnail","hentry","category-news-fr","tag-artificialintelligence-fr","domains-electronique-eci"],"acf":[],"yoast_head":"<title>Un cloud IA europ\u00e9en bas\u00e9 sur des syst\u00e8mes Graphcore ...<\/title>\n<meta name=\"description\" content=\"Graphcore, l\u2019inventeur de l\u2019Intelligence Processing Unit (IPU), le microprocesseur d\u00e9di\u00e9 a\u0300 l&rsquo;intelligence artificielle (IA), annonce...\" \/>\n<meta name=\"robots\" content=\"index, follow, max-snippet:-1, max-image-preview:large, max-video-preview:-1\" \/>\n<link rel=\"canonical\" href=\"https:\/\/www.ecinews.fr\/fr\/wp-json\/wp\/v2\/posts\/268872\/\" \/>\n<meta property=\"og:locale\" content=\"fr_FR\" \/>\n<meta property=\"og:type\" content=\"article\" \/>\n<meta property=\"og:title\" content=\"Un cloud IA europ\u00e9en bas\u00e9 sur des syst\u00e8mes Graphcore\" \/>\n<meta property=\"og:description\" content=\"Graphcore, l\u2019inventeur de l\u2019Intelligence Processing Unit (IPU), le microprocesseur d\u00e9di\u00e9 a\u0300 l&rsquo;intelligence artificielle (IA), annonce que\u00a0G-Core Labs, fournisseur mondial de services cloud, int\u00e8gre d\u00e9sormais les unit\u00e9s de traitement intelligent Graphcore au centre de son nouveau service de cloud IA public bas\u00e9 en Europe. L\u2019entreprise s\u2019est tourn\u00e9e vers les syst\u00e8mes IPU pour faire face \u00e0 la [&hellip;]\" \/>\n<meta property=\"og:url\" content=\"https:\/\/www.ecinews.fr\/fr\/wp-json\/wp\/v2\/posts\/268872\/\" \/>\n<meta property=\"og:site_name\" content=\"EENewsEurope\" \/>\n<meta property=\"article:published_time\" content=\"2022-02-08T08:54:43+00:00\" \/>\n<meta property=\"og:image\" content=\"https:\/\/www.ecinews.fr\/wp-content\/uploads\/2022\/02\/ECI1011_G-Core-Labs-scaled.jpg\" \/>\n\t<meta property=\"og:image:width\" content=\"1080\" \/>\n\t<meta property=\"og:image:height\" content=\"810\" \/>\n\t<meta property=\"og:image:type\" content=\"image\/jpeg\" \/>\n<meta name=\"author\" content=\"Alain Dieul\" \/>\n<meta name=\"twitter:card\" content=\"summary_large_image\" \/>\n<meta name=\"twitter:label1\" content=\"Written by\" \/>\n\t<meta name=\"twitter:data1\" content=\"Alain Dieul\" \/>\n\t<meta name=\"twitter:label2\" content=\"Est. reading time\" \/>\n\t<meta name=\"twitter:data2\" content=\"4 minutes\" \/>\n<script type=\"application\/ld+json\" class=\"yoast-schema-graph\">{\"@context\":\"https:\/\/schema.org\",\"@graph\":[{\"@type\":\"Article\",\"@id\":\"https:\/\/www.ecinews.fr\/fr\/un-cloud-ia-europeen-base-sur-des-systemes-graphcore\/#article\",\"isPartOf\":{\"@id\":\"https:\/\/www.ecinews.fr\/fr\/un-cloud-ia-europeen-base-sur-des-systemes-graphcore\/\"},\"author\":{\"name\":\"Alain Dieul\",\"@id\":\"https:\/\/www.eenewseurope.com\/en\/#\/schema\/person\/568c789a4794bd460460501ba91f5daf\"},\"headline\":\"Un cloud IA europ\u00e9en bas\u00e9 sur des syst\u00e8mes Graphcore\",\"datePublished\":\"2022-02-08T08:54:43+00:00\",\"dateModified\":\"2022-02-08T08:54:43+00:00\",\"mainEntityOfPage\":{\"@id\":\"https:\/\/www.ecinews.fr\/fr\/un-cloud-ia-europeen-base-sur-des-systemes-graphcore\/\"},\"wordCount\":725,\"publisher\":{\"@id\":\"https:\/\/www.eenewseurope.com\/en\/#organization\"},\"keywords\":[\"ArtificialIntelligence\"],\"articleSection\":[\"Actualit\u00e9 g\u00e9n\u00e9rale\"],\"inLanguage\":\"fr-FR\"},{\"@type\":\"WebPage\",\"@id\":\"https:\/\/www.ecinews.fr\/fr\/un-cloud-ia-europeen-base-sur-des-systemes-graphcore\/\",\"url\":\"https:\/\/www.ecinews.fr\/fr\/un-cloud-ia-europeen-base-sur-des-systemes-graphcore\/\",\"name\":\"Un cloud IA europ\u00e9en bas\u00e9 sur des syst\u00e8mes Graphcore -\",\"isPartOf\":{\"@id\":\"https:\/\/www.eenewseurope.com\/en\/#website\"},\"datePublished\":\"2022-02-08T08:54:43+00:00\",\"dateModified\":\"2022-02-08T08:54:43+00:00\",\"breadcrumb\":{\"@id\":\"https:\/\/www.ecinews.fr\/fr\/un-cloud-ia-europeen-base-sur-des-systemes-graphcore\/#breadcrumb\"},\"inLanguage\":\"fr-FR\",\"potentialAction\":[{\"@type\":\"ReadAction\",\"target\":[\"https:\/\/www.ecinews.fr\/fr\/un-cloud-ia-europeen-base-sur-des-systemes-graphcore\/\"]}]},{\"@type\":\"BreadcrumbList\",\"@id\":\"https:\/\/www.ecinews.fr\/fr\/un-cloud-ia-europeen-base-sur-des-systemes-graphcore\/#breadcrumb\",\"itemListElement\":[{\"@type\":\"ListItem\",\"position\":1,\"name\":\"Home\",\"item\":\"https:\/\/www.ecinews.fr\/fr\/\"},{\"@type\":\"ListItem\",\"position\":2,\"name\":\"Un cloud IA europ\u00e9en bas\u00e9 sur des syst\u00e8mes Graphcore\"}]},{\"@type\":\"WebSite\",\"@id\":\"https:\/\/www.eenewseurope.com\/en\/#website\",\"url\":\"https:\/\/www.eenewseurope.com\/en\/\",\"name\":\"EENewsEurope\",\"description\":\"Just another WordPress site\",\"publisher\":{\"@id\":\"https:\/\/www.eenewseurope.com\/en\/#organization\"},\"potentialAction\":[{\"@type\":\"SearchAction\",\"target\":{\"@type\":\"EntryPoint\",\"urlTemplate\":\"https:\/\/www.eenewseurope.com\/en\/?s={search_term_string}\"},\"query-input\":\"required name=search_term_string\"}],\"inLanguage\":\"fr-FR\"},{\"@type\":\"Organization\",\"@id\":\"https:\/\/www.eenewseurope.com\/en\/#organization\",\"name\":\"EENewsEurope\",\"url\":\"https:\/\/www.eenewseurope.com\/en\/\",\"logo\":{\"@type\":\"ImageObject\",\"inLanguage\":\"fr-FR\",\"@id\":\"https:\/\/www.eenewseurope.com\/en\/#\/schema\/logo\/image\/\",\"url\":\"https:\/\/www.ecinews.fr\/wp-content\/uploads\/2022\/02\/logo-1.jpg\",\"contentUrl\":\"https:\/\/www.ecinews.fr\/wp-content\/uploads\/2022\/02\/logo-1.jpg\",\"width\":283,\"height\":113,\"caption\":\"EENewsEurope\"},\"image\":{\"@id\":\"https:\/\/www.eenewseurope.com\/en\/#\/schema\/logo\/image\/\"}},{\"@type\":\"Person\",\"@id\":\"https:\/\/www.eenewseurope.com\/en\/#\/schema\/person\/568c789a4794bd460460501ba91f5daf\",\"name\":\"Alain Dieul\",\"image\":{\"@type\":\"ImageObject\",\"inLanguage\":\"fr-FR\",\"@id\":\"https:\/\/www.eenewseurope.com\/en\/#\/schema\/person\/image\/6d32dc651fbcef3b338066625b118364\",\"url\":\"https:\/\/secure.gravatar.com\/avatar\/93708ec89b35deb10f4cfbfe144b4e07?s=96&d=mm&r=g\",\"contentUrl\":\"https:\/\/secure.gravatar.com\/avatar\/93708ec89b35deb10f4cfbfe144b4e07?s=96&d=mm&r=g\",\"caption\":\"Alain Dieul\"}}]}<\/script>","yoast_head_json":{"title":"Un cloud IA europ\u00e9en bas\u00e9 sur des syst\u00e8mes Graphcore ...","description":"Graphcore, l\u2019inventeur de l\u2019Intelligence Processing Unit (IPU), le microprocesseur d\u00e9di\u00e9 a\u0300 l&rsquo;intelligence artificielle (IA), annonce...","robots":{"index":"index","follow":"follow","max-snippet":"max-snippet:-1","max-image-preview":"max-image-preview:large","max-video-preview":"max-video-preview:-1"},"canonical":"https:\/\/www.ecinews.fr\/fr\/wp-json\/wp\/v2\/posts\/268872\/","og_locale":"fr_FR","og_type":"article","og_title":"Un cloud IA europ\u00e9en bas\u00e9 sur des syst\u00e8mes Graphcore","og_description":"Graphcore, l\u2019inventeur de l\u2019Intelligence Processing Unit (IPU), le microprocesseur d\u00e9di\u00e9 a\u0300 l&rsquo;intelligence artificielle (IA), annonce que\u00a0G-Core Labs, fournisseur mondial de services cloud, int\u00e8gre d\u00e9sormais les unit\u00e9s de traitement intelligent Graphcore au centre de son nouveau service de cloud IA public bas\u00e9 en Europe. L\u2019entreprise s\u2019est tourn\u00e9e vers les syst\u00e8mes IPU pour faire face \u00e0 la [&hellip;]","og_url":"https:\/\/www.ecinews.fr\/fr\/wp-json\/wp\/v2\/posts\/268872\/","og_site_name":"EENewsEurope","article_published_time":"2022-02-08T08:54:43+00:00","og_image":[{"width":1080,"height":810,"url":"https:\/\/www.ecinews.fr\/wp-content\/uploads\/2022\/02\/ECI1011_G-Core-Labs-scaled.jpg","type":"image\/jpeg"}],"author":"Alain Dieul","twitter_card":"summary_large_image","twitter_misc":{"Written by":"Alain Dieul","Est. reading time":"4 minutes"},"schema":{"@context":"https:\/\/schema.org","@graph":[{"@type":"Article","@id":"https:\/\/www.ecinews.fr\/fr\/un-cloud-ia-europeen-base-sur-des-systemes-graphcore\/#article","isPartOf":{"@id":"https:\/\/www.ecinews.fr\/fr\/un-cloud-ia-europeen-base-sur-des-systemes-graphcore\/"},"author":{"name":"Alain Dieul","@id":"https:\/\/www.eenewseurope.com\/en\/#\/schema\/person\/568c789a4794bd460460501ba91f5daf"},"headline":"Un cloud IA europ\u00e9en bas\u00e9 sur des syst\u00e8mes Graphcore","datePublished":"2022-02-08T08:54:43+00:00","dateModified":"2022-02-08T08:54:43+00:00","mainEntityOfPage":{"@id":"https:\/\/www.ecinews.fr\/fr\/un-cloud-ia-europeen-base-sur-des-systemes-graphcore\/"},"wordCount":725,"publisher":{"@id":"https:\/\/www.eenewseurope.com\/en\/#organization"},"keywords":["ArtificialIntelligence"],"articleSection":["Actualit\u00e9 g\u00e9n\u00e9rale"],"inLanguage":"fr-FR"},{"@type":"WebPage","@id":"https:\/\/www.ecinews.fr\/fr\/un-cloud-ia-europeen-base-sur-des-systemes-graphcore\/","url":"https:\/\/www.ecinews.fr\/fr\/un-cloud-ia-europeen-base-sur-des-systemes-graphcore\/","name":"Un cloud IA europ\u00e9en bas\u00e9 sur des syst\u00e8mes Graphcore -","isPartOf":{"@id":"https:\/\/www.eenewseurope.com\/en\/#website"},"datePublished":"2022-02-08T08:54:43+00:00","dateModified":"2022-02-08T08:54:43+00:00","breadcrumb":{"@id":"https:\/\/www.ecinews.fr\/fr\/un-cloud-ia-europeen-base-sur-des-systemes-graphcore\/#breadcrumb"},"inLanguage":"fr-FR","potentialAction":[{"@type":"ReadAction","target":["https:\/\/www.ecinews.fr\/fr\/un-cloud-ia-europeen-base-sur-des-systemes-graphcore\/"]}]},{"@type":"BreadcrumbList","@id":"https:\/\/www.ecinews.fr\/fr\/un-cloud-ia-europeen-base-sur-des-systemes-graphcore\/#breadcrumb","itemListElement":[{"@type":"ListItem","position":1,"name":"Home","item":"https:\/\/www.ecinews.fr\/fr\/"},{"@type":"ListItem","position":2,"name":"Un cloud IA europ\u00e9en bas\u00e9 sur des syst\u00e8mes Graphcore"}]},{"@type":"WebSite","@id":"https:\/\/www.eenewseurope.com\/en\/#website","url":"https:\/\/www.eenewseurope.com\/en\/","name":"EENewsEurope","description":"Just another WordPress site","publisher":{"@id":"https:\/\/www.eenewseurope.com\/en\/#organization"},"potentialAction":[{"@type":"SearchAction","target":{"@type":"EntryPoint","urlTemplate":"https:\/\/www.eenewseurope.com\/en\/?s={search_term_string}"},"query-input":"required name=search_term_string"}],"inLanguage":"fr-FR"},{"@type":"Organization","@id":"https:\/\/www.eenewseurope.com\/en\/#organization","name":"EENewsEurope","url":"https:\/\/www.eenewseurope.com\/en\/","logo":{"@type":"ImageObject","inLanguage":"fr-FR","@id":"https:\/\/www.eenewseurope.com\/en\/#\/schema\/logo\/image\/","url":"https:\/\/www.ecinews.fr\/wp-content\/uploads\/2022\/02\/logo-1.jpg","contentUrl":"https:\/\/www.ecinews.fr\/wp-content\/uploads\/2022\/02\/logo-1.jpg","width":283,"height":113,"caption":"EENewsEurope"},"image":{"@id":"https:\/\/www.eenewseurope.com\/en\/#\/schema\/logo\/image\/"}},{"@type":"Person","@id":"https:\/\/www.eenewseurope.com\/en\/#\/schema\/person\/568c789a4794bd460460501ba91f5daf","name":"Alain Dieul","image":{"@type":"ImageObject","inLanguage":"fr-FR","@id":"https:\/\/www.eenewseurope.com\/en\/#\/schema\/person\/image\/6d32dc651fbcef3b338066625b118364","url":"https:\/\/secure.gravatar.com\/avatar\/93708ec89b35deb10f4cfbfe144b4e07?s=96&d=mm&r=g","contentUrl":"https:\/\/secure.gravatar.com\/avatar\/93708ec89b35deb10f4cfbfe144b4e07?s=96&d=mm&r=g","caption":"Alain Dieul"}}]}},"authors":[{"term_id":1141,"user_id":9,"is_guest":0,"slug":"alaindieul","display_name":"Alain Dieul","avatar_url":"https:\/\/secure.gravatar.com\/avatar\/93708ec89b35deb10f4cfbfe144b4e07?s=96&d=mm&r=g","0":null,"1":"","2":"","3":"","4":"","5":"","6":"","7":"","8":""}],"_links":{"self":[{"href":"https:\/\/www.ecinews.fr\/fr\/wp-json\/wp\/v2\/posts\/268872"}],"collection":[{"href":"https:\/\/www.ecinews.fr\/fr\/wp-json\/wp\/v2\/posts"}],"about":[{"href":"https:\/\/www.ecinews.fr\/fr\/wp-json\/wp\/v2\/types\/post"}],"author":[{"embeddable":true,"href":"https:\/\/www.ecinews.fr\/fr\/wp-json\/wp\/v2\/users\/9"}],"replies":[{"embeddable":true,"href":"https:\/\/www.ecinews.fr\/fr\/wp-json\/wp\/v2\/comments?post=268872"}],"version-history":[{"count":0,"href":"https:\/\/www.ecinews.fr\/fr\/wp-json\/wp\/v2\/posts\/268872\/revisions"}],"wp:featuredmedia":[{"embeddable":true,"href":"https:\/\/www.ecinews.fr\/fr\/wp-json\/wp\/v2\/media\/268873"}],"wp:attachment":[{"href":"https:\/\/www.ecinews.fr\/fr\/wp-json\/wp\/v2\/media?parent=268872"}],"wp:term":[{"taxonomy":"category","embeddable":true,"href":"https:\/\/www.ecinews.fr\/fr\/wp-json\/wp\/v2\/categories?post=268872"},{"taxonomy":"post_tag","embeddable":true,"href":"https:\/\/www.ecinews.fr\/fr\/wp-json\/wp\/v2\/tags?post=268872"},{"taxonomy":"domains","embeddable":true,"href":"https:\/\/www.ecinews.fr\/fr\/wp-json\/wp\/v2\/domains?post=268872"},{"taxonomy":"author","embeddable":true,"href":"https:\/\/www.ecinews.fr\/fr\/wp-json\/wp\/v2\/ppma_author?post=268872"}],"curies":[{"name":"wp","href":"https:\/\/api.w.org\/{rel}","templated":true}]}}