{"id":268516,"date":"2022-02-03T19:03:33","date_gmt":"2022-02-03T18:03:33","guid":{"rendered":"https:\/\/www.eenewseurope.com\/?p=268516"},"modified":"2022-02-03T19:03:33","modified_gmt":"2022-02-03T18:03:33","slug":"la-rumeur-court-sur-les-relations-entre-thales-et-atos","status":"publish","type":"post","link":"https:\/\/www.ecinews.fr\/fr\/la-rumeur-court-sur-les-relations-entre-thales-et-atos\/","title":{"rendered":"La rumeur court sur les relations entre Thales et Atos"},"content":{"rendered":"<h4>Une rumeur persistante&#8230;<\/h4>\n<p>Elle court, elle court et elle agite les esprit et s\u00e8me le doute. Dans son \u00e9dition du 2 f\u00e9vrier, le quotidien d\u2019actualit\u00e9 \u00e9conomique \u00ab Les Echos \u00bb d\u00e9veloppait un long article sur l\u2019int\u00e9r\u00eat de Thales par tout actif de cybers\u00e9curit\u00e9 qui serait disponible \u00e0 la vente et mentionnait le possible int\u00e9r\u00eat pour la division Big Data et S\u00e9curit\u00e9 du groupe informatique Atos.<\/p>\n<p>Dans un communiqu\u00e9 imm\u00e9diat, Thales r\u00e9pondait que sa strat\u00e9gie \u00e9tait claire en mati\u00e8re d&rsquo;acquisitions, centr\u00e9e sur le renforcement de ses trois grands segments d&rsquo;activit\u00e9 : a\u00e9ronautique, d\u00e9fense &amp; s\u00e9curit\u00e9, et identit\u00e9 &amp; s\u00e9curit\u00e9 num\u00e9riques, avec aucune intention de se diversifier sur d&rsquo;autres march\u00e9s que ceux qu&rsquo;il dessert \u00e0 ce jour. Thales confirmant qu\u2019il n\u2019y avait aucune discussion en cours avec Atos \u00a0sur ce sujet.<\/p>\n<p>A suivre&#8230;<\/p>\n<p>sur le m\u00eame sujet:<\/p>\n<div class=\"image-wrapper\">\n<div class=\"title-wrapper\">\n<h4 class=\"title\">Thales rach\u00e8te l\u2019activit\u00e9 d\u2019aides \u00e0 la navigation de l\u2019am\u00e9ricain Moog<\/h4>\n<\/div>\n<\/div>\n<div class=\"description\">Thales a acquis l&rsquo;activit\u00e9 d&rsquo;aides \u00e0 la navigation sol de la soci\u00e9t\u00e9 Moog, bas\u00e9e \u00e0 Salt Lake City, dans l&rsquo;Utah. Cette acquisition permettra au groupe de proposer une offre d&rsquo;aides \u00e0 la navigation plus compl\u00e8te \u00e0 ses clients internationaux.<\/div>\n<div>\n<p>L\u2019acquisition a \u00e9t\u00e9 r\u00e9alis\u00e9e apr\u00e8s la r\u00e9ception des approbations r\u00e9glementaires requises en octobre 2021. Avec les activit\u00e9s d\u2019aides \u00e0 la navigation de Moog, Thales pourra proposer non seulement des aides \u00e0 la navigation fixes, mais une technologie \u00ab\u00a0portable\u00a0\u00bb pour soutenir les op\u00e9rations a\u00e9riennes d\u2019urgence et accompagner l\u2019\u00e9volution des besoins de mobilit\u00e9.<\/p>\n<p><a href=\"https:\/\/www.ecinews.fr\/fr\/thales-rachete-lactivite-daides-a-la-navigation-de-lamericain-moog\/\">voir l&rsquo;article complet<\/a><\/p>\n<div class=\"imu-wrapper-inline\">\n<div id=\"adn-0000000000171783\" class=\"\"><\/div>\n<\/div>\n<\/div>\n<div><\/div>\n","protected":false},"excerpt":{"rendered":"<p>La rumeur court sur les relations entre Thales et Atos<\/p>\n","protected":false},"author":11,"featured_media":268519,"comment_status":"closed","ping_status":"closed","sticky":true,"template":"","format":"standard","meta":{"_acf_changed":false,"footnotes":""},"categories":[886],"tags":[],"domains":[47],"ppma_author":[1143],"class_list":["post-268516","post","type-post","status-publish","format-standard","has-post-thumbnail","hentry","category-news-fr","domains-electronique-eci"],"acf":[],"yoast_head":"<title>La rumeur court sur les relations entre Thales et Atos ...<\/title>\n<meta name=\"description\" content=\"La rumeur court sur les relations entre Thales et Atos\" \/>\n<meta name=\"robots\" content=\"index, follow, max-snippet:-1, max-image-preview:large, max-video-preview:-1\" \/>\n<link rel=\"canonical\" href=\"https:\/\/www.ecinews.fr\/fr\/wp-json\/wp\/v2\/posts\/268516\/\" \/>\n<meta property=\"og:locale\" content=\"fr_FR\" \/>\n<meta property=\"og:type\" content=\"article\" \/>\n<meta property=\"og:title\" content=\"La rumeur court sur les relations entre Thales et Atos\" \/>\n<meta property=\"og:description\" content=\"La rumeur court sur les relations entre Thales et Atos\" \/>\n<meta property=\"og:url\" content=\"https:\/\/www.ecinews.fr\/fr\/wp-json\/wp\/v2\/posts\/268516\/\" \/>\n<meta property=\"og:site_name\" content=\"EENewsEurope\" \/>\n<meta property=\"article:published_time\" content=\"2022-02-03T18:03:33+00:00\" \/>\n<meta property=\"og:image\" content=\"https:\/\/www.ecinews.fr\/wp-content\/uploads\/2022\/02\/Thales-Atos.jpg\" \/>\n\t<meta property=\"og:image:width\" content=\"570\" \/>\n\t<meta property=\"og:image:height\" content=\"324\" \/>\n\t<meta property=\"og:image:type\" content=\"image\/jpeg\" \/>\n<meta name=\"author\" content=\"Daniel Cardon\" \/>\n<meta name=\"twitter:card\" content=\"summary_large_image\" \/>\n<meta name=\"twitter:label1\" content=\"Written by\" \/>\n\t<meta name=\"twitter:data1\" content=\"Daniel Cardon\" \/>\n\t<meta name=\"twitter:label2\" content=\"Est. reading time\" \/>\n\t<meta name=\"twitter:data2\" content=\"1 minute\" \/>\n<script type=\"application\/ld+json\" class=\"yoast-schema-graph\">{\"@context\":\"https:\/\/schema.org\",\"@graph\":[{\"@type\":\"Article\",\"@id\":\"https:\/\/www.ecinews.fr\/fr\/la-rumeur-court-sur-les-relations-entre-thales-et-atos\/#article\",\"isPartOf\":{\"@id\":\"https:\/\/www.ecinews.fr\/fr\/la-rumeur-court-sur-les-relations-entre-thales-et-atos\/\"},\"author\":{\"name\":\"Daniel Cardon\",\"@id\":\"https:\/\/www.eenewseurope.com\/en\/#\/schema\/person\/93c44cde463762f40a8236eaa44c1c17\"},\"headline\":\"La rumeur court sur les relations entre Thales et Atos\",\"datePublished\":\"2022-02-03T18:03:33+00:00\",\"dateModified\":\"2022-02-03T18:03:33+00:00\",\"mainEntityOfPage\":{\"@id\":\"https:\/\/www.ecinews.fr\/fr\/la-rumeur-court-sur-les-relations-entre-thales-et-atos\/\"},\"wordCount\":288,\"publisher\":{\"@id\":\"https:\/\/www.eenewseurope.com\/en\/#organization\"},\"articleSection\":[\"Actualit\u00e9 g\u00e9n\u00e9rale\"],\"inLanguage\":\"fr-FR\"},{\"@type\":\"WebPage\",\"@id\":\"https:\/\/www.ecinews.fr\/fr\/la-rumeur-court-sur-les-relations-entre-thales-et-atos\/\",\"url\":\"https:\/\/www.ecinews.fr\/fr\/la-rumeur-court-sur-les-relations-entre-thales-et-atos\/\",\"name\":\"La rumeur court sur les relations entre Thales et Atos -\",\"isPartOf\":{\"@id\":\"https:\/\/www.eenewseurope.com\/en\/#website\"},\"datePublished\":\"2022-02-03T18:03:33+00:00\",\"dateModified\":\"2022-02-03T18:03:33+00:00\",\"description\":\"La rumeur court sur les relations entre Thales et Atos\",\"breadcrumb\":{\"@id\":\"https:\/\/www.ecinews.fr\/fr\/la-rumeur-court-sur-les-relations-entre-thales-et-atos\/#breadcrumb\"},\"inLanguage\":\"fr-FR\",\"potentialAction\":[{\"@type\":\"ReadAction\",\"target\":[\"https:\/\/www.ecinews.fr\/fr\/la-rumeur-court-sur-les-relations-entre-thales-et-atos\/\"]}]},{\"@type\":\"BreadcrumbList\",\"@id\":\"https:\/\/www.ecinews.fr\/fr\/la-rumeur-court-sur-les-relations-entre-thales-et-atos\/#breadcrumb\",\"itemListElement\":[{\"@type\":\"ListItem\",\"position\":1,\"name\":\"Home\",\"item\":\"https:\/\/www.ecinews.fr\/fr\/\"},{\"@type\":\"ListItem\",\"position\":2,\"name\":\"La rumeur court sur les relations entre Thales et Atos\"}]},{\"@type\":\"WebSite\",\"@id\":\"https:\/\/www.eenewseurope.com\/en\/#website\",\"url\":\"https:\/\/www.eenewseurope.com\/en\/\",\"name\":\"EENewsEurope\",\"description\":\"Just another WordPress site\",\"publisher\":{\"@id\":\"https:\/\/www.eenewseurope.com\/en\/#organization\"},\"potentialAction\":[{\"@type\":\"SearchAction\",\"target\":{\"@type\":\"EntryPoint\",\"urlTemplate\":\"https:\/\/www.eenewseurope.com\/en\/?s={search_term_string}\"},\"query-input\":\"required name=search_term_string\"}],\"inLanguage\":\"fr-FR\"},{\"@type\":\"Organization\",\"@id\":\"https:\/\/www.eenewseurope.com\/en\/#organization\",\"name\":\"EENewsEurope\",\"url\":\"https:\/\/www.eenewseurope.com\/en\/\",\"logo\":{\"@type\":\"ImageObject\",\"inLanguage\":\"fr-FR\",\"@id\":\"https:\/\/www.eenewseurope.com\/en\/#\/schema\/logo\/image\/\",\"url\":\"https:\/\/www.ecinews.fr\/wp-content\/uploads\/2022\/02\/logo-1.jpg\",\"contentUrl\":\"https:\/\/www.ecinews.fr\/wp-content\/uploads\/2022\/02\/logo-1.jpg\",\"width\":283,\"height\":113,\"caption\":\"EENewsEurope\"},\"image\":{\"@id\":\"https:\/\/www.eenewseurope.com\/en\/#\/schema\/logo\/image\/\"}},{\"@type\":\"Person\",\"@id\":\"https:\/\/www.eenewseurope.com\/en\/#\/schema\/person\/93c44cde463762f40a8236eaa44c1c17\",\"name\":\"Daniel Cardon\",\"image\":{\"@type\":\"ImageObject\",\"inLanguage\":\"fr-FR\",\"@id\":\"https:\/\/www.eenewseurope.com\/en\/#\/schema\/person\/image\/2b243f6bcc1cff7d86aadfb2cd0bd870\",\"url\":\"https:\/\/secure.gravatar.com\/avatar\/de9edc136dfc061ad4778e04635baefa?s=96&d=mm&r=g\",\"contentUrl\":\"https:\/\/secure.gravatar.com\/avatar\/de9edc136dfc061ad4778e04635baefa?s=96&d=mm&r=g\",\"caption\":\"Daniel Cardon\"}}]}<\/script>","yoast_head_json":{"title":"La rumeur court sur les relations entre Thales et Atos ...","description":"La rumeur court sur les relations entre Thales et Atos","robots":{"index":"index","follow":"follow","max-snippet":"max-snippet:-1","max-image-preview":"max-image-preview:large","max-video-preview":"max-video-preview:-1"},"canonical":"https:\/\/www.ecinews.fr\/fr\/wp-json\/wp\/v2\/posts\/268516\/","og_locale":"fr_FR","og_type":"article","og_title":"La rumeur court sur les relations entre Thales et Atos","og_description":"La rumeur court sur les relations entre Thales et Atos","og_url":"https:\/\/www.ecinews.fr\/fr\/wp-json\/wp\/v2\/posts\/268516\/","og_site_name":"EENewsEurope","article_published_time":"2022-02-03T18:03:33+00:00","og_image":[{"width":570,"height":324,"url":"https:\/\/www.ecinews.fr\/wp-content\/uploads\/2022\/02\/Thales-Atos.jpg","type":"image\/jpeg"}],"author":"Daniel Cardon","twitter_card":"summary_large_image","twitter_misc":{"Written by":"Daniel Cardon","Est. reading time":"1 minute"},"schema":{"@context":"https:\/\/schema.org","@graph":[{"@type":"Article","@id":"https:\/\/www.ecinews.fr\/fr\/la-rumeur-court-sur-les-relations-entre-thales-et-atos\/#article","isPartOf":{"@id":"https:\/\/www.ecinews.fr\/fr\/la-rumeur-court-sur-les-relations-entre-thales-et-atos\/"},"author":{"name":"Daniel Cardon","@id":"https:\/\/www.eenewseurope.com\/en\/#\/schema\/person\/93c44cde463762f40a8236eaa44c1c17"},"headline":"La rumeur court sur les relations entre Thales et Atos","datePublished":"2022-02-03T18:03:33+00:00","dateModified":"2022-02-03T18:03:33+00:00","mainEntityOfPage":{"@id":"https:\/\/www.ecinews.fr\/fr\/la-rumeur-court-sur-les-relations-entre-thales-et-atos\/"},"wordCount":288,"publisher":{"@id":"https:\/\/www.eenewseurope.com\/en\/#organization"},"articleSection":["Actualit\u00e9 g\u00e9n\u00e9rale"],"inLanguage":"fr-FR"},{"@type":"WebPage","@id":"https:\/\/www.ecinews.fr\/fr\/la-rumeur-court-sur-les-relations-entre-thales-et-atos\/","url":"https:\/\/www.ecinews.fr\/fr\/la-rumeur-court-sur-les-relations-entre-thales-et-atos\/","name":"La rumeur court sur les relations entre Thales et Atos -","isPartOf":{"@id":"https:\/\/www.eenewseurope.com\/en\/#website"},"datePublished":"2022-02-03T18:03:33+00:00","dateModified":"2022-02-03T18:03:33+00:00","description":"La rumeur court sur les relations entre Thales et Atos","breadcrumb":{"@id":"https:\/\/www.ecinews.fr\/fr\/la-rumeur-court-sur-les-relations-entre-thales-et-atos\/#breadcrumb"},"inLanguage":"fr-FR","potentialAction":[{"@type":"ReadAction","target":["https:\/\/www.ecinews.fr\/fr\/la-rumeur-court-sur-les-relations-entre-thales-et-atos\/"]}]},{"@type":"BreadcrumbList","@id":"https:\/\/www.ecinews.fr\/fr\/la-rumeur-court-sur-les-relations-entre-thales-et-atos\/#breadcrumb","itemListElement":[{"@type":"ListItem","position":1,"name":"Home","item":"https:\/\/www.ecinews.fr\/fr\/"},{"@type":"ListItem","position":2,"name":"La rumeur court sur les relations entre Thales et Atos"}]},{"@type":"WebSite","@id":"https:\/\/www.eenewseurope.com\/en\/#website","url":"https:\/\/www.eenewseurope.com\/en\/","name":"EENewsEurope","description":"Just another WordPress site","publisher":{"@id":"https:\/\/www.eenewseurope.com\/en\/#organization"},"potentialAction":[{"@type":"SearchAction","target":{"@type":"EntryPoint","urlTemplate":"https:\/\/www.eenewseurope.com\/en\/?s={search_term_string}"},"query-input":"required name=search_term_string"}],"inLanguage":"fr-FR"},{"@type":"Organization","@id":"https:\/\/www.eenewseurope.com\/en\/#organization","name":"EENewsEurope","url":"https:\/\/www.eenewseurope.com\/en\/","logo":{"@type":"ImageObject","inLanguage":"fr-FR","@id":"https:\/\/www.eenewseurope.com\/en\/#\/schema\/logo\/image\/","url":"https:\/\/www.ecinews.fr\/wp-content\/uploads\/2022\/02\/logo-1.jpg","contentUrl":"https:\/\/www.ecinews.fr\/wp-content\/uploads\/2022\/02\/logo-1.jpg","width":283,"height":113,"caption":"EENewsEurope"},"image":{"@id":"https:\/\/www.eenewseurope.com\/en\/#\/schema\/logo\/image\/"}},{"@type":"Person","@id":"https:\/\/www.eenewseurope.com\/en\/#\/schema\/person\/93c44cde463762f40a8236eaa44c1c17","name":"Daniel Cardon","image":{"@type":"ImageObject","inLanguage":"fr-FR","@id":"https:\/\/www.eenewseurope.com\/en\/#\/schema\/person\/image\/2b243f6bcc1cff7d86aadfb2cd0bd870","url":"https:\/\/secure.gravatar.com\/avatar\/de9edc136dfc061ad4778e04635baefa?s=96&d=mm&r=g","contentUrl":"https:\/\/secure.gravatar.com\/avatar\/de9edc136dfc061ad4778e04635baefa?s=96&d=mm&r=g","caption":"Daniel Cardon"}}]}},"authors":[{"term_id":1143,"user_id":11,"is_guest":0,"slug":"danielcardon","display_name":"Daniel Cardon","avatar_url":"https:\/\/secure.gravatar.com\/avatar\/de9edc136dfc061ad4778e04635baefa?s=96&d=mm&r=g","0":null,"1":"","2":"","3":"","4":"","5":"","6":"","7":"","8":""}],"_links":{"self":[{"href":"https:\/\/www.ecinews.fr\/fr\/wp-json\/wp\/v2\/posts\/268516"}],"collection":[{"href":"https:\/\/www.ecinews.fr\/fr\/wp-json\/wp\/v2\/posts"}],"about":[{"href":"https:\/\/www.ecinews.fr\/fr\/wp-json\/wp\/v2\/types\/post"}],"author":[{"embeddable":true,"href":"https:\/\/www.ecinews.fr\/fr\/wp-json\/wp\/v2\/users\/11"}],"replies":[{"embeddable":true,"href":"https:\/\/www.ecinews.fr\/fr\/wp-json\/wp\/v2\/comments?post=268516"}],"version-history":[{"count":0,"href":"https:\/\/www.ecinews.fr\/fr\/wp-json\/wp\/v2\/posts\/268516\/revisions"}],"wp:featuredmedia":[{"embeddable":true,"href":"https:\/\/www.ecinews.fr\/fr\/wp-json\/wp\/v2\/media\/268519"}],"wp:attachment":[{"href":"https:\/\/www.ecinews.fr\/fr\/wp-json\/wp\/v2\/media?parent=268516"}],"wp:term":[{"taxonomy":"category","embeddable":true,"href":"https:\/\/www.ecinews.fr\/fr\/wp-json\/wp\/v2\/categories?post=268516"},{"taxonomy":"post_tag","embeddable":true,"href":"https:\/\/www.ecinews.fr\/fr\/wp-json\/wp\/v2\/tags?post=268516"},{"taxonomy":"domains","embeddable":true,"href":"https:\/\/www.ecinews.fr\/fr\/wp-json\/wp\/v2\/domains?post=268516"},{"taxonomy":"author","embeddable":true,"href":"https:\/\/www.ecinews.fr\/fr\/wp-json\/wp\/v2\/ppma_author?post=268516"}],"curies":[{"name":"wp","href":"https:\/\/api.w.org\/{rel}","templated":true}]}}