{"id":268367,"date":"2022-02-02T18:25:22","date_gmt":"2022-02-02T17:25:22","guid":{"rendered":"https:\/\/www.eenewsanalog.com\/?p=268367"},"modified":"2022-02-02T18:25:22","modified_gmt":"2022-02-02T17:25:22","slug":"micron-retire-le-design-des-drams-de-chine","status":"publish","type":"post","link":"https:\/\/www.ecinews.fr\/fr\/micron-retire-le-design-des-drams-de-chine\/","title":{"rendered":"Micron retire le design des DRAMs de Chine"},"content":{"rendered":"<p><span class=\"VIiyi\" lang=\"fr\"><span class=\"JLqJ4b\" data-language-for-alternatives=\"fr\" data-language-to-translate-into=\"en\" data-phrase-index=\"0\" data-number-of-phrases=\"1\">Le fabricant am\u00e9ricain de puces m\u00e9moire <a href=\"https:\/\/ecinews.fr\/fr\/?s=mICRON\">Micron Technology<\/a> a d\u00e9clar\u00e9 qu&rsquo;il cesserait la conception de DRAM \u00e0 Shanghai d&rsquo;ici la fin de 2022, selon un rapport du South China Morning Post.<\/span><\/span><\/p>\n<p><span class=\"VIiyi\" lang=\"fr\"><span class=\"JLqJ4b\" data-language-for-alternatives=\"fr\" data-language-to-translate-into=\"en\" data-phrase-index=\"0\" data-number-of-phrases=\"1\">Le SCMP fait r\u00e9f\u00e9rence \u00e0 des sources de l&rsquo;industrie affirmant que certains des 150 ing\u00e9nieurs chinois se verront proposer une r\u00e9installation aux \u00c9tats-Unis ou en Inde et fait r\u00e9f\u00e9rence \u00e0 des employ\u00e9s et des observateurs affirmant que cette d\u00e9cision pourrait viser \u00e0 \u00e9viter les fuites de technologie vers les concurrents chinois.<\/span><\/span><\/p>\n<p><span class=\"VIiyi\" lang=\"fr\"><span class=\"JLqJ4b\" data-language-for-alternatives=\"fr\" data-language-to-translate-into=\"en\" data-phrase-index=\"0\" data-number-of-phrases=\"1\">L&rsquo;article faisait r\u00e9f\u00e9rence \u00e0 un employ\u00e9 anonyme de Micron, affirmant que la d\u00e9cision avait \u00e9t\u00e9 prise en raison de pertes pass\u00e9es de savoir-faire technologique due au d\u00e9bauchage d&#8217;employ\u00e9s par des rivaux chinois. Il a cit\u00e9 Chen Rang, un investisseur et entrepreneur chinois dans les semiconducteurs, affirmant que Micron avait perdu plus d&rsquo;un tiers d&rsquo;une \u00e9quipe de 300 personnes \u00e0 Shanghai.<\/span><\/span><\/p>\n<p><span class=\"VIiyi\" lang=\"fr\"><span class=\"JLqJ4b\" data-language-for-alternatives=\"fr\" data-language-to-translate-into=\"en\" data-phrase-index=\"0\" data-number-of-phrases=\"1\">Le rapport cite une d\u00e9claration de Micron indiquant que son \u00e9quipe d&rsquo;ing\u00e9nieurs DRAM \u00e0 Shanghai \u00ab\u00a0allait quitter le centre de conception de Shanghai\u00a0\u00bb, le processus devant \u00eatre achev\u00e9 avant d\u00e9cembre 2022. Micron prend cette d\u00e9cision pour se concentrer sur la technologie flash NAND au centre de conception, selon Reuters.<\/span><\/span><\/p>\n<p><span class=\"VIiyi\" lang=\"fr\"><span class=\"JLqJ4b\" data-language-for-alternatives=\"fr\" data-language-to-translate-into=\"en\" data-phrase-index=\"0\" data-number-of-phrases=\"1\">En juin 2020, UMC a \u00e9t\u00e9 reconnu coupable de vol de secrets commerciaux \u00e0 Micron aux \u00c9tats-Unis par un tribunal de la ville de Taichung, \u00e0 Ta\u00efwan (voir <a href=\"https:\/\/www.eenewsanalog.com\/news\/umc-found-guilty-stealing-micron-dram-secrets\">UMC found guilty of stealing Micron DRAM secrets<\/a>). UMC a \u00e9t\u00e9 condamn\u00e9e \u00e0 payer une amende de 100 millions de dollars taiwanais (environ 3,37 millions de dollars am\u00e9ricains). La fonderie devait faire appel de la d\u00e9cision.<\/span><\/span><\/p>\n<p><span class=\"VIiyi\" lang=\"fr\"><span class=\"JLqJ4b\" data-language-for-alternatives=\"fr\" data-language-to-translate-into=\"en\" data-phrase-index=\"0\" data-number-of-phrases=\"1\">Le proc\u00e8s faisait r\u00e9f\u00e9rence \u00e0 des \u00e9v\u00e9nements de 2015 \u00e0 2017, lorsque UMC travaillait avec Fujian Jinhua Integrated Circuit Co. Ltd. pour d\u00e9velopper et introduire des composants DRAM sur le march\u00e9. Il a \u00e9t\u00e9 all\u00e9gu\u00e9 que deux ing\u00e9nieurs qui avaient pr\u00e9c\u00e9demment travaill\u00e9 pour Micron Taiwan, avant de rejoindre UMC en novembre 2015 et mars 2016, avaient transmis des informations de Micron \u00e0 UMC, bien qu&rsquo;UMC ait toujours affirm\u00e9 que le projet Fujian Jinhua \u00e9tait bas\u00e9 sur sa propre technologie DRAM propri\u00e9taire (voir <a href=\"https:\/\/www.eenewsanalog.com\/news\/umc-sues-micron-china\">UMC sues Micron in China<\/a>).<\/span><\/span><\/p>\n<div class=\"title-wrapper\">\n<p class=\"title\"><a href=\"https:\/\/ecinews.fr\/fr\/micron-et-mouser-poursuivis-en-allemagne\/\">Micron et Mouser poursuivis en Allemagne<\/a><\/p>\n<\/div>\n<p><span class=\"VIiyi\" lang=\"fr\"><span class=\"JLqJ4b\" data-language-for-alternatives=\"fr\" data-language-to-translate-into=\"en\" data-phrase-index=\"0\" data-number-of-phrases=\"1\">Le proc\u00e8s a eu un effet suffisamment dissuasif pour qu&rsquo;UMC suspende le projet avec Jinhua (voir <a href=\"https:\/\/www.eenewsanalog.com\/news\/report-umc-backs-away-china-dram-venture\">Report: UMC backs away from China DRAM venture<\/a> UMC se retire de l&rsquo;entreprise DRAM en Chine), mais UMC a \u00e9galement poursuivi avec succ\u00e8s Micron en Chine pour contrefa\u00e7on de brevet (voir <a href=\"https:\/\/www.eenewsanalog.com\/news\/micron-hit-chinese-dram-ban\">Micron hit with Chinese DRAM ban<\/a> ). <\/span><\/span><\/p>\n<p><span class=\"VIiyi\" lang=\"fr\"><span class=\"JLqJ4b\" data-language-for-alternatives=\"fr\" data-language-to-translate-into=\"en\" data-phrase-index=\"0\" data-number-of-phrases=\"1\">Micron a annonc\u00e9 que son campus de production de DRAM \u00e0 Xi&rsquo;an, capitale de la province du nord-ouest du Shaanxi, est de nouveau op\u00e9rationnel \u00e0 pleine capacit\u00e9. Ceci fait suite au confinement mis en place par Micron conform\u00e9ment aux mesures de confinement de la ville qui sont entr\u00e9es en vigueur le 23 d\u00e9cembre 2021.<\/span><\/span><\/p>\n<p>&nbsp;<\/p>\n<p><strong>Related links and articles:<\/strong><\/p>\n<p><a href=\"http:\/\/www.micron.com\">www.micron.com<\/a><\/p>\n<p><strong>News articles:<\/strong><\/p>\n<p><a href=\"https:\/\/www.eenewsanalog.com\/news\/micron-tips-dram-delays-due-xian-lockdown\">Micron tips DRAM delays due to Xi&rsquo;an lockdown<\/a><\/p>\n<p><a href=\"https:\/\/www.eenewsanalog.com\/news\/umc-pays-reach-micron-memory-settlement\">UMC pays to reach Micron memory settlement<\/a><\/p>\n<p><a href=\"https:\/\/www.eenewsanalog.com\/news\/micron-plans-7-billion-japanese-dram-fab\">Micron plans for $7 billion Japanese DRAM fab<\/a><\/p>\n<p><a href=\"https:\/\/www.eenewsanalog.com\/news\/umc-found-guilty-stealing-micron-dram-secrets\">UMC found guilty of stealing Micron DRAM secrets<\/a><\/p>\n<p><a href=\"https:\/\/www.eenewsanalog.com\/news\/micron-hit-chinese-dram-ban\">Micron hit with Chinese DRAM ban<\/a><\/p>\n<p><a href=\"https:\/\/www.eenewsanalog.com\/news\/umc-sues-micron-china\">UMC sues Micron in China<\/a><\/p>\n<p><a href=\"https:\/\/www.eenewsanalog.com\/news\/report-umc-backs-away-china-dram-venture\">Report: UMC backs away from China DRAM venture<\/a><\/p>\n","protected":false},"excerpt":{"rendered":"<p>Micron retire le design des DRAMs de Chine<\/p>\n","protected":false},"author":34,"featured_media":267841,"comment_status":"closed","ping_status":"closed","sticky":true,"template":"","format":"standard","meta":{"_acf_changed":false,"footnotes":""},"categories":[886],"tags":[905,3632],"domains":[47],"ppma_author":[1153],"class_list":["post-268367","post","type-post","status-publish","format-standard","has-post-thumbnail","hentry","category-news-fr","tag-memory-data-storage-fr","tag-micron-fr","domains-electronique-eci"],"acf":[],"yoast_head":"<title>Micron retire le design des DRAMs de Chine ...<\/title>\n<meta name=\"description\" content=\"Micron Technology a d\u00e9clar\u00e9 qu&#039;il cesserait la conception de DRAM \u00e0 Shanghai d&#039;ici fin 2022, selon un rapport du South China Morning Post.\" \/>\n<meta name=\"robots\" content=\"index, follow, max-snippet:-1, max-image-preview:large, max-video-preview:-1\" \/>\n<link rel=\"canonical\" href=\"https:\/\/www.ecinews.fr\/fr\/wp-json\/wp\/v2\/posts\/268367\/\" \/>\n<meta property=\"og:locale\" content=\"fr_FR\" \/>\n<meta property=\"og:type\" content=\"article\" \/>\n<meta property=\"og:title\" content=\"Micron retire le design des DRAMs de Chine\" \/>\n<meta property=\"og:description\" content=\"Micron Technology a d\u00e9clar\u00e9 qu&#039;il cesserait la conception de DRAM \u00e0 Shanghai d&#039;ici fin 2022, selon un rapport du South China Morning Post.\" \/>\n<meta property=\"og:url\" content=\"https:\/\/www.ecinews.fr\/fr\/wp-json\/wp\/v2\/posts\/268367\/\" \/>\n<meta property=\"og:site_name\" content=\"EENewsEurope\" \/>\n<meta property=\"article:published_time\" content=\"2022-02-02T17:25:22+00:00\" \/>\n<meta property=\"og:image\" content=\"https:\/\/www.ecinews.fr\/wp-content\/uploads\/2022\/02\/MicronDRAM630.jpg\" \/>\n\t<meta property=\"og:image:width\" content=\"630\" \/>\n\t<meta property=\"og:image:height\" content=\"406\" \/>\n\t<meta property=\"og:image:type\" content=\"image\/jpeg\" \/>\n<meta name=\"author\" content=\"A Delapalisse\" \/>\n<meta name=\"twitter:card\" content=\"summary_large_image\" \/>\n<meta name=\"twitter:label1\" content=\"Written by\" \/>\n\t<meta name=\"twitter:data1\" content=\"A Delapalisse\" \/>\n\t<meta name=\"twitter:label2\" content=\"Est. reading time\" \/>\n\t<meta name=\"twitter:data2\" content=\"2 minutes\" \/>\n<script type=\"application\/ld+json\" class=\"yoast-schema-graph\">{\"@context\":\"https:\/\/schema.org\",\"@graph\":[{\"@type\":\"Article\",\"@id\":\"https:\/\/www.ecinews.fr\/fr\/micron-retire-le-design-des-drams-de-chine\/#article\",\"isPartOf\":{\"@id\":\"https:\/\/www.ecinews.fr\/fr\/micron-retire-le-design-des-drams-de-chine\/\"},\"author\":{\"name\":\"A Delapalisse\",\"@id\":\"https:\/\/www.eenewseurope.com\/en\/#\/schema\/person\/0aa2cfb0bd8949724a68cbac8d8321b4\"},\"headline\":\"Micron retire le design des DRAMs de Chine\",\"datePublished\":\"2022-02-02T17:25:22+00:00\",\"dateModified\":\"2022-02-02T17:25:22+00:00\",\"mainEntityOfPage\":{\"@id\":\"https:\/\/www.ecinews.fr\/fr\/micron-retire-le-design-des-drams-de-chine\/\"},\"wordCount\":549,\"publisher\":{\"@id\":\"https:\/\/www.eenewseurope.com\/en\/#organization\"},\"keywords\":[\"Memory &amp; Data Storage\",\"Micron\"],\"articleSection\":[\"Actualit\u00e9 g\u00e9n\u00e9rale\"],\"inLanguage\":\"fr-FR\"},{\"@type\":\"WebPage\",\"@id\":\"https:\/\/www.ecinews.fr\/fr\/micron-retire-le-design-des-drams-de-chine\/\",\"url\":\"https:\/\/www.ecinews.fr\/fr\/micron-retire-le-design-des-drams-de-chine\/\",\"name\":\"Micron retire le design des DRAMs de Chine\",\"isPartOf\":{\"@id\":\"https:\/\/www.eenewseurope.com\/en\/#website\"},\"datePublished\":\"2022-02-02T17:25:22+00:00\",\"dateModified\":\"2022-02-02T17:25:22+00:00\",\"description\":\"Micron Technology a d\u00e9clar\u00e9 qu'il cesserait la conception de DRAM \u00e0 Shanghai d'ici fin 2022, selon un rapport du South China Morning Post.\",\"breadcrumb\":{\"@id\":\"https:\/\/www.ecinews.fr\/fr\/micron-retire-le-design-des-drams-de-chine\/#breadcrumb\"},\"inLanguage\":\"fr-FR\",\"potentialAction\":[{\"@type\":\"ReadAction\",\"target\":[\"https:\/\/www.ecinews.fr\/fr\/micron-retire-le-design-des-drams-de-chine\/\"]}]},{\"@type\":\"BreadcrumbList\",\"@id\":\"https:\/\/www.ecinews.fr\/fr\/micron-retire-le-design-des-drams-de-chine\/#breadcrumb\",\"itemListElement\":[{\"@type\":\"ListItem\",\"position\":1,\"name\":\"Home\",\"item\":\"https:\/\/www.ecinews.fr\/fr\/\"},{\"@type\":\"ListItem\",\"position\":2,\"name\":\"Micron retire le design des DRAMs de Chine\"}]},{\"@type\":\"WebSite\",\"@id\":\"https:\/\/www.eenewseurope.com\/en\/#website\",\"url\":\"https:\/\/www.eenewseurope.com\/en\/\",\"name\":\"EENewsEurope\",\"description\":\"Just another WordPress site\",\"publisher\":{\"@id\":\"https:\/\/www.eenewseurope.com\/en\/#organization\"},\"potentialAction\":[{\"@type\":\"SearchAction\",\"target\":{\"@type\":\"EntryPoint\",\"urlTemplate\":\"https:\/\/www.eenewseurope.com\/en\/?s={search_term_string}\"},\"query-input\":\"required name=search_term_string\"}],\"inLanguage\":\"fr-FR\"},{\"@type\":\"Organization\",\"@id\":\"https:\/\/www.eenewseurope.com\/en\/#organization\",\"name\":\"EENewsEurope\",\"url\":\"https:\/\/www.eenewseurope.com\/en\/\",\"logo\":{\"@type\":\"ImageObject\",\"inLanguage\":\"fr-FR\",\"@id\":\"https:\/\/www.eenewseurope.com\/en\/#\/schema\/logo\/image\/\",\"url\":\"https:\/\/www.ecinews.fr\/wp-content\/uploads\/2022\/02\/logo-1.jpg\",\"contentUrl\":\"https:\/\/www.ecinews.fr\/wp-content\/uploads\/2022\/02\/logo-1.jpg\",\"width\":283,\"height\":113,\"caption\":\"EENewsEurope\"},\"image\":{\"@id\":\"https:\/\/www.eenewseurope.com\/en\/#\/schema\/logo\/image\/\"}},{\"@type\":\"Person\",\"@id\":\"https:\/\/www.eenewseurope.com\/en\/#\/schema\/person\/0aa2cfb0bd8949724a68cbac8d8321b4\",\"name\":\"A Delapalisse\",\"image\":{\"@type\":\"ImageObject\",\"inLanguage\":\"fr-FR\",\"@id\":\"https:\/\/www.eenewseurope.com\/en\/#\/schema\/person\/image\/211ac42237c2e9683c0964086c393cb4\",\"url\":\"https:\/\/secure.gravatar.com\/avatar\/ad45a8c5da24bc9c7c4940dd1c48a695?s=96&d=mm&r=g\",\"contentUrl\":\"https:\/\/secure.gravatar.com\/avatar\/ad45a8c5da24bc9c7c4940dd1c48a695?s=96&d=mm&r=g\",\"caption\":\"A Delapalisse\"},\"sameAs\":[\"http:\/\/ECI\"]}]}<\/script>","yoast_head_json":{"title":"Micron retire le design des DRAMs de Chine ...","description":"Micron Technology a d\u00e9clar\u00e9 qu'il cesserait la conception de DRAM \u00e0 Shanghai d'ici fin 2022, selon un rapport du South China Morning Post.","robots":{"index":"index","follow":"follow","max-snippet":"max-snippet:-1","max-image-preview":"max-image-preview:large","max-video-preview":"max-video-preview:-1"},"canonical":"https:\/\/www.ecinews.fr\/fr\/wp-json\/wp\/v2\/posts\/268367\/","og_locale":"fr_FR","og_type":"article","og_title":"Micron retire le design des DRAMs de Chine","og_description":"Micron Technology a d\u00e9clar\u00e9 qu'il cesserait la conception de DRAM \u00e0 Shanghai d'ici fin 2022, selon un rapport du South China Morning Post.","og_url":"https:\/\/www.ecinews.fr\/fr\/wp-json\/wp\/v2\/posts\/268367\/","og_site_name":"EENewsEurope","article_published_time":"2022-02-02T17:25:22+00:00","og_image":[{"width":630,"height":406,"url":"https:\/\/www.ecinews.fr\/wp-content\/uploads\/2022\/02\/MicronDRAM630.jpg","type":"image\/jpeg"}],"author":"A Delapalisse","twitter_card":"summary_large_image","twitter_misc":{"Written by":"A Delapalisse","Est. reading time":"2 minutes"},"schema":{"@context":"https:\/\/schema.org","@graph":[{"@type":"Article","@id":"https:\/\/www.ecinews.fr\/fr\/micron-retire-le-design-des-drams-de-chine\/#article","isPartOf":{"@id":"https:\/\/www.ecinews.fr\/fr\/micron-retire-le-design-des-drams-de-chine\/"},"author":{"name":"A Delapalisse","@id":"https:\/\/www.eenewseurope.com\/en\/#\/schema\/person\/0aa2cfb0bd8949724a68cbac8d8321b4"},"headline":"Micron retire le design des DRAMs de Chine","datePublished":"2022-02-02T17:25:22+00:00","dateModified":"2022-02-02T17:25:22+00:00","mainEntityOfPage":{"@id":"https:\/\/www.ecinews.fr\/fr\/micron-retire-le-design-des-drams-de-chine\/"},"wordCount":549,"publisher":{"@id":"https:\/\/www.eenewseurope.com\/en\/#organization"},"keywords":["Memory &amp; Data Storage","Micron"],"articleSection":["Actualit\u00e9 g\u00e9n\u00e9rale"],"inLanguage":"fr-FR"},{"@type":"WebPage","@id":"https:\/\/www.ecinews.fr\/fr\/micron-retire-le-design-des-drams-de-chine\/","url":"https:\/\/www.ecinews.fr\/fr\/micron-retire-le-design-des-drams-de-chine\/","name":"Micron retire le design des DRAMs de Chine","isPartOf":{"@id":"https:\/\/www.eenewseurope.com\/en\/#website"},"datePublished":"2022-02-02T17:25:22+00:00","dateModified":"2022-02-02T17:25:22+00:00","description":"Micron Technology a d\u00e9clar\u00e9 qu'il cesserait la conception de DRAM \u00e0 Shanghai d'ici fin 2022, selon un rapport du South China Morning Post.","breadcrumb":{"@id":"https:\/\/www.ecinews.fr\/fr\/micron-retire-le-design-des-drams-de-chine\/#breadcrumb"},"inLanguage":"fr-FR","potentialAction":[{"@type":"ReadAction","target":["https:\/\/www.ecinews.fr\/fr\/micron-retire-le-design-des-drams-de-chine\/"]}]},{"@type":"BreadcrumbList","@id":"https:\/\/www.ecinews.fr\/fr\/micron-retire-le-design-des-drams-de-chine\/#breadcrumb","itemListElement":[{"@type":"ListItem","position":1,"name":"Home","item":"https:\/\/www.ecinews.fr\/fr\/"},{"@type":"ListItem","position":2,"name":"Micron retire le design des DRAMs de Chine"}]},{"@type":"WebSite","@id":"https:\/\/www.eenewseurope.com\/en\/#website","url":"https:\/\/www.eenewseurope.com\/en\/","name":"EENewsEurope","description":"Just another WordPress site","publisher":{"@id":"https:\/\/www.eenewseurope.com\/en\/#organization"},"potentialAction":[{"@type":"SearchAction","target":{"@type":"EntryPoint","urlTemplate":"https:\/\/www.eenewseurope.com\/en\/?s={search_term_string}"},"query-input":"required name=search_term_string"}],"inLanguage":"fr-FR"},{"@type":"Organization","@id":"https:\/\/www.eenewseurope.com\/en\/#organization","name":"EENewsEurope","url":"https:\/\/www.eenewseurope.com\/en\/","logo":{"@type":"ImageObject","inLanguage":"fr-FR","@id":"https:\/\/www.eenewseurope.com\/en\/#\/schema\/logo\/image\/","url":"https:\/\/www.ecinews.fr\/wp-content\/uploads\/2022\/02\/logo-1.jpg","contentUrl":"https:\/\/www.ecinews.fr\/wp-content\/uploads\/2022\/02\/logo-1.jpg","width":283,"height":113,"caption":"EENewsEurope"},"image":{"@id":"https:\/\/www.eenewseurope.com\/en\/#\/schema\/logo\/image\/"}},{"@type":"Person","@id":"https:\/\/www.eenewseurope.com\/en\/#\/schema\/person\/0aa2cfb0bd8949724a68cbac8d8321b4","name":"A Delapalisse","image":{"@type":"ImageObject","inLanguage":"fr-FR","@id":"https:\/\/www.eenewseurope.com\/en\/#\/schema\/person\/image\/211ac42237c2e9683c0964086c393cb4","url":"https:\/\/secure.gravatar.com\/avatar\/ad45a8c5da24bc9c7c4940dd1c48a695?s=96&d=mm&r=g","contentUrl":"https:\/\/secure.gravatar.com\/avatar\/ad45a8c5da24bc9c7c4940dd1c48a695?s=96&d=mm&r=g","caption":"A Delapalisse"},"sameAs":["http:\/\/ECI"]}]}},"authors":[{"term_id":1153,"user_id":34,"is_guest":0,"slug":"adelapalisse","display_name":"A Delapalisse","avatar_url":"https:\/\/secure.gravatar.com\/avatar\/ad45a8c5da24bc9c7c4940dd1c48a695?s=96&d=mm&r=g","0":null,"1":"","2":"","3":"","4":"","5":"","6":"","7":"","8":""}],"_links":{"self":[{"href":"https:\/\/www.ecinews.fr\/fr\/wp-json\/wp\/v2\/posts\/268367"}],"collection":[{"href":"https:\/\/www.ecinews.fr\/fr\/wp-json\/wp\/v2\/posts"}],"about":[{"href":"https:\/\/www.ecinews.fr\/fr\/wp-json\/wp\/v2\/types\/post"}],"author":[{"embeddable":true,"href":"https:\/\/www.ecinews.fr\/fr\/wp-json\/wp\/v2\/users\/34"}],"replies":[{"embeddable":true,"href":"https:\/\/www.ecinews.fr\/fr\/wp-json\/wp\/v2\/comments?post=268367"}],"version-history":[{"count":0,"href":"https:\/\/www.ecinews.fr\/fr\/wp-json\/wp\/v2\/posts\/268367\/revisions"}],"wp:featuredmedia":[{"embeddable":true,"href":"https:\/\/www.ecinews.fr\/fr\/wp-json\/wp\/v2\/media\/267841"}],"wp:attachment":[{"href":"https:\/\/www.ecinews.fr\/fr\/wp-json\/wp\/v2\/media?parent=268367"}],"wp:term":[{"taxonomy":"category","embeddable":true,"href":"https:\/\/www.ecinews.fr\/fr\/wp-json\/wp\/v2\/categories?post=268367"},{"taxonomy":"post_tag","embeddable":true,"href":"https:\/\/www.ecinews.fr\/fr\/wp-json\/wp\/v2\/tags?post=268367"},{"taxonomy":"domains","embeddable":true,"href":"https:\/\/www.ecinews.fr\/fr\/wp-json\/wp\/v2\/domains?post=268367"},{"taxonomy":"author","embeddable":true,"href":"https:\/\/www.ecinews.fr\/fr\/wp-json\/wp\/v2\/ppma_author?post=268367"}],"curies":[{"name":"wp","href":"https:\/\/api.w.org\/{rel}","templated":true}]}}