{"id":268354,"date":"2022-02-02T18:16:27","date_gmt":"2022-02-02T17:16:27","guid":{"rendered":"https:\/\/www.eenewseurope.com\/?p=268354"},"modified":"2022-02-02T18:16:27","modified_gmt":"2022-02-02T17:16:27","slug":"verkor-choisit-dunkerque-pour-sa-premiere-gigafactory","status":"publish","type":"post","link":"https:\/\/www.ecinews.fr\/fr\/verkor-choisit-dunkerque-pour-sa-premiere-gigafactory\/","title":{"rendered":"Verkor choisit Dunkerque pour sa premi\u00e8re Gigafactory"},"content":{"rendered":"<p>L&rsquo;entreprise industrielle fran\u00e7aise Verkor annonce la s\u00e9lection du port de Dunkerque pour la construction de sa premi\u00e8re Gigafactory pour le d\u00e9veloppement de cellules de batterie bas-carbone con\u00e7ues pour soutenir les objectifs europ\u00e9ens de neutralit\u00e9 carbone. La premi\u00e8re livraison de batteries \u00e0 faible teneur en carbone et \u00e0 haute performance pour les v\u00e9hicules \u00e9lectriques, pr\u00e9vue pour juillet 2025, sera fabriqu\u00e9e \u00e0 Dunkerque. La capacit\u00e9 de production \u00e9voluera de 16 GWh en 2025 \u00e0 50 GWh en 2030. Cette annonce marque une \u00e9tape importante pour Verkor, fond\u00e9e en 2020, concr\u00e9tisant ainsi la vision de l&rsquo;entreprise et acc\u00e9l\u00e9rant ses objectifs de d\u00e9veloppement de batteries.<\/p>\n<p>Dunkerque est le site le plus prometteur parmi les 40 sites \u00e9tudi\u00e9s par Verkor en France, en Espagne et en Italie. D&rsquo;une superficie de plus de 150 hectares, le site r\u00e9pondra \u00e0 la demande croissante des constructeurs automobiles europ\u00e9ens et internationaux, et \u00e0 l\u2019acc\u00e9l\u00e9ration du d\u00e9ploiement des v\u00e9hicules \u00e9lectriques \u00e0 hautes performances sur le continent. Le site r\u00e9pond \u00e0 toutes les exigences d\u2019une Gigafactory en termes de terrain, de logistique, de capacit\u00e9 \u00e9nerg\u00e9tique, de proximit\u00e9 des clients, d&rsquo;acc\u00e8s \u00e0 une main-d&rsquo;\u0153uvre qualifi\u00e9e et d&rsquo;expansion. Jusqu&rsquo;\u00e0 1 200 emplois directs et plus de 3 000 emplois indirects pourront \u00eatre cr\u00e9\u00e9s au cours de la premi\u00e8re phase du projet. La Gigafactory de Verkor permettra de cr\u00e9er un nouvel \u00e9cosyst\u00e8me d&rsquo;acteurs et de solutions pour accompagner le d\u00e9veloppement de la cha\u00eene de valeur des batteries en Europe. Les batteries haute performance et bas carbone produites par Verkor contribueront au maintien de l&rsquo;excellence et de l&rsquo;innovation de l&rsquo;industrie automobile fran\u00e7aise et europ\u00e9enne. La production lanc\u00e9e, la Gigafactory approvisionnera plusieurs clients, et notamment Renault Group suite \u00e0 la signature d&rsquo;un partenariat strat\u00e9gique avec Verkor l&rsquo;\u00e9t\u00e9 dernier. Benoit Lemaignan, PDG de Verkor a d\u00e9clar\u00e9 : \u00ab Nous sommes maintenant impatients de travailler avec nos partenaires pour r\u00e9unir toutes les conditions gagnantes afin de construire la meilleure usine de cellules de batterie au monde. Dunkerque est le meilleur choix parmi de nombreuses opportunit\u00e9s et je tiens vraiment \u00e0 remercier toutes les personnes des territoires, ainsi que nos partenaires dont le Groupe IDEC, qui nous ont accompagn\u00e9s dans cette d\u00e9marche. \u00bb<\/p>\n<p>&nbsp;<\/p>\n<p>A propos de Verkor<\/p>\n<p>Fond\u00e9e en juillet 2020, Verkor est une entreprise industrielle fran\u00e7aise bas\u00e9e \u00e0 Grenoble. B\u00e9n\u00e9ficiant du soutien de l&rsquo;EIT InnoEnergy, du Groupe IDEC, de Schneider Electric, Capgemini, Renault Group, EQT Ventures, Arkema, Tokai COBEX et du FMET g\u00e9r\u00e9 par Demeter, la soci\u00e9t\u00e9 acc\u00e9l\u00e8re la production de batteries bas carbone en France et en Europe pour r\u00e9pondre \u00e0 la demande croissante de v\u00e9hicules \u00e9lectriques, de la mobilit\u00e9 \u00e9lectrique en g\u00e9n\u00e9ral et du stockage stationnaire en Europe. Verkor d\u00e9veloppe un mod\u00e8le d\u2019affaires attractif en termes d\u2019agilit\u00e9, de durabilit\u00e9 et de gouvernance, et attire de ce fait les meilleurs talents. Une \u00e9quipe solide et agile continue de grandir pour faire face aux nouveaux enjeux. Le projet men\u00e9 par Verkor est unificateur, il rassemble les meilleurs partenaires pour localiser l\u2019ensemble de la cha\u00eene de valeur en Europe, assurant ainsi une utilisation optimale des comp\u00e9tences et des ressources. Gr\u00e2ce \u00e0 ces atouts, Verkor ouvrira sa ligne pilote 4.0 enti\u00e8rement digitale en 2022. Mod\u00e8le d&rsquo;excellence, de comp\u00e9titivit\u00e9 et d&rsquo;utilisation des ressources, cette innovation sera int\u00e9gr\u00e9e \u00e0 la Gigafactory pr\u00e9vue pour 2024.<\/p>\n<p>&nbsp;<\/p>\n<p>www.verkor.com<\/p>\n","protected":false},"excerpt":{"rendered":"<p>L&rsquo;entreprise industrielle fran\u00e7aise Verkor annonce la s\u00e9lection du port de Dunkerque pour la construction de sa premi\u00e8re Gigafactory pour le d\u00e9veloppement de cellules de batterie bas-carbone con\u00e7ues pour soutenir les objectifs europ\u00e9ens de neutralit\u00e9 carbone. La premi\u00e8re livraison de batteries \u00e0 faible teneur en carbone et \u00e0 haute performance pour les v\u00e9hicules \u00e9lectriques, pr\u00e9vue pour [&hellip;]<\/p>\n","protected":false},"author":9,"featured_media":268355,"comment_status":"closed","ping_status":"closed","sticky":true,"template":"","format":"standard","meta":{"_acf_changed":false,"footnotes":""},"categories":[886],"tags":[909],"domains":[47],"ppma_author":[1141],"class_list":["post-268354","post","type-post","status-publish","format-standard","has-post-thumbnail","hentry","category-news-fr","tag-batteries-power-supplies-fr","domains-electronique-eci"],"acf":[],"yoast_head":"<title>Verkor choisit Dunkerque pour sa premi\u00e8re Gigafactory ...<\/title>\n<meta name=\"description\" content=\"L&rsquo;entreprise industrielle fran\u00e7aise Verkor annonce la s\u00e9lection du port de Dunkerque pour la construction de sa premi\u00e8re Gigafactory pour le...\" \/>\n<meta name=\"robots\" content=\"index, follow, max-snippet:-1, max-image-preview:large, max-video-preview:-1\" \/>\n<link rel=\"canonical\" href=\"https:\/\/www.ecinews.fr\/fr\/wp-json\/wp\/v2\/posts\/268354\/\" \/>\n<meta property=\"og:locale\" content=\"fr_FR\" \/>\n<meta property=\"og:type\" content=\"article\" \/>\n<meta property=\"og:title\" content=\"Verkor choisit Dunkerque pour sa premi\u00e8re Gigafactory\" \/>\n<meta property=\"og:description\" content=\"L&rsquo;entreprise industrielle fran\u00e7aise Verkor annonce la s\u00e9lection du port de Dunkerque pour la construction de sa premi\u00e8re Gigafactory pour le d\u00e9veloppement de cellules de batterie bas-carbone con\u00e7ues pour soutenir les objectifs europ\u00e9ens de neutralit\u00e9 carbone. La premi\u00e8re livraison de batteries \u00e0 faible teneur en carbone et \u00e0 haute performance pour les v\u00e9hicules \u00e9lectriques, pr\u00e9vue pour [&hellip;]\" \/>\n<meta property=\"og:url\" content=\"https:\/\/www.ecinews.fr\/fr\/wp-json\/wp\/v2\/posts\/268354\/\" \/>\n<meta property=\"og:site_name\" content=\"EENewsEurope\" \/>\n<meta property=\"article:published_time\" content=\"2022-02-02T17:16:27+00:00\" \/>\n<meta property=\"og:image\" content=\"https:\/\/www.ecinews.fr\/wp-content\/uploads\/2022\/02\/ECI1004_Verkor_actu.jpg\" \/>\n\t<meta property=\"og:image:width\" content=\"962\" \/>\n\t<meta property=\"og:image:height\" content=\"536\" \/>\n\t<meta property=\"og:image:type\" content=\"image\/jpeg\" \/>\n<meta name=\"author\" content=\"Alain Dieul\" \/>\n<meta name=\"twitter:card\" content=\"summary_large_image\" \/>\n<meta name=\"twitter:label1\" content=\"Written by\" \/>\n\t<meta name=\"twitter:data1\" content=\"Alain Dieul\" \/>\n\t<meta name=\"twitter:label2\" content=\"Est. reading time\" \/>\n\t<meta name=\"twitter:data2\" content=\"3 minutes\" \/>\n<script type=\"application\/ld+json\" class=\"yoast-schema-graph\">{\"@context\":\"https:\/\/schema.org\",\"@graph\":[{\"@type\":\"Article\",\"@id\":\"https:\/\/www.ecinews.fr\/fr\/verkor-choisit-dunkerque-pour-sa-premiere-gigafactory\/#article\",\"isPartOf\":{\"@id\":\"https:\/\/www.ecinews.fr\/fr\/verkor-choisit-dunkerque-pour-sa-premiere-gigafactory\/\"},\"author\":{\"name\":\"Alain Dieul\",\"@id\":\"https:\/\/www.ecinews.fr\/fr\/#\/schema\/person\/568c789a4794bd460460501ba91f5daf\"},\"headline\":\"Verkor choisit Dunkerque pour sa premi\u00e8re Gigafactory\",\"datePublished\":\"2022-02-02T17:16:27+00:00\",\"dateModified\":\"2022-02-02T17:16:27+00:00\",\"mainEntityOfPage\":{\"@id\":\"https:\/\/www.ecinews.fr\/fr\/verkor-choisit-dunkerque-pour-sa-premiere-gigafactory\/\"},\"wordCount\":596,\"publisher\":{\"@id\":\"https:\/\/www.ecinews.fr\/fr\/#organization\"},\"keywords\":[\"Batteries \/ Power Supplies\"],\"articleSection\":[\"Actualit\u00e9 g\u00e9n\u00e9rale\"],\"inLanguage\":\"fr-FR\"},{\"@type\":\"WebPage\",\"@id\":\"https:\/\/www.ecinews.fr\/fr\/verkor-choisit-dunkerque-pour-sa-premiere-gigafactory\/\",\"url\":\"https:\/\/www.ecinews.fr\/fr\/verkor-choisit-dunkerque-pour-sa-premiere-gigafactory\/\",\"name\":\"Verkor choisit Dunkerque pour sa premi\u00e8re Gigafactory -\",\"isPartOf\":{\"@id\":\"https:\/\/www.ecinews.fr\/fr\/#website\"},\"datePublished\":\"2022-02-02T17:16:27+00:00\",\"dateModified\":\"2022-02-02T17:16:27+00:00\",\"breadcrumb\":{\"@id\":\"https:\/\/www.ecinews.fr\/fr\/verkor-choisit-dunkerque-pour-sa-premiere-gigafactory\/#breadcrumb\"},\"inLanguage\":\"fr-FR\",\"potentialAction\":[{\"@type\":\"ReadAction\",\"target\":[\"https:\/\/www.ecinews.fr\/fr\/verkor-choisit-dunkerque-pour-sa-premiere-gigafactory\/\"]}]},{\"@type\":\"BreadcrumbList\",\"@id\":\"https:\/\/www.ecinews.fr\/fr\/verkor-choisit-dunkerque-pour-sa-premiere-gigafactory\/#breadcrumb\",\"itemListElement\":[{\"@type\":\"ListItem\",\"position\":1,\"name\":\"Home\",\"item\":\"https:\/\/www.ecinews.fr\/fr\/\"},{\"@type\":\"ListItem\",\"position\":2,\"name\":\"Verkor choisit Dunkerque pour sa premi\u00e8re Gigafactory\"}]},{\"@type\":\"WebSite\",\"@id\":\"https:\/\/www.ecinews.fr\/fr\/#website\",\"url\":\"https:\/\/www.ecinews.fr\/fr\/\",\"name\":\"EENewsEurope\",\"description\":\"Just another WordPress site\",\"publisher\":{\"@id\":\"https:\/\/www.ecinews.fr\/fr\/#organization\"},\"potentialAction\":[{\"@type\":\"SearchAction\",\"target\":{\"@type\":\"EntryPoint\",\"urlTemplate\":\"https:\/\/www.ecinews.fr\/fr\/?s={search_term_string}\"},\"query-input\":\"required name=search_term_string\"}],\"inLanguage\":\"fr-FR\"},{\"@type\":\"Organization\",\"@id\":\"https:\/\/www.ecinews.fr\/fr\/#organization\",\"name\":\"EENewsEurope\",\"url\":\"https:\/\/www.ecinews.fr\/fr\/\",\"logo\":{\"@type\":\"ImageObject\",\"inLanguage\":\"fr-FR\",\"@id\":\"https:\/\/www.ecinews.fr\/fr\/#\/schema\/logo\/image\/\",\"url\":\"https:\/\/www.ecinews.fr\/wp-content\/uploads\/2022\/02\/logo-1.jpg\",\"contentUrl\":\"https:\/\/www.ecinews.fr\/wp-content\/uploads\/2022\/02\/logo-1.jpg\",\"width\":283,\"height\":113,\"caption\":\"EENewsEurope\"},\"image\":{\"@id\":\"https:\/\/www.ecinews.fr\/fr\/#\/schema\/logo\/image\/\"}},{\"@type\":\"Person\",\"@id\":\"https:\/\/www.ecinews.fr\/fr\/#\/schema\/person\/568c789a4794bd460460501ba91f5daf\",\"name\":\"Alain Dieul\",\"image\":{\"@type\":\"ImageObject\",\"inLanguage\":\"fr-FR\",\"@id\":\"https:\/\/www.ecinews.fr\/fr\/#\/schema\/person\/image\/6d32dc651fbcef3b338066625b118364\",\"url\":\"https:\/\/secure.gravatar.com\/avatar\/93708ec89b35deb10f4cfbfe144b4e07?s=96&d=mm&r=g\",\"contentUrl\":\"https:\/\/secure.gravatar.com\/avatar\/93708ec89b35deb10f4cfbfe144b4e07?s=96&d=mm&r=g\",\"caption\":\"Alain Dieul\"}}]}<\/script>","yoast_head_json":{"title":"Verkor choisit Dunkerque pour sa premi\u00e8re Gigafactory ...","description":"L&rsquo;entreprise industrielle fran\u00e7aise Verkor annonce la s\u00e9lection du port de Dunkerque pour la construction de sa premi\u00e8re Gigafactory pour le...","robots":{"index":"index","follow":"follow","max-snippet":"max-snippet:-1","max-image-preview":"max-image-preview:large","max-video-preview":"max-video-preview:-1"},"canonical":"https:\/\/www.ecinews.fr\/fr\/wp-json\/wp\/v2\/posts\/268354\/","og_locale":"fr_FR","og_type":"article","og_title":"Verkor choisit Dunkerque pour sa premi\u00e8re Gigafactory","og_description":"L&rsquo;entreprise industrielle fran\u00e7aise Verkor annonce la s\u00e9lection du port de Dunkerque pour la construction de sa premi\u00e8re Gigafactory pour le d\u00e9veloppement de cellules de batterie bas-carbone con\u00e7ues pour soutenir les objectifs europ\u00e9ens de neutralit\u00e9 carbone. La premi\u00e8re livraison de batteries \u00e0 faible teneur en carbone et \u00e0 haute performance pour les v\u00e9hicules \u00e9lectriques, pr\u00e9vue pour [&hellip;]","og_url":"https:\/\/www.ecinews.fr\/fr\/wp-json\/wp\/v2\/posts\/268354\/","og_site_name":"EENewsEurope","article_published_time":"2022-02-02T17:16:27+00:00","og_image":[{"width":962,"height":536,"url":"https:\/\/www.ecinews.fr\/wp-content\/uploads\/2022\/02\/ECI1004_Verkor_actu.jpg","type":"image\/jpeg"}],"author":"Alain Dieul","twitter_card":"summary_large_image","twitter_misc":{"Written by":"Alain Dieul","Est. reading time":"3 minutes"},"schema":{"@context":"https:\/\/schema.org","@graph":[{"@type":"Article","@id":"https:\/\/www.ecinews.fr\/fr\/verkor-choisit-dunkerque-pour-sa-premiere-gigafactory\/#article","isPartOf":{"@id":"https:\/\/www.ecinews.fr\/fr\/verkor-choisit-dunkerque-pour-sa-premiere-gigafactory\/"},"author":{"name":"Alain Dieul","@id":"https:\/\/www.ecinews.fr\/fr\/#\/schema\/person\/568c789a4794bd460460501ba91f5daf"},"headline":"Verkor choisit Dunkerque pour sa premi\u00e8re Gigafactory","datePublished":"2022-02-02T17:16:27+00:00","dateModified":"2022-02-02T17:16:27+00:00","mainEntityOfPage":{"@id":"https:\/\/www.ecinews.fr\/fr\/verkor-choisit-dunkerque-pour-sa-premiere-gigafactory\/"},"wordCount":596,"publisher":{"@id":"https:\/\/www.ecinews.fr\/fr\/#organization"},"keywords":["Batteries \/ Power Supplies"],"articleSection":["Actualit\u00e9 g\u00e9n\u00e9rale"],"inLanguage":"fr-FR"},{"@type":"WebPage","@id":"https:\/\/www.ecinews.fr\/fr\/verkor-choisit-dunkerque-pour-sa-premiere-gigafactory\/","url":"https:\/\/www.ecinews.fr\/fr\/verkor-choisit-dunkerque-pour-sa-premiere-gigafactory\/","name":"Verkor choisit Dunkerque pour sa premi\u00e8re Gigafactory -","isPartOf":{"@id":"https:\/\/www.ecinews.fr\/fr\/#website"},"datePublished":"2022-02-02T17:16:27+00:00","dateModified":"2022-02-02T17:16:27+00:00","breadcrumb":{"@id":"https:\/\/www.ecinews.fr\/fr\/verkor-choisit-dunkerque-pour-sa-premiere-gigafactory\/#breadcrumb"},"inLanguage":"fr-FR","potentialAction":[{"@type":"ReadAction","target":["https:\/\/www.ecinews.fr\/fr\/verkor-choisit-dunkerque-pour-sa-premiere-gigafactory\/"]}]},{"@type":"BreadcrumbList","@id":"https:\/\/www.ecinews.fr\/fr\/verkor-choisit-dunkerque-pour-sa-premiere-gigafactory\/#breadcrumb","itemListElement":[{"@type":"ListItem","position":1,"name":"Home","item":"https:\/\/www.ecinews.fr\/fr\/"},{"@type":"ListItem","position":2,"name":"Verkor choisit Dunkerque pour sa premi\u00e8re Gigafactory"}]},{"@type":"WebSite","@id":"https:\/\/www.ecinews.fr\/fr\/#website","url":"https:\/\/www.ecinews.fr\/fr\/","name":"EENewsEurope","description":"Just another WordPress site","publisher":{"@id":"https:\/\/www.ecinews.fr\/fr\/#organization"},"potentialAction":[{"@type":"SearchAction","target":{"@type":"EntryPoint","urlTemplate":"https:\/\/www.ecinews.fr\/fr\/?s={search_term_string}"},"query-input":"required name=search_term_string"}],"inLanguage":"fr-FR"},{"@type":"Organization","@id":"https:\/\/www.ecinews.fr\/fr\/#organization","name":"EENewsEurope","url":"https:\/\/www.ecinews.fr\/fr\/","logo":{"@type":"ImageObject","inLanguage":"fr-FR","@id":"https:\/\/www.ecinews.fr\/fr\/#\/schema\/logo\/image\/","url":"https:\/\/www.ecinews.fr\/wp-content\/uploads\/2022\/02\/logo-1.jpg","contentUrl":"https:\/\/www.ecinews.fr\/wp-content\/uploads\/2022\/02\/logo-1.jpg","width":283,"height":113,"caption":"EENewsEurope"},"image":{"@id":"https:\/\/www.ecinews.fr\/fr\/#\/schema\/logo\/image\/"}},{"@type":"Person","@id":"https:\/\/www.ecinews.fr\/fr\/#\/schema\/person\/568c789a4794bd460460501ba91f5daf","name":"Alain Dieul","image":{"@type":"ImageObject","inLanguage":"fr-FR","@id":"https:\/\/www.ecinews.fr\/fr\/#\/schema\/person\/image\/6d32dc651fbcef3b338066625b118364","url":"https:\/\/secure.gravatar.com\/avatar\/93708ec89b35deb10f4cfbfe144b4e07?s=96&d=mm&r=g","contentUrl":"https:\/\/secure.gravatar.com\/avatar\/93708ec89b35deb10f4cfbfe144b4e07?s=96&d=mm&r=g","caption":"Alain Dieul"}}]}},"authors":[{"term_id":1141,"user_id":9,"is_guest":0,"slug":"alaindieul","display_name":"Alain Dieul","avatar_url":"https:\/\/secure.gravatar.com\/avatar\/93708ec89b35deb10f4cfbfe144b4e07?s=96&d=mm&r=g","0":null,"1":"","2":"","3":"","4":"","5":"","6":"","7":"","8":""}],"_links":{"self":[{"href":"https:\/\/www.ecinews.fr\/fr\/wp-json\/wp\/v2\/posts\/268354"}],"collection":[{"href":"https:\/\/www.ecinews.fr\/fr\/wp-json\/wp\/v2\/posts"}],"about":[{"href":"https:\/\/www.ecinews.fr\/fr\/wp-json\/wp\/v2\/types\/post"}],"author":[{"embeddable":true,"href":"https:\/\/www.ecinews.fr\/fr\/wp-json\/wp\/v2\/users\/9"}],"replies":[{"embeddable":true,"href":"https:\/\/www.ecinews.fr\/fr\/wp-json\/wp\/v2\/comments?post=268354"}],"version-history":[{"count":0,"href":"https:\/\/www.ecinews.fr\/fr\/wp-json\/wp\/v2\/posts\/268354\/revisions"}],"wp:featuredmedia":[{"embeddable":true,"href":"https:\/\/www.ecinews.fr\/fr\/wp-json\/wp\/v2\/media\/268355"}],"wp:attachment":[{"href":"https:\/\/www.ecinews.fr\/fr\/wp-json\/wp\/v2\/media?parent=268354"}],"wp:term":[{"taxonomy":"category","embeddable":true,"href":"https:\/\/www.ecinews.fr\/fr\/wp-json\/wp\/v2\/categories?post=268354"},{"taxonomy":"post_tag","embeddable":true,"href":"https:\/\/www.ecinews.fr\/fr\/wp-json\/wp\/v2\/tags?post=268354"},{"taxonomy":"domains","embeddable":true,"href":"https:\/\/www.ecinews.fr\/fr\/wp-json\/wp\/v2\/domains?post=268354"},{"taxonomy":"author","embeddable":true,"href":"https:\/\/www.ecinews.fr\/fr\/wp-json\/wp\/v2\/ppma_author?post=268354"}],"curies":[{"name":"wp","href":"https:\/\/api.w.org\/{rel}","templated":true}]}}