{"id":262725,"date":"2022-01-25T18:01:06","date_gmt":"2022-01-25T18:01:06","guid":{"rendered":"https:\/\/eenewseurope.artwhere.co\/la-vente-de-arm-en-doute-alors-que-softbank-envisage-une-ipo\/"},"modified":"2022-01-25T18:01:06","modified_gmt":"2022-01-25T18:01:06","slug":"la-vente-de-arm-en-doute-alors-que-softbank-envisage-une-ipo","status":"publish","type":"post","link":"https:\/\/www.ecinews.fr\/fr\/la-vente-de-arm-en-doute-alors-que-softbank-envisage-une-ipo\/","title":{"rendered":"La vente de ARM en doute alors que Softbank envisage une IPO"},"content":{"rendered":"<p class=\"MsoNoSpacing\">SoftBank se pr\u00e9pare \u00e0 une offre publique initiale (IPO) des actions d&rsquo;ARM comme alternative et est press\u00e9e par le temps pour le faire alors que les actions de semiconducteurs sont toujours attrayantes, selon le rapport. Il a ajout\u00e9 que l&rsquo;on craignait que la fin d&rsquo;un cycle de march\u00e9 positif pour les puces ne soit en vue. Un changement vers une offre exc\u00e9dentaire de capacit\u00e9 de fabrication et un effondrement des prix de vente moyens (ASP) affecteraient probablement les revenus et les valorisations boursi\u00e8res des entreprises du secteur des puces.<\/p>\n<ul>\n<li><a href=\"https:\/\/www.ecinews.fr\/news\/une-recession-dans-les-semiconducteurs-fin-2022\" target=\"notSet\" rel=\"noopener\">Une r\u00e9cession dans les semiconducteurs fin 2022?<\/a><\/li>\n<li><a href=\"https:\/\/www.ecinews.fr\/news\/lue-etend-son-enquete-anti-trust-concernant-le-rapprochement-nvidia-arm\" target=\"notSet\" rel=\"noopener\">L&rsquo;UE \u00e9tend son enqu\u00eate anti-trust concernant le rapprochement Nvidia<\/a><\/li>\n<\/ul>\n<p class=\"MsoNoSpacing\">La soci\u00e9t\u00e9 de puces et de cartes graphiques Nvidia a propos\u00e9 d&rsquo;acheter&nbsp; ARM pour environ 40 milliards de dollars en septembre 2020. Si l&rsquo;accord est conclu, il sera probablement le plus important de l&rsquo;histoire des semiconducteurs. Cependant, l&rsquo;accord a re\u00e7u de nombreuses critiques de la part des licenci\u00e9s ARM au motif que Nvidia est en concurrence avec les licenci\u00e9s de c\u0153urs et d&rsquo;architectures ARM. L&rsquo;ind\u00e9pendance d&rsquo;ARM vis-\u00e0-vis de tous ses clients a \u00e9t\u00e9 le principe cl\u00e9 de sa proposition commerciale \u00e0 ce jour.<\/p>\n<p class=\"MsoNoSpacing\">L&rsquo;accord fait \u00e9galement l&rsquo;objet d&rsquo;un examen minutieux de la part des r\u00e9gulateurs britanniques, europ\u00e9ens, am\u00e9ricains et chinois \u00e0 un moment o\u00f9 l&rsquo;importance strat\u00e9gique de la technologie des semiconducteurs est soulign\u00e9e par le r\u00e9chauffement rapide d&rsquo;une guerre froide est-ouest ax\u00e9e sur la technologie. Nvidia et Arm ont fait peu ou pas de progr\u00e8s au cours des 16 mois qui ont suivi l&rsquo;annonce de l&rsquo;accord. Publiquement, Nvidia et Arm continuent de soutenir l&rsquo;accord comme la meilleure voie \u00e0 suivre pour Arm. Une soumission conjointe des entreprises \u00e0 l&rsquo;Autorit\u00e9 britannique de la concurrence et des march\u00e9s publi\u00e9e r\u00e9cemment a averti qu&rsquo;Arm \u00e9tait trop faible pour concurrencer Intel sans le soutien d&rsquo;un riche propri\u00e9taire.<\/p>\n<p class=\"MsoNoSpacing\"><em><strong>\u00e0 suivre: Deal ou pas -deal<\/strong><\/em><\/p>\n<hr \/>\n<p class=\"MsoNoSpacing\">Les r\u00e9gulateurs britanniques et europ\u00e9ens examinent longuement et scrupuleusement la prise de contr\u00f4le et semblent peu enclins \u00e0 l&rsquo;autoriser. La Chine attend les r\u00e9sultats en Europe mais, selon une source anonyme de Bloomberg, elle est \u00e9galement encline \u00e0 bloquer l&rsquo;accord, s&rsquo;il progresse ailleurs. La source a d\u00e9clar\u00e9 que les autorit\u00e9s chinoises ne s&rsquo;attendaient pas \u00e0 devoir se pencher sur la question.<\/p>\n<p class=\"MsoNoSpacing\">L&rsquo;accord fait m\u00eame face \u00e0 des obstacles aux \u00c9tats-Unis. En d\u00e9cembre, la Federal Trade Commission a intent\u00e9 une action en justice pour bloquer l&rsquo;accord, affirmant qu&rsquo;il fausserait les incitations d&rsquo;Arm sur les march\u00e9s des puces et permettrait \u00e0 l&rsquo;entreprise combin\u00e9e de saper injustement les rivaux de Nvidia (voir <a href=\"https:\/\/www.ecinews.fr\/news\/les-usa-en-passe-de-bloquer-le-deal-de-nvidia-avec-arm\" target=\"notSet\" rel=\"noopener\">Les USA en passe de bloquer le deal de Nvidia avec ARM<\/a>).<\/p>\n<p>Le compte cite un porte-parole de Nvidia d\u00e9clarant : \u00ab\u00a0Nous continuons de d\u00e9fendre les opinions exprim\u00e9es en d\u00e9tail dans nos derniers documents r\u00e9glementaires : que cette transaction offre une opportunit\u00e9 d&rsquo;acc\u00e9l\u00e9rer Arm et de stimuler la concurrence et l&rsquo;innovation.\u00a0\u00bb<\/p>\n<p>&nbsp;<\/p>\n<p><strong>Related links and articles:<\/strong><\/p>\n<p><a href=\"http:\/\/www.nvidia.com\" target=\"_blank\" rel=\"noopener\">www.nvidia.com<\/a>;&nbsp;<a href=\"http:\/\/www.arm.com\" target=\"_blank\" rel=\"noopener\">www.arm.com<\/a>;&nbsp;<a href=\"http:\/\/www.group.softbank\" target=\"_blank\" rel=\"noopener\">www.group.softbank<\/a><\/p>\n<p><strong>News articles:<\/strong><\/p>\n<ul>\n<li><a href=\"https:\/\/www.ecinews.fr\/news\/les-usa-en-passe-de-bloquer-le-deal-de-nvidia-avec-arm\" target=\"_blank\" rel=\"noopener\">Les USA en passe de bloquer le deal de Nvidia avec ARM<\/a><\/li>\n<li><a href=\"https:\/\/www.ecinews.fr\/news\/le-deal-arm-nvidia-sur-la-sellette-les-assurances-de-nvidia-insuffisantes\" target=\"_blank\" rel=\"noopener\">Le deal ARM Nvidia sur la sellette, les assurances de Nvidia insuffisantes<\/a><\/li>\n<li><a href=\"https:\/\/www.electronique-eci.com\/news\/la-vente-de-arm-nvidia-de-quoi-inquieter-lindustrie\" target=\"_blank\" rel=\"noopener\">La vente de ARM \u00e0 Nvidia a de quoi inqui\u00e9ter l&rsquo;industrie<\/a><\/li>\n<li>\n<p><a href=\"https:\/\/www.ecinews.fr\/news\/la-chine-prete-bloquer-le-deal-nvidia-arm\" target=\"_blank\" rel=\"noopener\">La Chine pr\u00eate \u00e0 bloquer le deal Nvidia-ARM ?<\/a><\/p>\n<\/li>\n<li><a href=\"https:\/\/www.electronique-eci.com\/news\/accord-40-milliards-pour-la-vente-de-arm-nvidia\" target=\"_blank\" rel=\"noopener\">Accord \u00e0 $40 milliards pour la vente de ARM \u00e0 Nvidia<\/a><\/li>\n<\/ul>\n<p>&nbsp;<\/p>\n<hr \/>\n<p>&nbsp;<\/p>\n","protected":false},"excerpt":{"rendered":"<p>Nvidia a d\u00e9clar\u00e9 \u00e0 ses partenaires qu&rsquo;elle ne s&rsquo;attendait pas \u00e0 ce que son projet d&rsquo;achat d&rsquo;ARM aupr\u00e8s de SoftBank soit finalis\u00e9, selon un rapport de Bloomberg. <\/p>\n","protected":false},"author":12,"featured_media":262726,"comment_status":"closed","ping_status":"closed","sticky":false,"template":"","format":"standard","meta":{"_acf_changed":false,"footnotes":""},"categories":[18],"tags":[889,920,899,918,919,906,908],"domains":[47],"ppma_author":[1144],"class_list":["post-262725","post","type-post","status-publish","format-standard","has-post-thumbnail","hentry","category-business-news","tag-analog-fr","tag-artificialintelligence-fr","tag-eda-cad-tools-fr","tag-embedded-fr","tag-iot-fr","tag-mpus-mcus-fr","tag-plds-fpgas-asics-fr","domains-electronique-eci"],"acf":[],"yoast_head":"<title>La vente de ARM en doute alors que Softbank envisage une IPO ...<\/title>\n<meta name=\"description\" content=\"Nvidia a d\u00e9clar\u00e9 \u00e0 ses partenaires qu&#039;elle ne s&#039;attendait pas \u00e0 ce que son projet d&#039;achat d&#039;ARM aupr\u00e8s de SoftBank soit finalis\u00e9, selon un rapport de...\" \/>\n<meta name=\"robots\" content=\"index, follow, max-snippet:-1, max-image-preview:large, max-video-preview:-1\" \/>\n<link rel=\"canonical\" href=\"https:\/\/www.ecinews.fr\/fr\/wp-json\/wp\/v2\/posts\/262725\/\" \/>\n<meta property=\"og:locale\" content=\"fr_FR\" \/>\n<meta property=\"og:type\" content=\"article\" \/>\n<meta property=\"og:title\" content=\"La vente de ARM en doute alors que Softbank envisage une IPO\" \/>\n<meta property=\"og:description\" content=\"Nvidia a d\u00e9clar\u00e9 \u00e0 ses partenaires qu&#039;elle ne s&#039;attendait pas \u00e0 ce que son projet d&#039;achat d&#039;ARM aupr\u00e8s de SoftBank soit finalis\u00e9, selon un rapport de Bloomberg.\" \/>\n<meta property=\"og:url\" content=\"https:\/\/www.ecinews.fr\/fr\/wp-json\/wp\/v2\/posts\/262725\/\" \/>\n<meta property=\"og:site_name\" content=\"EENewsEurope\" \/>\n<meta property=\"article:published_time\" content=\"2022-01-25T18:01:06+00:00\" \/>\n<meta property=\"og:image\" content=\"https:\/\/www.ecinews.fr\/wp-content\/uploads\/import\/default\/files\/sites\/default\/files\/images\/armnvidia630_5.jpg\" \/>\n\t<meta property=\"og:image:width\" content=\"630\" \/>\n\t<meta property=\"og:image:height\" content=\"360\" \/>\n\t<meta property=\"og:image:type\" content=\"image\/jpeg\" \/>\n<meta name=\"author\" content=\"Andre Rousselot\" \/>\n<meta name=\"twitter:card\" content=\"summary_large_image\" \/>\n<meta name=\"twitter:label1\" content=\"Written by\" \/>\n\t<meta name=\"twitter:data1\" content=\"Andre Rousselot\" \/>\n\t<meta name=\"twitter:label2\" content=\"Est. reading time\" \/>\n\t<meta name=\"twitter:data2\" content=\"3 minutes\" \/>\n<script type=\"application\/ld+json\" class=\"yoast-schema-graph\">{\"@context\":\"https:\/\/schema.org\",\"@graph\":[{\"@type\":\"Article\",\"@id\":\"https:\/\/www.ecinews.fr\/fr\/la-vente-de-arm-en-doute-alors-que-softbank-envisage-une-ipo\/#article\",\"isPartOf\":{\"@id\":\"https:\/\/www.ecinews.fr\/fr\/la-vente-de-arm-en-doute-alors-que-softbank-envisage-une-ipo\/\"},\"author\":{\"name\":\"Andre Rousselot\",\"@id\":\"https:\/\/www.eenewseurope.com\/en\/#\/schema\/person\/9d52edb517ca8d9017312e8e246b9433\"},\"headline\":\"La vente de ARM en doute alors que Softbank envisage une IPO\",\"datePublished\":\"2022-01-25T18:01:06+00:00\",\"dateModified\":\"2022-01-25T18:01:06+00:00\",\"mainEntityOfPage\":{\"@id\":\"https:\/\/www.ecinews.fr\/fr\/la-vente-de-arm-en-doute-alors-que-softbank-envisage-une-ipo\/\"},\"wordCount\":607,\"publisher\":{\"@id\":\"https:\/\/www.eenewseurope.com\/en\/#organization\"},\"keywords\":[\"Analog\",\"ArtificialIntelligence\",\"EDA &amp; CAD tools\",\"Embedded\",\"IoT\",\"MPUs\/MCUs\",\"PLDs\/FPGAs\/ASICs\"],\"articleSection\":[\"Business news\"],\"inLanguage\":\"fr-FR\"},{\"@type\":\"WebPage\",\"@id\":\"https:\/\/www.ecinews.fr\/fr\/la-vente-de-arm-en-doute-alors-que-softbank-envisage-une-ipo\/\",\"url\":\"https:\/\/www.ecinews.fr\/fr\/la-vente-de-arm-en-doute-alors-que-softbank-envisage-une-ipo\/\",\"name\":\"La vente de ARM en doute alors que Softbank envisage une IPO -\",\"isPartOf\":{\"@id\":\"https:\/\/www.eenewseurope.com\/en\/#website\"},\"datePublished\":\"2022-01-25T18:01:06+00:00\",\"dateModified\":\"2022-01-25T18:01:06+00:00\",\"breadcrumb\":{\"@id\":\"https:\/\/www.ecinews.fr\/fr\/la-vente-de-arm-en-doute-alors-que-softbank-envisage-une-ipo\/#breadcrumb\"},\"inLanguage\":\"fr-FR\",\"potentialAction\":[{\"@type\":\"ReadAction\",\"target\":[\"https:\/\/www.ecinews.fr\/fr\/la-vente-de-arm-en-doute-alors-que-softbank-envisage-une-ipo\/\"]}]},{\"@type\":\"BreadcrumbList\",\"@id\":\"https:\/\/www.ecinews.fr\/fr\/la-vente-de-arm-en-doute-alors-que-softbank-envisage-une-ipo\/#breadcrumb\",\"itemListElement\":[{\"@type\":\"ListItem\",\"position\":1,\"name\":\"Home\",\"item\":\"https:\/\/www.ecinews.fr\/fr\/\"},{\"@type\":\"ListItem\",\"position\":2,\"name\":\"La vente de ARM en doute alors que Softbank envisage une IPO\"}]},{\"@type\":\"WebSite\",\"@id\":\"https:\/\/www.eenewseurope.com\/en\/#website\",\"url\":\"https:\/\/www.eenewseurope.com\/en\/\",\"name\":\"EENewsEurope\",\"description\":\"Just another WordPress site\",\"publisher\":{\"@id\":\"https:\/\/www.eenewseurope.com\/en\/#organization\"},\"potentialAction\":[{\"@type\":\"SearchAction\",\"target\":{\"@type\":\"EntryPoint\",\"urlTemplate\":\"https:\/\/www.eenewseurope.com\/en\/?s={search_term_string}\"},\"query-input\":\"required name=search_term_string\"}],\"inLanguage\":\"fr-FR\"},{\"@type\":\"Organization\",\"@id\":\"https:\/\/www.eenewseurope.com\/en\/#organization\",\"name\":\"EENewsEurope\",\"url\":\"https:\/\/www.eenewseurope.com\/en\/\",\"logo\":{\"@type\":\"ImageObject\",\"inLanguage\":\"fr-FR\",\"@id\":\"https:\/\/www.eenewseurope.com\/en\/#\/schema\/logo\/image\/\",\"url\":\"https:\/\/www.ecinews.fr\/wp-content\/uploads\/2022\/02\/logo-1.jpg\",\"contentUrl\":\"https:\/\/www.ecinews.fr\/wp-content\/uploads\/2022\/02\/logo-1.jpg\",\"width\":283,\"height\":113,\"caption\":\"EENewsEurope\"},\"image\":{\"@id\":\"https:\/\/www.eenewseurope.com\/en\/#\/schema\/logo\/image\/\"}},{\"@type\":\"Person\",\"@id\":\"https:\/\/www.eenewseurope.com\/en\/#\/schema\/person\/9d52edb517ca8d9017312e8e246b9433\",\"name\":\"Andre Rousselot\",\"image\":{\"@type\":\"ImageObject\",\"inLanguage\":\"fr-FR\",\"@id\":\"https:\/\/www.eenewseurope.com\/en\/#\/schema\/person\/image\/8046680f16f52d2ae022297dc9e36ff3\",\"url\":\"https:\/\/secure.gravatar.com\/avatar\/428720feffa09baddfe5e7cd3f84b526?s=96&d=mm&r=g\",\"contentUrl\":\"https:\/\/secure.gravatar.com\/avatar\/428720feffa09baddfe5e7cd3f84b526?s=96&d=mm&r=g\",\"caption\":\"Andre Rousselot\"}}]}<\/script>","yoast_head_json":{"title":"La vente de ARM en doute alors que Softbank envisage une IPO ...","description":"Nvidia a d\u00e9clar\u00e9 \u00e0 ses partenaires qu'elle ne s'attendait pas \u00e0 ce que son projet d'achat d'ARM aupr\u00e8s de SoftBank soit finalis\u00e9, selon un rapport de...","robots":{"index":"index","follow":"follow","max-snippet":"max-snippet:-1","max-image-preview":"max-image-preview:large","max-video-preview":"max-video-preview:-1"},"canonical":"https:\/\/www.ecinews.fr\/fr\/wp-json\/wp\/v2\/posts\/262725\/","og_locale":"fr_FR","og_type":"article","og_title":"La vente de ARM en doute alors que Softbank envisage une IPO","og_description":"Nvidia a d\u00e9clar\u00e9 \u00e0 ses partenaires qu'elle ne s'attendait pas \u00e0 ce que son projet d'achat d'ARM aupr\u00e8s de SoftBank soit finalis\u00e9, selon un rapport de Bloomberg.","og_url":"https:\/\/www.ecinews.fr\/fr\/wp-json\/wp\/v2\/posts\/262725\/","og_site_name":"EENewsEurope","article_published_time":"2022-01-25T18:01:06+00:00","og_image":[{"width":630,"height":360,"url":"https:\/\/www.ecinews.fr\/wp-content\/uploads\/import\/default\/files\/sites\/default\/files\/images\/armnvidia630_5.jpg","type":"image\/jpeg"}],"author":"Andre Rousselot","twitter_card":"summary_large_image","twitter_misc":{"Written by":"Andre Rousselot","Est. reading time":"3 minutes"},"schema":{"@context":"https:\/\/schema.org","@graph":[{"@type":"Article","@id":"https:\/\/www.ecinews.fr\/fr\/la-vente-de-arm-en-doute-alors-que-softbank-envisage-une-ipo\/#article","isPartOf":{"@id":"https:\/\/www.ecinews.fr\/fr\/la-vente-de-arm-en-doute-alors-que-softbank-envisage-une-ipo\/"},"author":{"name":"Andre Rousselot","@id":"https:\/\/www.eenewseurope.com\/en\/#\/schema\/person\/9d52edb517ca8d9017312e8e246b9433"},"headline":"La vente de ARM en doute alors que Softbank envisage une IPO","datePublished":"2022-01-25T18:01:06+00:00","dateModified":"2022-01-25T18:01:06+00:00","mainEntityOfPage":{"@id":"https:\/\/www.ecinews.fr\/fr\/la-vente-de-arm-en-doute-alors-que-softbank-envisage-une-ipo\/"},"wordCount":607,"publisher":{"@id":"https:\/\/www.eenewseurope.com\/en\/#organization"},"keywords":["Analog","ArtificialIntelligence","EDA &amp; CAD tools","Embedded","IoT","MPUs\/MCUs","PLDs\/FPGAs\/ASICs"],"articleSection":["Business news"],"inLanguage":"fr-FR"},{"@type":"WebPage","@id":"https:\/\/www.ecinews.fr\/fr\/la-vente-de-arm-en-doute-alors-que-softbank-envisage-une-ipo\/","url":"https:\/\/www.ecinews.fr\/fr\/la-vente-de-arm-en-doute-alors-que-softbank-envisage-une-ipo\/","name":"La vente de ARM en doute alors que Softbank envisage une IPO -","isPartOf":{"@id":"https:\/\/www.eenewseurope.com\/en\/#website"},"datePublished":"2022-01-25T18:01:06+00:00","dateModified":"2022-01-25T18:01:06+00:00","breadcrumb":{"@id":"https:\/\/www.ecinews.fr\/fr\/la-vente-de-arm-en-doute-alors-que-softbank-envisage-une-ipo\/#breadcrumb"},"inLanguage":"fr-FR","potentialAction":[{"@type":"ReadAction","target":["https:\/\/www.ecinews.fr\/fr\/la-vente-de-arm-en-doute-alors-que-softbank-envisage-une-ipo\/"]}]},{"@type":"BreadcrumbList","@id":"https:\/\/www.ecinews.fr\/fr\/la-vente-de-arm-en-doute-alors-que-softbank-envisage-une-ipo\/#breadcrumb","itemListElement":[{"@type":"ListItem","position":1,"name":"Home","item":"https:\/\/www.ecinews.fr\/fr\/"},{"@type":"ListItem","position":2,"name":"La vente de ARM en doute alors que Softbank envisage une IPO"}]},{"@type":"WebSite","@id":"https:\/\/www.eenewseurope.com\/en\/#website","url":"https:\/\/www.eenewseurope.com\/en\/","name":"EENewsEurope","description":"Just another WordPress site","publisher":{"@id":"https:\/\/www.eenewseurope.com\/en\/#organization"},"potentialAction":[{"@type":"SearchAction","target":{"@type":"EntryPoint","urlTemplate":"https:\/\/www.eenewseurope.com\/en\/?s={search_term_string}"},"query-input":"required name=search_term_string"}],"inLanguage":"fr-FR"},{"@type":"Organization","@id":"https:\/\/www.eenewseurope.com\/en\/#organization","name":"EENewsEurope","url":"https:\/\/www.eenewseurope.com\/en\/","logo":{"@type":"ImageObject","inLanguage":"fr-FR","@id":"https:\/\/www.eenewseurope.com\/en\/#\/schema\/logo\/image\/","url":"https:\/\/www.ecinews.fr\/wp-content\/uploads\/2022\/02\/logo-1.jpg","contentUrl":"https:\/\/www.ecinews.fr\/wp-content\/uploads\/2022\/02\/logo-1.jpg","width":283,"height":113,"caption":"EENewsEurope"},"image":{"@id":"https:\/\/www.eenewseurope.com\/en\/#\/schema\/logo\/image\/"}},{"@type":"Person","@id":"https:\/\/www.eenewseurope.com\/en\/#\/schema\/person\/9d52edb517ca8d9017312e8e246b9433","name":"Andre Rousselot","image":{"@type":"ImageObject","inLanguage":"fr-FR","@id":"https:\/\/www.eenewseurope.com\/en\/#\/schema\/person\/image\/8046680f16f52d2ae022297dc9e36ff3","url":"https:\/\/secure.gravatar.com\/avatar\/428720feffa09baddfe5e7cd3f84b526?s=96&d=mm&r=g","contentUrl":"https:\/\/secure.gravatar.com\/avatar\/428720feffa09baddfe5e7cd3f84b526?s=96&d=mm&r=g","caption":"Andre Rousselot"}}]}},"authors":[{"term_id":1144,"user_id":12,"is_guest":0,"slug":"rousselot","display_name":"Andre Rousselot","avatar_url":"https:\/\/secure.gravatar.com\/avatar\/428720feffa09baddfe5e7cd3f84b526?s=96&d=mm&r=g","0":null,"1":"","2":"","3":"","4":"","5":"","6":"","7":"","8":""}],"_links":{"self":[{"href":"https:\/\/www.ecinews.fr\/fr\/wp-json\/wp\/v2\/posts\/262725"}],"collection":[{"href":"https:\/\/www.ecinews.fr\/fr\/wp-json\/wp\/v2\/posts"}],"about":[{"href":"https:\/\/www.ecinews.fr\/fr\/wp-json\/wp\/v2\/types\/post"}],"author":[{"embeddable":true,"href":"https:\/\/www.ecinews.fr\/fr\/wp-json\/wp\/v2\/users\/12"}],"replies":[{"embeddable":true,"href":"https:\/\/www.ecinews.fr\/fr\/wp-json\/wp\/v2\/comments?post=262725"}],"version-history":[{"count":0,"href":"https:\/\/www.ecinews.fr\/fr\/wp-json\/wp\/v2\/posts\/262725\/revisions"}],"wp:featuredmedia":[{"embeddable":true,"href":"https:\/\/www.ecinews.fr\/fr\/wp-json\/wp\/v2\/media\/262726"}],"wp:attachment":[{"href":"https:\/\/www.ecinews.fr\/fr\/wp-json\/wp\/v2\/media?parent=262725"}],"wp:term":[{"taxonomy":"category","embeddable":true,"href":"https:\/\/www.ecinews.fr\/fr\/wp-json\/wp\/v2\/categories?post=262725"},{"taxonomy":"post_tag","embeddable":true,"href":"https:\/\/www.ecinews.fr\/fr\/wp-json\/wp\/v2\/tags?post=262725"},{"taxonomy":"domains","embeddable":true,"href":"https:\/\/www.ecinews.fr\/fr\/wp-json\/wp\/v2\/domains?post=262725"},{"taxonomy":"author","embeddable":true,"href":"https:\/\/www.ecinews.fr\/fr\/wp-json\/wp\/v2\/ppma_author?post=262725"}],"curies":[{"name":"wp","href":"https:\/\/api.w.org\/{rel}","templated":true}]}}