{"id":2407,"date":"2021-10-05T15:55:53","date_gmt":"2021-10-05T15:55:53","guid":{"rendered":"https:\/\/\/sipearl-vise-1000-collaborateurs-en-2025\/"},"modified":"2021-10-05T15:55:53","modified_gmt":"2021-10-05T15:55:53","slug":"sipearl-vise-1000-collaborateurs-en-2025","status":"publish","type":"post","link":"https:\/\/www.ecinews.fr\/fr\/sipearl-vise-1000-collaborateurs-en-2025\/","title":{"rendered":"SiPearl vise 1000 collaborateurs en 2025"},"content":{"rendered":"<p>Apr\u00e8s Maisons-Laffitte, Duisbourg, Barcelone, Sophia Antipolis, SiPearl poursuit ses implantations dans les viviers de recrutement pour les technologies semi-conducteurs et calcul haute performance. \u00ab C\u2019\u00e9tait une \u00e9vidence : SiPearl devait s\u2019implanter \u00e0 Grenoble, le coeur de la Silicon Valley europ\u00e9enne ! Nous nous rapprochons ainsi de plusieurs de nos partenaires du consortium European Processor Initiative. Mais surtout, nous acc\u00e9l\u00e9rons notre strat\u00e9gie de recrutement en allant chercher les experts en technologies semi-conducteurs et calcul haute performance l\u00e0 o\u00f9 ils se trouvent. En nous rejoignant, ils rel\u00e8veront le d\u00e9fi le plus excitant de l\u2019\u00e9lectronique europ\u00e9enne : concevoir le microprocesseur qui contribuera \u00e0 la souverainet\u00e9 et \u00e0 l\u2019ind\u00e9pendance technologique de l\u2019Europe \u00bb, explique Philippe Notton, Pr\u00e9sident-fondateur de SiPearl.<br \/>\nDes postes d\u2019ing\u00e9nieurs seniors et juniors sp\u00e9cialis\u00e9s en conception de microprocesseurs (conception num\u00e9rique, v\u00e9rification, layout, DFT, notamment) ainsi que des postes d\u2019ing\u00e9nieurs process et production sont \u00e0 pourvoir sur ce site.<\/p>\n<p><a href=\"http:\/\/www.sipearl.com\" target=\"notSet\" rel=\"noopener\">www.sipearl.com<\/a><\/p>\n","protected":false},"excerpt":{"rendered":"<p>SiPearl, le concepteur du microprocesseur qui sera le coeur du supercalculateur exascale1 europ\u00e9en, s\u2019installe \u00e0 Grenoble, berceau de l\u2019\u00e9cosyst\u00e8me semi-conducteurs en Europe. La soci\u00e9t\u00e9 qui recrute actuellement 10 ing\u00e9nieurs par mois et vise 1000 collaborateurs en 2025, acc\u00e9l\u00e8re ainsi ses implantations au coeur des bassins de comp\u00e9tences en technologies semi-conducteurs et calcul haute performance.<\/p>\n","protected":false},"author":9,"featured_media":2408,"comment_status":"open","ping_status":"closed","sticky":false,"template":"","format":"standard","meta":{"_acf_changed":false,"footnotes":""},"categories":[881],"tags":[],"domains":[47],"ppma_author":[1141],"class_list":["post-2407","post","type-post","status-publish","format-standard","has-post-thumbnail","hentry","category-nouveaux-produits","domains-electronique-eci"],"acf":[],"yoast_head":"<title>SiPearl vise 1000 collaborateurs en 2025 ...<\/title>\n<meta name=\"description\" content=\"SiPearl, le concepteur du microprocesseur qui sera le coeur du supercalculateur exascale1 europ\u00e9en, s\u2019installe \u00e0 Grenoble, berceau de l\u2019\u00e9cosyst\u00e8me...\" \/>\n<meta name=\"robots\" content=\"index, follow, max-snippet:-1, max-image-preview:large, max-video-preview:-1\" \/>\n<link rel=\"canonical\" href=\"https:\/\/www.ecinews.fr\/fr\/wp-json\/wp\/v2\/posts\/2407\/\" \/>\n<meta property=\"og:locale\" content=\"fr_FR\" \/>\n<meta property=\"og:type\" content=\"article\" \/>\n<meta property=\"og:title\" content=\"SiPearl vise 1000 collaborateurs en 2025\" \/>\n<meta property=\"og:description\" content=\"SiPearl, le concepteur du microprocesseur qui sera le coeur du supercalculateur exascale1 europ\u00e9en, s\u2019installe \u00e0 Grenoble, berceau de l\u2019\u00e9cosyst\u00e8me semi-conducteurs en Europe. La soci\u00e9t\u00e9 qui recrute actuellement 10 ing\u00e9nieurs par mois et vise 1000 collaborateurs en 2025, acc\u00e9l\u00e8re ainsi ses implantations au coeur des bassins de comp\u00e9tences en technologies semi-conducteurs et calcul haute performance.\" \/>\n<meta property=\"og:url\" content=\"https:\/\/www.ecinews.fr\/fr\/wp-json\/wp\/v2\/posts\/2407\/\" \/>\n<meta property=\"og:site_name\" content=\"EENewsEurope\" \/>\n<meta property=\"article:published_time\" content=\"2021-10-05T15:55:53+00:00\" \/>\n<meta property=\"og:image\" content=\"https:\/\/www.ecinews.fr\/wp-content\/uploads\/import\/default\/files\/sites\/default\/files\/images\/eci9790_sipearl.jpg\" \/>\n\t<meta property=\"og:image:width\" content=\"1057\" \/>\n\t<meta property=\"og:image:height\" content=\"635\" \/>\n\t<meta property=\"og:image:type\" content=\"image\/jpeg\" \/>\n<meta name=\"author\" content=\"Alain Dieul\" \/>\n<meta name=\"twitter:card\" content=\"summary_large_image\" \/>\n<meta name=\"twitter:label1\" content=\"Written by\" \/>\n\t<meta name=\"twitter:data1\" content=\"Alain Dieul\" \/>\n\t<meta name=\"twitter:label2\" content=\"Est. reading time\" \/>\n\t<meta name=\"twitter:data2\" content=\"1 minute\" \/>\n<script type=\"application\/ld+json\" class=\"yoast-schema-graph\">{\"@context\":\"https:\/\/schema.org\",\"@graph\":[{\"@type\":\"Article\",\"@id\":\"https:\/\/www.ecinews.fr\/fr\/sipearl-vise-1000-collaborateurs-en-2025\/#article\",\"isPartOf\":{\"@id\":\"https:\/\/www.ecinews.fr\/fr\/sipearl-vise-1000-collaborateurs-en-2025\/\"},\"author\":{\"name\":\"Alain Dieul\",\"@id\":\"https:\/\/www.eenewseurope.com\/en\/#\/schema\/person\/568c789a4794bd460460501ba91f5daf\"},\"headline\":\"SiPearl vise 1000 collaborateurs en 2025\",\"datePublished\":\"2021-10-05T15:55:53+00:00\",\"dateModified\":\"2021-10-05T15:55:53+00:00\",\"mainEntityOfPage\":{\"@id\":\"https:\/\/www.ecinews.fr\/fr\/sipearl-vise-1000-collaborateurs-en-2025\/\"},\"wordCount\":167,\"commentCount\":0,\"publisher\":{\"@id\":\"https:\/\/www.eenewseurope.com\/en\/#organization\"},\"articleSection\":[\"Nouveaux produits\"],\"inLanguage\":\"fr-FR\",\"potentialAction\":[{\"@type\":\"CommentAction\",\"name\":\"Comment\",\"target\":[\"https:\/\/www.ecinews.fr\/fr\/sipearl-vise-1000-collaborateurs-en-2025\/#respond\"]}]},{\"@type\":\"WebPage\",\"@id\":\"https:\/\/www.ecinews.fr\/fr\/sipearl-vise-1000-collaborateurs-en-2025\/\",\"url\":\"https:\/\/www.ecinews.fr\/fr\/sipearl-vise-1000-collaborateurs-en-2025\/\",\"name\":\"SiPearl vise 1000 collaborateurs en 2025 -\",\"isPartOf\":{\"@id\":\"https:\/\/www.eenewseurope.com\/en\/#website\"},\"datePublished\":\"2021-10-05T15:55:53+00:00\",\"dateModified\":\"2021-10-05T15:55:53+00:00\",\"breadcrumb\":{\"@id\":\"https:\/\/www.ecinews.fr\/fr\/sipearl-vise-1000-collaborateurs-en-2025\/#breadcrumb\"},\"inLanguage\":\"fr-FR\",\"potentialAction\":[{\"@type\":\"ReadAction\",\"target\":[\"https:\/\/www.ecinews.fr\/fr\/sipearl-vise-1000-collaborateurs-en-2025\/\"]}]},{\"@type\":\"BreadcrumbList\",\"@id\":\"https:\/\/www.ecinews.fr\/fr\/sipearl-vise-1000-collaborateurs-en-2025\/#breadcrumb\",\"itemListElement\":[{\"@type\":\"ListItem\",\"position\":1,\"name\":\"Home\",\"item\":\"https:\/\/www.ecinews.fr\/fr\/\"},{\"@type\":\"ListItem\",\"position\":2,\"name\":\"SiPearl vise 1000 collaborateurs en 2025\"}]},{\"@type\":\"WebSite\",\"@id\":\"https:\/\/www.eenewseurope.com\/en\/#website\",\"url\":\"https:\/\/www.eenewseurope.com\/en\/\",\"name\":\"EENewsEurope\",\"description\":\"Just another WordPress site\",\"publisher\":{\"@id\":\"https:\/\/www.eenewseurope.com\/en\/#organization\"},\"potentialAction\":[{\"@type\":\"SearchAction\",\"target\":{\"@type\":\"EntryPoint\",\"urlTemplate\":\"https:\/\/www.eenewseurope.com\/en\/?s={search_term_string}\"},\"query-input\":\"required name=search_term_string\"}],\"inLanguage\":\"fr-FR\"},{\"@type\":\"Organization\",\"@id\":\"https:\/\/www.eenewseurope.com\/en\/#organization\",\"name\":\"EENewsEurope\",\"url\":\"https:\/\/www.eenewseurope.com\/en\/\",\"logo\":{\"@type\":\"ImageObject\",\"inLanguage\":\"fr-FR\",\"@id\":\"https:\/\/www.eenewseurope.com\/en\/#\/schema\/logo\/image\/\",\"url\":\"https:\/\/www.ecinews.fr\/wp-content\/uploads\/2022\/02\/logo-1.jpg\",\"contentUrl\":\"https:\/\/www.ecinews.fr\/wp-content\/uploads\/2022\/02\/logo-1.jpg\",\"width\":283,\"height\":113,\"caption\":\"EENewsEurope\"},\"image\":{\"@id\":\"https:\/\/www.eenewseurope.com\/en\/#\/schema\/logo\/image\/\"}},{\"@type\":\"Person\",\"@id\":\"https:\/\/www.eenewseurope.com\/en\/#\/schema\/person\/568c789a4794bd460460501ba91f5daf\",\"name\":\"Alain Dieul\",\"image\":{\"@type\":\"ImageObject\",\"inLanguage\":\"fr-FR\",\"@id\":\"https:\/\/www.eenewseurope.com\/en\/#\/schema\/person\/image\/6d32dc651fbcef3b338066625b118364\",\"url\":\"https:\/\/secure.gravatar.com\/avatar\/93708ec89b35deb10f4cfbfe144b4e07?s=96&d=mm&r=g\",\"contentUrl\":\"https:\/\/secure.gravatar.com\/avatar\/93708ec89b35deb10f4cfbfe144b4e07?s=96&d=mm&r=g\",\"caption\":\"Alain Dieul\"}}]}<\/script>","yoast_head_json":{"title":"SiPearl vise 1000 collaborateurs en 2025 ...","description":"SiPearl, le concepteur du microprocesseur qui sera le coeur du supercalculateur exascale1 europ\u00e9en, s\u2019installe \u00e0 Grenoble, berceau de l\u2019\u00e9cosyst\u00e8me...","robots":{"index":"index","follow":"follow","max-snippet":"max-snippet:-1","max-image-preview":"max-image-preview:large","max-video-preview":"max-video-preview:-1"},"canonical":"https:\/\/www.ecinews.fr\/fr\/wp-json\/wp\/v2\/posts\/2407\/","og_locale":"fr_FR","og_type":"article","og_title":"SiPearl vise 1000 collaborateurs en 2025","og_description":"SiPearl, le concepteur du microprocesseur qui sera le coeur du supercalculateur exascale1 europ\u00e9en, s\u2019installe \u00e0 Grenoble, berceau de l\u2019\u00e9cosyst\u00e8me semi-conducteurs en Europe. La soci\u00e9t\u00e9 qui recrute actuellement 10 ing\u00e9nieurs par mois et vise 1000 collaborateurs en 2025, acc\u00e9l\u00e8re ainsi ses implantations au coeur des bassins de comp\u00e9tences en technologies semi-conducteurs et calcul haute performance.","og_url":"https:\/\/www.ecinews.fr\/fr\/wp-json\/wp\/v2\/posts\/2407\/","og_site_name":"EENewsEurope","article_published_time":"2021-10-05T15:55:53+00:00","og_image":[{"width":1057,"height":635,"url":"https:\/\/www.ecinews.fr\/wp-content\/uploads\/import\/default\/files\/sites\/default\/files\/images\/eci9790_sipearl.jpg","type":"image\/jpeg"}],"author":"Alain Dieul","twitter_card":"summary_large_image","twitter_misc":{"Written by":"Alain Dieul","Est. reading time":"1 minute"},"schema":{"@context":"https:\/\/schema.org","@graph":[{"@type":"Article","@id":"https:\/\/www.ecinews.fr\/fr\/sipearl-vise-1000-collaborateurs-en-2025\/#article","isPartOf":{"@id":"https:\/\/www.ecinews.fr\/fr\/sipearl-vise-1000-collaborateurs-en-2025\/"},"author":{"name":"Alain Dieul","@id":"https:\/\/www.eenewseurope.com\/en\/#\/schema\/person\/568c789a4794bd460460501ba91f5daf"},"headline":"SiPearl vise 1000 collaborateurs en 2025","datePublished":"2021-10-05T15:55:53+00:00","dateModified":"2021-10-05T15:55:53+00:00","mainEntityOfPage":{"@id":"https:\/\/www.ecinews.fr\/fr\/sipearl-vise-1000-collaborateurs-en-2025\/"},"wordCount":167,"commentCount":0,"publisher":{"@id":"https:\/\/www.eenewseurope.com\/en\/#organization"},"articleSection":["Nouveaux produits"],"inLanguage":"fr-FR","potentialAction":[{"@type":"CommentAction","name":"Comment","target":["https:\/\/www.ecinews.fr\/fr\/sipearl-vise-1000-collaborateurs-en-2025\/#respond"]}]},{"@type":"WebPage","@id":"https:\/\/www.ecinews.fr\/fr\/sipearl-vise-1000-collaborateurs-en-2025\/","url":"https:\/\/www.ecinews.fr\/fr\/sipearl-vise-1000-collaborateurs-en-2025\/","name":"SiPearl vise 1000 collaborateurs en 2025 -","isPartOf":{"@id":"https:\/\/www.eenewseurope.com\/en\/#website"},"datePublished":"2021-10-05T15:55:53+00:00","dateModified":"2021-10-05T15:55:53+00:00","breadcrumb":{"@id":"https:\/\/www.ecinews.fr\/fr\/sipearl-vise-1000-collaborateurs-en-2025\/#breadcrumb"},"inLanguage":"fr-FR","potentialAction":[{"@type":"ReadAction","target":["https:\/\/www.ecinews.fr\/fr\/sipearl-vise-1000-collaborateurs-en-2025\/"]}]},{"@type":"BreadcrumbList","@id":"https:\/\/www.ecinews.fr\/fr\/sipearl-vise-1000-collaborateurs-en-2025\/#breadcrumb","itemListElement":[{"@type":"ListItem","position":1,"name":"Home","item":"https:\/\/www.ecinews.fr\/fr\/"},{"@type":"ListItem","position":2,"name":"SiPearl vise 1000 collaborateurs en 2025"}]},{"@type":"WebSite","@id":"https:\/\/www.eenewseurope.com\/en\/#website","url":"https:\/\/www.eenewseurope.com\/en\/","name":"EENewsEurope","description":"Just another WordPress site","publisher":{"@id":"https:\/\/www.eenewseurope.com\/en\/#organization"},"potentialAction":[{"@type":"SearchAction","target":{"@type":"EntryPoint","urlTemplate":"https:\/\/www.eenewseurope.com\/en\/?s={search_term_string}"},"query-input":"required name=search_term_string"}],"inLanguage":"fr-FR"},{"@type":"Organization","@id":"https:\/\/www.eenewseurope.com\/en\/#organization","name":"EENewsEurope","url":"https:\/\/www.eenewseurope.com\/en\/","logo":{"@type":"ImageObject","inLanguage":"fr-FR","@id":"https:\/\/www.eenewseurope.com\/en\/#\/schema\/logo\/image\/","url":"https:\/\/www.ecinews.fr\/wp-content\/uploads\/2022\/02\/logo-1.jpg","contentUrl":"https:\/\/www.ecinews.fr\/wp-content\/uploads\/2022\/02\/logo-1.jpg","width":283,"height":113,"caption":"EENewsEurope"},"image":{"@id":"https:\/\/www.eenewseurope.com\/en\/#\/schema\/logo\/image\/"}},{"@type":"Person","@id":"https:\/\/www.eenewseurope.com\/en\/#\/schema\/person\/568c789a4794bd460460501ba91f5daf","name":"Alain Dieul","image":{"@type":"ImageObject","inLanguage":"fr-FR","@id":"https:\/\/www.eenewseurope.com\/en\/#\/schema\/person\/image\/6d32dc651fbcef3b338066625b118364","url":"https:\/\/secure.gravatar.com\/avatar\/93708ec89b35deb10f4cfbfe144b4e07?s=96&d=mm&r=g","contentUrl":"https:\/\/secure.gravatar.com\/avatar\/93708ec89b35deb10f4cfbfe144b4e07?s=96&d=mm&r=g","caption":"Alain Dieul"}}]}},"authors":[{"term_id":1141,"user_id":9,"is_guest":0,"slug":"alaindieul","display_name":"Alain Dieul","avatar_url":"https:\/\/secure.gravatar.com\/avatar\/93708ec89b35deb10f4cfbfe144b4e07?s=96&d=mm&r=g","0":null,"1":"","2":"","3":"","4":"","5":"","6":"","7":"","8":""}],"_links":{"self":[{"href":"https:\/\/www.ecinews.fr\/fr\/wp-json\/wp\/v2\/posts\/2407"}],"collection":[{"href":"https:\/\/www.ecinews.fr\/fr\/wp-json\/wp\/v2\/posts"}],"about":[{"href":"https:\/\/www.ecinews.fr\/fr\/wp-json\/wp\/v2\/types\/post"}],"author":[{"embeddable":true,"href":"https:\/\/www.ecinews.fr\/fr\/wp-json\/wp\/v2\/users\/9"}],"replies":[{"embeddable":true,"href":"https:\/\/www.ecinews.fr\/fr\/wp-json\/wp\/v2\/comments?post=2407"}],"version-history":[{"count":0,"href":"https:\/\/www.ecinews.fr\/fr\/wp-json\/wp\/v2\/posts\/2407\/revisions"}],"wp:featuredmedia":[{"embeddable":true,"href":"https:\/\/www.ecinews.fr\/fr\/wp-json\/wp\/v2\/media\/2408"}],"wp:attachment":[{"href":"https:\/\/www.ecinews.fr\/fr\/wp-json\/wp\/v2\/media?parent=2407"}],"wp:term":[{"taxonomy":"category","embeddable":true,"href":"https:\/\/www.ecinews.fr\/fr\/wp-json\/wp\/v2\/categories?post=2407"},{"taxonomy":"post_tag","embeddable":true,"href":"https:\/\/www.ecinews.fr\/fr\/wp-json\/wp\/v2\/tags?post=2407"},{"taxonomy":"domains","embeddable":true,"href":"https:\/\/www.ecinews.fr\/fr\/wp-json\/wp\/v2\/domains?post=2407"},{"taxonomy":"author","embeddable":true,"href":"https:\/\/www.ecinews.fr\/fr\/wp-json\/wp\/v2\/ppma_author?post=2407"}],"curies":[{"name":"wp","href":"https:\/\/api.w.org\/{rel}","templated":true}]}}