{"id":235022,"date":"2015-12-02T23:00:00","date_gmt":"2015-12-02T23:00:00","guid":{"rendered":"https:\/\/eenewseurope.artwhere.co\/reflex-ces-organise-une-journee-technologique-sur-les-solutions-fpga-pour-la-defense-la-video-et-le-big-data\/"},"modified":"2015-12-02T23:00:00","modified_gmt":"2015-12-02T23:00:00","slug":"reflex-ces-organise-une-journee-technologique-sur-les-solutions-fpga-pour-la-defense-la-video-et-le-big-data","status":"publish","type":"post","link":"https:\/\/www.ecinews.fr\/fr\/reflex-ces-organise-une-journee-technologique-sur-les-solutions-fpga-pour-la-defense-la-video-et-le-big-data\/","title":{"rendered":"Reflex CES organise une journ\u00e9e technologique sur les solutions FPGA pour la D\u00e9fense, la vid\u00e9o et le Big Data"},"content":{"rendered":"<p>Couronnant 15 ans d&rsquo;expertise de la conception et de la fabrication de cartes complexes et syst&egrave;mes durcis &agrave; base de FPGA, Reflex CES et son &eacute;cosyst&egrave;me de partenaires, notamment 4DSP, Altera, Enyx, ExceptionPCB et NextComputing, exposeront leur savoir-faire au travers de nombreux stands et ateliers en pr&eacute;sence de leurs ing&eacute;nieurs experts.<br \/>\nLe stand &quot;Militaire et D&eacute;fense&quot; sera d&eacute;di&eacute; aux solutions propos&eacute;es par ReFLEX CES pour ces march&eacute;s, qu&lsquo;elles soient &agrave; partir de d&eacute;veloppement sur mesure ou de produits catalogues tels que le CES820 (Compact Embedded System) de 4DSP.<br \/>\nAux c&ocirc;t&eacute;s des cartes acc&eacute;l&eacute;ratrices et de traitement r&eacute;seaux bas&eacute;es sur la technologie FPGA issues des familles XpressGX4, XpressGX5, XpressV7, XpressK7 ou XpressKUS, le stand &quot;Finance et Calcul &agrave; hautes performances&quot; (HPC) accueillera des d&eacute;monstrations d&eacute;di&eacute;es au Big Data et &agrave; la finance, un d&eacute;veloppement OpenCL sur une cible FPGA ainsi qu&rsquo;une communication avec de faible latence en 10 GB Ethernet.<br \/>\nSur le stand &quot;Vid&eacute;o Industrielle&quot;, les pr&eacute;sentations GigE Vision, HDMI 4K, mur d&rsquo;image intelligent, bas&eacute;es sur les technologies FPGA, illustreront les capacit&eacute;s de l&rsquo;entreprise &agrave; appr&eacute;hender un projet dans sa globalit&eacute;, de la conception de syst&egrave;mes, cartes, firmware et logiciels, jusqu&rsquo;&agrave; la fabrication s&eacute;rie.<br \/>\nLes &quot;Kits de d&eacute;veloppements FPGA et SoC FPGA&quot;,<strong> <\/strong>nouvelle activit&eacute; de la soci&eacute;t&eacute;, auront aussi leur stand. La derni&egrave;re g&eacute;n&eacute;ration con&ccedil;ue par ReFLEX CES, bas&eacute;e autour des familles Arria 10 d&rsquo;Altera .sera expos&eacute;e &agrave; travers des d&eacute;monstrations JESD204B, PCIe et GigE Ethernet.<br \/>\nDes ateliers th&eacute;matiques<strong> <\/strong>mettront en avant les domaines d&rsquo;expertise de l&rsquo;entreprise comme la conception de cartes &eacute;lectroniques complexes, la d&eacute;finition de circuit imprim&eacute; avec les liens haut d&eacute;bit jusqu&rsquo;&agrave; 28 Gbps, la mise en &oelig;uvre de moyens d&rsquo;instrumentation assurant la validation et la qualification de ces solutions ou l&rsquo;offre de ReFLEX CES pour r&eacute;aliser la fabrication de petites et moyennes s&eacute;ries de cartes et syst&egrave;mes &eacute;lectroniques.<\/p>\n<\/p>\n<p><a href=\"http:\/\/www.reflexces.com\/15th-years-anniversary\" target=\"_blank\" title=\"www.reflexces.com\/15th-years-anniversary\" rel=\"noopener\">www.reflexces.com\/15th-years-anniversary<\/a><a href=\"http:\/\/www.reflexces.com\" target=\"_blank\" title=\"www.reflexces.com\" rel=\"noopener\"><br \/>\nwww.reflexces.com<\/a><\/p>\n","protected":false},"excerpt":{"rendered":"<p>Pour son 15e anniversaire, Reflex CES, fournisseur de syst\u00e8mes embarqu\u00e9s complexes cl\u00e9 en main, organise une journ\u00e9e technologique porte ouverte qui se tiendra ce 9 d\u00e9cembre, de 10 h \u00e0 18 h, au Stade Jean Bouin de Paris. De nombreuses d\u00e9monstrations d&rsquo;applications li\u00e9es \u00e0 la D\u00e9fense, la vid\u00e9o industrielle, la finance et le Big Data ainsi que des ateliers th\u00e9matiques sur les solutions et services propos\u00e9s par la soci\u00e9t\u00e9, permettront de d\u00e9couvrir l\u2019\u00e9tendue son savoir-faire en mati\u00e8re de solutions \u00e0 base de FPGA haute densit\u00e9.<\/p>\n","protected":false},"author":22,"featured_media":235023,"comment_status":"closed","ping_status":"closed","sticky":false,"template":"","format":"standard","meta":{"_acf_changed":false,"footnotes":""},"categories":[],"tags":[908],"domains":[47],"ppma_author":[1149],"class_list":["post-235022","post","type-post","status-publish","format-standard","has-post-thumbnail","hentry","tag-plds-fpgas-asics-fr","domains-electronique-eci"],"acf":[],"yoast_head":"<title>Reflex CES organise une journ\u00e9e technologique sur les solution...<\/title>\n<meta name=\"description\" content=\"Pour son 15e anniversaire, Reflex CES, fournisseur de syst\u00e8mes embarqu\u00e9s complexes cl\u00e9 en main, organise une journ\u00e9e technologique porte ouverte qui se...\" \/>\n<meta name=\"robots\" content=\"index, follow, max-snippet:-1, max-image-preview:large, max-video-preview:-1\" \/>\n<link rel=\"canonical\" href=\"https:\/\/www.ecinews.fr\/fr\/wp-json\/wp\/v2\/posts\/235022\/\" \/>\n<meta property=\"og:locale\" content=\"fr_FR\" \/>\n<meta property=\"og:type\" content=\"article\" \/>\n<meta property=\"og:title\" content=\"Reflex CES organise une journ\u00e9e technologique sur les solutions FPGA pour la D\u00e9fense, la vid\u00e9o et le Big Data\" \/>\n<meta property=\"og:description\" content=\"Pour son 15e anniversaire, Reflex CES, fournisseur de syst\u00e8mes embarqu\u00e9s complexes cl\u00e9 en main, organise une journ\u00e9e technologique porte ouverte qui se tiendra ce 9 d\u00e9cembre, de 10 h \u00e0 18 h, au Stade Jean Bouin de Paris. De nombreuses d\u00e9monstrations d&#039;applications li\u00e9es \u00e0 la D\u00e9fense, la vid\u00e9o industrielle, la finance et le Big Data ainsi que des ateliers th\u00e9matiques sur les solutions et services propos\u00e9s par la soci\u00e9t\u00e9, permettront de d\u00e9couvrir l\u2019\u00e9tendue son savoir-faire en mati\u00e8re de solutions \u00e0 base de FPGA haute densit\u00e9.\" \/>\n<meta property=\"og:url\" content=\"https:\/\/www.ecinews.fr\/fr\/wp-json\/wp\/v2\/posts\/235022\/\" \/>\n<meta property=\"og:site_name\" content=\"EENewsEurope\" \/>\n<meta property=\"article:published_time\" content=\"2015-12-02T23:00:00+00:00\" \/>\n<meta property=\"og:image\" content=\"https:\/\/www.ecinews.fr\/wp-content\/uploads\/import\/default\/files\/import\/eci7536_reflex_attila_r.jpg\" \/>\n\t<meta property=\"og:image:width\" content=\"364\" \/>\n\t<meta property=\"og:image:height\" content=\"282\" \/>\n\t<meta property=\"og:image:type\" content=\"image\/jpeg\" \/>\n<meta name=\"author\" content=\"eeNews Europe\" \/>\n<meta name=\"twitter:card\" content=\"summary_large_image\" \/>\n<meta name=\"twitter:label1\" content=\"Written by\" \/>\n\t<meta name=\"twitter:data1\" content=\"eeNews Europe\" \/>\n\t<meta name=\"twitter:label2\" content=\"Est. reading time\" \/>\n\t<meta name=\"twitter:data2\" content=\"2 minutes\" \/>\n<script type=\"application\/ld+json\" class=\"yoast-schema-graph\">{\"@context\":\"https:\/\/schema.org\",\"@graph\":[{\"@type\":\"Article\",\"@id\":\"https:\/\/www.ecinews.fr\/fr\/reflex-ces-organise-une-journee-technologique-sur-les-solutions-fpga-pour-la-defense-la-video-et-le-big-data\/#article\",\"isPartOf\":{\"@id\":\"https:\/\/www.ecinews.fr\/fr\/reflex-ces-organise-une-journee-technologique-sur-les-solutions-fpga-pour-la-defense-la-video-et-le-big-data\/\"},\"author\":{\"name\":\"eeNews Europe\",\"@id\":\"https:\/\/www.ecinews.fr\/fr\/#\/schema\/person\/9eff4051fa9dac8230052de45e32b0f4\"},\"headline\":\"Reflex CES organise une journ\u00e9e technologique sur les solutions FPGA pour la D\u00e9fense, la vid\u00e9o et le Big Data\",\"datePublished\":\"2015-12-02T23:00:00+00:00\",\"dateModified\":\"2015-12-02T23:00:00+00:00\",\"mainEntityOfPage\":{\"@id\":\"https:\/\/www.ecinews.fr\/fr\/reflex-ces-organise-une-journee-technologique-sur-les-solutions-fpga-pour-la-defense-la-video-et-le-big-data\/\"},\"wordCount\":448,\"publisher\":{\"@id\":\"https:\/\/www.ecinews.fr\/fr\/#organization\"},\"keywords\":[\"PLDs\/FPGAs\/ASICs\"],\"inLanguage\":\"fr-FR\"},{\"@type\":\"WebPage\",\"@id\":\"https:\/\/www.ecinews.fr\/fr\/reflex-ces-organise-une-journee-technologique-sur-les-solutions-fpga-pour-la-defense-la-video-et-le-big-data\/\",\"url\":\"https:\/\/www.ecinews.fr\/fr\/reflex-ces-organise-une-journee-technologique-sur-les-solutions-fpga-pour-la-defense-la-video-et-le-big-data\/\",\"name\":\"Reflex CES organise une journ\u00e9e technologique sur les solutions FPGA pour la D\u00e9fense, la vid\u00e9o et le Big Data -\",\"isPartOf\":{\"@id\":\"https:\/\/www.ecinews.fr\/fr\/#website\"},\"datePublished\":\"2015-12-02T23:00:00+00:00\",\"dateModified\":\"2015-12-02T23:00:00+00:00\",\"breadcrumb\":{\"@id\":\"https:\/\/www.ecinews.fr\/fr\/reflex-ces-organise-une-journee-technologique-sur-les-solutions-fpga-pour-la-defense-la-video-et-le-big-data\/#breadcrumb\"},\"inLanguage\":\"fr-FR\",\"potentialAction\":[{\"@type\":\"ReadAction\",\"target\":[\"https:\/\/www.ecinews.fr\/fr\/reflex-ces-organise-une-journee-technologique-sur-les-solutions-fpga-pour-la-defense-la-video-et-le-big-data\/\"]}]},{\"@type\":\"BreadcrumbList\",\"@id\":\"https:\/\/www.ecinews.fr\/fr\/reflex-ces-organise-une-journee-technologique-sur-les-solutions-fpga-pour-la-defense-la-video-et-le-big-data\/#breadcrumb\",\"itemListElement\":[{\"@type\":\"ListItem\",\"position\":1,\"name\":\"Home\",\"item\":\"https:\/\/www.ecinews.fr\/fr\/\"},{\"@type\":\"ListItem\",\"position\":2,\"name\":\"Reflex CES organise une journ\u00e9e technologique sur les solutions FPGA pour la D\u00e9fense, la vid\u00e9o et le Big Data\"}]},{\"@type\":\"WebSite\",\"@id\":\"https:\/\/www.ecinews.fr\/fr\/#website\",\"url\":\"https:\/\/www.ecinews.fr\/fr\/\",\"name\":\"EENewsEurope\",\"description\":\"Just another WordPress site\",\"publisher\":{\"@id\":\"https:\/\/www.ecinews.fr\/fr\/#organization\"},\"potentialAction\":[{\"@type\":\"SearchAction\",\"target\":{\"@type\":\"EntryPoint\",\"urlTemplate\":\"https:\/\/www.ecinews.fr\/fr\/?s={search_term_string}\"},\"query-input\":\"required name=search_term_string\"}],\"inLanguage\":\"fr-FR\"},{\"@type\":\"Organization\",\"@id\":\"https:\/\/www.ecinews.fr\/fr\/#organization\",\"name\":\"EENewsEurope\",\"url\":\"https:\/\/www.ecinews.fr\/fr\/\",\"logo\":{\"@type\":\"ImageObject\",\"inLanguage\":\"fr-FR\",\"@id\":\"https:\/\/www.ecinews.fr\/fr\/#\/schema\/logo\/image\/\",\"url\":\"https:\/\/www.ecinews.fr\/wp-content\/uploads\/2022\/02\/logo-1.jpg\",\"contentUrl\":\"https:\/\/www.ecinews.fr\/wp-content\/uploads\/2022\/02\/logo-1.jpg\",\"width\":283,\"height\":113,\"caption\":\"EENewsEurope\"},\"image\":{\"@id\":\"https:\/\/www.ecinews.fr\/fr\/#\/schema\/logo\/image\/\"}},{\"@type\":\"Person\",\"@id\":\"https:\/\/www.ecinews.fr\/fr\/#\/schema\/person\/9eff4051fa9dac8230052de45e32b0f4\",\"name\":\"eeNews Europe\",\"image\":{\"@type\":\"ImageObject\",\"inLanguage\":\"fr-FR\",\"@id\":\"https:\/\/www.ecinews.fr\/fr\/#\/schema\/person\/image\/fae8f0cb15861c4ae0ed4872e2c9fc22\",\"url\":\"https:\/\/secure.gravatar.com\/avatar\/5081509054e28b04ecd976976e723ce0?s=96&d=mm&r=g\",\"contentUrl\":\"https:\/\/secure.gravatar.com\/avatar\/5081509054e28b04ecd976976e723ce0?s=96&d=mm&r=g\",\"caption\":\"eeNews Europe\"}}]}<\/script>","yoast_head_json":{"title":"Reflex CES organise une journ\u00e9e technologique sur les solution...","description":"Pour son 15e anniversaire, Reflex CES, fournisseur de syst\u00e8mes embarqu\u00e9s complexes cl\u00e9 en main, organise une journ\u00e9e technologique porte ouverte qui se...","robots":{"index":"index","follow":"follow","max-snippet":"max-snippet:-1","max-image-preview":"max-image-preview:large","max-video-preview":"max-video-preview:-1"},"canonical":"https:\/\/www.ecinews.fr\/fr\/wp-json\/wp\/v2\/posts\/235022\/","og_locale":"fr_FR","og_type":"article","og_title":"Reflex CES organise une journ\u00e9e technologique sur les solutions FPGA pour la D\u00e9fense, la vid\u00e9o et le Big Data","og_description":"Pour son 15e anniversaire, Reflex CES, fournisseur de syst\u00e8mes embarqu\u00e9s complexes cl\u00e9 en main, organise une journ\u00e9e technologique porte ouverte qui se tiendra ce 9 d\u00e9cembre, de 10 h \u00e0 18 h, au Stade Jean Bouin de Paris. De nombreuses d\u00e9monstrations d'applications li\u00e9es \u00e0 la D\u00e9fense, la vid\u00e9o industrielle, la finance et le Big Data ainsi que des ateliers th\u00e9matiques sur les solutions et services propos\u00e9s par la soci\u00e9t\u00e9, permettront de d\u00e9couvrir l\u2019\u00e9tendue son savoir-faire en mati\u00e8re de solutions \u00e0 base de FPGA haute densit\u00e9.","og_url":"https:\/\/www.ecinews.fr\/fr\/wp-json\/wp\/v2\/posts\/235022\/","og_site_name":"EENewsEurope","article_published_time":"2015-12-02T23:00:00+00:00","og_image":[{"width":364,"height":282,"url":"https:\/\/www.ecinews.fr\/wp-content\/uploads\/import\/default\/files\/import\/eci7536_reflex_attila_r.jpg","type":"image\/jpeg"}],"author":"eeNews Europe","twitter_card":"summary_large_image","twitter_misc":{"Written by":"eeNews Europe","Est. reading time":"2 minutes"},"schema":{"@context":"https:\/\/schema.org","@graph":[{"@type":"Article","@id":"https:\/\/www.ecinews.fr\/fr\/reflex-ces-organise-une-journee-technologique-sur-les-solutions-fpga-pour-la-defense-la-video-et-le-big-data\/#article","isPartOf":{"@id":"https:\/\/www.ecinews.fr\/fr\/reflex-ces-organise-une-journee-technologique-sur-les-solutions-fpga-pour-la-defense-la-video-et-le-big-data\/"},"author":{"name":"eeNews Europe","@id":"https:\/\/www.ecinews.fr\/fr\/#\/schema\/person\/9eff4051fa9dac8230052de45e32b0f4"},"headline":"Reflex CES organise une journ\u00e9e technologique sur les solutions FPGA pour la D\u00e9fense, la vid\u00e9o et le Big Data","datePublished":"2015-12-02T23:00:00+00:00","dateModified":"2015-12-02T23:00:00+00:00","mainEntityOfPage":{"@id":"https:\/\/www.ecinews.fr\/fr\/reflex-ces-organise-une-journee-technologique-sur-les-solutions-fpga-pour-la-defense-la-video-et-le-big-data\/"},"wordCount":448,"publisher":{"@id":"https:\/\/www.ecinews.fr\/fr\/#organization"},"keywords":["PLDs\/FPGAs\/ASICs"],"inLanguage":"fr-FR"},{"@type":"WebPage","@id":"https:\/\/www.ecinews.fr\/fr\/reflex-ces-organise-une-journee-technologique-sur-les-solutions-fpga-pour-la-defense-la-video-et-le-big-data\/","url":"https:\/\/www.ecinews.fr\/fr\/reflex-ces-organise-une-journee-technologique-sur-les-solutions-fpga-pour-la-defense-la-video-et-le-big-data\/","name":"Reflex CES organise une journ\u00e9e technologique sur les solutions FPGA pour la D\u00e9fense, la vid\u00e9o et le Big Data -","isPartOf":{"@id":"https:\/\/www.ecinews.fr\/fr\/#website"},"datePublished":"2015-12-02T23:00:00+00:00","dateModified":"2015-12-02T23:00:00+00:00","breadcrumb":{"@id":"https:\/\/www.ecinews.fr\/fr\/reflex-ces-organise-une-journee-technologique-sur-les-solutions-fpga-pour-la-defense-la-video-et-le-big-data\/#breadcrumb"},"inLanguage":"fr-FR","potentialAction":[{"@type":"ReadAction","target":["https:\/\/www.ecinews.fr\/fr\/reflex-ces-organise-une-journee-technologique-sur-les-solutions-fpga-pour-la-defense-la-video-et-le-big-data\/"]}]},{"@type":"BreadcrumbList","@id":"https:\/\/www.ecinews.fr\/fr\/reflex-ces-organise-une-journee-technologique-sur-les-solutions-fpga-pour-la-defense-la-video-et-le-big-data\/#breadcrumb","itemListElement":[{"@type":"ListItem","position":1,"name":"Home","item":"https:\/\/www.ecinews.fr\/fr\/"},{"@type":"ListItem","position":2,"name":"Reflex CES organise une journ\u00e9e technologique sur les solutions FPGA pour la D\u00e9fense, la vid\u00e9o et le Big Data"}]},{"@type":"WebSite","@id":"https:\/\/www.ecinews.fr\/fr\/#website","url":"https:\/\/www.ecinews.fr\/fr\/","name":"EENewsEurope","description":"Just another WordPress site","publisher":{"@id":"https:\/\/www.ecinews.fr\/fr\/#organization"},"potentialAction":[{"@type":"SearchAction","target":{"@type":"EntryPoint","urlTemplate":"https:\/\/www.ecinews.fr\/fr\/?s={search_term_string}"},"query-input":"required name=search_term_string"}],"inLanguage":"fr-FR"},{"@type":"Organization","@id":"https:\/\/www.ecinews.fr\/fr\/#organization","name":"EENewsEurope","url":"https:\/\/www.ecinews.fr\/fr\/","logo":{"@type":"ImageObject","inLanguage":"fr-FR","@id":"https:\/\/www.ecinews.fr\/fr\/#\/schema\/logo\/image\/","url":"https:\/\/www.ecinews.fr\/wp-content\/uploads\/2022\/02\/logo-1.jpg","contentUrl":"https:\/\/www.ecinews.fr\/wp-content\/uploads\/2022\/02\/logo-1.jpg","width":283,"height":113,"caption":"EENewsEurope"},"image":{"@id":"https:\/\/www.ecinews.fr\/fr\/#\/schema\/logo\/image\/"}},{"@type":"Person","@id":"https:\/\/www.ecinews.fr\/fr\/#\/schema\/person\/9eff4051fa9dac8230052de45e32b0f4","name":"eeNews Europe","image":{"@type":"ImageObject","inLanguage":"fr-FR","@id":"https:\/\/www.ecinews.fr\/fr\/#\/schema\/person\/image\/fae8f0cb15861c4ae0ed4872e2c9fc22","url":"https:\/\/secure.gravatar.com\/avatar\/5081509054e28b04ecd976976e723ce0?s=96&d=mm&r=g","contentUrl":"https:\/\/secure.gravatar.com\/avatar\/5081509054e28b04ecd976976e723ce0?s=96&d=mm&r=g","caption":"eeNews Europe"}}]}},"authors":[{"term_id":1149,"user_id":22,"is_guest":0,"slug":"eenews-europe","display_name":"eeNews Europe","avatar_url":"https:\/\/secure.gravatar.com\/avatar\/5081509054e28b04ecd976976e723ce0?s=96&d=mm&r=g","0":null,"1":"","2":"","3":"","4":"","5":"","6":"","7":"","8":""}],"_links":{"self":[{"href":"https:\/\/www.ecinews.fr\/fr\/wp-json\/wp\/v2\/posts\/235022"}],"collection":[{"href":"https:\/\/www.ecinews.fr\/fr\/wp-json\/wp\/v2\/posts"}],"about":[{"href":"https:\/\/www.ecinews.fr\/fr\/wp-json\/wp\/v2\/types\/post"}],"author":[{"embeddable":true,"href":"https:\/\/www.ecinews.fr\/fr\/wp-json\/wp\/v2\/users\/22"}],"replies":[{"embeddable":true,"href":"https:\/\/www.ecinews.fr\/fr\/wp-json\/wp\/v2\/comments?post=235022"}],"version-history":[{"count":0,"href":"https:\/\/www.ecinews.fr\/fr\/wp-json\/wp\/v2\/posts\/235022\/revisions"}],"wp:featuredmedia":[{"embeddable":true,"href":"https:\/\/www.ecinews.fr\/fr\/wp-json\/wp\/v2\/media\/235023"}],"wp:attachment":[{"href":"https:\/\/www.ecinews.fr\/fr\/wp-json\/wp\/v2\/media?parent=235022"}],"wp:term":[{"taxonomy":"category","embeddable":true,"href":"https:\/\/www.ecinews.fr\/fr\/wp-json\/wp\/v2\/categories?post=235022"},{"taxonomy":"post_tag","embeddable":true,"href":"https:\/\/www.ecinews.fr\/fr\/wp-json\/wp\/v2\/tags?post=235022"},{"taxonomy":"domains","embeddable":true,"href":"https:\/\/www.ecinews.fr\/fr\/wp-json\/wp\/v2\/domains?post=235022"},{"taxonomy":"author","embeddable":true,"href":"https:\/\/www.ecinews.fr\/fr\/wp-json\/wp\/v2\/ppma_author?post=235022"}],"curies":[{"name":"wp","href":"https:\/\/api.w.org\/{rel}","templated":true}]}}