{"id":234128,"date":"2015-09-06T22:00:00","date_gmt":"2015-09-06T22:00:00","guid":{"rendered":"https:\/\/eenewseurope.artwhere.co\/ni-presente-ses-solutions-fpga-programmables-par-lutilisateur\/"},"modified":"2015-09-06T22:00:00","modified_gmt":"2015-09-06T22:00:00","slug":"ni-presente-ses-solutions-fpga-programmables-par-lutilisateur","status":"publish","type":"post","link":"https:\/\/www.ecinews.fr\/fr\/ni-presente-ses-solutions-fpga-programmables-par-lutilisateur\/","title":{"rendered":"NI pr\u00e9sente ses solutions FPGA programmables par l&rsquo;utilisateur"},"content":{"rendered":"<p>Sur son stand E112, NI exposera un grand nombre de nouveaux produits et de nouvelles technologies dont :<\/p>\n<p>&#8211; Des solutions avanc&eacute;es pour la surveillance de spectre et la guerre &eacute;lectronique int&eacute;grant le nouveau contr&ocirc;leur NI pour FlexRIO ainsi que l&rsquo;analyseur de signaux RF PXIe-5668R 26,5 GHz, l&rsquo;analyseur de spectre temps r&eacute;el &agrave; la plus large bande passante du march&eacute; ; <\/p>\n<p>&#8211; Une d&eacute;monstration 5G mettant en &oelig;uvre la suite LabVIEW Communications System Design et la technologie de signaux &agrave; multipexage par r&eacute;partition en fr&eacute;quence g&eacute;n&eacute;ralis&eacute; (GFDM) ; <\/p>\n<p>&#8211; Un syst&egrave;me de test en production sans fil parall&egrave;le &agrave; grande &eacute;chelle reposant sur le nouveau Wireless Test System (WTS) de NI. <\/p>\n<p>Chacune de ces applications n&eacute;cessite l&rsquo;utilisation, le traitement et le stockage de grandes quantit&eacute;s de donn&eacute;es analogiques, et participe donc du d&eacute;fi du Big Analog Data. Dans le cadre des applications relatives &agrave; la guerre &eacute;lectronique, les ing&eacute;nieurs con&ccedil;oivent des syst&egrave;mes d&rsquo;acquisition, d&rsquo;analyse et parfois de g&eacute;n&eacute;ration de plusieurs gigaoctets de donn&eacute;es en temps r&eacute;el. De m&ecirc;me, les syst&egrave;mes utilis&eacute;s pour le prototypage de solutions 5G doivent regrouper et traiter d&rsquo;&eacute;normes quantit&eacute;s de donn&eacute;es issues de multiples antennes afin d&rsquo;atteindre un d&eacute;bit de l&rsquo;ordre de plusieurs gigaoctets par seconde. La plate-forme NI rel&egrave;ve ces d&eacute;fis en exploitant des outils de traitement du signal tels que des FPGA ou des processeurs multi-c&oelig;urs, et en tirant parti des capacit&eacute;s d&rsquo;abstraction du logiciel de programmation graphique de syst&egrave;mes LabVIEW. \n<\/p>\n<hr \/>\n<p>Outre ces d&eacute;monstrations techniques, NI animera la deuxi&egrave;me &eacute;dition annuelle du Forum <em>RF and Microwave PA<\/em>, d&eacute;di&eacute; aux technologies, &agrave; la caract&eacute;risation, &agrave; la mod&eacute;lisation et aux applications finales d&rsquo;amplificateurs de puissance RF et hyperfr&eacute;quence. NI pr&eacute;sentera &eacute;galement plusieurs sujets &agrave; l&rsquo;occasion de quatre MicroApps, notamment sur les syst&egrave;mes radar &agrave; &eacute;l&eacute;ments en phase, la conception de produits &agrave; ondes millim&eacute;triques et les mesures de hautes puissances puls&eacute;es. <\/p>\n<p>Pour plus d&rsquo;informations, rendez-vous sur <a title=\"france.ni.com\/eumw\" target=\"_blank\" href=\"http:\/\/france.ni.com\/eumw\" rel=\"noopener\">france.ni.com\/eumw <\/a><\/p>\n","protected":false},"excerpt":{"rendered":"<p>National Instruments sera pr\u00e9sent lors de European Microwave Week 2015 du 8 au 10 septembre au Palais des Congr\u00e8s de Paris, o\u00f9 seront pr\u00e9sent\u00e9es les derni\u00e8res solutions FPGA programmables sous LabVIEW d\u00e9di\u00e9es aux applications RF et hyperfr\u00e9quences. <\/p>\n","protected":false},"author":22,"featured_media":234129,"comment_status":"closed","ping_status":"closed","sticky":false,"template":"","format":"standard","meta":{"_acf_changed":false,"footnotes":""},"categories":[],"tags":[908],"domains":[47],"ppma_author":[1149],"class_list":["post-234128","post","type-post","status-publish","format-standard","has-post-thumbnail","hentry","tag-plds-fpgas-asics-fr","domains-electronique-eci"],"acf":[],"yoast_head":"<title>NI pr\u00e9sente ses solutions FPGA programmables par l&#039;utilisateur ...<\/title>\n<meta name=\"description\" content=\"National Instruments sera pr\u00e9sent lors de European Microwave Week 2015 du 8 au 10 septembre au Palais des Congr\u00e8s de Paris, o\u00f9 seront pr\u00e9sent\u00e9es les...\" \/>\n<meta name=\"robots\" content=\"index, follow, max-snippet:-1, max-image-preview:large, max-video-preview:-1\" \/>\n<link rel=\"canonical\" href=\"https:\/\/www.ecinews.fr\/fr\/wp-json\/wp\/v2\/posts\/234128\/\" \/>\n<meta property=\"og:locale\" content=\"fr_FR\" \/>\n<meta property=\"og:type\" content=\"article\" \/>\n<meta property=\"og:title\" content=\"NI pr\u00e9sente ses solutions FPGA programmables par l&#039;utilisateur\" \/>\n<meta property=\"og:description\" content=\"National Instruments sera pr\u00e9sent lors de European Microwave Week 2015 du 8 au 10 septembre au Palais des Congr\u00e8s de Paris, o\u00f9 seront pr\u00e9sent\u00e9es les derni\u00e8res solutions FPGA programmables sous LabVIEW d\u00e9di\u00e9es aux applications RF et hyperfr\u00e9quences.\" \/>\n<meta property=\"og:url\" content=\"https:\/\/www.ecinews.fr\/fr\/wp-json\/wp\/v2\/posts\/234128\/\" \/>\n<meta property=\"og:site_name\" content=\"EENewsEurope\" \/>\n<meta property=\"article:published_time\" content=\"2015-09-06T22:00:00+00:00\" \/>\n<meta property=\"og:image\" content=\"https:\/\/www.ecinews.fr\/wp-content\/uploads\/import\/default\/files\/import\/eci3723_ni-scaled.jpg\" \/>\n\t<meta property=\"og:image:width\" content=\"2560\" \/>\n\t<meta property=\"og:image:height\" content=\"1920\" \/>\n\t<meta property=\"og:image:type\" content=\"image\/jpeg\" \/>\n<meta name=\"author\" content=\"eeNews Europe\" \/>\n<meta name=\"twitter:card\" content=\"summary_large_image\" \/>\n<meta name=\"twitter:label1\" content=\"Written by\" \/>\n\t<meta name=\"twitter:data1\" content=\"eeNews Europe\" \/>\n\t<meta name=\"twitter:label2\" content=\"Est. reading time\" \/>\n\t<meta name=\"twitter:data2\" content=\"2 minutes\" \/>\n<script type=\"application\/ld+json\" class=\"yoast-schema-graph\">{\"@context\":\"https:\/\/schema.org\",\"@graph\":[{\"@type\":\"Article\",\"@id\":\"https:\/\/www.ecinews.fr\/fr\/ni-presente-ses-solutions-fpga-programmables-par-lutilisateur\/#article\",\"isPartOf\":{\"@id\":\"https:\/\/www.ecinews.fr\/fr\/ni-presente-ses-solutions-fpga-programmables-par-lutilisateur\/\"},\"author\":{\"name\":\"eeNews Europe\",\"@id\":\"https:\/\/www.ecinews.fr\/fr\/#\/schema\/person\/9eff4051fa9dac8230052de45e32b0f4\"},\"headline\":\"NI pr\u00e9sente ses solutions FPGA programmables par l&rsquo;utilisateur\",\"datePublished\":\"2015-09-06T22:00:00+00:00\",\"dateModified\":\"2015-09-06T22:00:00+00:00\",\"mainEntityOfPage\":{\"@id\":\"https:\/\/www.ecinews.fr\/fr\/ni-presente-ses-solutions-fpga-programmables-par-lutilisateur\/\"},\"wordCount\":432,\"publisher\":{\"@id\":\"https:\/\/www.ecinews.fr\/fr\/#organization\"},\"keywords\":[\"PLDs\/FPGAs\/ASICs\"],\"inLanguage\":\"fr-FR\"},{\"@type\":\"WebPage\",\"@id\":\"https:\/\/www.ecinews.fr\/fr\/ni-presente-ses-solutions-fpga-programmables-par-lutilisateur\/\",\"url\":\"https:\/\/www.ecinews.fr\/fr\/ni-presente-ses-solutions-fpga-programmables-par-lutilisateur\/\",\"name\":\"NI pr\u00e9sente ses solutions FPGA programmables par l'utilisateur -\",\"isPartOf\":{\"@id\":\"https:\/\/www.ecinews.fr\/fr\/#website\"},\"datePublished\":\"2015-09-06T22:00:00+00:00\",\"dateModified\":\"2015-09-06T22:00:00+00:00\",\"breadcrumb\":{\"@id\":\"https:\/\/www.ecinews.fr\/fr\/ni-presente-ses-solutions-fpga-programmables-par-lutilisateur\/#breadcrumb\"},\"inLanguage\":\"fr-FR\",\"potentialAction\":[{\"@type\":\"ReadAction\",\"target\":[\"https:\/\/www.ecinews.fr\/fr\/ni-presente-ses-solutions-fpga-programmables-par-lutilisateur\/\"]}]},{\"@type\":\"BreadcrumbList\",\"@id\":\"https:\/\/www.ecinews.fr\/fr\/ni-presente-ses-solutions-fpga-programmables-par-lutilisateur\/#breadcrumb\",\"itemListElement\":[{\"@type\":\"ListItem\",\"position\":1,\"name\":\"Home\",\"item\":\"https:\/\/www.ecinews.fr\/fr\/\"},{\"@type\":\"ListItem\",\"position\":2,\"name\":\"NI pr\u00e9sente ses solutions FPGA programmables par l&rsquo;utilisateur\"}]},{\"@type\":\"WebSite\",\"@id\":\"https:\/\/www.ecinews.fr\/fr\/#website\",\"url\":\"https:\/\/www.ecinews.fr\/fr\/\",\"name\":\"EENewsEurope\",\"description\":\"Just another WordPress site\",\"publisher\":{\"@id\":\"https:\/\/www.ecinews.fr\/fr\/#organization\"},\"potentialAction\":[{\"@type\":\"SearchAction\",\"target\":{\"@type\":\"EntryPoint\",\"urlTemplate\":\"https:\/\/www.ecinews.fr\/fr\/?s={search_term_string}\"},\"query-input\":\"required name=search_term_string\"}],\"inLanguage\":\"fr-FR\"},{\"@type\":\"Organization\",\"@id\":\"https:\/\/www.ecinews.fr\/fr\/#organization\",\"name\":\"EENewsEurope\",\"url\":\"https:\/\/www.ecinews.fr\/fr\/\",\"logo\":{\"@type\":\"ImageObject\",\"inLanguage\":\"fr-FR\",\"@id\":\"https:\/\/www.ecinews.fr\/fr\/#\/schema\/logo\/image\/\",\"url\":\"https:\/\/www.ecinews.fr\/wp-content\/uploads\/2022\/02\/logo-1.jpg\",\"contentUrl\":\"https:\/\/www.ecinews.fr\/wp-content\/uploads\/2022\/02\/logo-1.jpg\",\"width\":283,\"height\":113,\"caption\":\"EENewsEurope\"},\"image\":{\"@id\":\"https:\/\/www.ecinews.fr\/fr\/#\/schema\/logo\/image\/\"}},{\"@type\":\"Person\",\"@id\":\"https:\/\/www.ecinews.fr\/fr\/#\/schema\/person\/9eff4051fa9dac8230052de45e32b0f4\",\"name\":\"eeNews Europe\",\"image\":{\"@type\":\"ImageObject\",\"inLanguage\":\"fr-FR\",\"@id\":\"https:\/\/www.ecinews.fr\/fr\/#\/schema\/person\/image\/fae8f0cb15861c4ae0ed4872e2c9fc22\",\"url\":\"https:\/\/secure.gravatar.com\/avatar\/5081509054e28b04ecd976976e723ce0?s=96&d=mm&r=g\",\"contentUrl\":\"https:\/\/secure.gravatar.com\/avatar\/5081509054e28b04ecd976976e723ce0?s=96&d=mm&r=g\",\"caption\":\"eeNews Europe\"}}]}<\/script>","yoast_head_json":{"title":"NI pr\u00e9sente ses solutions FPGA programmables par l'utilisateur ...","description":"National Instruments sera pr\u00e9sent lors de European Microwave Week 2015 du 8 au 10 septembre au Palais des Congr\u00e8s de Paris, o\u00f9 seront pr\u00e9sent\u00e9es les...","robots":{"index":"index","follow":"follow","max-snippet":"max-snippet:-1","max-image-preview":"max-image-preview:large","max-video-preview":"max-video-preview:-1"},"canonical":"https:\/\/www.ecinews.fr\/fr\/wp-json\/wp\/v2\/posts\/234128\/","og_locale":"fr_FR","og_type":"article","og_title":"NI pr\u00e9sente ses solutions FPGA programmables par l'utilisateur","og_description":"National Instruments sera pr\u00e9sent lors de European Microwave Week 2015 du 8 au 10 septembre au Palais des Congr\u00e8s de Paris, o\u00f9 seront pr\u00e9sent\u00e9es les derni\u00e8res solutions FPGA programmables sous LabVIEW d\u00e9di\u00e9es aux applications RF et hyperfr\u00e9quences.","og_url":"https:\/\/www.ecinews.fr\/fr\/wp-json\/wp\/v2\/posts\/234128\/","og_site_name":"EENewsEurope","article_published_time":"2015-09-06T22:00:00+00:00","og_image":[{"width":2560,"height":1920,"url":"https:\/\/www.ecinews.fr\/wp-content\/uploads\/import\/default\/files\/import\/eci3723_ni-scaled.jpg","type":"image\/jpeg"}],"author":"eeNews Europe","twitter_card":"summary_large_image","twitter_misc":{"Written by":"eeNews Europe","Est. reading time":"2 minutes"},"schema":{"@context":"https:\/\/schema.org","@graph":[{"@type":"Article","@id":"https:\/\/www.ecinews.fr\/fr\/ni-presente-ses-solutions-fpga-programmables-par-lutilisateur\/#article","isPartOf":{"@id":"https:\/\/www.ecinews.fr\/fr\/ni-presente-ses-solutions-fpga-programmables-par-lutilisateur\/"},"author":{"name":"eeNews Europe","@id":"https:\/\/www.ecinews.fr\/fr\/#\/schema\/person\/9eff4051fa9dac8230052de45e32b0f4"},"headline":"NI pr\u00e9sente ses solutions FPGA programmables par l&rsquo;utilisateur","datePublished":"2015-09-06T22:00:00+00:00","dateModified":"2015-09-06T22:00:00+00:00","mainEntityOfPage":{"@id":"https:\/\/www.ecinews.fr\/fr\/ni-presente-ses-solutions-fpga-programmables-par-lutilisateur\/"},"wordCount":432,"publisher":{"@id":"https:\/\/www.ecinews.fr\/fr\/#organization"},"keywords":["PLDs\/FPGAs\/ASICs"],"inLanguage":"fr-FR"},{"@type":"WebPage","@id":"https:\/\/www.ecinews.fr\/fr\/ni-presente-ses-solutions-fpga-programmables-par-lutilisateur\/","url":"https:\/\/www.ecinews.fr\/fr\/ni-presente-ses-solutions-fpga-programmables-par-lutilisateur\/","name":"NI pr\u00e9sente ses solutions FPGA programmables par l'utilisateur -","isPartOf":{"@id":"https:\/\/www.ecinews.fr\/fr\/#website"},"datePublished":"2015-09-06T22:00:00+00:00","dateModified":"2015-09-06T22:00:00+00:00","breadcrumb":{"@id":"https:\/\/www.ecinews.fr\/fr\/ni-presente-ses-solutions-fpga-programmables-par-lutilisateur\/#breadcrumb"},"inLanguage":"fr-FR","potentialAction":[{"@type":"ReadAction","target":["https:\/\/www.ecinews.fr\/fr\/ni-presente-ses-solutions-fpga-programmables-par-lutilisateur\/"]}]},{"@type":"BreadcrumbList","@id":"https:\/\/www.ecinews.fr\/fr\/ni-presente-ses-solutions-fpga-programmables-par-lutilisateur\/#breadcrumb","itemListElement":[{"@type":"ListItem","position":1,"name":"Home","item":"https:\/\/www.ecinews.fr\/fr\/"},{"@type":"ListItem","position":2,"name":"NI pr\u00e9sente ses solutions FPGA programmables par l&rsquo;utilisateur"}]},{"@type":"WebSite","@id":"https:\/\/www.ecinews.fr\/fr\/#website","url":"https:\/\/www.ecinews.fr\/fr\/","name":"EENewsEurope","description":"Just another WordPress site","publisher":{"@id":"https:\/\/www.ecinews.fr\/fr\/#organization"},"potentialAction":[{"@type":"SearchAction","target":{"@type":"EntryPoint","urlTemplate":"https:\/\/www.ecinews.fr\/fr\/?s={search_term_string}"},"query-input":"required name=search_term_string"}],"inLanguage":"fr-FR"},{"@type":"Organization","@id":"https:\/\/www.ecinews.fr\/fr\/#organization","name":"EENewsEurope","url":"https:\/\/www.ecinews.fr\/fr\/","logo":{"@type":"ImageObject","inLanguage":"fr-FR","@id":"https:\/\/www.ecinews.fr\/fr\/#\/schema\/logo\/image\/","url":"https:\/\/www.ecinews.fr\/wp-content\/uploads\/2022\/02\/logo-1.jpg","contentUrl":"https:\/\/www.ecinews.fr\/wp-content\/uploads\/2022\/02\/logo-1.jpg","width":283,"height":113,"caption":"EENewsEurope"},"image":{"@id":"https:\/\/www.ecinews.fr\/fr\/#\/schema\/logo\/image\/"}},{"@type":"Person","@id":"https:\/\/www.ecinews.fr\/fr\/#\/schema\/person\/9eff4051fa9dac8230052de45e32b0f4","name":"eeNews Europe","image":{"@type":"ImageObject","inLanguage":"fr-FR","@id":"https:\/\/www.ecinews.fr\/fr\/#\/schema\/person\/image\/fae8f0cb15861c4ae0ed4872e2c9fc22","url":"https:\/\/secure.gravatar.com\/avatar\/5081509054e28b04ecd976976e723ce0?s=96&d=mm&r=g","contentUrl":"https:\/\/secure.gravatar.com\/avatar\/5081509054e28b04ecd976976e723ce0?s=96&d=mm&r=g","caption":"eeNews Europe"}}]}},"authors":[{"term_id":1149,"user_id":22,"is_guest":0,"slug":"eenews-europe","display_name":"eeNews Europe","avatar_url":"https:\/\/secure.gravatar.com\/avatar\/5081509054e28b04ecd976976e723ce0?s=96&d=mm&r=g","0":null,"1":"","2":"","3":"","4":"","5":"","6":"","7":"","8":""}],"_links":{"self":[{"href":"https:\/\/www.ecinews.fr\/fr\/wp-json\/wp\/v2\/posts\/234128"}],"collection":[{"href":"https:\/\/www.ecinews.fr\/fr\/wp-json\/wp\/v2\/posts"}],"about":[{"href":"https:\/\/www.ecinews.fr\/fr\/wp-json\/wp\/v2\/types\/post"}],"author":[{"embeddable":true,"href":"https:\/\/www.ecinews.fr\/fr\/wp-json\/wp\/v2\/users\/22"}],"replies":[{"embeddable":true,"href":"https:\/\/www.ecinews.fr\/fr\/wp-json\/wp\/v2\/comments?post=234128"}],"version-history":[{"count":0,"href":"https:\/\/www.ecinews.fr\/fr\/wp-json\/wp\/v2\/posts\/234128\/revisions"}],"wp:featuredmedia":[{"embeddable":true,"href":"https:\/\/www.ecinews.fr\/fr\/wp-json\/wp\/v2\/media\/234129"}],"wp:attachment":[{"href":"https:\/\/www.ecinews.fr\/fr\/wp-json\/wp\/v2\/media?parent=234128"}],"wp:term":[{"taxonomy":"category","embeddable":true,"href":"https:\/\/www.ecinews.fr\/fr\/wp-json\/wp\/v2\/categories?post=234128"},{"taxonomy":"post_tag","embeddable":true,"href":"https:\/\/www.ecinews.fr\/fr\/wp-json\/wp\/v2\/tags?post=234128"},{"taxonomy":"domains","embeddable":true,"href":"https:\/\/www.ecinews.fr\/fr\/wp-json\/wp\/v2\/domains?post=234128"},{"taxonomy":"author","embeddable":true,"href":"https:\/\/www.ecinews.fr\/fr\/wp-json\/wp\/v2\/ppma_author?post=234128"}],"curies":[{"name":"wp","href":"https:\/\/api.w.org\/{rel}","templated":true}]}}