{"id":233832,"date":"2015-07-29T22:00:00","date_gmt":"2015-07-29T22:00:00","guid":{"rendered":"https:\/\/eenewseurope.artwhere.co\/sk-hynix-lance-la-production-en-volume-de-memoire-flash-3d-nand\/"},"modified":"2015-07-29T22:00:00","modified_gmt":"2015-07-29T22:00:00","slug":"sk-hynix-lance-la-production-en-volume-de-memoire-flash-3d-nand","status":"publish","type":"post","link":"https:\/\/www.ecinews.fr\/fr\/sk-hynix-lance-la-production-en-volume-de-memoire-flash-3d-nand\/","title":{"rendered":"SK Hynix lance la production en volume de m\u00e9moire flash 3D NAND"},"content":{"rendered":"<p>La m&eacute;moire MLC (multulayer cell) est constitu&eacute;e de 36-couches 128Gbit NAND. De plus, Hynix est en cours de conception d&rsquo;un circuit TLC (triple-layer cell) de 48-couches en 2015 pour &ecirc;tre en mesure de r&eacute;pondre &agrave; la demande du march&eacute; des &quot;disques durs&quot; statiques en 2016. L&rsquo;annonce a &eacute;t&eacute; faite lors du rapport annuel et des r&eacute;sultats de la soci&eacute;t&eacute;.<\/p>\n<p>En mars 2015, Toshiba a commenc&eacute; l&rsquo;&eacute;chantillonnage d&rsquo;une m&eacute;moire flash NAND 128Gbit 48-couche en m&ecirc;me temps que Micron Technology a annonc&eacute; l&rsquo;&eacute;chantillonnage d&rsquo;une version 3D 256Gbit MLC NAND avec une s&eacute;lection de partenaires. On attend de la part de Micron, une version 384Gbit qui devraient &ecirc;tre en la pleine production au dernier trimestre 2015. <\/p>\n<p>Samsung a &eacute;t&eacute; le leader pour la production de masse de m&eacute;moires 3D NAND avec une annonce en Novembre 2014 d&rsquo;une m&eacute;moire flash NAND 128Gbit &agrave; cellules multi-niveaux et 32 couches de m&eacute;moire dans le sens vertical. <\/p>\n<p><a href=\"http:\/\/www.skhynix.com\/gl\/products\/nand.jsp\" target=\"_blank\" title=\"www.skhynix.com\/gl\/products\/nand.jsp\" rel=\"noopener\">http:\/\/www.skhynix.com\/gl\/products\/nand.jsp<\/a><\/p>\n","protected":false},"excerpt":{"rendered":"<p>Le fabricant de m\u00e9moire Flash Hynix a annonc\u00e9 la production en volume de m\u00e9moire flash NAND 3D au troisi\u00e8me trimestre de 2015. Il a ainsi rejoint le groupe compos\u00e9 de Samsung, Toshiba et Micron.<\/p>\n","protected":false},"author":22,"featured_media":233833,"comment_status":"closed","ping_status":"closed","sticky":false,"template":"","format":"standard","meta":{"_acf_changed":false,"footnotes":""},"categories":[],"tags":[],"domains":[47],"ppma_author":[1149],"class_list":["post-233832","post","type-post","status-publish","format-standard","has-post-thumbnail","hentry","domains-electronique-eci"],"acf":[],"yoast_head":"<title>SK Hynix lance la production en volume de m\u00e9moire flash 3D NAND ...<\/title>\n<meta name=\"description\" content=\"Le fabricant de m\u00e9moire Flash Hynix a annonc\u00e9 la production en volume de m\u00e9moire flash NAND 3D au troisi\u00e8me trimestre de 2015. Il a ainsi rejoint le...\" \/>\n<meta name=\"robots\" content=\"index, follow, max-snippet:-1, max-image-preview:large, max-video-preview:-1\" \/>\n<link rel=\"canonical\" href=\"https:\/\/www.ecinews.fr\/fr\/wp-json\/wp\/v2\/posts\/233832\/\" \/>\n<meta property=\"og:locale\" content=\"fr_FR\" \/>\n<meta property=\"og:type\" content=\"article\" \/>\n<meta property=\"og:title\" content=\"SK Hynix lance la production en volume de m\u00e9moire flash 3D NAND\" \/>\n<meta property=\"og:description\" content=\"Le fabricant de m\u00e9moire Flash Hynix a annonc\u00e9 la production en volume de m\u00e9moire flash NAND 3D au troisi\u00e8me trimestre de 2015. Il a ainsi rejoint le groupe compos\u00e9 de Samsung, Toshiba et Micron.\" \/>\n<meta property=\"og:url\" content=\"https:\/\/www.ecinews.fr\/fr\/wp-json\/wp\/v2\/posts\/233832\/\" \/>\n<meta property=\"og:site_name\" content=\"EENewsEurope\" \/>\n<meta property=\"article:published_time\" content=\"2015-07-29T22:00:00+00:00\" \/>\n<meta property=\"og:image\" content=\"https:\/\/www.ecinews.fr\/wp-content\/uploads\/import\/default\/files\/import\/sk-hynix.jpg\" \/>\n\t<meta property=\"og:image:width\" content=\"266\" \/>\n\t<meta property=\"og:image:height\" content=\"193\" \/>\n\t<meta property=\"og:image:type\" content=\"image\/jpeg\" \/>\n<meta name=\"author\" content=\"eeNews Europe\" \/>\n<meta name=\"twitter:card\" content=\"summary_large_image\" \/>\n<meta name=\"twitter:label1\" content=\"Written by\" \/>\n\t<meta name=\"twitter:data1\" content=\"eeNews Europe\" \/>\n\t<meta name=\"twitter:label2\" content=\"Est. reading time\" \/>\n\t<meta name=\"twitter:data2\" content=\"1 minute\" \/>\n<script type=\"application\/ld+json\" class=\"yoast-schema-graph\">{\"@context\":\"https:\/\/schema.org\",\"@graph\":[{\"@type\":\"Article\",\"@id\":\"https:\/\/www.ecinews.fr\/fr\/sk-hynix-lance-la-production-en-volume-de-memoire-flash-3d-nand\/#article\",\"isPartOf\":{\"@id\":\"https:\/\/www.ecinews.fr\/fr\/sk-hynix-lance-la-production-en-volume-de-memoire-flash-3d-nand\/\"},\"author\":{\"name\":\"eeNews Europe\",\"@id\":\"https:\/\/www.ecinews.fr\/fr\/#\/schema\/person\/9eff4051fa9dac8230052de45e32b0f4\"},\"headline\":\"SK Hynix lance la production en volume de m\u00e9moire flash 3D NAND\",\"datePublished\":\"2015-07-29T22:00:00+00:00\",\"dateModified\":\"2015-07-29T22:00:00+00:00\",\"mainEntityOfPage\":{\"@id\":\"https:\/\/www.ecinews.fr\/fr\/sk-hynix-lance-la-production-en-volume-de-memoire-flash-3d-nand\/\"},\"wordCount\":208,\"publisher\":{\"@id\":\"https:\/\/www.ecinews.fr\/fr\/#organization\"},\"inLanguage\":\"fr-FR\"},{\"@type\":\"WebPage\",\"@id\":\"https:\/\/www.ecinews.fr\/fr\/sk-hynix-lance-la-production-en-volume-de-memoire-flash-3d-nand\/\",\"url\":\"https:\/\/www.ecinews.fr\/fr\/sk-hynix-lance-la-production-en-volume-de-memoire-flash-3d-nand\/\",\"name\":\"SK Hynix lance la production en volume de m\u00e9moire flash 3D NAND -\",\"isPartOf\":{\"@id\":\"https:\/\/www.ecinews.fr\/fr\/#website\"},\"datePublished\":\"2015-07-29T22:00:00+00:00\",\"dateModified\":\"2015-07-29T22:00:00+00:00\",\"breadcrumb\":{\"@id\":\"https:\/\/www.ecinews.fr\/fr\/sk-hynix-lance-la-production-en-volume-de-memoire-flash-3d-nand\/#breadcrumb\"},\"inLanguage\":\"fr-FR\",\"potentialAction\":[{\"@type\":\"ReadAction\",\"target\":[\"https:\/\/www.ecinews.fr\/fr\/sk-hynix-lance-la-production-en-volume-de-memoire-flash-3d-nand\/\"]}]},{\"@type\":\"BreadcrumbList\",\"@id\":\"https:\/\/www.ecinews.fr\/fr\/sk-hynix-lance-la-production-en-volume-de-memoire-flash-3d-nand\/#breadcrumb\",\"itemListElement\":[{\"@type\":\"ListItem\",\"position\":1,\"name\":\"Home\",\"item\":\"https:\/\/www.ecinews.fr\/fr\/\"},{\"@type\":\"ListItem\",\"position\":2,\"name\":\"SK Hynix lance la production en volume de m\u00e9moire flash 3D NAND\"}]},{\"@type\":\"WebSite\",\"@id\":\"https:\/\/www.ecinews.fr\/fr\/#website\",\"url\":\"https:\/\/www.ecinews.fr\/fr\/\",\"name\":\"EENewsEurope\",\"description\":\"Just another WordPress site\",\"publisher\":{\"@id\":\"https:\/\/www.ecinews.fr\/fr\/#organization\"},\"potentialAction\":[{\"@type\":\"SearchAction\",\"target\":{\"@type\":\"EntryPoint\",\"urlTemplate\":\"https:\/\/www.ecinews.fr\/fr\/?s={search_term_string}\"},\"query-input\":\"required name=search_term_string\"}],\"inLanguage\":\"fr-FR\"},{\"@type\":\"Organization\",\"@id\":\"https:\/\/www.ecinews.fr\/fr\/#organization\",\"name\":\"EENewsEurope\",\"url\":\"https:\/\/www.ecinews.fr\/fr\/\",\"logo\":{\"@type\":\"ImageObject\",\"inLanguage\":\"fr-FR\",\"@id\":\"https:\/\/www.ecinews.fr\/fr\/#\/schema\/logo\/image\/\",\"url\":\"https:\/\/www.ecinews.fr\/wp-content\/uploads\/2022\/02\/logo-1.jpg\",\"contentUrl\":\"https:\/\/www.ecinews.fr\/wp-content\/uploads\/2022\/02\/logo-1.jpg\",\"width\":283,\"height\":113,\"caption\":\"EENewsEurope\"},\"image\":{\"@id\":\"https:\/\/www.ecinews.fr\/fr\/#\/schema\/logo\/image\/\"}},{\"@type\":\"Person\",\"@id\":\"https:\/\/www.ecinews.fr\/fr\/#\/schema\/person\/9eff4051fa9dac8230052de45e32b0f4\",\"name\":\"eeNews Europe\",\"image\":{\"@type\":\"ImageObject\",\"inLanguage\":\"fr-FR\",\"@id\":\"https:\/\/www.ecinews.fr\/fr\/#\/schema\/person\/image\/fae8f0cb15861c4ae0ed4872e2c9fc22\",\"url\":\"https:\/\/secure.gravatar.com\/avatar\/5081509054e28b04ecd976976e723ce0?s=96&d=mm&r=g\",\"contentUrl\":\"https:\/\/secure.gravatar.com\/avatar\/5081509054e28b04ecd976976e723ce0?s=96&d=mm&r=g\",\"caption\":\"eeNews Europe\"}}]}<\/script>","yoast_head_json":{"title":"SK Hynix lance la production en volume de m\u00e9moire flash 3D NAND ...","description":"Le fabricant de m\u00e9moire Flash Hynix a annonc\u00e9 la production en volume de m\u00e9moire flash NAND 3D au troisi\u00e8me trimestre de 2015. Il a ainsi rejoint le...","robots":{"index":"index","follow":"follow","max-snippet":"max-snippet:-1","max-image-preview":"max-image-preview:large","max-video-preview":"max-video-preview:-1"},"canonical":"https:\/\/www.ecinews.fr\/fr\/wp-json\/wp\/v2\/posts\/233832\/","og_locale":"fr_FR","og_type":"article","og_title":"SK Hynix lance la production en volume de m\u00e9moire flash 3D NAND","og_description":"Le fabricant de m\u00e9moire Flash Hynix a annonc\u00e9 la production en volume de m\u00e9moire flash NAND 3D au troisi\u00e8me trimestre de 2015. Il a ainsi rejoint le groupe compos\u00e9 de Samsung, Toshiba et Micron.","og_url":"https:\/\/www.ecinews.fr\/fr\/wp-json\/wp\/v2\/posts\/233832\/","og_site_name":"EENewsEurope","article_published_time":"2015-07-29T22:00:00+00:00","og_image":[{"width":266,"height":193,"url":"https:\/\/www.ecinews.fr\/wp-content\/uploads\/import\/default\/files\/import\/sk-hynix.jpg","type":"image\/jpeg"}],"author":"eeNews Europe","twitter_card":"summary_large_image","twitter_misc":{"Written by":"eeNews Europe","Est. reading time":"1 minute"},"schema":{"@context":"https:\/\/schema.org","@graph":[{"@type":"Article","@id":"https:\/\/www.ecinews.fr\/fr\/sk-hynix-lance-la-production-en-volume-de-memoire-flash-3d-nand\/#article","isPartOf":{"@id":"https:\/\/www.ecinews.fr\/fr\/sk-hynix-lance-la-production-en-volume-de-memoire-flash-3d-nand\/"},"author":{"name":"eeNews Europe","@id":"https:\/\/www.ecinews.fr\/fr\/#\/schema\/person\/9eff4051fa9dac8230052de45e32b0f4"},"headline":"SK Hynix lance la production en volume de m\u00e9moire flash 3D NAND","datePublished":"2015-07-29T22:00:00+00:00","dateModified":"2015-07-29T22:00:00+00:00","mainEntityOfPage":{"@id":"https:\/\/www.ecinews.fr\/fr\/sk-hynix-lance-la-production-en-volume-de-memoire-flash-3d-nand\/"},"wordCount":208,"publisher":{"@id":"https:\/\/www.ecinews.fr\/fr\/#organization"},"inLanguage":"fr-FR"},{"@type":"WebPage","@id":"https:\/\/www.ecinews.fr\/fr\/sk-hynix-lance-la-production-en-volume-de-memoire-flash-3d-nand\/","url":"https:\/\/www.ecinews.fr\/fr\/sk-hynix-lance-la-production-en-volume-de-memoire-flash-3d-nand\/","name":"SK Hynix lance la production en volume de m\u00e9moire flash 3D NAND -","isPartOf":{"@id":"https:\/\/www.ecinews.fr\/fr\/#website"},"datePublished":"2015-07-29T22:00:00+00:00","dateModified":"2015-07-29T22:00:00+00:00","breadcrumb":{"@id":"https:\/\/www.ecinews.fr\/fr\/sk-hynix-lance-la-production-en-volume-de-memoire-flash-3d-nand\/#breadcrumb"},"inLanguage":"fr-FR","potentialAction":[{"@type":"ReadAction","target":["https:\/\/www.ecinews.fr\/fr\/sk-hynix-lance-la-production-en-volume-de-memoire-flash-3d-nand\/"]}]},{"@type":"BreadcrumbList","@id":"https:\/\/www.ecinews.fr\/fr\/sk-hynix-lance-la-production-en-volume-de-memoire-flash-3d-nand\/#breadcrumb","itemListElement":[{"@type":"ListItem","position":1,"name":"Home","item":"https:\/\/www.ecinews.fr\/fr\/"},{"@type":"ListItem","position":2,"name":"SK Hynix lance la production en volume de m\u00e9moire flash 3D NAND"}]},{"@type":"WebSite","@id":"https:\/\/www.ecinews.fr\/fr\/#website","url":"https:\/\/www.ecinews.fr\/fr\/","name":"EENewsEurope","description":"Just another WordPress site","publisher":{"@id":"https:\/\/www.ecinews.fr\/fr\/#organization"},"potentialAction":[{"@type":"SearchAction","target":{"@type":"EntryPoint","urlTemplate":"https:\/\/www.ecinews.fr\/fr\/?s={search_term_string}"},"query-input":"required name=search_term_string"}],"inLanguage":"fr-FR"},{"@type":"Organization","@id":"https:\/\/www.ecinews.fr\/fr\/#organization","name":"EENewsEurope","url":"https:\/\/www.ecinews.fr\/fr\/","logo":{"@type":"ImageObject","inLanguage":"fr-FR","@id":"https:\/\/www.ecinews.fr\/fr\/#\/schema\/logo\/image\/","url":"https:\/\/www.ecinews.fr\/wp-content\/uploads\/2022\/02\/logo-1.jpg","contentUrl":"https:\/\/www.ecinews.fr\/wp-content\/uploads\/2022\/02\/logo-1.jpg","width":283,"height":113,"caption":"EENewsEurope"},"image":{"@id":"https:\/\/www.ecinews.fr\/fr\/#\/schema\/logo\/image\/"}},{"@type":"Person","@id":"https:\/\/www.ecinews.fr\/fr\/#\/schema\/person\/9eff4051fa9dac8230052de45e32b0f4","name":"eeNews Europe","image":{"@type":"ImageObject","inLanguage":"fr-FR","@id":"https:\/\/www.ecinews.fr\/fr\/#\/schema\/person\/image\/fae8f0cb15861c4ae0ed4872e2c9fc22","url":"https:\/\/secure.gravatar.com\/avatar\/5081509054e28b04ecd976976e723ce0?s=96&d=mm&r=g","contentUrl":"https:\/\/secure.gravatar.com\/avatar\/5081509054e28b04ecd976976e723ce0?s=96&d=mm&r=g","caption":"eeNews Europe"}}]}},"authors":[{"term_id":1149,"user_id":22,"is_guest":0,"slug":"eenews-europe","display_name":"eeNews Europe","avatar_url":"https:\/\/secure.gravatar.com\/avatar\/5081509054e28b04ecd976976e723ce0?s=96&d=mm&r=g","0":null,"1":"","2":"","3":"","4":"","5":"","6":"","7":"","8":""}],"_links":{"self":[{"href":"https:\/\/www.ecinews.fr\/fr\/wp-json\/wp\/v2\/posts\/233832"}],"collection":[{"href":"https:\/\/www.ecinews.fr\/fr\/wp-json\/wp\/v2\/posts"}],"about":[{"href":"https:\/\/www.ecinews.fr\/fr\/wp-json\/wp\/v2\/types\/post"}],"author":[{"embeddable":true,"href":"https:\/\/www.ecinews.fr\/fr\/wp-json\/wp\/v2\/users\/22"}],"replies":[{"embeddable":true,"href":"https:\/\/www.ecinews.fr\/fr\/wp-json\/wp\/v2\/comments?post=233832"}],"version-history":[{"count":0,"href":"https:\/\/www.ecinews.fr\/fr\/wp-json\/wp\/v2\/posts\/233832\/revisions"}],"wp:featuredmedia":[{"embeddable":true,"href":"https:\/\/www.ecinews.fr\/fr\/wp-json\/wp\/v2\/media\/233833"}],"wp:attachment":[{"href":"https:\/\/www.ecinews.fr\/fr\/wp-json\/wp\/v2\/media?parent=233832"}],"wp:term":[{"taxonomy":"category","embeddable":true,"href":"https:\/\/www.ecinews.fr\/fr\/wp-json\/wp\/v2\/categories?post=233832"},{"taxonomy":"post_tag","embeddable":true,"href":"https:\/\/www.ecinews.fr\/fr\/wp-json\/wp\/v2\/tags?post=233832"},{"taxonomy":"domains","embeddable":true,"href":"https:\/\/www.ecinews.fr\/fr\/wp-json\/wp\/v2\/domains?post=233832"},{"taxonomy":"author","embeddable":true,"href":"https:\/\/www.ecinews.fr\/fr\/wp-json\/wp\/v2\/ppma_author?post=233832"}],"curies":[{"name":"wp","href":"https:\/\/api.w.org\/{rel}","templated":true}]}}