{"id":233264,"date":"2015-06-01T22:00:00","date_gmt":"2015-06-01T22:00:00","guid":{"rendered":"https:\/\/eenewseurope.artwhere.co\/intel-altera-un-rachat-previsible\/"},"modified":"2015-06-01T22:00:00","modified_gmt":"2015-06-01T22:00:00","slug":"intel-altera-un-rachat-previsible","status":"publish","type":"post","link":"https:\/\/www.ecinews.fr\/fr\/intel-altera-un-rachat-previsible\/","title":{"rendered":"Intel-Altera : un rachat pr\u00e9visible ?"},"content":{"rendered":"<p style=\"line-height:11.25pt\"><span style=\"font-size:9.0pt;font-family:Arial;color:black\" class=\"notranslate\">Comme Intel, Altera vend ses circuits &agrave; des prix moyens relativement &eacute;lev&eacute;s avec des marges int&eacute;ressantes toutefois les volumes du march&eacute; du FPGA sont minuscules par rapport ceux des march&eacute;s informatiques.<\/span><span style=\"font-size:9.0pt;font-family:Arial;color:black\"> C&rsquo;est pourquoi c<span class=\"notranslate\">ertains restent sceptiques sur un accord qui exigerait une d&eacute;pense de 13 milliards de dollars pour un peu moins de 2 milliards de dollars de revenus annuels<\/span>&hellip;&nbsp;<br \/>\n<\/span><span style=\"line-height: 11.25pt;font-size: 9pt;font-family: Arial;color: black\" class=\"notranslate\">Altera est le deuxi&egrave;me plus grand fabricant de FPGA derri&egrave;re Xilinx.&nbsp;<\/span><span style=\"line-height: 11.25pt;font-size: 9pt;font-family: Arial;color: black\" class=\"notranslate\">IC Insights positionne cette soci&eacute;t&eacute; comme la 39 <sup>&egrave;me<\/sup> plus grand fabricant de circuits avec des revenus de 1,9 milliards de dollars en 2014 par rapport &agrave; Xilinx au 30<sup>&egrave;me<\/sup> rang avec des revenus 2,4 milliards de dollars.<\/span><span style=\"line-height: 11.25pt;font-size: 9pt;font-family: Arial;color: black\"> <span class=\"notranslate\">Selon Semico, le march&eacute; des FPGA dans son ensemble devrait cro&icirc;tre de 5,4 milliards de dollars cette ann&eacute;e &agrave; 7,4 milliards de dollars en 2019, soit une croissance l&eacute;g&egrave;rement plus rapide que celle l&rsquo;industrie<\/span><span style=\"font-size: 9pt;line-height: 11.25pt\">.<br \/>\n<\/span><span style=\"line-height: 11.25pt\" class=\"notranslate\">Au cours de ces derni&egrave;res ann&eacute;es,<\/span><span style=\"line-height: 11.25pt;font-family: Arial\">&nbsp;<\/span><span style=\"line-height: 11.25pt\" class=\"google-src-text1\">Intel et Altera&nbsp;<\/span><span style=\"line-height: 11.25pt\" class=\"notranslate\">&eacute;taient d&eacute;j&agrave; tr&egrave;s proches puisqu&rsquo;Altera utilisait les capacit&eacute;s de la fonderie 14 nm d&rsquo;Intel tout en conservant des liens tr&egrave;s forts avec TSMC, le fabricant de la plus part de ses circuits.&nbsp;<\/span><span style=\"line-height: 11.25pt;font-size: 9pt;font-family: Arial;color: black\" class=\"notranslate\">Altera a donc longtemps &eacute;t&eacute; consid&eacute;r&eacute; comme une cible d&rsquo;acquisition probable pour Intel.&nbsp;<\/span><span style=\"line-height: 11.25pt;font-size: 9pt;font-family: Arial;color: black\" class=\"notranslate\">&quot;Compte tenu de leur relation sur la &nbsp;fonderie &agrave; 14nm, le besoin imp&eacute;ratif d&rsquo;Altera pour des technologies de pointe et l&rsquo;expertise d&rsquo;Intel dans les technologies de processus, nous pensons que ce qui avait sens hier reste valable aujourd&rsquo;hui &quot;,&nbsp;<\/span><span style=\"line-height: 11.25pt;font-family: Arial\">a d&eacute;clar&eacute; Ross Seymore, analyste chez Deutsche Bank.&nbsp;<\/span><span style=\"line-height: 11.25pt;font-size: 9pt;font-family: Arial;color: black\" class=\"notranslate\">Depuis 2010, l&rsquo;analyste de Wall Street sp&eacute;culait qu&rsquo;Intel pourrait racheter une soci&eacute;t&eacute; de FPGA&hellip;<\/span><\/p>\n","protected":false},"excerpt":{"rendered":"<p>Suite aux d\u00e9clarations du Wall Street Journal et de Reuters selon lesquelles Intel \u00e9tait en pourparlers pour acqu\u00e9rir Altera, les actions du fabricant de FPGA ont grimp\u00e9 de $ 34,74 \u00e0 $ 44,41 en trente minutes, poussant le prix de ce qui serait la plus importante acquisition d&rsquo;Intel jamais de 10 milliards de dollars \u00e0 13 milliards. Puis le cours des actions d&rsquo;Altera est l\u00e9g\u00e8rement retomb\u00e9 \u00e0 environ 42 $. Cet accord permettrait \u00e0 Intel de diversifier ses activit\u00e9s vers des secteurs tels que les t\u00e9l\u00e9communications.<\/p>\n","protected":false},"author":22,"featured_media":233265,"comment_status":"closed","ping_status":"closed","sticky":false,"template":"","format":"standard","meta":{"_acf_changed":false,"footnotes":""},"categories":[],"tags":[908],"domains":[47],"ppma_author":[1149],"class_list":["post-233264","post","type-post","status-publish","format-standard","has-post-thumbnail","hentry","tag-plds-fpgas-asics-fr","domains-electronique-eci"],"acf":[],"yoast_head":"<title>Intel-Altera : un rachat pr\u00e9visible ? ...<\/title>\n<meta name=\"description\" content=\"Suite aux d\u00e9clarations du Wall Street Journal et de Reuters selon lesquelles Intel \u00e9tait en pourparlers pour acqu\u00e9rir Altera, les actions du fabricant de...\" \/>\n<meta name=\"robots\" content=\"index, follow, max-snippet:-1, max-image-preview:large, max-video-preview:-1\" \/>\n<link rel=\"canonical\" href=\"https:\/\/www.ecinews.fr\/fr\/wp-json\/wp\/v2\/posts\/233264\/\" \/>\n<meta property=\"og:locale\" content=\"fr_FR\" \/>\n<meta property=\"og:type\" content=\"article\" \/>\n<meta property=\"og:title\" content=\"Intel-Altera : un rachat pr\u00e9visible ?\" \/>\n<meta property=\"og:description\" content=\"Suite aux d\u00e9clarations du Wall Street Journal et de Reuters selon lesquelles Intel \u00e9tait en pourparlers pour acqu\u00e9rir Altera, les actions du fabricant de FPGA ont grimp\u00e9 de $ 34,74 \u00e0 $ 44,41 en trente minutes, poussant le prix de ce qui serait la plus importante acquisition d&#039;Intel jamais de 10 milliards de dollars \u00e0 13 milliards. Puis le cours des actions d&#039;Altera est l\u00e9g\u00e8rement retomb\u00e9 \u00e0 environ 42 $. Cet accord permettrait \u00e0 Intel de diversifier ses activit\u00e9s vers des secteurs tels que les t\u00e9l\u00e9communications.\" \/>\n<meta property=\"og:url\" content=\"https:\/\/www.ecinews.fr\/fr\/wp-json\/wp\/v2\/posts\/233264\/\" \/>\n<meta property=\"og:site_name\" content=\"EENewsEurope\" \/>\n<meta property=\"article:published_time\" content=\"2015-06-01T22:00:00+00:00\" \/>\n<meta property=\"og:image\" content=\"https:\/\/www.ecinews.fr\/wp-content\/uploads\/import\/default\/files\/import\/silicon-wafer-3d-scaled.jpg\" \/>\n\t<meta property=\"og:image:width\" content=\"2560\" \/>\n\t<meta property=\"og:image:height\" content=\"1920\" \/>\n\t<meta property=\"og:image:type\" content=\"image\/jpeg\" \/>\n<meta name=\"author\" content=\"eeNews Europe\" \/>\n<meta name=\"twitter:card\" content=\"summary_large_image\" \/>\n<meta name=\"twitter:label1\" content=\"Written by\" \/>\n\t<meta name=\"twitter:data1\" content=\"eeNews Europe\" \/>\n\t<meta name=\"twitter:label2\" content=\"Est. reading time\" \/>\n\t<meta name=\"twitter:data2\" content=\"2 minutes\" \/>\n<script type=\"application\/ld+json\" class=\"yoast-schema-graph\">{\"@context\":\"https:\/\/schema.org\",\"@graph\":[{\"@type\":\"Article\",\"@id\":\"https:\/\/www.ecinews.fr\/fr\/intel-altera-un-rachat-previsible\/#article\",\"isPartOf\":{\"@id\":\"https:\/\/www.ecinews.fr\/fr\/intel-altera-un-rachat-previsible\/\"},\"author\":{\"name\":\"eeNews Europe\",\"@id\":\"https:\/\/www.ecinews.fr\/fr\/#\/schema\/person\/9eff4051fa9dac8230052de45e32b0f4\"},\"headline\":\"Intel-Altera : un rachat pr\u00e9visible ?\",\"datePublished\":\"2015-06-01T22:00:00+00:00\",\"dateModified\":\"2015-06-01T22:00:00+00:00\",\"mainEntityOfPage\":{\"@id\":\"https:\/\/www.ecinews.fr\/fr\/intel-altera-un-rachat-previsible\/\"},\"wordCount\":337,\"publisher\":{\"@id\":\"https:\/\/www.ecinews.fr\/fr\/#organization\"},\"keywords\":[\"PLDs\/FPGAs\/ASICs\"],\"inLanguage\":\"fr-FR\"},{\"@type\":\"WebPage\",\"@id\":\"https:\/\/www.ecinews.fr\/fr\/intel-altera-un-rachat-previsible\/\",\"url\":\"https:\/\/www.ecinews.fr\/fr\/intel-altera-un-rachat-previsible\/\",\"name\":\"Intel-Altera : un rachat pr\u00e9visible ? -\",\"isPartOf\":{\"@id\":\"https:\/\/www.ecinews.fr\/fr\/#website\"},\"datePublished\":\"2015-06-01T22:00:00+00:00\",\"dateModified\":\"2015-06-01T22:00:00+00:00\",\"breadcrumb\":{\"@id\":\"https:\/\/www.ecinews.fr\/fr\/intel-altera-un-rachat-previsible\/#breadcrumb\"},\"inLanguage\":\"fr-FR\",\"potentialAction\":[{\"@type\":\"ReadAction\",\"target\":[\"https:\/\/www.ecinews.fr\/fr\/intel-altera-un-rachat-previsible\/\"]}]},{\"@type\":\"BreadcrumbList\",\"@id\":\"https:\/\/www.ecinews.fr\/fr\/intel-altera-un-rachat-previsible\/#breadcrumb\",\"itemListElement\":[{\"@type\":\"ListItem\",\"position\":1,\"name\":\"Home\",\"item\":\"https:\/\/www.ecinews.fr\/fr\/\"},{\"@type\":\"ListItem\",\"position\":2,\"name\":\"Intel-Altera : un rachat pr\u00e9visible ?\"}]},{\"@type\":\"WebSite\",\"@id\":\"https:\/\/www.ecinews.fr\/fr\/#website\",\"url\":\"https:\/\/www.ecinews.fr\/fr\/\",\"name\":\"EENewsEurope\",\"description\":\"Just another WordPress site\",\"publisher\":{\"@id\":\"https:\/\/www.ecinews.fr\/fr\/#organization\"},\"potentialAction\":[{\"@type\":\"SearchAction\",\"target\":{\"@type\":\"EntryPoint\",\"urlTemplate\":\"https:\/\/www.ecinews.fr\/fr\/?s={search_term_string}\"},\"query-input\":\"required name=search_term_string\"}],\"inLanguage\":\"fr-FR\"},{\"@type\":\"Organization\",\"@id\":\"https:\/\/www.ecinews.fr\/fr\/#organization\",\"name\":\"EENewsEurope\",\"url\":\"https:\/\/www.ecinews.fr\/fr\/\",\"logo\":{\"@type\":\"ImageObject\",\"inLanguage\":\"fr-FR\",\"@id\":\"https:\/\/www.ecinews.fr\/fr\/#\/schema\/logo\/image\/\",\"url\":\"https:\/\/www.ecinews.fr\/wp-content\/uploads\/2022\/02\/logo-1.jpg\",\"contentUrl\":\"https:\/\/www.ecinews.fr\/wp-content\/uploads\/2022\/02\/logo-1.jpg\",\"width\":283,\"height\":113,\"caption\":\"EENewsEurope\"},\"image\":{\"@id\":\"https:\/\/www.ecinews.fr\/fr\/#\/schema\/logo\/image\/\"}},{\"@type\":\"Person\",\"@id\":\"https:\/\/www.ecinews.fr\/fr\/#\/schema\/person\/9eff4051fa9dac8230052de45e32b0f4\",\"name\":\"eeNews Europe\",\"image\":{\"@type\":\"ImageObject\",\"inLanguage\":\"fr-FR\",\"@id\":\"https:\/\/www.ecinews.fr\/fr\/#\/schema\/person\/image\/fae8f0cb15861c4ae0ed4872e2c9fc22\",\"url\":\"https:\/\/secure.gravatar.com\/avatar\/5081509054e28b04ecd976976e723ce0?s=96&d=mm&r=g\",\"contentUrl\":\"https:\/\/secure.gravatar.com\/avatar\/5081509054e28b04ecd976976e723ce0?s=96&d=mm&r=g\",\"caption\":\"eeNews Europe\"}}]}<\/script>","yoast_head_json":{"title":"Intel-Altera : un rachat pr\u00e9visible ? ...","description":"Suite aux d\u00e9clarations du Wall Street Journal et de Reuters selon lesquelles Intel \u00e9tait en pourparlers pour acqu\u00e9rir Altera, les actions du fabricant de...","robots":{"index":"index","follow":"follow","max-snippet":"max-snippet:-1","max-image-preview":"max-image-preview:large","max-video-preview":"max-video-preview:-1"},"canonical":"https:\/\/www.ecinews.fr\/fr\/wp-json\/wp\/v2\/posts\/233264\/","og_locale":"fr_FR","og_type":"article","og_title":"Intel-Altera : un rachat pr\u00e9visible ?","og_description":"Suite aux d\u00e9clarations du Wall Street Journal et de Reuters selon lesquelles Intel \u00e9tait en pourparlers pour acqu\u00e9rir Altera, les actions du fabricant de FPGA ont grimp\u00e9 de $ 34,74 \u00e0 $ 44,41 en trente minutes, poussant le prix de ce qui serait la plus importante acquisition d'Intel jamais de 10 milliards de dollars \u00e0 13 milliards. Puis le cours des actions d'Altera est l\u00e9g\u00e8rement retomb\u00e9 \u00e0 environ 42 $. Cet accord permettrait \u00e0 Intel de diversifier ses activit\u00e9s vers des secteurs tels que les t\u00e9l\u00e9communications.","og_url":"https:\/\/www.ecinews.fr\/fr\/wp-json\/wp\/v2\/posts\/233264\/","og_site_name":"EENewsEurope","article_published_time":"2015-06-01T22:00:00+00:00","og_image":[{"width":2560,"height":1920,"url":"https:\/\/www.ecinews.fr\/wp-content\/uploads\/import\/default\/files\/import\/silicon-wafer-3d-scaled.jpg","type":"image\/jpeg"}],"author":"eeNews Europe","twitter_card":"summary_large_image","twitter_misc":{"Written by":"eeNews Europe","Est. reading time":"2 minutes"},"schema":{"@context":"https:\/\/schema.org","@graph":[{"@type":"Article","@id":"https:\/\/www.ecinews.fr\/fr\/intel-altera-un-rachat-previsible\/#article","isPartOf":{"@id":"https:\/\/www.ecinews.fr\/fr\/intel-altera-un-rachat-previsible\/"},"author":{"name":"eeNews Europe","@id":"https:\/\/www.ecinews.fr\/fr\/#\/schema\/person\/9eff4051fa9dac8230052de45e32b0f4"},"headline":"Intel-Altera : un rachat pr\u00e9visible ?","datePublished":"2015-06-01T22:00:00+00:00","dateModified":"2015-06-01T22:00:00+00:00","mainEntityOfPage":{"@id":"https:\/\/www.ecinews.fr\/fr\/intel-altera-un-rachat-previsible\/"},"wordCount":337,"publisher":{"@id":"https:\/\/www.ecinews.fr\/fr\/#organization"},"keywords":["PLDs\/FPGAs\/ASICs"],"inLanguage":"fr-FR"},{"@type":"WebPage","@id":"https:\/\/www.ecinews.fr\/fr\/intel-altera-un-rachat-previsible\/","url":"https:\/\/www.ecinews.fr\/fr\/intel-altera-un-rachat-previsible\/","name":"Intel-Altera : un rachat pr\u00e9visible ? -","isPartOf":{"@id":"https:\/\/www.ecinews.fr\/fr\/#website"},"datePublished":"2015-06-01T22:00:00+00:00","dateModified":"2015-06-01T22:00:00+00:00","breadcrumb":{"@id":"https:\/\/www.ecinews.fr\/fr\/intel-altera-un-rachat-previsible\/#breadcrumb"},"inLanguage":"fr-FR","potentialAction":[{"@type":"ReadAction","target":["https:\/\/www.ecinews.fr\/fr\/intel-altera-un-rachat-previsible\/"]}]},{"@type":"BreadcrumbList","@id":"https:\/\/www.ecinews.fr\/fr\/intel-altera-un-rachat-previsible\/#breadcrumb","itemListElement":[{"@type":"ListItem","position":1,"name":"Home","item":"https:\/\/www.ecinews.fr\/fr\/"},{"@type":"ListItem","position":2,"name":"Intel-Altera : un rachat pr\u00e9visible ?"}]},{"@type":"WebSite","@id":"https:\/\/www.ecinews.fr\/fr\/#website","url":"https:\/\/www.ecinews.fr\/fr\/","name":"EENewsEurope","description":"Just another WordPress site","publisher":{"@id":"https:\/\/www.ecinews.fr\/fr\/#organization"},"potentialAction":[{"@type":"SearchAction","target":{"@type":"EntryPoint","urlTemplate":"https:\/\/www.ecinews.fr\/fr\/?s={search_term_string}"},"query-input":"required name=search_term_string"}],"inLanguage":"fr-FR"},{"@type":"Organization","@id":"https:\/\/www.ecinews.fr\/fr\/#organization","name":"EENewsEurope","url":"https:\/\/www.ecinews.fr\/fr\/","logo":{"@type":"ImageObject","inLanguage":"fr-FR","@id":"https:\/\/www.ecinews.fr\/fr\/#\/schema\/logo\/image\/","url":"https:\/\/www.ecinews.fr\/wp-content\/uploads\/2022\/02\/logo-1.jpg","contentUrl":"https:\/\/www.ecinews.fr\/wp-content\/uploads\/2022\/02\/logo-1.jpg","width":283,"height":113,"caption":"EENewsEurope"},"image":{"@id":"https:\/\/www.ecinews.fr\/fr\/#\/schema\/logo\/image\/"}},{"@type":"Person","@id":"https:\/\/www.ecinews.fr\/fr\/#\/schema\/person\/9eff4051fa9dac8230052de45e32b0f4","name":"eeNews Europe","image":{"@type":"ImageObject","inLanguage":"fr-FR","@id":"https:\/\/www.ecinews.fr\/fr\/#\/schema\/person\/image\/fae8f0cb15861c4ae0ed4872e2c9fc22","url":"https:\/\/secure.gravatar.com\/avatar\/5081509054e28b04ecd976976e723ce0?s=96&d=mm&r=g","contentUrl":"https:\/\/secure.gravatar.com\/avatar\/5081509054e28b04ecd976976e723ce0?s=96&d=mm&r=g","caption":"eeNews Europe"}}]}},"authors":[{"term_id":1149,"user_id":22,"is_guest":0,"slug":"eenews-europe","display_name":"eeNews Europe","avatar_url":"https:\/\/secure.gravatar.com\/avatar\/5081509054e28b04ecd976976e723ce0?s=96&d=mm&r=g","0":null,"1":"","2":"","3":"","4":"","5":"","6":"","7":"","8":""}],"_links":{"self":[{"href":"https:\/\/www.ecinews.fr\/fr\/wp-json\/wp\/v2\/posts\/233264"}],"collection":[{"href":"https:\/\/www.ecinews.fr\/fr\/wp-json\/wp\/v2\/posts"}],"about":[{"href":"https:\/\/www.ecinews.fr\/fr\/wp-json\/wp\/v2\/types\/post"}],"author":[{"embeddable":true,"href":"https:\/\/www.ecinews.fr\/fr\/wp-json\/wp\/v2\/users\/22"}],"replies":[{"embeddable":true,"href":"https:\/\/www.ecinews.fr\/fr\/wp-json\/wp\/v2\/comments?post=233264"}],"version-history":[{"count":0,"href":"https:\/\/www.ecinews.fr\/fr\/wp-json\/wp\/v2\/posts\/233264\/revisions"}],"wp:featuredmedia":[{"embeddable":true,"href":"https:\/\/www.ecinews.fr\/fr\/wp-json\/wp\/v2\/media\/233265"}],"wp:attachment":[{"href":"https:\/\/www.ecinews.fr\/fr\/wp-json\/wp\/v2\/media?parent=233264"}],"wp:term":[{"taxonomy":"category","embeddable":true,"href":"https:\/\/www.ecinews.fr\/fr\/wp-json\/wp\/v2\/categories?post=233264"},{"taxonomy":"post_tag","embeddable":true,"href":"https:\/\/www.ecinews.fr\/fr\/wp-json\/wp\/v2\/tags?post=233264"},{"taxonomy":"domains","embeddable":true,"href":"https:\/\/www.ecinews.fr\/fr\/wp-json\/wp\/v2\/domains?post=233264"},{"taxonomy":"author","embeddable":true,"href":"https:\/\/www.ecinews.fr\/fr\/wp-json\/wp\/v2\/ppma_author?post=233264"}],"curies":[{"name":"wp","href":"https:\/\/api.w.org\/{rel}","templated":true}]}}