{"id":217836,"date":"2016-03-18T08:00:00","date_gmt":"2016-03-18T08:00:00","guid":{"rendered":"https:\/\/eenewseurope.artwhere.co\/des-chargeurs-optimises-pour-velos-electriques\/"},"modified":"2016-03-18T08:00:00","modified_gmt":"2016-03-18T08:00:00","slug":"des-chargeurs-optimises-pour-velos-electriques","status":"publish","type":"post","link":"https:\/\/www.ecinews.fr\/fr\/des-chargeurs-optimises-pour-velos-electriques\/","title":{"rendered":"Des chargeurs optimis\u00e9s pour v\u00e9los \u00e9lectriques"},"content":{"rendered":"<p>Con\u00e7ue pour r\u00e9pondre \u00e0 la charge de batteries lithium compos\u00e9es de 10 cellules, cette famille de chargeurs comprend 4 mod\u00e8les \u00e9tag\u00e9s de 2 \u00e0 5 A. Le design renouvel\u00e9 du bo\u00eetier abrite des caract\u00e9ristiques qui acc\u00e9l\u00e8rent la recharge tout en prot\u00e9geant la batterie. Ainsi, avec une batterie assez fortement d\u00e9charg\u00e9e, un premier pallier de pr\u00e9-charge lente s\u2019op\u00e8re jusqu\u2019\u00e0 une tension de 2,5 V par cellule. Ensuite, un deuxi\u00e8me pallier prend automatiquement le relais en mode courant constant pour une recharge rapide jusqu\u2019\u00e0 une tension de 4,2 V. Au-del\u00e0, un troisi\u00e8me pallier entre en jeu sous un mode de tension constante jusqu\u2019\u00e0 atteindre la pleine charge de la batterie. D\u00e8s lors, l\u2019appareil se d\u00e9connecte automatiquement. Par ailleurs, l\u2019utilisateur peut visualiser le niveau de charge gr\u00e2ce \u00e0 des LED.<\/p>\n<p>Pour les op\u00e9rations de recharge rapide, le mod\u00e8le 10S5A, d\u2019un encombrement de 206 x 94 x 61 mm pour 770 g, est capable de d\u00e9livrer un courant de 5 A. Avec une puissance de sortie de 200 W, il peut porter \u00e0 pleine charge une batterie 9,6 Ah en environ 2 heures.<br \/>\nA l\u2019oppos\u00e9, le chargeur de voyage d\u00e9livre un courant de 2 A. D\u2019un design compact de 149 x 79 x 39 mm pour 500 g et dot\u00e9 d\u2019une housse de transport en n\u00e9opr\u00e8ne, il est con\u00e7u pour \u00eatre emport\u00e9 partout avec facilit\u00e9.<br \/>\nPour un usage interm\u00e9diaire, les chargeurs \u00e0 usage stationnaire de 3 ou 4 A permettent respectivement de d\u00e9livrer 85, 125 ou 160 W de puissance.<br \/>\nTous ces appareils sont pourvus d\u2019une protection contre les courts-circuits, ainsi que d\u2019une autoprotection contre l\u2019inversion de polarit\u00e9 au niveau du c\u00e2ble de sortie. Leur refroidissement s\u2019effectue par simple convection, sans ventilateur.<\/p>\n<p>Ormis les mod\u00e8les standard, les int\u00e9grateurs peuvent b\u00e9n\u00e9ficier de produits adapt\u00e9s \u00e0 leurs cahiers des charges incluant, par exemple, des connecteurs sp\u00e9cifiques, un mode de d\u00e9tection de batterie ou un nombre de cellules diff\u00e9rents.<\/p>\n<p><a href=\"http:\/\/www.bmz-gmbh.de\/\" target=\"_blank\" rel=\"noopener\">http:\/\/www.bmz-gmbh.de\/<\/a><\/p>\n","protected":false},"excerpt":{"rendered":"<p>Pour la recharge des batteries des v\u00e9los \u00e0 assistance \u00e9lectrique, BMZ a lanc\u00e9 une famille de chargeurs d\u00e9clin\u00e9e selon plusieurs courants de charge et plusieurs formats de bo\u00eetiers. Les caract\u00e9ristiques de charge permettront aux fabricants de v\u00e9los de prendre en compte tous les types d\u2019usages courants dans le but d\u2019optimiser pleinement l\u2019op\u00e9ration de recharge.<\/p>\n","protected":false},"author":9,"featured_media":217837,"comment_status":"closed","ping_status":"closed","sticky":false,"template":"","format":"standard","meta":{"_acf_changed":false,"footnotes":""},"categories":[881],"tags":[909],"domains":[47],"ppma_author":[1141],"class_list":["post-217836","post","type-post","status-publish","format-standard","has-post-thumbnail","hentry","category-nouveaux-produits","tag-batteries-power-supplies-fr","domains-electronique-eci"],"acf":[],"yoast_head":"<title>Des chargeurs optimis\u00e9s pour v\u00e9los \u00e9lectriques ...<\/title>\n<meta name=\"description\" content=\"Pour la recharge des batteries des v\u00e9los \u00e0 assistance \u00e9lectrique, BMZ a lanc\u00e9 une famille de chargeurs d\u00e9clin\u00e9e selon plusieurs courants de charge et...\" \/>\n<meta name=\"robots\" content=\"index, follow, max-snippet:-1, max-image-preview:large, max-video-preview:-1\" \/>\n<link rel=\"canonical\" href=\"https:\/\/www.ecinews.fr\/fr\/wp-json\/wp\/v2\/posts\/217836\/\" \/>\n<meta property=\"og:locale\" content=\"fr_FR\" \/>\n<meta property=\"og:type\" content=\"article\" \/>\n<meta property=\"og:title\" content=\"Des chargeurs optimis\u00e9s pour v\u00e9los \u00e9lectriques\" \/>\n<meta property=\"og:description\" content=\"Pour la recharge des batteries des v\u00e9los \u00e0 assistance \u00e9lectrique, BMZ a lanc\u00e9 une famille de chargeurs d\u00e9clin\u00e9e selon plusieurs courants de charge et plusieurs formats de bo\u00eetiers. Les caract\u00e9ristiques de charge permettront aux fabricants de v\u00e9los de prendre en compte tous les types d\u2019usages courants dans le but d\u2019optimiser pleinement l\u2019op\u00e9ration de recharge.\" \/>\n<meta property=\"og:url\" content=\"https:\/\/www.ecinews.fr\/fr\/wp-json\/wp\/v2\/posts\/217836\/\" \/>\n<meta property=\"og:site_name\" content=\"EENewsEurope\" \/>\n<meta property=\"article:published_time\" content=\"2016-03-18T08:00:00+00:00\" \/>\n<meta property=\"og:image\" content=\"https:\/\/www.ecinews.fr\/wp-content\/uploads\/import\/default\/files\/sites\/default\/files\/images\/eci7737_bmz_att00002_r.jpg\" \/>\n\t<meta property=\"og:image:width\" content=\"430\" \/>\n\t<meta property=\"og:image:height\" content=\"294\" \/>\n\t<meta property=\"og:image:type\" content=\"image\/jpeg\" \/>\n<meta name=\"author\" content=\"Alain Dieul\" \/>\n<meta name=\"twitter:card\" content=\"summary_large_image\" \/>\n<meta name=\"twitter:label1\" content=\"Written by\" \/>\n\t<meta name=\"twitter:data1\" content=\"Alain Dieul\" \/>\n\t<meta name=\"twitter:label2\" content=\"Est. reading time\" \/>\n\t<meta name=\"twitter:data2\" content=\"2 minutes\" \/>\n<script type=\"application\/ld+json\" class=\"yoast-schema-graph\">{\"@context\":\"https:\/\/schema.org\",\"@graph\":[{\"@type\":\"Article\",\"@id\":\"https:\/\/www.ecinews.fr\/fr\/des-chargeurs-optimises-pour-velos-electriques\/#article\",\"isPartOf\":{\"@id\":\"https:\/\/www.ecinews.fr\/fr\/des-chargeurs-optimises-pour-velos-electriques\/\"},\"author\":{\"name\":\"Alain Dieul\",\"@id\":\"https:\/\/www.ecinews.fr\/fr\/#\/schema\/person\/568c789a4794bd460460501ba91f5daf\"},\"headline\":\"Des chargeurs optimis\u00e9s pour v\u00e9los \u00e9lectriques\",\"datePublished\":\"2016-03-18T08:00:00+00:00\",\"dateModified\":\"2016-03-18T08:00:00+00:00\",\"mainEntityOfPage\":{\"@id\":\"https:\/\/www.ecinews.fr\/fr\/des-chargeurs-optimises-pour-velos-electriques\/\"},\"wordCount\":343,\"publisher\":{\"@id\":\"https:\/\/www.ecinews.fr\/fr\/#organization\"},\"keywords\":[\"Batteries \/ Power Supplies\"],\"articleSection\":[\"Nouveaux produits\"],\"inLanguage\":\"fr-FR\"},{\"@type\":\"WebPage\",\"@id\":\"https:\/\/www.ecinews.fr\/fr\/des-chargeurs-optimises-pour-velos-electriques\/\",\"url\":\"https:\/\/www.ecinews.fr\/fr\/des-chargeurs-optimises-pour-velos-electriques\/\",\"name\":\"Des chargeurs optimis\u00e9s pour v\u00e9los \u00e9lectriques -\",\"isPartOf\":{\"@id\":\"https:\/\/www.ecinews.fr\/fr\/#website\"},\"datePublished\":\"2016-03-18T08:00:00+00:00\",\"dateModified\":\"2016-03-18T08:00:00+00:00\",\"breadcrumb\":{\"@id\":\"https:\/\/www.ecinews.fr\/fr\/des-chargeurs-optimises-pour-velos-electriques\/#breadcrumb\"},\"inLanguage\":\"fr-FR\",\"potentialAction\":[{\"@type\":\"ReadAction\",\"target\":[\"https:\/\/www.ecinews.fr\/fr\/des-chargeurs-optimises-pour-velos-electriques\/\"]}]},{\"@type\":\"BreadcrumbList\",\"@id\":\"https:\/\/www.ecinews.fr\/fr\/des-chargeurs-optimises-pour-velos-electriques\/#breadcrumb\",\"itemListElement\":[{\"@type\":\"ListItem\",\"position\":1,\"name\":\"Home\",\"item\":\"https:\/\/www.ecinews.fr\/fr\/\"},{\"@type\":\"ListItem\",\"position\":2,\"name\":\"Des chargeurs optimis\u00e9s pour v\u00e9los \u00e9lectriques\"}]},{\"@type\":\"WebSite\",\"@id\":\"https:\/\/www.ecinews.fr\/fr\/#website\",\"url\":\"https:\/\/www.ecinews.fr\/fr\/\",\"name\":\"EENewsEurope\",\"description\":\"Just another WordPress site\",\"publisher\":{\"@id\":\"https:\/\/www.ecinews.fr\/fr\/#organization\"},\"potentialAction\":[{\"@type\":\"SearchAction\",\"target\":{\"@type\":\"EntryPoint\",\"urlTemplate\":\"https:\/\/www.ecinews.fr\/fr\/?s={search_term_string}\"},\"query-input\":\"required name=search_term_string\"}],\"inLanguage\":\"fr-FR\"},{\"@type\":\"Organization\",\"@id\":\"https:\/\/www.ecinews.fr\/fr\/#organization\",\"name\":\"EENewsEurope\",\"url\":\"https:\/\/www.ecinews.fr\/fr\/\",\"logo\":{\"@type\":\"ImageObject\",\"inLanguage\":\"fr-FR\",\"@id\":\"https:\/\/www.ecinews.fr\/fr\/#\/schema\/logo\/image\/\",\"url\":\"https:\/\/www.ecinews.fr\/wp-content\/uploads\/2022\/02\/logo-1.jpg\",\"contentUrl\":\"https:\/\/www.ecinews.fr\/wp-content\/uploads\/2022\/02\/logo-1.jpg\",\"width\":283,\"height\":113,\"caption\":\"EENewsEurope\"},\"image\":{\"@id\":\"https:\/\/www.ecinews.fr\/fr\/#\/schema\/logo\/image\/\"}},{\"@type\":\"Person\",\"@id\":\"https:\/\/www.ecinews.fr\/fr\/#\/schema\/person\/568c789a4794bd460460501ba91f5daf\",\"name\":\"Alain Dieul\",\"image\":{\"@type\":\"ImageObject\",\"inLanguage\":\"fr-FR\",\"@id\":\"https:\/\/www.ecinews.fr\/fr\/#\/schema\/person\/image\/6d32dc651fbcef3b338066625b118364\",\"url\":\"https:\/\/secure.gravatar.com\/avatar\/93708ec89b35deb10f4cfbfe144b4e07?s=96&d=mm&r=g\",\"contentUrl\":\"https:\/\/secure.gravatar.com\/avatar\/93708ec89b35deb10f4cfbfe144b4e07?s=96&d=mm&r=g\",\"caption\":\"Alain Dieul\"}}]}<\/script>","yoast_head_json":{"title":"Des chargeurs optimis\u00e9s pour v\u00e9los \u00e9lectriques ...","description":"Pour la recharge des batteries des v\u00e9los \u00e0 assistance \u00e9lectrique, BMZ a lanc\u00e9 une famille de chargeurs d\u00e9clin\u00e9e selon plusieurs courants de charge et...","robots":{"index":"index","follow":"follow","max-snippet":"max-snippet:-1","max-image-preview":"max-image-preview:large","max-video-preview":"max-video-preview:-1"},"canonical":"https:\/\/www.ecinews.fr\/fr\/wp-json\/wp\/v2\/posts\/217836\/","og_locale":"fr_FR","og_type":"article","og_title":"Des chargeurs optimis\u00e9s pour v\u00e9los \u00e9lectriques","og_description":"Pour la recharge des batteries des v\u00e9los \u00e0 assistance \u00e9lectrique, BMZ a lanc\u00e9 une famille de chargeurs d\u00e9clin\u00e9e selon plusieurs courants de charge et plusieurs formats de bo\u00eetiers. Les caract\u00e9ristiques de charge permettront aux fabricants de v\u00e9los de prendre en compte tous les types d\u2019usages courants dans le but d\u2019optimiser pleinement l\u2019op\u00e9ration de recharge.","og_url":"https:\/\/www.ecinews.fr\/fr\/wp-json\/wp\/v2\/posts\/217836\/","og_site_name":"EENewsEurope","article_published_time":"2016-03-18T08:00:00+00:00","og_image":[{"width":430,"height":294,"url":"https:\/\/www.ecinews.fr\/wp-content\/uploads\/import\/default\/files\/sites\/default\/files\/images\/eci7737_bmz_att00002_r.jpg","type":"image\/jpeg"}],"author":"Alain Dieul","twitter_card":"summary_large_image","twitter_misc":{"Written by":"Alain Dieul","Est. reading time":"2 minutes"},"schema":{"@context":"https:\/\/schema.org","@graph":[{"@type":"Article","@id":"https:\/\/www.ecinews.fr\/fr\/des-chargeurs-optimises-pour-velos-electriques\/#article","isPartOf":{"@id":"https:\/\/www.ecinews.fr\/fr\/des-chargeurs-optimises-pour-velos-electriques\/"},"author":{"name":"Alain Dieul","@id":"https:\/\/www.ecinews.fr\/fr\/#\/schema\/person\/568c789a4794bd460460501ba91f5daf"},"headline":"Des chargeurs optimis\u00e9s pour v\u00e9los \u00e9lectriques","datePublished":"2016-03-18T08:00:00+00:00","dateModified":"2016-03-18T08:00:00+00:00","mainEntityOfPage":{"@id":"https:\/\/www.ecinews.fr\/fr\/des-chargeurs-optimises-pour-velos-electriques\/"},"wordCount":343,"publisher":{"@id":"https:\/\/www.ecinews.fr\/fr\/#organization"},"keywords":["Batteries \/ Power Supplies"],"articleSection":["Nouveaux produits"],"inLanguage":"fr-FR"},{"@type":"WebPage","@id":"https:\/\/www.ecinews.fr\/fr\/des-chargeurs-optimises-pour-velos-electriques\/","url":"https:\/\/www.ecinews.fr\/fr\/des-chargeurs-optimises-pour-velos-electriques\/","name":"Des chargeurs optimis\u00e9s pour v\u00e9los \u00e9lectriques -","isPartOf":{"@id":"https:\/\/www.ecinews.fr\/fr\/#website"},"datePublished":"2016-03-18T08:00:00+00:00","dateModified":"2016-03-18T08:00:00+00:00","breadcrumb":{"@id":"https:\/\/www.ecinews.fr\/fr\/des-chargeurs-optimises-pour-velos-electriques\/#breadcrumb"},"inLanguage":"fr-FR","potentialAction":[{"@type":"ReadAction","target":["https:\/\/www.ecinews.fr\/fr\/des-chargeurs-optimises-pour-velos-electriques\/"]}]},{"@type":"BreadcrumbList","@id":"https:\/\/www.ecinews.fr\/fr\/des-chargeurs-optimises-pour-velos-electriques\/#breadcrumb","itemListElement":[{"@type":"ListItem","position":1,"name":"Home","item":"https:\/\/www.ecinews.fr\/fr\/"},{"@type":"ListItem","position":2,"name":"Des chargeurs optimis\u00e9s pour v\u00e9los \u00e9lectriques"}]},{"@type":"WebSite","@id":"https:\/\/www.ecinews.fr\/fr\/#website","url":"https:\/\/www.ecinews.fr\/fr\/","name":"EENewsEurope","description":"Just another WordPress site","publisher":{"@id":"https:\/\/www.ecinews.fr\/fr\/#organization"},"potentialAction":[{"@type":"SearchAction","target":{"@type":"EntryPoint","urlTemplate":"https:\/\/www.ecinews.fr\/fr\/?s={search_term_string}"},"query-input":"required name=search_term_string"}],"inLanguage":"fr-FR"},{"@type":"Organization","@id":"https:\/\/www.ecinews.fr\/fr\/#organization","name":"EENewsEurope","url":"https:\/\/www.ecinews.fr\/fr\/","logo":{"@type":"ImageObject","inLanguage":"fr-FR","@id":"https:\/\/www.ecinews.fr\/fr\/#\/schema\/logo\/image\/","url":"https:\/\/www.ecinews.fr\/wp-content\/uploads\/2022\/02\/logo-1.jpg","contentUrl":"https:\/\/www.ecinews.fr\/wp-content\/uploads\/2022\/02\/logo-1.jpg","width":283,"height":113,"caption":"EENewsEurope"},"image":{"@id":"https:\/\/www.ecinews.fr\/fr\/#\/schema\/logo\/image\/"}},{"@type":"Person","@id":"https:\/\/www.ecinews.fr\/fr\/#\/schema\/person\/568c789a4794bd460460501ba91f5daf","name":"Alain Dieul","image":{"@type":"ImageObject","inLanguage":"fr-FR","@id":"https:\/\/www.ecinews.fr\/fr\/#\/schema\/person\/image\/6d32dc651fbcef3b338066625b118364","url":"https:\/\/secure.gravatar.com\/avatar\/93708ec89b35deb10f4cfbfe144b4e07?s=96&d=mm&r=g","contentUrl":"https:\/\/secure.gravatar.com\/avatar\/93708ec89b35deb10f4cfbfe144b4e07?s=96&d=mm&r=g","caption":"Alain Dieul"}}]}},"authors":[{"term_id":1141,"user_id":9,"is_guest":0,"slug":"alaindieul","display_name":"Alain Dieul","avatar_url":"https:\/\/secure.gravatar.com\/avatar\/93708ec89b35deb10f4cfbfe144b4e07?s=96&d=mm&r=g","0":null,"1":"","2":"","3":"","4":"","5":"","6":"","7":"","8":""}],"_links":{"self":[{"href":"https:\/\/www.ecinews.fr\/fr\/wp-json\/wp\/v2\/posts\/217836"}],"collection":[{"href":"https:\/\/www.ecinews.fr\/fr\/wp-json\/wp\/v2\/posts"}],"about":[{"href":"https:\/\/www.ecinews.fr\/fr\/wp-json\/wp\/v2\/types\/post"}],"author":[{"embeddable":true,"href":"https:\/\/www.ecinews.fr\/fr\/wp-json\/wp\/v2\/users\/9"}],"replies":[{"embeddable":true,"href":"https:\/\/www.ecinews.fr\/fr\/wp-json\/wp\/v2\/comments?post=217836"}],"version-history":[{"count":0,"href":"https:\/\/www.ecinews.fr\/fr\/wp-json\/wp\/v2\/posts\/217836\/revisions"}],"wp:featuredmedia":[{"embeddable":true,"href":"https:\/\/www.ecinews.fr\/fr\/wp-json\/wp\/v2\/media\/217837"}],"wp:attachment":[{"href":"https:\/\/www.ecinews.fr\/fr\/wp-json\/wp\/v2\/media?parent=217836"}],"wp:term":[{"taxonomy":"category","embeddable":true,"href":"https:\/\/www.ecinews.fr\/fr\/wp-json\/wp\/v2\/categories?post=217836"},{"taxonomy":"post_tag","embeddable":true,"href":"https:\/\/www.ecinews.fr\/fr\/wp-json\/wp\/v2\/tags?post=217836"},{"taxonomy":"domains","embeddable":true,"href":"https:\/\/www.ecinews.fr\/fr\/wp-json\/wp\/v2\/domains?post=217836"},{"taxonomy":"author","embeddable":true,"href":"https:\/\/www.ecinews.fr\/fr\/wp-json\/wp\/v2\/ppma_author?post=217836"}],"curies":[{"name":"wp","href":"https:\/\/api.w.org\/{rel}","templated":true}]}}