{"id":217055,"date":"2016-03-21T07:00:00","date_gmt":"2016-03-21T07:00:00","guid":{"rendered":"https:\/\/eenewseurope.artwhere.co\/foire-de-lyon-bmz-presente-sa-batterie-de-stockage-domestique\/"},"modified":"2016-03-21T07:00:00","modified_gmt":"2016-03-21T07:00:00","slug":"foire-de-lyon-bmz-presente-sa-batterie-de-stockage-domestique","status":"publish","type":"post","link":"https:\/\/www.ecinews.fr\/fr\/foire-de-lyon-bmz-presente-sa-batterie-de-stockage-domestique\/","title":{"rendered":"Foire de Lyon : BMZ pr\u00e9sente sa batterie de stockage domestique"},"content":{"rendered":"<p>A l\u2019occasion de la Foire de Lyon (18 &#8211; 28 mars), sur le stand de PCI-m, sera pr\u00e9sent\u00e9e une batterie BMZ permettant d\u2019exploiter une installation solaire photovolta\u00efque en auto-consommation. En phase avec une surface de capteurs de 3 \u00e0 4 kWh cr\u00eate, cette batterie permet de stocker l\u2019\u00e9nergie produite en journ\u00e9e et non consomm\u00e9e en temps r\u00e9el, pour la redistribuer sur le r\u00e9seau interne lorsque les capteurs ne produisent plus suffisamment d\u2019\u00e9nergie \u00e9lectrique pour r\u00e9pondre aux besoins.<\/p>\n<p>La batterie ESS 7.0, un module Lithium-ion de 6,74 kWh, est int\u00e9gr\u00e9e \u00e0 l\u2019installation photovolta\u00efque, incluant capteurs, onduleur, convertisseur, pour assurer l\u2019autonomie des besoins domestiques. Garantie 7 ans, elle est capable d\u2019effectuer jusqu\u2019\u00e0 5000 cycles complets avec une profondeur de d\u00e9charge de 80 %, le tout pour une efficacit\u00e9 \u00e9nerg\u00e9tique globale de 97 %. Ce module assure un courant de d\u00e9charge maximum de 300 A (sur 3 secondes) et une puissance de d\u00e9charge jusqu\u2019\u00e0 8 kW en continu.<\/p>\n<p>\u00ab\u00a0L\u2019auto-consommation de l\u2019\u00e9lectricit\u00e9 est aujourd\u2019hui devenu une des pr\u00e9occupations de nos clients,\u00a0\u00bb souligne J\u00e9r\u00e9my Chapuis, responsable des ventes chez PCI-m. \u00ab\u00a0Nous commen\u00e7ons \u00e0 mettre en oeuvre des installations pour r\u00e9pondre \u00e0 cette demande. D\u2019ailleurs, le salon devrait \u00eatre l\u2019occasion pour nous de valider les premi\u00e8res pr\u00e9-commandes de solutions int\u00e9grant une solution de stockage.\u00a0\u00bb<\/p>\n<p>&nbsp;<\/p>\n<p><a href=\"http:\/\/www.bmz-gmbh.de\">www.bmz-gmbh.de<\/a><\/p>\n","protected":false},"excerpt":{"rendered":"<p>Si l\u2019auto-consommation de l\u2019\u00e9nergie photovolta\u00efque est encore per\u00e7ue comme un march\u00e9 de niche, les professionnels commencent cependant \u00e0 voir affluer les demandes. En phase avec les attentes du secteur du b\u00e2timent, BMZ introduit en France ses batteries de stockage domestique telles que le module ESS 7.0, gr\u00e2ce \u00e0 des prestataires d\u2019installations photovolta\u00efques comme PCI-m situ\u00e9 en Is\u00e8re.<\/p>\n","protected":false},"author":9,"featured_media":217056,"comment_status":"closed","ping_status":"closed","sticky":false,"template":"","format":"standard","meta":{"_acf_changed":false,"footnotes":""},"categories":[],"tags":[909],"domains":[47],"ppma_author":[1141],"class_list":["post-217055","post","type-post","status-publish","format-standard","has-post-thumbnail","hentry","tag-batteries-power-supplies-fr","domains-electronique-eci"],"acf":[],"yoast_head":"<title>Foire de Lyon : BMZ pr\u00e9sente sa batterie de stockage domestique ...<\/title>\n<meta name=\"description\" content=\"Si l\u2019auto-consommation de l\u2019\u00e9nergie photovolta\u00efque est encore per\u00e7ue comme un march\u00e9 de niche, les professionnels commencent cependant \u00e0 voir...\" \/>\n<meta name=\"robots\" content=\"index, follow, max-snippet:-1, max-image-preview:large, max-video-preview:-1\" \/>\n<link rel=\"canonical\" href=\"https:\/\/www.ecinews.fr\/fr\/wp-json\/wp\/v2\/posts\/217055\/\" \/>\n<meta property=\"og:locale\" content=\"fr_FR\" \/>\n<meta property=\"og:type\" content=\"article\" \/>\n<meta property=\"og:title\" content=\"Foire de Lyon : BMZ pr\u00e9sente sa batterie de stockage domestique\" \/>\n<meta property=\"og:description\" content=\"Si l\u2019auto-consommation de l\u2019\u00e9nergie photovolta\u00efque est encore per\u00e7ue comme un march\u00e9 de niche, les professionnels commencent cependant \u00e0 voir affluer les demandes. En phase avec les attentes du secteur du b\u00e2timent, BMZ introduit en France ses batteries de stockage domestique telles que le module ESS 7.0, gr\u00e2ce \u00e0 des prestataires d\u2019installations photovolta\u00efques comme PCI-m situ\u00e9 en Is\u00e8re.\" \/>\n<meta property=\"og:url\" content=\"https:\/\/www.ecinews.fr\/fr\/wp-json\/wp\/v2\/posts\/217055\/\" \/>\n<meta property=\"og:site_name\" content=\"EENewsEurope\" \/>\n<meta property=\"article:published_time\" content=\"2016-03-21T07:00:00+00:00\" \/>\n<meta property=\"og:image\" content=\"https:\/\/www.ecinews.fr\/wp-content\/uploads\/import\/default\/files\/sites\/default\/files\/images\/eci7748_bmz_batterie.jpg\" \/>\n\t<meta property=\"og:image:width\" content=\"397\" \/>\n\t<meta property=\"og:image:height\" content=\"365\" \/>\n\t<meta property=\"og:image:type\" content=\"image\/jpeg\" \/>\n<meta name=\"author\" content=\"Alain Dieul\" \/>\n<meta name=\"twitter:card\" content=\"summary_large_image\" \/>\n<meta name=\"twitter:label1\" content=\"Written by\" \/>\n\t<meta name=\"twitter:data1\" content=\"Alain Dieul\" \/>\n\t<meta name=\"twitter:label2\" content=\"Est. reading time\" \/>\n\t<meta name=\"twitter:data2\" content=\"1 minute\" \/>\n<script type=\"application\/ld+json\" class=\"yoast-schema-graph\">{\"@context\":\"https:\/\/schema.org\",\"@graph\":[{\"@type\":\"Article\",\"@id\":\"https:\/\/www.ecinews.fr\/fr\/foire-de-lyon-bmz-presente-sa-batterie-de-stockage-domestique\/#article\",\"isPartOf\":{\"@id\":\"https:\/\/www.ecinews.fr\/fr\/foire-de-lyon-bmz-presente-sa-batterie-de-stockage-domestique\/\"},\"author\":{\"name\":\"Alain Dieul\",\"@id\":\"https:\/\/www.ecinews.fr\/fr\/#\/schema\/person\/568c789a4794bd460460501ba91f5daf\"},\"headline\":\"Foire de Lyon : BMZ pr\u00e9sente sa batterie de stockage domestique\",\"datePublished\":\"2016-03-21T07:00:00+00:00\",\"dateModified\":\"2016-03-21T07:00:00+00:00\",\"mainEntityOfPage\":{\"@id\":\"https:\/\/www.ecinews.fr\/fr\/foire-de-lyon-bmz-presente-sa-batterie-de-stockage-domestique\/\"},\"wordCount\":240,\"publisher\":{\"@id\":\"https:\/\/www.ecinews.fr\/fr\/#organization\"},\"keywords\":[\"Batteries \/ Power Supplies\"],\"inLanguage\":\"fr-FR\"},{\"@type\":\"WebPage\",\"@id\":\"https:\/\/www.ecinews.fr\/fr\/foire-de-lyon-bmz-presente-sa-batterie-de-stockage-domestique\/\",\"url\":\"https:\/\/www.ecinews.fr\/fr\/foire-de-lyon-bmz-presente-sa-batterie-de-stockage-domestique\/\",\"name\":\"Foire de Lyon : BMZ pr\u00e9sente sa batterie de stockage domestique -\",\"isPartOf\":{\"@id\":\"https:\/\/www.ecinews.fr\/fr\/#website\"},\"datePublished\":\"2016-03-21T07:00:00+00:00\",\"dateModified\":\"2016-03-21T07:00:00+00:00\",\"breadcrumb\":{\"@id\":\"https:\/\/www.ecinews.fr\/fr\/foire-de-lyon-bmz-presente-sa-batterie-de-stockage-domestique\/#breadcrumb\"},\"inLanguage\":\"fr-FR\",\"potentialAction\":[{\"@type\":\"ReadAction\",\"target\":[\"https:\/\/www.ecinews.fr\/fr\/foire-de-lyon-bmz-presente-sa-batterie-de-stockage-domestique\/\"]}]},{\"@type\":\"BreadcrumbList\",\"@id\":\"https:\/\/www.ecinews.fr\/fr\/foire-de-lyon-bmz-presente-sa-batterie-de-stockage-domestique\/#breadcrumb\",\"itemListElement\":[{\"@type\":\"ListItem\",\"position\":1,\"name\":\"Home\",\"item\":\"https:\/\/www.ecinews.fr\/fr\/\"},{\"@type\":\"ListItem\",\"position\":2,\"name\":\"Foire de Lyon : BMZ pr\u00e9sente sa batterie de stockage domestique\"}]},{\"@type\":\"WebSite\",\"@id\":\"https:\/\/www.ecinews.fr\/fr\/#website\",\"url\":\"https:\/\/www.ecinews.fr\/fr\/\",\"name\":\"EENewsEurope\",\"description\":\"Just another WordPress site\",\"publisher\":{\"@id\":\"https:\/\/www.ecinews.fr\/fr\/#organization\"},\"potentialAction\":[{\"@type\":\"SearchAction\",\"target\":{\"@type\":\"EntryPoint\",\"urlTemplate\":\"https:\/\/www.ecinews.fr\/fr\/?s={search_term_string}\"},\"query-input\":\"required name=search_term_string\"}],\"inLanguage\":\"fr-FR\"},{\"@type\":\"Organization\",\"@id\":\"https:\/\/www.ecinews.fr\/fr\/#organization\",\"name\":\"EENewsEurope\",\"url\":\"https:\/\/www.ecinews.fr\/fr\/\",\"logo\":{\"@type\":\"ImageObject\",\"inLanguage\":\"fr-FR\",\"@id\":\"https:\/\/www.ecinews.fr\/fr\/#\/schema\/logo\/image\/\",\"url\":\"https:\/\/www.ecinews.fr\/wp-content\/uploads\/2022\/02\/logo-1.jpg\",\"contentUrl\":\"https:\/\/www.ecinews.fr\/wp-content\/uploads\/2022\/02\/logo-1.jpg\",\"width\":283,\"height\":113,\"caption\":\"EENewsEurope\"},\"image\":{\"@id\":\"https:\/\/www.ecinews.fr\/fr\/#\/schema\/logo\/image\/\"}},{\"@type\":\"Person\",\"@id\":\"https:\/\/www.ecinews.fr\/fr\/#\/schema\/person\/568c789a4794bd460460501ba91f5daf\",\"name\":\"Alain Dieul\",\"image\":{\"@type\":\"ImageObject\",\"inLanguage\":\"fr-FR\",\"@id\":\"https:\/\/www.ecinews.fr\/fr\/#\/schema\/person\/image\/6d32dc651fbcef3b338066625b118364\",\"url\":\"https:\/\/secure.gravatar.com\/avatar\/93708ec89b35deb10f4cfbfe144b4e07?s=96&d=mm&r=g\",\"contentUrl\":\"https:\/\/secure.gravatar.com\/avatar\/93708ec89b35deb10f4cfbfe144b4e07?s=96&d=mm&r=g\",\"caption\":\"Alain Dieul\"}}]}<\/script>","yoast_head_json":{"title":"Foire de Lyon : BMZ pr\u00e9sente sa batterie de stockage domestique ...","description":"Si l\u2019auto-consommation de l\u2019\u00e9nergie photovolta\u00efque est encore per\u00e7ue comme un march\u00e9 de niche, les professionnels commencent cependant \u00e0 voir...","robots":{"index":"index","follow":"follow","max-snippet":"max-snippet:-1","max-image-preview":"max-image-preview:large","max-video-preview":"max-video-preview:-1"},"canonical":"https:\/\/www.ecinews.fr\/fr\/wp-json\/wp\/v2\/posts\/217055\/","og_locale":"fr_FR","og_type":"article","og_title":"Foire de Lyon : BMZ pr\u00e9sente sa batterie de stockage domestique","og_description":"Si l\u2019auto-consommation de l\u2019\u00e9nergie photovolta\u00efque est encore per\u00e7ue comme un march\u00e9 de niche, les professionnels commencent cependant \u00e0 voir affluer les demandes. En phase avec les attentes du secteur du b\u00e2timent, BMZ introduit en France ses batteries de stockage domestique telles que le module ESS 7.0, gr\u00e2ce \u00e0 des prestataires d\u2019installations photovolta\u00efques comme PCI-m situ\u00e9 en Is\u00e8re.","og_url":"https:\/\/www.ecinews.fr\/fr\/wp-json\/wp\/v2\/posts\/217055\/","og_site_name":"EENewsEurope","article_published_time":"2016-03-21T07:00:00+00:00","og_image":[{"width":397,"height":365,"url":"https:\/\/www.ecinews.fr\/wp-content\/uploads\/import\/default\/files\/sites\/default\/files\/images\/eci7748_bmz_batterie.jpg","type":"image\/jpeg"}],"author":"Alain Dieul","twitter_card":"summary_large_image","twitter_misc":{"Written by":"Alain Dieul","Est. reading time":"1 minute"},"schema":{"@context":"https:\/\/schema.org","@graph":[{"@type":"Article","@id":"https:\/\/www.ecinews.fr\/fr\/foire-de-lyon-bmz-presente-sa-batterie-de-stockage-domestique\/#article","isPartOf":{"@id":"https:\/\/www.ecinews.fr\/fr\/foire-de-lyon-bmz-presente-sa-batterie-de-stockage-domestique\/"},"author":{"name":"Alain Dieul","@id":"https:\/\/www.ecinews.fr\/fr\/#\/schema\/person\/568c789a4794bd460460501ba91f5daf"},"headline":"Foire de Lyon : BMZ pr\u00e9sente sa batterie de stockage domestique","datePublished":"2016-03-21T07:00:00+00:00","dateModified":"2016-03-21T07:00:00+00:00","mainEntityOfPage":{"@id":"https:\/\/www.ecinews.fr\/fr\/foire-de-lyon-bmz-presente-sa-batterie-de-stockage-domestique\/"},"wordCount":240,"publisher":{"@id":"https:\/\/www.ecinews.fr\/fr\/#organization"},"keywords":["Batteries \/ Power Supplies"],"inLanguage":"fr-FR"},{"@type":"WebPage","@id":"https:\/\/www.ecinews.fr\/fr\/foire-de-lyon-bmz-presente-sa-batterie-de-stockage-domestique\/","url":"https:\/\/www.ecinews.fr\/fr\/foire-de-lyon-bmz-presente-sa-batterie-de-stockage-domestique\/","name":"Foire de Lyon : BMZ pr\u00e9sente sa batterie de stockage domestique -","isPartOf":{"@id":"https:\/\/www.ecinews.fr\/fr\/#website"},"datePublished":"2016-03-21T07:00:00+00:00","dateModified":"2016-03-21T07:00:00+00:00","breadcrumb":{"@id":"https:\/\/www.ecinews.fr\/fr\/foire-de-lyon-bmz-presente-sa-batterie-de-stockage-domestique\/#breadcrumb"},"inLanguage":"fr-FR","potentialAction":[{"@type":"ReadAction","target":["https:\/\/www.ecinews.fr\/fr\/foire-de-lyon-bmz-presente-sa-batterie-de-stockage-domestique\/"]}]},{"@type":"BreadcrumbList","@id":"https:\/\/www.ecinews.fr\/fr\/foire-de-lyon-bmz-presente-sa-batterie-de-stockage-domestique\/#breadcrumb","itemListElement":[{"@type":"ListItem","position":1,"name":"Home","item":"https:\/\/www.ecinews.fr\/fr\/"},{"@type":"ListItem","position":2,"name":"Foire de Lyon : BMZ pr\u00e9sente sa batterie de stockage domestique"}]},{"@type":"WebSite","@id":"https:\/\/www.ecinews.fr\/fr\/#website","url":"https:\/\/www.ecinews.fr\/fr\/","name":"EENewsEurope","description":"Just another WordPress site","publisher":{"@id":"https:\/\/www.ecinews.fr\/fr\/#organization"},"potentialAction":[{"@type":"SearchAction","target":{"@type":"EntryPoint","urlTemplate":"https:\/\/www.ecinews.fr\/fr\/?s={search_term_string}"},"query-input":"required name=search_term_string"}],"inLanguage":"fr-FR"},{"@type":"Organization","@id":"https:\/\/www.ecinews.fr\/fr\/#organization","name":"EENewsEurope","url":"https:\/\/www.ecinews.fr\/fr\/","logo":{"@type":"ImageObject","inLanguage":"fr-FR","@id":"https:\/\/www.ecinews.fr\/fr\/#\/schema\/logo\/image\/","url":"https:\/\/www.ecinews.fr\/wp-content\/uploads\/2022\/02\/logo-1.jpg","contentUrl":"https:\/\/www.ecinews.fr\/wp-content\/uploads\/2022\/02\/logo-1.jpg","width":283,"height":113,"caption":"EENewsEurope"},"image":{"@id":"https:\/\/www.ecinews.fr\/fr\/#\/schema\/logo\/image\/"}},{"@type":"Person","@id":"https:\/\/www.ecinews.fr\/fr\/#\/schema\/person\/568c789a4794bd460460501ba91f5daf","name":"Alain Dieul","image":{"@type":"ImageObject","inLanguage":"fr-FR","@id":"https:\/\/www.ecinews.fr\/fr\/#\/schema\/person\/image\/6d32dc651fbcef3b338066625b118364","url":"https:\/\/secure.gravatar.com\/avatar\/93708ec89b35deb10f4cfbfe144b4e07?s=96&d=mm&r=g","contentUrl":"https:\/\/secure.gravatar.com\/avatar\/93708ec89b35deb10f4cfbfe144b4e07?s=96&d=mm&r=g","caption":"Alain Dieul"}}]}},"authors":[{"term_id":1141,"user_id":9,"is_guest":0,"slug":"alaindieul","display_name":"Alain Dieul","avatar_url":"https:\/\/secure.gravatar.com\/avatar\/93708ec89b35deb10f4cfbfe144b4e07?s=96&d=mm&r=g","0":null,"1":"","2":"","3":"","4":"","5":"","6":"","7":"","8":""}],"_links":{"self":[{"href":"https:\/\/www.ecinews.fr\/fr\/wp-json\/wp\/v2\/posts\/217055"}],"collection":[{"href":"https:\/\/www.ecinews.fr\/fr\/wp-json\/wp\/v2\/posts"}],"about":[{"href":"https:\/\/www.ecinews.fr\/fr\/wp-json\/wp\/v2\/types\/post"}],"author":[{"embeddable":true,"href":"https:\/\/www.ecinews.fr\/fr\/wp-json\/wp\/v2\/users\/9"}],"replies":[{"embeddable":true,"href":"https:\/\/www.ecinews.fr\/fr\/wp-json\/wp\/v2\/comments?post=217055"}],"version-history":[{"count":0,"href":"https:\/\/www.ecinews.fr\/fr\/wp-json\/wp\/v2\/posts\/217055\/revisions"}],"wp:featuredmedia":[{"embeddable":true,"href":"https:\/\/www.ecinews.fr\/fr\/wp-json\/wp\/v2\/media\/217056"}],"wp:attachment":[{"href":"https:\/\/www.ecinews.fr\/fr\/wp-json\/wp\/v2\/media?parent=217055"}],"wp:term":[{"taxonomy":"category","embeddable":true,"href":"https:\/\/www.ecinews.fr\/fr\/wp-json\/wp\/v2\/categories?post=217055"},{"taxonomy":"post_tag","embeddable":true,"href":"https:\/\/www.ecinews.fr\/fr\/wp-json\/wp\/v2\/tags?post=217055"},{"taxonomy":"domains","embeddable":true,"href":"https:\/\/www.ecinews.fr\/fr\/wp-json\/wp\/v2\/domains?post=217055"},{"taxonomy":"author","embeddable":true,"href":"https:\/\/www.ecinews.fr\/fr\/wp-json\/wp\/v2\/ppma_author?post=217055"}],"curies":[{"name":"wp","href":"https:\/\/api.w.org\/{rel}","templated":true}]}}