{"id":215566,"date":"2016-04-01T06:00:00","date_gmt":"2016-04-01T06:00:00","guid":{"rendered":"https:\/\/eenewseurope.artwhere.co\/le-patron-de-tesla-motors-eon-musk-presente-sa-berline-familiale-electrique-la-tesla-model-3\/"},"modified":"2016-04-01T06:00:00","modified_gmt":"2016-04-01T06:00:00","slug":"le-patron-de-tesla-motors-eon-musk-presente-sa-berline-familiale-electrique-la-tesla-model-3","status":"publish","type":"post","link":"https:\/\/www.ecinews.fr\/fr\/le-patron-de-tesla-motors-eon-musk-presente-sa-berline-familiale-electrique-la-tesla-model-3\/","title":{"rendered":"Le patron de Tesla Motors Eon Musk pr\u00e9sente sa berline familiale \u00e9lectrique, la Tesla Model 3."},"content":{"rendered":"<p>Le prix vis\u00e9 de 35000$ pourrait se voir r\u00e9duit par les diff\u00e9rentes aides gouvernementales destin\u00e9es \u00e0 favoriser les \u00ab\u00a0v\u00e9hicules propre\u00a0\u00bb et \u00e0 n&rsquo;en pas douter, des versions plus luxueuses seront propos\u00e9es. En terme de performance, l&rsquo;autonomie devrait \u00eatre de +\/- 350km, avec en acc\u00e9l\u00e9ration le 0 \u00e0 100 km\/h en 6 secondes. Cinq adultes prendront place \u00e0 bord et bien \u00e9videmment, la connectivit\u00e9 sera maximum, comme dans les autres mod\u00e8les. C\u00f4t\u00e9 recharge, ce mod\u00e8le b\u00e9n\u00e9ficiera comme les autres du super chargeur. A ce jour sur le territoire fran\u00e7ais pr\u00e8s de 30 installations sont accessibles.<\/p>\n<p>https:\/\/www.teslamotors.com\/fr_FR\/<\/p>\n","protected":false},"excerpt":{"rendered":"<p>Apr\u00e8s le Roadster, les Model S et Model X, des mod\u00e8les hauts de gammes r\u00e9serv\u00e9 \u00e0 un public plut\u00f4t ais\u00e9 ou professionnel comme certains taxis parisiens, le patron de Tesla Motors \u00e0 d\u00e9voil\u00e9 au cours d&rsquo;un grand show son nouveau Model 3 destin\u00e9 \u00e0 une plus large diffusion.<\/p>\n","protected":false},"author":11,"featured_media":215567,"comment_status":"closed","ping_status":"closed","sticky":false,"template":"","format":"standard","meta":{"_acf_changed":false,"footnotes":""},"categories":[],"tags":[891],"domains":[47],"ppma_author":[1143],"class_list":["post-215566","post","type-post","status-publish","format-standard","has-post-thumbnail","hentry","tag-automotive-fr","domains-electronique-eci"],"acf":[],"yoast_head":"<title>Le patron de Tesla Motors Eon Musk pr\u00e9sente sa berline familia...<\/title>\n<meta name=\"description\" content=\"Apr\u00e8s le Roadster, les Model S et Model X, des mod\u00e8les hauts de gammes r\u00e9serv\u00e9 \u00e0 un public plut\u00f4t ais\u00e9 ou professionnel comme certains taxis...\" \/>\n<meta name=\"robots\" content=\"index, follow, max-snippet:-1, max-image-preview:large, max-video-preview:-1\" \/>\n<link rel=\"canonical\" href=\"https:\/\/www.ecinews.fr\/fr\/wp-json\/wp\/v2\/posts\/215566\/\" \/>\n<meta property=\"og:locale\" content=\"fr_FR\" \/>\n<meta property=\"og:type\" content=\"article\" \/>\n<meta property=\"og:title\" content=\"Le patron de Tesla Motors Eon Musk pr\u00e9sente sa berline familiale \u00e9lectrique, la Tesla Model 3.\" \/>\n<meta property=\"og:description\" content=\"Apr\u00e8s le Roadster, les Model S et Model X, des mod\u00e8les hauts de gammes r\u00e9serv\u00e9 \u00e0 un public plut\u00f4t ais\u00e9 ou professionnel comme certains taxis parisiens, le patron de Tesla Motors \u00e0 d\u00e9voil\u00e9 au cours d&#039;un grand show son nouveau Model 3 destin\u00e9 \u00e0 une plus large diffusion.\" \/>\n<meta property=\"og:url\" content=\"https:\/\/www.ecinews.fr\/fr\/wp-json\/wp\/v2\/posts\/215566\/\" \/>\n<meta property=\"og:site_name\" content=\"EENewsEurope\" \/>\n<meta property=\"article:published_time\" content=\"2016-04-01T06:00:00+00:00\" \/>\n<meta property=\"og:image\" content=\"https:\/\/www.ecinews.fr\/wp-content\/uploads\/import\/default\/files\/sites\/default\/files\/images\/tesla_3_1.jpg\" \/>\n\t<meta property=\"og:image:width\" content=\"686\" \/>\n\t<meta property=\"og:image:height\" content=\"263\" \/>\n\t<meta property=\"og:image:type\" content=\"image\/jpeg\" \/>\n<meta name=\"author\" content=\"Daniel Cardon\" \/>\n<meta name=\"twitter:card\" content=\"summary_large_image\" \/>\n<meta name=\"twitter:label1\" content=\"Written by\" \/>\n\t<meta name=\"twitter:data1\" content=\"Daniel Cardon\" \/>\n\t<meta name=\"twitter:label2\" content=\"Est. reading time\" \/>\n\t<meta name=\"twitter:data2\" content=\"1 minute\" \/>\n<script type=\"application\/ld+json\" class=\"yoast-schema-graph\">{\"@context\":\"https:\/\/schema.org\",\"@graph\":[{\"@type\":\"Article\",\"@id\":\"https:\/\/www.ecinews.fr\/fr\/le-patron-de-tesla-motors-eon-musk-presente-sa-berline-familiale-electrique-la-tesla-model-3\/#article\",\"isPartOf\":{\"@id\":\"https:\/\/www.ecinews.fr\/fr\/le-patron-de-tesla-motors-eon-musk-presente-sa-berline-familiale-electrique-la-tesla-model-3\/\"},\"author\":{\"name\":\"Daniel Cardon\",\"@id\":\"https:\/\/www.ecinews.fr\/fr\/#\/schema\/person\/93c44cde463762f40a8236eaa44c1c17\"},\"headline\":\"Le patron de Tesla Motors Eon Musk pr\u00e9sente sa berline familiale \u00e9lectrique, la Tesla Model 3.\",\"datePublished\":\"2016-04-01T06:00:00+00:00\",\"dateModified\":\"2016-04-01T06:00:00+00:00\",\"mainEntityOfPage\":{\"@id\":\"https:\/\/www.ecinews.fr\/fr\/le-patron-de-tesla-motors-eon-musk-presente-sa-berline-familiale-electrique-la-tesla-model-3\/\"},\"wordCount\":124,\"publisher\":{\"@id\":\"https:\/\/www.ecinews.fr\/fr\/#organization\"},\"keywords\":[\"Automotive\"],\"inLanguage\":\"fr-FR\"},{\"@type\":\"WebPage\",\"@id\":\"https:\/\/www.ecinews.fr\/fr\/le-patron-de-tesla-motors-eon-musk-presente-sa-berline-familiale-electrique-la-tesla-model-3\/\",\"url\":\"https:\/\/www.ecinews.fr\/fr\/le-patron-de-tesla-motors-eon-musk-presente-sa-berline-familiale-electrique-la-tesla-model-3\/\",\"name\":\"Le patron de Tesla Motors Eon Musk pr\u00e9sente sa berline familiale \u00e9lectrique, la Tesla Model 3. -\",\"isPartOf\":{\"@id\":\"https:\/\/www.ecinews.fr\/fr\/#website\"},\"datePublished\":\"2016-04-01T06:00:00+00:00\",\"dateModified\":\"2016-04-01T06:00:00+00:00\",\"breadcrumb\":{\"@id\":\"https:\/\/www.ecinews.fr\/fr\/le-patron-de-tesla-motors-eon-musk-presente-sa-berline-familiale-electrique-la-tesla-model-3\/#breadcrumb\"},\"inLanguage\":\"fr-FR\",\"potentialAction\":[{\"@type\":\"ReadAction\",\"target\":[\"https:\/\/www.ecinews.fr\/fr\/le-patron-de-tesla-motors-eon-musk-presente-sa-berline-familiale-electrique-la-tesla-model-3\/\"]}]},{\"@type\":\"BreadcrumbList\",\"@id\":\"https:\/\/www.ecinews.fr\/fr\/le-patron-de-tesla-motors-eon-musk-presente-sa-berline-familiale-electrique-la-tesla-model-3\/#breadcrumb\",\"itemListElement\":[{\"@type\":\"ListItem\",\"position\":1,\"name\":\"Home\",\"item\":\"https:\/\/www.ecinews.fr\/fr\/\"},{\"@type\":\"ListItem\",\"position\":2,\"name\":\"Le patron de Tesla Motors Eon Musk pr\u00e9sente sa berline familiale \u00e9lectrique, la Tesla Model 3.\"}]},{\"@type\":\"WebSite\",\"@id\":\"https:\/\/www.ecinews.fr\/fr\/#website\",\"url\":\"https:\/\/www.ecinews.fr\/fr\/\",\"name\":\"EENewsEurope\",\"description\":\"Just another WordPress site\",\"publisher\":{\"@id\":\"https:\/\/www.ecinews.fr\/fr\/#organization\"},\"potentialAction\":[{\"@type\":\"SearchAction\",\"target\":{\"@type\":\"EntryPoint\",\"urlTemplate\":\"https:\/\/www.ecinews.fr\/fr\/?s={search_term_string}\"},\"query-input\":\"required name=search_term_string\"}],\"inLanguage\":\"fr-FR\"},{\"@type\":\"Organization\",\"@id\":\"https:\/\/www.ecinews.fr\/fr\/#organization\",\"name\":\"EENewsEurope\",\"url\":\"https:\/\/www.ecinews.fr\/fr\/\",\"logo\":{\"@type\":\"ImageObject\",\"inLanguage\":\"fr-FR\",\"@id\":\"https:\/\/www.ecinews.fr\/fr\/#\/schema\/logo\/image\/\",\"url\":\"https:\/\/www.ecinews.fr\/wp-content\/uploads\/2022\/02\/logo-1.jpg\",\"contentUrl\":\"https:\/\/www.ecinews.fr\/wp-content\/uploads\/2022\/02\/logo-1.jpg\",\"width\":283,\"height\":113,\"caption\":\"EENewsEurope\"},\"image\":{\"@id\":\"https:\/\/www.ecinews.fr\/fr\/#\/schema\/logo\/image\/\"}},{\"@type\":\"Person\",\"@id\":\"https:\/\/www.ecinews.fr\/fr\/#\/schema\/person\/93c44cde463762f40a8236eaa44c1c17\",\"name\":\"Daniel Cardon\",\"image\":{\"@type\":\"ImageObject\",\"inLanguage\":\"fr-FR\",\"@id\":\"https:\/\/www.ecinews.fr\/fr\/#\/schema\/person\/image\/2b243f6bcc1cff7d86aadfb2cd0bd870\",\"url\":\"https:\/\/secure.gravatar.com\/avatar\/de9edc136dfc061ad4778e04635baefa?s=96&d=mm&r=g\",\"contentUrl\":\"https:\/\/secure.gravatar.com\/avatar\/de9edc136dfc061ad4778e04635baefa?s=96&d=mm&r=g\",\"caption\":\"Daniel Cardon\"}}]}<\/script>","yoast_head_json":{"title":"Le patron de Tesla Motors Eon Musk pr\u00e9sente sa berline familia...","description":"Apr\u00e8s le Roadster, les Model S et Model X, des mod\u00e8les hauts de gammes r\u00e9serv\u00e9 \u00e0 un public plut\u00f4t ais\u00e9 ou professionnel comme certains taxis...","robots":{"index":"index","follow":"follow","max-snippet":"max-snippet:-1","max-image-preview":"max-image-preview:large","max-video-preview":"max-video-preview:-1"},"canonical":"https:\/\/www.ecinews.fr\/fr\/wp-json\/wp\/v2\/posts\/215566\/","og_locale":"fr_FR","og_type":"article","og_title":"Le patron de Tesla Motors Eon Musk pr\u00e9sente sa berline familiale \u00e9lectrique, la Tesla Model 3.","og_description":"Apr\u00e8s le Roadster, les Model S et Model X, des mod\u00e8les hauts de gammes r\u00e9serv\u00e9 \u00e0 un public plut\u00f4t ais\u00e9 ou professionnel comme certains taxis parisiens, le patron de Tesla Motors \u00e0 d\u00e9voil\u00e9 au cours d'un grand show son nouveau Model 3 destin\u00e9 \u00e0 une plus large diffusion.","og_url":"https:\/\/www.ecinews.fr\/fr\/wp-json\/wp\/v2\/posts\/215566\/","og_site_name":"EENewsEurope","article_published_time":"2016-04-01T06:00:00+00:00","og_image":[{"width":686,"height":263,"url":"https:\/\/www.ecinews.fr\/wp-content\/uploads\/import\/default\/files\/sites\/default\/files\/images\/tesla_3_1.jpg","type":"image\/jpeg"}],"author":"Daniel Cardon","twitter_card":"summary_large_image","twitter_misc":{"Written by":"Daniel Cardon","Est. reading time":"1 minute"},"schema":{"@context":"https:\/\/schema.org","@graph":[{"@type":"Article","@id":"https:\/\/www.ecinews.fr\/fr\/le-patron-de-tesla-motors-eon-musk-presente-sa-berline-familiale-electrique-la-tesla-model-3\/#article","isPartOf":{"@id":"https:\/\/www.ecinews.fr\/fr\/le-patron-de-tesla-motors-eon-musk-presente-sa-berline-familiale-electrique-la-tesla-model-3\/"},"author":{"name":"Daniel Cardon","@id":"https:\/\/www.ecinews.fr\/fr\/#\/schema\/person\/93c44cde463762f40a8236eaa44c1c17"},"headline":"Le patron de Tesla Motors Eon Musk pr\u00e9sente sa berline familiale \u00e9lectrique, la Tesla Model 3.","datePublished":"2016-04-01T06:00:00+00:00","dateModified":"2016-04-01T06:00:00+00:00","mainEntityOfPage":{"@id":"https:\/\/www.ecinews.fr\/fr\/le-patron-de-tesla-motors-eon-musk-presente-sa-berline-familiale-electrique-la-tesla-model-3\/"},"wordCount":124,"publisher":{"@id":"https:\/\/www.ecinews.fr\/fr\/#organization"},"keywords":["Automotive"],"inLanguage":"fr-FR"},{"@type":"WebPage","@id":"https:\/\/www.ecinews.fr\/fr\/le-patron-de-tesla-motors-eon-musk-presente-sa-berline-familiale-electrique-la-tesla-model-3\/","url":"https:\/\/www.ecinews.fr\/fr\/le-patron-de-tesla-motors-eon-musk-presente-sa-berline-familiale-electrique-la-tesla-model-3\/","name":"Le patron de Tesla Motors Eon Musk pr\u00e9sente sa berline familiale \u00e9lectrique, la Tesla Model 3. -","isPartOf":{"@id":"https:\/\/www.ecinews.fr\/fr\/#website"},"datePublished":"2016-04-01T06:00:00+00:00","dateModified":"2016-04-01T06:00:00+00:00","breadcrumb":{"@id":"https:\/\/www.ecinews.fr\/fr\/le-patron-de-tesla-motors-eon-musk-presente-sa-berline-familiale-electrique-la-tesla-model-3\/#breadcrumb"},"inLanguage":"fr-FR","potentialAction":[{"@type":"ReadAction","target":["https:\/\/www.ecinews.fr\/fr\/le-patron-de-tesla-motors-eon-musk-presente-sa-berline-familiale-electrique-la-tesla-model-3\/"]}]},{"@type":"BreadcrumbList","@id":"https:\/\/www.ecinews.fr\/fr\/le-patron-de-tesla-motors-eon-musk-presente-sa-berline-familiale-electrique-la-tesla-model-3\/#breadcrumb","itemListElement":[{"@type":"ListItem","position":1,"name":"Home","item":"https:\/\/www.ecinews.fr\/fr\/"},{"@type":"ListItem","position":2,"name":"Le patron de Tesla Motors Eon Musk pr\u00e9sente sa berline familiale \u00e9lectrique, la Tesla Model 3."}]},{"@type":"WebSite","@id":"https:\/\/www.ecinews.fr\/fr\/#website","url":"https:\/\/www.ecinews.fr\/fr\/","name":"EENewsEurope","description":"Just another WordPress site","publisher":{"@id":"https:\/\/www.ecinews.fr\/fr\/#organization"},"potentialAction":[{"@type":"SearchAction","target":{"@type":"EntryPoint","urlTemplate":"https:\/\/www.ecinews.fr\/fr\/?s={search_term_string}"},"query-input":"required name=search_term_string"}],"inLanguage":"fr-FR"},{"@type":"Organization","@id":"https:\/\/www.ecinews.fr\/fr\/#organization","name":"EENewsEurope","url":"https:\/\/www.ecinews.fr\/fr\/","logo":{"@type":"ImageObject","inLanguage":"fr-FR","@id":"https:\/\/www.ecinews.fr\/fr\/#\/schema\/logo\/image\/","url":"https:\/\/www.ecinews.fr\/wp-content\/uploads\/2022\/02\/logo-1.jpg","contentUrl":"https:\/\/www.ecinews.fr\/wp-content\/uploads\/2022\/02\/logo-1.jpg","width":283,"height":113,"caption":"EENewsEurope"},"image":{"@id":"https:\/\/www.ecinews.fr\/fr\/#\/schema\/logo\/image\/"}},{"@type":"Person","@id":"https:\/\/www.ecinews.fr\/fr\/#\/schema\/person\/93c44cde463762f40a8236eaa44c1c17","name":"Daniel Cardon","image":{"@type":"ImageObject","inLanguage":"fr-FR","@id":"https:\/\/www.ecinews.fr\/fr\/#\/schema\/person\/image\/2b243f6bcc1cff7d86aadfb2cd0bd870","url":"https:\/\/secure.gravatar.com\/avatar\/de9edc136dfc061ad4778e04635baefa?s=96&d=mm&r=g","contentUrl":"https:\/\/secure.gravatar.com\/avatar\/de9edc136dfc061ad4778e04635baefa?s=96&d=mm&r=g","caption":"Daniel Cardon"}}]}},"authors":[{"term_id":1143,"user_id":11,"is_guest":0,"slug":"danielcardon","display_name":"Daniel Cardon","avatar_url":"https:\/\/secure.gravatar.com\/avatar\/de9edc136dfc061ad4778e04635baefa?s=96&d=mm&r=g","0":null,"1":"","2":"","3":"","4":"","5":"","6":"","7":"","8":""}],"_links":{"self":[{"href":"https:\/\/www.ecinews.fr\/fr\/wp-json\/wp\/v2\/posts\/215566"}],"collection":[{"href":"https:\/\/www.ecinews.fr\/fr\/wp-json\/wp\/v2\/posts"}],"about":[{"href":"https:\/\/www.ecinews.fr\/fr\/wp-json\/wp\/v2\/types\/post"}],"author":[{"embeddable":true,"href":"https:\/\/www.ecinews.fr\/fr\/wp-json\/wp\/v2\/users\/11"}],"replies":[{"embeddable":true,"href":"https:\/\/www.ecinews.fr\/fr\/wp-json\/wp\/v2\/comments?post=215566"}],"version-history":[{"count":0,"href":"https:\/\/www.ecinews.fr\/fr\/wp-json\/wp\/v2\/posts\/215566\/revisions"}],"wp:featuredmedia":[{"embeddable":true,"href":"https:\/\/www.ecinews.fr\/fr\/wp-json\/wp\/v2\/media\/215567"}],"wp:attachment":[{"href":"https:\/\/www.ecinews.fr\/fr\/wp-json\/wp\/v2\/media?parent=215566"}],"wp:term":[{"taxonomy":"category","embeddable":true,"href":"https:\/\/www.ecinews.fr\/fr\/wp-json\/wp\/v2\/categories?post=215566"},{"taxonomy":"post_tag","embeddable":true,"href":"https:\/\/www.ecinews.fr\/fr\/wp-json\/wp\/v2\/tags?post=215566"},{"taxonomy":"domains","embeddable":true,"href":"https:\/\/www.ecinews.fr\/fr\/wp-json\/wp\/v2\/domains?post=215566"},{"taxonomy":"author","embeddable":true,"href":"https:\/\/www.ecinews.fr\/fr\/wp-json\/wp\/v2\/ppma_author?post=215566"}],"curies":[{"name":"wp","href":"https:\/\/api.w.org\/{rel}","templated":true}]}}