{"id":214782,"date":"2016-04-08T06:00:00","date_gmt":"2016-04-08T06:00:00","guid":{"rendered":"https:\/\/eenewseurope.artwhere.co\/paris-accueille-une-etape-du-championnat-international-fia-formula-e\/"},"modified":"2016-04-08T06:00:00","modified_gmt":"2016-04-08T06:00:00","slug":"paris-accueille-une-etape-du-championnat-international-fia-formula-e","status":"publish","type":"post","link":"https:\/\/www.ecinews.fr\/fr\/paris-accueille-une-etape-du-championnat-international-fia-formula-e\/","title":{"rendered":"Paris accueille une \u00e9tape du Championnat international FIA Formula E"},"content":{"rendered":"<p style=\"margin:0cm;margin-bottom:.0001pt;background:white;text-align:start\"><span style=\"color:#434343\">En 2014, EDF est devenu pour 3 ans partenaire technique officiel de la FIA (F\u00e9d\u00e9ration Internationale Automobile). La R&amp;D d\u2019EDF r\u00e9alise ainsi pour la FIA des tests de batteries en laboratoire ou des tests d\u2019audit et de recherche sur la propulsion, la charge et la s\u00e9curit\u00e9 \u00e9lectrique dans le sport automobile. Ces tests se font notamment autour du Championnat FIA Formula E. L\u2019objectif commun d\u2019EDF et de la FIA est de d\u00e9velopper ensemble les comp\u00e9titions automobiles \u00e0 propulsion \u00e9lectrique et hybride, et notamment la Formula E, pour contribuer au progr\u00e8s de ces nouvelles technologies et promouvoir l\u2019utilisation des \u00e9nergies \u00e9lectriques sur les v\u00e9hicules particuliers.<\/span><\/p>\n<p style=\"margin:0cm;margin-bottom:.0001pt;background:white;text-align:start\"><span style=\"color:#434343\">Bernard Salha, directeur de la R&amp;D d\u2019EDF a d\u00e9clar\u00e9 : <em><span>\u00ab Les usages de notre soci\u00e9t\u00e9 seront de plus en plus \u00e9lectriques et l\u2019essor de la mobilit\u00e9 \u00e9lectrique est une composante forte de la transition \u00e9nerg\u00e9tique dans laquelle EDF est pleinement engag\u00e9. C\u2019est pourquoi je suis tr\u00e8s fier que le Groupe s\u2019associe \u00e0 ce premier Grand Prix de Formula E \u00e0 Paris. Cet \u00e9v\u00e9nement d\u00e9montre la fiabilit\u00e9 et la performance des v\u00e9hicules \u00e9lectriques, et il illustre, par sa dimension futuriste, l&rsquo;expertise d&rsquo;EDF en mati\u00e8re d&rsquo;innovation et de progr\u00e8s technologique. \u00bb<\/span><\/em><\/span><\/p>\n","protected":false},"excerpt":{"rendered":"<p>Le samedi 23 avril, la ville de Paris accueillera pour la premi\u00e8re fois une \u00e9tape du Championnat international FIA Formula E, sur un trac\u00e9 temporaire dessin\u00e9 pour l\u2019occasion autour de l&rsquo;H\u00f4tel National des Invalides. EDF s\u2019est naturellement associ\u00e9e \u00e0 cet \u00e9v\u00e9nement exceptionnel organis\u00e9 sous l\u2019\u00e9gide de la F\u00e9d\u00e9ration Internationale Automobile.<br \/>\nLa Formula E est une comp\u00e9tition de monoplaces 100% \u00e9lectriques. L\u2019\u00e9tape parisienne, qui se d\u00e9roulera en plein coeur de la ville, offrira un spectacle unique et futuriste, dans un lieu charg\u00e9 d\u2019histoire. Cette course est \u00e9galement l\u2019occasion de pr\u00e9senter les derni\u00e8res innovations et prouesses technologiques en mati\u00e8re de mobilit\u00e9 \u00e9lectrique ; une mani\u00e8re d\u2019esquisser ce que seront les v\u00e9hicules \u00e9lectriques de demain.<\/p>\n","protected":false},"author":11,"featured_media":214783,"comment_status":"closed","ping_status":"closed","sticky":false,"template":"","format":"standard","meta":{"_acf_changed":false,"footnotes":""},"categories":[],"tags":[891],"domains":[47],"ppma_author":[1143],"class_list":["post-214782","post","type-post","status-publish","format-standard","has-post-thumbnail","hentry","tag-automotive-fr","domains-electronique-eci"],"acf":[],"yoast_head":"<title>Paris accueille une \u00e9tape du Championnat international FIA For...<\/title>\n<meta name=\"description\" content=\"Le samedi 23 avril, la ville de Paris accueillera pour la premi\u00e8re fois une \u00e9tape du Championnat international FIA Formula E, sur un trac\u00e9 temporaire...\" \/>\n<meta name=\"robots\" content=\"index, follow, max-snippet:-1, max-image-preview:large, max-video-preview:-1\" \/>\n<link rel=\"canonical\" href=\"https:\/\/www.ecinews.fr\/fr\/wp-json\/wp\/v2\/posts\/214782\/\" \/>\n<meta property=\"og:locale\" content=\"fr_FR\" \/>\n<meta property=\"og:type\" content=\"article\" \/>\n<meta property=\"og:title\" content=\"Paris accueille une \u00e9tape du Championnat international FIA Formula E\" \/>\n<meta property=\"og:description\" content=\"Le samedi 23 avril, la ville de Paris accueillera pour la premi\u00e8re fois une \u00e9tape du Championnat international FIA Formula E, sur un trac\u00e9 temporaire dessin\u00e9 pour l\u2019occasion autour de l&#039;H\u00f4tel National des Invalides. EDF s\u2019est naturellement associ\u00e9e \u00e0 cet \u00e9v\u00e9nement exceptionnel organis\u00e9 sous l\u2019\u00e9gide de la F\u00e9d\u00e9ration Internationale Automobile. La Formula E est une comp\u00e9tition de monoplaces 100% \u00e9lectriques. L\u2019\u00e9tape parisienne, qui se d\u00e9roulera en plein coeur de la ville, offrira un spectacle unique et futuriste, dans un lieu charg\u00e9 d\u2019histoire. Cette course est \u00e9galement l\u2019occasion de pr\u00e9senter les derni\u00e8res innovations et prouesses technologiques en mati\u00e8re de mobilit\u00e9 \u00e9lectrique ; une mani\u00e8re d\u2019esquisser ce que seront les v\u00e9hicules \u00e9lectriques de demain.\" \/>\n<meta property=\"og:url\" content=\"https:\/\/www.ecinews.fr\/fr\/wp-json\/wp\/v2\/posts\/214782\/\" \/>\n<meta property=\"og:site_name\" content=\"EENewsEurope\" \/>\n<meta property=\"article:published_time\" content=\"2016-04-08T06:00:00+00:00\" \/>\n<meta property=\"og:image\" content=\"https:\/\/www.ecinews.fr\/wp-content\/uploads\/import\/default\/files\/sites\/default\/files\/images\/renault_formule_e.jpg\" \/>\n\t<meta property=\"og:image:width\" content=\"795\" \/>\n\t<meta property=\"og:image:height\" content=\"279\" \/>\n\t<meta property=\"og:image:type\" content=\"image\/jpeg\" \/>\n<meta name=\"author\" content=\"Daniel Cardon\" \/>\n<meta name=\"twitter:card\" content=\"summary_large_image\" \/>\n<meta name=\"twitter:label1\" content=\"Written by\" \/>\n\t<meta name=\"twitter:data1\" content=\"Daniel Cardon\" \/>\n\t<meta name=\"twitter:label2\" content=\"Est. reading time\" \/>\n\t<meta name=\"twitter:data2\" content=\"1 minute\" \/>\n<script type=\"application\/ld+json\" class=\"yoast-schema-graph\">{\"@context\":\"https:\/\/schema.org\",\"@graph\":[{\"@type\":\"Article\",\"@id\":\"https:\/\/www.ecinews.fr\/fr\/paris-accueille-une-etape-du-championnat-international-fia-formula-e\/#article\",\"isPartOf\":{\"@id\":\"https:\/\/www.ecinews.fr\/fr\/paris-accueille-une-etape-du-championnat-international-fia-formula-e\/\"},\"author\":{\"name\":\"Daniel Cardon\",\"@id\":\"https:\/\/www.ecinews.fr\/fr\/#\/schema\/person\/93c44cde463762f40a8236eaa44c1c17\"},\"headline\":\"Paris accueille une \u00e9tape du Championnat international FIA Formula E\",\"datePublished\":\"2016-04-08T06:00:00+00:00\",\"dateModified\":\"2016-04-08T06:00:00+00:00\",\"mainEntityOfPage\":{\"@id\":\"https:\/\/www.ecinews.fr\/fr\/paris-accueille-une-etape-du-championnat-international-fia-formula-e\/\"},\"wordCount\":229,\"publisher\":{\"@id\":\"https:\/\/www.ecinews.fr\/fr\/#organization\"},\"keywords\":[\"Automotive\"],\"inLanguage\":\"fr-FR\"},{\"@type\":\"WebPage\",\"@id\":\"https:\/\/www.ecinews.fr\/fr\/paris-accueille-une-etape-du-championnat-international-fia-formula-e\/\",\"url\":\"https:\/\/www.ecinews.fr\/fr\/paris-accueille-une-etape-du-championnat-international-fia-formula-e\/\",\"name\":\"Paris accueille une \u00e9tape du Championnat international FIA Formula E -\",\"isPartOf\":{\"@id\":\"https:\/\/www.ecinews.fr\/fr\/#website\"},\"datePublished\":\"2016-04-08T06:00:00+00:00\",\"dateModified\":\"2016-04-08T06:00:00+00:00\",\"breadcrumb\":{\"@id\":\"https:\/\/www.ecinews.fr\/fr\/paris-accueille-une-etape-du-championnat-international-fia-formula-e\/#breadcrumb\"},\"inLanguage\":\"fr-FR\",\"potentialAction\":[{\"@type\":\"ReadAction\",\"target\":[\"https:\/\/www.ecinews.fr\/fr\/paris-accueille-une-etape-du-championnat-international-fia-formula-e\/\"]}]},{\"@type\":\"BreadcrumbList\",\"@id\":\"https:\/\/www.ecinews.fr\/fr\/paris-accueille-une-etape-du-championnat-international-fia-formula-e\/#breadcrumb\",\"itemListElement\":[{\"@type\":\"ListItem\",\"position\":1,\"name\":\"Home\",\"item\":\"https:\/\/www.ecinews.fr\/fr\/\"},{\"@type\":\"ListItem\",\"position\":2,\"name\":\"Paris accueille une \u00e9tape du Championnat international FIA Formula E\"}]},{\"@type\":\"WebSite\",\"@id\":\"https:\/\/www.ecinews.fr\/fr\/#website\",\"url\":\"https:\/\/www.ecinews.fr\/fr\/\",\"name\":\"EENewsEurope\",\"description\":\"Just another WordPress site\",\"publisher\":{\"@id\":\"https:\/\/www.ecinews.fr\/fr\/#organization\"},\"potentialAction\":[{\"@type\":\"SearchAction\",\"target\":{\"@type\":\"EntryPoint\",\"urlTemplate\":\"https:\/\/www.ecinews.fr\/fr\/?s={search_term_string}\"},\"query-input\":\"required name=search_term_string\"}],\"inLanguage\":\"fr-FR\"},{\"@type\":\"Organization\",\"@id\":\"https:\/\/www.ecinews.fr\/fr\/#organization\",\"name\":\"EENewsEurope\",\"url\":\"https:\/\/www.ecinews.fr\/fr\/\",\"logo\":{\"@type\":\"ImageObject\",\"inLanguage\":\"fr-FR\",\"@id\":\"https:\/\/www.ecinews.fr\/fr\/#\/schema\/logo\/image\/\",\"url\":\"https:\/\/www.ecinews.fr\/wp-content\/uploads\/2022\/02\/logo-1.jpg\",\"contentUrl\":\"https:\/\/www.ecinews.fr\/wp-content\/uploads\/2022\/02\/logo-1.jpg\",\"width\":283,\"height\":113,\"caption\":\"EENewsEurope\"},\"image\":{\"@id\":\"https:\/\/www.ecinews.fr\/fr\/#\/schema\/logo\/image\/\"}},{\"@type\":\"Person\",\"@id\":\"https:\/\/www.ecinews.fr\/fr\/#\/schema\/person\/93c44cde463762f40a8236eaa44c1c17\",\"name\":\"Daniel Cardon\",\"image\":{\"@type\":\"ImageObject\",\"inLanguage\":\"fr-FR\",\"@id\":\"https:\/\/www.ecinews.fr\/fr\/#\/schema\/person\/image\/2b243f6bcc1cff7d86aadfb2cd0bd870\",\"url\":\"https:\/\/secure.gravatar.com\/avatar\/de9edc136dfc061ad4778e04635baefa?s=96&d=mm&r=g\",\"contentUrl\":\"https:\/\/secure.gravatar.com\/avatar\/de9edc136dfc061ad4778e04635baefa?s=96&d=mm&r=g\",\"caption\":\"Daniel Cardon\"}}]}<\/script>","yoast_head_json":{"title":"Paris accueille une \u00e9tape du Championnat international FIA For...","description":"Le samedi 23 avril, la ville de Paris accueillera pour la premi\u00e8re fois une \u00e9tape du Championnat international FIA Formula E, sur un trac\u00e9 temporaire...","robots":{"index":"index","follow":"follow","max-snippet":"max-snippet:-1","max-image-preview":"max-image-preview:large","max-video-preview":"max-video-preview:-1"},"canonical":"https:\/\/www.ecinews.fr\/fr\/wp-json\/wp\/v2\/posts\/214782\/","og_locale":"fr_FR","og_type":"article","og_title":"Paris accueille une \u00e9tape du Championnat international FIA Formula E","og_description":"Le samedi 23 avril, la ville de Paris accueillera pour la premi\u00e8re fois une \u00e9tape du Championnat international FIA Formula E, sur un trac\u00e9 temporaire dessin\u00e9 pour l\u2019occasion autour de l'H\u00f4tel National des Invalides. EDF s\u2019est naturellement associ\u00e9e \u00e0 cet \u00e9v\u00e9nement exceptionnel organis\u00e9 sous l\u2019\u00e9gide de la F\u00e9d\u00e9ration Internationale Automobile. La Formula E est une comp\u00e9tition de monoplaces 100% \u00e9lectriques. L\u2019\u00e9tape parisienne, qui se d\u00e9roulera en plein coeur de la ville, offrira un spectacle unique et futuriste, dans un lieu charg\u00e9 d\u2019histoire. Cette course est \u00e9galement l\u2019occasion de pr\u00e9senter les derni\u00e8res innovations et prouesses technologiques en mati\u00e8re de mobilit\u00e9 \u00e9lectrique ; une mani\u00e8re d\u2019esquisser ce que seront les v\u00e9hicules \u00e9lectriques de demain.","og_url":"https:\/\/www.ecinews.fr\/fr\/wp-json\/wp\/v2\/posts\/214782\/","og_site_name":"EENewsEurope","article_published_time":"2016-04-08T06:00:00+00:00","og_image":[{"width":795,"height":279,"url":"https:\/\/www.ecinews.fr\/wp-content\/uploads\/import\/default\/files\/sites\/default\/files\/images\/renault_formule_e.jpg","type":"image\/jpeg"}],"author":"Daniel Cardon","twitter_card":"summary_large_image","twitter_misc":{"Written by":"Daniel Cardon","Est. reading time":"1 minute"},"schema":{"@context":"https:\/\/schema.org","@graph":[{"@type":"Article","@id":"https:\/\/www.ecinews.fr\/fr\/paris-accueille-une-etape-du-championnat-international-fia-formula-e\/#article","isPartOf":{"@id":"https:\/\/www.ecinews.fr\/fr\/paris-accueille-une-etape-du-championnat-international-fia-formula-e\/"},"author":{"name":"Daniel Cardon","@id":"https:\/\/www.ecinews.fr\/fr\/#\/schema\/person\/93c44cde463762f40a8236eaa44c1c17"},"headline":"Paris accueille une \u00e9tape du Championnat international FIA Formula E","datePublished":"2016-04-08T06:00:00+00:00","dateModified":"2016-04-08T06:00:00+00:00","mainEntityOfPage":{"@id":"https:\/\/www.ecinews.fr\/fr\/paris-accueille-une-etape-du-championnat-international-fia-formula-e\/"},"wordCount":229,"publisher":{"@id":"https:\/\/www.ecinews.fr\/fr\/#organization"},"keywords":["Automotive"],"inLanguage":"fr-FR"},{"@type":"WebPage","@id":"https:\/\/www.ecinews.fr\/fr\/paris-accueille-une-etape-du-championnat-international-fia-formula-e\/","url":"https:\/\/www.ecinews.fr\/fr\/paris-accueille-une-etape-du-championnat-international-fia-formula-e\/","name":"Paris accueille une \u00e9tape du Championnat international FIA Formula E -","isPartOf":{"@id":"https:\/\/www.ecinews.fr\/fr\/#website"},"datePublished":"2016-04-08T06:00:00+00:00","dateModified":"2016-04-08T06:00:00+00:00","breadcrumb":{"@id":"https:\/\/www.ecinews.fr\/fr\/paris-accueille-une-etape-du-championnat-international-fia-formula-e\/#breadcrumb"},"inLanguage":"fr-FR","potentialAction":[{"@type":"ReadAction","target":["https:\/\/www.ecinews.fr\/fr\/paris-accueille-une-etape-du-championnat-international-fia-formula-e\/"]}]},{"@type":"BreadcrumbList","@id":"https:\/\/www.ecinews.fr\/fr\/paris-accueille-une-etape-du-championnat-international-fia-formula-e\/#breadcrumb","itemListElement":[{"@type":"ListItem","position":1,"name":"Home","item":"https:\/\/www.ecinews.fr\/fr\/"},{"@type":"ListItem","position":2,"name":"Paris accueille une \u00e9tape du Championnat international FIA Formula E"}]},{"@type":"WebSite","@id":"https:\/\/www.ecinews.fr\/fr\/#website","url":"https:\/\/www.ecinews.fr\/fr\/","name":"EENewsEurope","description":"Just another WordPress site","publisher":{"@id":"https:\/\/www.ecinews.fr\/fr\/#organization"},"potentialAction":[{"@type":"SearchAction","target":{"@type":"EntryPoint","urlTemplate":"https:\/\/www.ecinews.fr\/fr\/?s={search_term_string}"},"query-input":"required name=search_term_string"}],"inLanguage":"fr-FR"},{"@type":"Organization","@id":"https:\/\/www.ecinews.fr\/fr\/#organization","name":"EENewsEurope","url":"https:\/\/www.ecinews.fr\/fr\/","logo":{"@type":"ImageObject","inLanguage":"fr-FR","@id":"https:\/\/www.ecinews.fr\/fr\/#\/schema\/logo\/image\/","url":"https:\/\/www.ecinews.fr\/wp-content\/uploads\/2022\/02\/logo-1.jpg","contentUrl":"https:\/\/www.ecinews.fr\/wp-content\/uploads\/2022\/02\/logo-1.jpg","width":283,"height":113,"caption":"EENewsEurope"},"image":{"@id":"https:\/\/www.ecinews.fr\/fr\/#\/schema\/logo\/image\/"}},{"@type":"Person","@id":"https:\/\/www.ecinews.fr\/fr\/#\/schema\/person\/93c44cde463762f40a8236eaa44c1c17","name":"Daniel Cardon","image":{"@type":"ImageObject","inLanguage":"fr-FR","@id":"https:\/\/www.ecinews.fr\/fr\/#\/schema\/person\/image\/2b243f6bcc1cff7d86aadfb2cd0bd870","url":"https:\/\/secure.gravatar.com\/avatar\/de9edc136dfc061ad4778e04635baefa?s=96&d=mm&r=g","contentUrl":"https:\/\/secure.gravatar.com\/avatar\/de9edc136dfc061ad4778e04635baefa?s=96&d=mm&r=g","caption":"Daniel Cardon"}}]}},"authors":[{"term_id":1143,"user_id":11,"is_guest":0,"slug":"danielcardon","display_name":"Daniel Cardon","avatar_url":"https:\/\/secure.gravatar.com\/avatar\/de9edc136dfc061ad4778e04635baefa?s=96&d=mm&r=g","0":null,"1":"","2":"","3":"","4":"","5":"","6":"","7":"","8":""}],"_links":{"self":[{"href":"https:\/\/www.ecinews.fr\/fr\/wp-json\/wp\/v2\/posts\/214782"}],"collection":[{"href":"https:\/\/www.ecinews.fr\/fr\/wp-json\/wp\/v2\/posts"}],"about":[{"href":"https:\/\/www.ecinews.fr\/fr\/wp-json\/wp\/v2\/types\/post"}],"author":[{"embeddable":true,"href":"https:\/\/www.ecinews.fr\/fr\/wp-json\/wp\/v2\/users\/11"}],"replies":[{"embeddable":true,"href":"https:\/\/www.ecinews.fr\/fr\/wp-json\/wp\/v2\/comments?post=214782"}],"version-history":[{"count":0,"href":"https:\/\/www.ecinews.fr\/fr\/wp-json\/wp\/v2\/posts\/214782\/revisions"}],"wp:featuredmedia":[{"embeddable":true,"href":"https:\/\/www.ecinews.fr\/fr\/wp-json\/wp\/v2\/media\/214783"}],"wp:attachment":[{"href":"https:\/\/www.ecinews.fr\/fr\/wp-json\/wp\/v2\/media?parent=214782"}],"wp:term":[{"taxonomy":"category","embeddable":true,"href":"https:\/\/www.ecinews.fr\/fr\/wp-json\/wp\/v2\/categories?post=214782"},{"taxonomy":"post_tag","embeddable":true,"href":"https:\/\/www.ecinews.fr\/fr\/wp-json\/wp\/v2\/tags?post=214782"},{"taxonomy":"domains","embeddable":true,"href":"https:\/\/www.ecinews.fr\/fr\/wp-json\/wp\/v2\/domains?post=214782"},{"taxonomy":"author","embeddable":true,"href":"https:\/\/www.ecinews.fr\/fr\/wp-json\/wp\/v2\/ppma_author?post=214782"}],"curies":[{"name":"wp","href":"https:\/\/api.w.org\/{rel}","templated":true}]}}