{"id":214158,"date":"2016-04-20T01:00:00","date_gmt":"2016-04-20T01:00:00","guid":{"rendered":"https:\/\/eenewseurope.artwhere.co\/micro-haut-parleurs-compacts-pour-applications-portables\/"},"modified":"2016-04-20T01:00:00","modified_gmt":"2016-04-20T01:00:00","slug":"micro-haut-parleurs-compacts-pour-applications-portables","status":"publish","type":"post","link":"https:\/\/www.ecinews.fr\/fr\/micro-haut-parleurs-compacts-pour-applications-portables\/","title":{"rendered":"Micro-haut-parleurs compacts pour applications portables"},"content":{"rendered":"<p>Propos\u00e9s en bo\u00eetiers de forme carr\u00e9e, rectangulaire ou ovale, cette s\u00e9rie de haut-parleurs offre diff\u00e9rents styles de montage, en fonction des besoins de l\u2019utilisateur, comprenant des terminaisons par fils conducteurs, plots de soudure \/ \u0153illets ou bornes \u00e0 ressort. Deux versions \u00e0 montage en surface sont \u00e9galement pr\u00e9vues pour les produits exigeant un proc\u00e9d\u00e9 de soudure par refusion pour une production \u00e0 volume \u00e9lev\u00e9. Les niveaux acoustiques vont de 86 dB \u00e0 102 dB \u00e0 0,1 m\u00e8tres. Tous les mod\u00e8les sont conformes RoHS.<\/p>\n<p>Les applications cibl\u00e9es comprennent, entre autres, l&rsquo;\u00e9lectronique grand public, l&rsquo;automatisation industrielle, les \u00e9quipements m\u00e9dicaux portables et fixes, ainsi que les \u00e9quipements de s\u00e9curit\u00e9 et fiabilit\u00e9. Gr\u00e2ce \u00e0 ses nombreuses configurations en termes de performance et de taille, cette famille de micro-haut-parleurs peut satisfaire les exigences de multiples et diverses applications.<\/p>\n<p><a href=\"http:\/\/www.cui.com\/products\/product\/searchbypartialmatch?partnumber=cds\" target=\"_blank\" rel=\"noopener\">www.cui.com\/products\/cds<\/a><\/p>\n","protected":false},"excerpt":{"rendered":"<p>Encapsul\u00e9s dans des bo\u00eetiers affichant des dimensions aussi petites que 13 x 13 mm pour une hauteur de seulement 3 mm, les micro-haut-parleurs s\u00e9rie CDS de CUI offrent une gamme de puissance allant de 0,3 W \u00e0 6 W et sont caract\u00e9ris\u00e9s par une imp\u00e9dance de 4 ohms ou 8 ohms.<\/p>\n","protected":false},"author":9,"featured_media":214159,"comment_status":"closed","ping_status":"closed","sticky":false,"template":"","format":"standard","meta":{"_acf_changed":false,"footnotes":""},"categories":[881],"tags":[900],"domains":[47],"ppma_author":[1141],"class_list":["post-214158","post","type-post","status-publish","format-standard","has-post-thumbnail","hentry","category-nouveaux-produits","tag-electromechanical-fr","domains-electronique-eci"],"acf":[],"yoast_head":"<title>Micro-haut-parleurs compacts pour applications portables ...<\/title>\n<meta name=\"description\" content=\"Encapsul\u00e9s dans des bo\u00eetiers affichant des dimensions aussi petites que 13 x 13 mm pour une hauteur de seulement 3 mm, les micro-haut-parleurs s\u00e9rie CDS...\" \/>\n<meta name=\"robots\" content=\"index, follow, max-snippet:-1, max-image-preview:large, max-video-preview:-1\" \/>\n<link rel=\"canonical\" href=\"https:\/\/www.ecinews.fr\/fr\/wp-json\/wp\/v2\/posts\/214158\/\" \/>\n<meta property=\"og:locale\" content=\"fr_FR\" \/>\n<meta property=\"og:type\" content=\"article\" \/>\n<meta property=\"og:title\" content=\"Micro-haut-parleurs compacts pour applications portables\" \/>\n<meta property=\"og:description\" content=\"Encapsul\u00e9s dans des bo\u00eetiers affichant des dimensions aussi petites que 13 x 13 mm pour une hauteur de seulement 3 mm, les micro-haut-parleurs s\u00e9rie CDS de CUI offrent une gamme de puissance allant de 0,3 W \u00e0 6 W et sont caract\u00e9ris\u00e9s par une imp\u00e9dance de 4 ohms ou 8 ohms.\" \/>\n<meta property=\"og:url\" content=\"https:\/\/www.ecinews.fr\/fr\/wp-json\/wp\/v2\/posts\/214158\/\" \/>\n<meta property=\"og:site_name\" content=\"EENewsEurope\" \/>\n<meta property=\"article:published_time\" content=\"2016-04-20T01:00:00+00:00\" \/>\n<meta property=\"og:image\" content=\"https:\/\/www.ecinews.fr\/wp-content\/uploads\/import\/default\/files\/sites\/default\/files\/images\/eci7806_cui_cui066_cds_group-print_r-scaled.jpg\" \/>\n\t<meta property=\"og:image:width\" content=\"2560\" \/>\n\t<meta property=\"og:image:height\" content=\"1688\" \/>\n\t<meta property=\"og:image:type\" content=\"image\/jpeg\" \/>\n<meta name=\"author\" content=\"Alain Dieul\" \/>\n<meta name=\"twitter:card\" content=\"summary_large_image\" \/>\n<meta name=\"twitter:label1\" content=\"Written by\" \/>\n\t<meta name=\"twitter:data1\" content=\"Alain Dieul\" \/>\n\t<meta name=\"twitter:label2\" content=\"Est. reading time\" \/>\n\t<meta name=\"twitter:data2\" content=\"1 minute\" \/>\n<script type=\"application\/ld+json\" class=\"yoast-schema-graph\">{\"@context\":\"https:\/\/schema.org\",\"@graph\":[{\"@type\":\"Article\",\"@id\":\"https:\/\/www.ecinews.fr\/fr\/micro-haut-parleurs-compacts-pour-applications-portables\/#article\",\"isPartOf\":{\"@id\":\"https:\/\/www.ecinews.fr\/fr\/micro-haut-parleurs-compacts-pour-applications-portables\/\"},\"author\":{\"name\":\"Alain Dieul\",\"@id\":\"https:\/\/www.ecinews.fr\/fr\/#\/schema\/person\/568c789a4794bd460460501ba91f5daf\"},\"headline\":\"Micro-haut-parleurs compacts pour applications portables\",\"datePublished\":\"2016-04-20T01:00:00+00:00\",\"dateModified\":\"2016-04-20T01:00:00+00:00\",\"mainEntityOfPage\":{\"@id\":\"https:\/\/www.ecinews.fr\/fr\/micro-haut-parleurs-compacts-pour-applications-portables\/\"},\"wordCount\":149,\"publisher\":{\"@id\":\"https:\/\/www.ecinews.fr\/fr\/#organization\"},\"keywords\":[\"Electromechanical\"],\"articleSection\":[\"Nouveaux produits\"],\"inLanguage\":\"fr-FR\"},{\"@type\":\"WebPage\",\"@id\":\"https:\/\/www.ecinews.fr\/fr\/micro-haut-parleurs-compacts-pour-applications-portables\/\",\"url\":\"https:\/\/www.ecinews.fr\/fr\/micro-haut-parleurs-compacts-pour-applications-portables\/\",\"name\":\"Micro-haut-parleurs compacts pour applications portables -\",\"isPartOf\":{\"@id\":\"https:\/\/www.ecinews.fr\/fr\/#website\"},\"datePublished\":\"2016-04-20T01:00:00+00:00\",\"dateModified\":\"2016-04-20T01:00:00+00:00\",\"breadcrumb\":{\"@id\":\"https:\/\/www.ecinews.fr\/fr\/micro-haut-parleurs-compacts-pour-applications-portables\/#breadcrumb\"},\"inLanguage\":\"fr-FR\",\"potentialAction\":[{\"@type\":\"ReadAction\",\"target\":[\"https:\/\/www.ecinews.fr\/fr\/micro-haut-parleurs-compacts-pour-applications-portables\/\"]}]},{\"@type\":\"BreadcrumbList\",\"@id\":\"https:\/\/www.ecinews.fr\/fr\/micro-haut-parleurs-compacts-pour-applications-portables\/#breadcrumb\",\"itemListElement\":[{\"@type\":\"ListItem\",\"position\":1,\"name\":\"Home\",\"item\":\"https:\/\/www.ecinews.fr\/fr\/\"},{\"@type\":\"ListItem\",\"position\":2,\"name\":\"Micro-haut-parleurs compacts pour applications portables\"}]},{\"@type\":\"WebSite\",\"@id\":\"https:\/\/www.ecinews.fr\/fr\/#website\",\"url\":\"https:\/\/www.ecinews.fr\/fr\/\",\"name\":\"EENewsEurope\",\"description\":\"Just another WordPress site\",\"publisher\":{\"@id\":\"https:\/\/www.ecinews.fr\/fr\/#organization\"},\"potentialAction\":[{\"@type\":\"SearchAction\",\"target\":{\"@type\":\"EntryPoint\",\"urlTemplate\":\"https:\/\/www.ecinews.fr\/fr\/?s={search_term_string}\"},\"query-input\":\"required name=search_term_string\"}],\"inLanguage\":\"fr-FR\"},{\"@type\":\"Organization\",\"@id\":\"https:\/\/www.ecinews.fr\/fr\/#organization\",\"name\":\"EENewsEurope\",\"url\":\"https:\/\/www.ecinews.fr\/fr\/\",\"logo\":{\"@type\":\"ImageObject\",\"inLanguage\":\"fr-FR\",\"@id\":\"https:\/\/www.ecinews.fr\/fr\/#\/schema\/logo\/image\/\",\"url\":\"https:\/\/www.ecinews.fr\/wp-content\/uploads\/2022\/02\/logo-1.jpg\",\"contentUrl\":\"https:\/\/www.ecinews.fr\/wp-content\/uploads\/2022\/02\/logo-1.jpg\",\"width\":283,\"height\":113,\"caption\":\"EENewsEurope\"},\"image\":{\"@id\":\"https:\/\/www.ecinews.fr\/fr\/#\/schema\/logo\/image\/\"}},{\"@type\":\"Person\",\"@id\":\"https:\/\/www.ecinews.fr\/fr\/#\/schema\/person\/568c789a4794bd460460501ba91f5daf\",\"name\":\"Alain Dieul\",\"image\":{\"@type\":\"ImageObject\",\"inLanguage\":\"fr-FR\",\"@id\":\"https:\/\/www.ecinews.fr\/fr\/#\/schema\/person\/image\/6d32dc651fbcef3b338066625b118364\",\"url\":\"https:\/\/secure.gravatar.com\/avatar\/93708ec89b35deb10f4cfbfe144b4e07?s=96&d=mm&r=g\",\"contentUrl\":\"https:\/\/secure.gravatar.com\/avatar\/93708ec89b35deb10f4cfbfe144b4e07?s=96&d=mm&r=g\",\"caption\":\"Alain Dieul\"}}]}<\/script>","yoast_head_json":{"title":"Micro-haut-parleurs compacts pour applications portables ...","description":"Encapsul\u00e9s dans des bo\u00eetiers affichant des dimensions aussi petites que 13 x 13 mm pour une hauteur de seulement 3 mm, les micro-haut-parleurs s\u00e9rie CDS...","robots":{"index":"index","follow":"follow","max-snippet":"max-snippet:-1","max-image-preview":"max-image-preview:large","max-video-preview":"max-video-preview:-1"},"canonical":"https:\/\/www.ecinews.fr\/fr\/wp-json\/wp\/v2\/posts\/214158\/","og_locale":"fr_FR","og_type":"article","og_title":"Micro-haut-parleurs compacts pour applications portables","og_description":"Encapsul\u00e9s dans des bo\u00eetiers affichant des dimensions aussi petites que 13 x 13 mm pour une hauteur de seulement 3 mm, les micro-haut-parleurs s\u00e9rie CDS de CUI offrent une gamme de puissance allant de 0,3 W \u00e0 6 W et sont caract\u00e9ris\u00e9s par une imp\u00e9dance de 4 ohms ou 8 ohms.","og_url":"https:\/\/www.ecinews.fr\/fr\/wp-json\/wp\/v2\/posts\/214158\/","og_site_name":"EENewsEurope","article_published_time":"2016-04-20T01:00:00+00:00","og_image":[{"width":2560,"height":1688,"url":"https:\/\/www.ecinews.fr\/wp-content\/uploads\/import\/default\/files\/sites\/default\/files\/images\/eci7806_cui_cui066_cds_group-print_r-scaled.jpg","type":"image\/jpeg"}],"author":"Alain Dieul","twitter_card":"summary_large_image","twitter_misc":{"Written by":"Alain Dieul","Est. reading time":"1 minute"},"schema":{"@context":"https:\/\/schema.org","@graph":[{"@type":"Article","@id":"https:\/\/www.ecinews.fr\/fr\/micro-haut-parleurs-compacts-pour-applications-portables\/#article","isPartOf":{"@id":"https:\/\/www.ecinews.fr\/fr\/micro-haut-parleurs-compacts-pour-applications-portables\/"},"author":{"name":"Alain Dieul","@id":"https:\/\/www.ecinews.fr\/fr\/#\/schema\/person\/568c789a4794bd460460501ba91f5daf"},"headline":"Micro-haut-parleurs compacts pour applications portables","datePublished":"2016-04-20T01:00:00+00:00","dateModified":"2016-04-20T01:00:00+00:00","mainEntityOfPage":{"@id":"https:\/\/www.ecinews.fr\/fr\/micro-haut-parleurs-compacts-pour-applications-portables\/"},"wordCount":149,"publisher":{"@id":"https:\/\/www.ecinews.fr\/fr\/#organization"},"keywords":["Electromechanical"],"articleSection":["Nouveaux produits"],"inLanguage":"fr-FR"},{"@type":"WebPage","@id":"https:\/\/www.ecinews.fr\/fr\/micro-haut-parleurs-compacts-pour-applications-portables\/","url":"https:\/\/www.ecinews.fr\/fr\/micro-haut-parleurs-compacts-pour-applications-portables\/","name":"Micro-haut-parleurs compacts pour applications portables -","isPartOf":{"@id":"https:\/\/www.ecinews.fr\/fr\/#website"},"datePublished":"2016-04-20T01:00:00+00:00","dateModified":"2016-04-20T01:00:00+00:00","breadcrumb":{"@id":"https:\/\/www.ecinews.fr\/fr\/micro-haut-parleurs-compacts-pour-applications-portables\/#breadcrumb"},"inLanguage":"fr-FR","potentialAction":[{"@type":"ReadAction","target":["https:\/\/www.ecinews.fr\/fr\/micro-haut-parleurs-compacts-pour-applications-portables\/"]}]},{"@type":"BreadcrumbList","@id":"https:\/\/www.ecinews.fr\/fr\/micro-haut-parleurs-compacts-pour-applications-portables\/#breadcrumb","itemListElement":[{"@type":"ListItem","position":1,"name":"Home","item":"https:\/\/www.ecinews.fr\/fr\/"},{"@type":"ListItem","position":2,"name":"Micro-haut-parleurs compacts pour applications portables"}]},{"@type":"WebSite","@id":"https:\/\/www.ecinews.fr\/fr\/#website","url":"https:\/\/www.ecinews.fr\/fr\/","name":"EENewsEurope","description":"Just another WordPress site","publisher":{"@id":"https:\/\/www.ecinews.fr\/fr\/#organization"},"potentialAction":[{"@type":"SearchAction","target":{"@type":"EntryPoint","urlTemplate":"https:\/\/www.ecinews.fr\/fr\/?s={search_term_string}"},"query-input":"required name=search_term_string"}],"inLanguage":"fr-FR"},{"@type":"Organization","@id":"https:\/\/www.ecinews.fr\/fr\/#organization","name":"EENewsEurope","url":"https:\/\/www.ecinews.fr\/fr\/","logo":{"@type":"ImageObject","inLanguage":"fr-FR","@id":"https:\/\/www.ecinews.fr\/fr\/#\/schema\/logo\/image\/","url":"https:\/\/www.ecinews.fr\/wp-content\/uploads\/2022\/02\/logo-1.jpg","contentUrl":"https:\/\/www.ecinews.fr\/wp-content\/uploads\/2022\/02\/logo-1.jpg","width":283,"height":113,"caption":"EENewsEurope"},"image":{"@id":"https:\/\/www.ecinews.fr\/fr\/#\/schema\/logo\/image\/"}},{"@type":"Person","@id":"https:\/\/www.ecinews.fr\/fr\/#\/schema\/person\/568c789a4794bd460460501ba91f5daf","name":"Alain Dieul","image":{"@type":"ImageObject","inLanguage":"fr-FR","@id":"https:\/\/www.ecinews.fr\/fr\/#\/schema\/person\/image\/6d32dc651fbcef3b338066625b118364","url":"https:\/\/secure.gravatar.com\/avatar\/93708ec89b35deb10f4cfbfe144b4e07?s=96&d=mm&r=g","contentUrl":"https:\/\/secure.gravatar.com\/avatar\/93708ec89b35deb10f4cfbfe144b4e07?s=96&d=mm&r=g","caption":"Alain Dieul"}}]}},"authors":[{"term_id":1141,"user_id":9,"is_guest":0,"slug":"alaindieul","display_name":"Alain Dieul","avatar_url":"https:\/\/secure.gravatar.com\/avatar\/93708ec89b35deb10f4cfbfe144b4e07?s=96&d=mm&r=g","0":null,"1":"","2":"","3":"","4":"","5":"","6":"","7":"","8":""}],"_links":{"self":[{"href":"https:\/\/www.ecinews.fr\/fr\/wp-json\/wp\/v2\/posts\/214158"}],"collection":[{"href":"https:\/\/www.ecinews.fr\/fr\/wp-json\/wp\/v2\/posts"}],"about":[{"href":"https:\/\/www.ecinews.fr\/fr\/wp-json\/wp\/v2\/types\/post"}],"author":[{"embeddable":true,"href":"https:\/\/www.ecinews.fr\/fr\/wp-json\/wp\/v2\/users\/9"}],"replies":[{"embeddable":true,"href":"https:\/\/www.ecinews.fr\/fr\/wp-json\/wp\/v2\/comments?post=214158"}],"version-history":[{"count":0,"href":"https:\/\/www.ecinews.fr\/fr\/wp-json\/wp\/v2\/posts\/214158\/revisions"}],"wp:featuredmedia":[{"embeddable":true,"href":"https:\/\/www.ecinews.fr\/fr\/wp-json\/wp\/v2\/media\/214159"}],"wp:attachment":[{"href":"https:\/\/www.ecinews.fr\/fr\/wp-json\/wp\/v2\/media?parent=214158"}],"wp:term":[{"taxonomy":"category","embeddable":true,"href":"https:\/\/www.ecinews.fr\/fr\/wp-json\/wp\/v2\/categories?post=214158"},{"taxonomy":"post_tag","embeddable":true,"href":"https:\/\/www.ecinews.fr\/fr\/wp-json\/wp\/v2\/tags?post=214158"},{"taxonomy":"domains","embeddable":true,"href":"https:\/\/www.ecinews.fr\/fr\/wp-json\/wp\/v2\/domains?post=214158"},{"taxonomy":"author","embeddable":true,"href":"https:\/\/www.ecinews.fr\/fr\/wp-json\/wp\/v2\/ppma_author?post=214158"}],"curies":[{"name":"wp","href":"https:\/\/api.w.org\/{rel}","templated":true}]}}