{"id":214022,"date":"2016-04-14T22:01:27","date_gmt":"2016-04-14T22:01:27","guid":{"rendered":"https:\/\/eenewseurope.artwhere.co\/renault-soutient-la-declaration-europeenne-damsterdam-en-faveur-du-vehicule-autonome\/"},"modified":"2016-04-14T22:01:27","modified_gmt":"2016-04-14T22:01:27","slug":"renault-soutient-la-declaration-europeenne-damsterdam-en-faveur-du-vehicule-autonome","status":"publish","type":"post","link":"https:\/\/www.ecinews.fr\/fr\/renault-soutient-la-declaration-europeenne-damsterdam-en-faveur-du-vehicule-autonome\/","title":{"rendered":"Renault soutient la d\u00e9claration europ\u00e9enne d\u2019Amsterdam en faveur du v\u00e9hicule autonome"},"content":{"rendered":"<p>A&nbsp; Amsterdam, Renault a d\u00e9montr\u00e9 que la soci\u00e9t\u00e9 \u00e9tait partie prenante d&rsquo;une opportunit\u00e9 unique de&nbsp; pr\u00e9senter les technologies \u00e9mergentes de conduite autonome aux Ministres des Transports europ\u00e9ens. Les 28 ministres se sont r\u00e9unis pour signer la D\u00e9claration d&rsquo;Amsterdam en faveur du v\u00e9hicule autonome.<\/p>\n<p>Notamment pilote du plan V\u00e9hicule Autonome \u00ab\u00a0Nouvelle France Industrielle\u00a0\u00bb, et en collaboration avec ses partenaires, les r\u00e9gulateurs et les autres constructeurs, Renault joue un r\u00f4le actif pour l&rsquo;\u00e9volution des r\u00e9glementations routi\u00e8res actuelles afin d&rsquo;encourager le d\u00e9ploiement du v\u00e9hicule autonome et la comp\u00e9titivit\u00e9 des constructeurs europ\u00e9ens dans cette nouvelle technologie.<br \/>\n&nbsp;<br \/>\nPour R\u00e9mi Bastien, \u00ab\u00a0Directeur Prospective Vehicule Autonome, Alliance Renault-Nissan\u00a0\u00bb&nbsp; \u00abCette journ\u00e9e ouvre un nouveau chapitre pour l\u2019arriv\u00e9e du v\u00e9hicule autonome. Renault est heureux de travailler \u00e9troitement avec les r\u00e9gulateurs, les constructeurs et les partenaires industriels pour favoriser un futur s\u00fbr et avec moins de stress sur la route\u00bb. Renault introduira d&rsquo;ici \u00e0 2020 des v\u00e9hicules \u00e9quip\u00e9s de fonctions de conduite autonome \u00ab single-lane control \u00bb sur autoroute, pour devenir apr\u00e8s 2020 et en toute s\u00e9curit\u00e9, le premier constructeur g\u00e9n\u00e9raliste \u00e0 offrir une technologie \u00ab eyes-off\/hands off \u00bb sur des voitures grand public et \u00e0 des prix abordables. Cette technologie doit rendre la route plus s\u00fbre, plus agr\u00e9able et doit permettre d\u2019optimiser le temps des conducteurs.&nbsp;<\/p>\n","protected":false},"excerpt":{"rendered":"<p>Renault qui participe \u00e0 une initiative de l&rsquo;Union Europ\u00e9enne et de ses 28 ministres des Transports pour promouvoir un cadre l\u00e9gislatif en faveur du v\u00e9hicule autonome, vient de d\u00e9voiler son d\u00e9monstrateur sur base Espace, le \u00ab Renault ESPACE Autonomous Drive demonstrator \u00bb.<\/p>\n","protected":false},"author":11,"featured_media":214023,"comment_status":"closed","ping_status":"closed","sticky":false,"template":"","format":"standard","meta":{"_acf_changed":false,"footnotes":""},"categories":[],"tags":[891],"domains":[47],"ppma_author":[1143],"class_list":["post-214022","post","type-post","status-publish","format-standard","has-post-thumbnail","hentry","tag-automotive-fr","domains-electronique-eci"],"acf":[],"yoast_head":"<title>Renault soutient la d\u00e9claration europ\u00e9enne d\u2019Amsterdam en f...<\/title>\n<meta name=\"description\" content=\"Renault qui participe \u00e0 une initiative de l&#039;Union Europ\u00e9enne et de ses 28 ministres des Transports pour promouvoir un cadre l\u00e9gislatif en faveur du...\" \/>\n<meta name=\"robots\" content=\"index, follow, max-snippet:-1, max-image-preview:large, max-video-preview:-1\" \/>\n<link rel=\"canonical\" href=\"https:\/\/www.ecinews.fr\/fr\/wp-json\/wp\/v2\/posts\/214022\/\" \/>\n<meta property=\"og:locale\" content=\"fr_FR\" \/>\n<meta property=\"og:type\" content=\"article\" \/>\n<meta property=\"og:title\" content=\"Renault soutient la d\u00e9claration europ\u00e9enne d\u2019Amsterdam en faveur du v\u00e9hicule autonome\" \/>\n<meta property=\"og:description\" content=\"Renault qui participe \u00e0 une initiative de l&#039;Union Europ\u00e9enne et de ses 28 ministres des Transports pour promouvoir un cadre l\u00e9gislatif en faveur du v\u00e9hicule autonome, vient de d\u00e9voiler son d\u00e9monstrateur sur base Espace, le \u00ab Renault ESPACE Autonomous Drive demonstrator \u00bb.\" \/>\n<meta property=\"og:url\" content=\"https:\/\/www.ecinews.fr\/fr\/wp-json\/wp\/v2\/posts\/214022\/\" \/>\n<meta property=\"og:site_name\" content=\"EENewsEurope\" \/>\n<meta property=\"article:published_time\" content=\"2016-04-14T22:01:27+00:00\" \/>\n<meta property=\"og:image\" content=\"https:\/\/www.eenewseurope.com\/wp-content\/uploads\/import\/default\/files\/sites\/default\/files\/images\/renault_espace.jpg\" \/>\n\t<meta property=\"og:image:width\" content=\"180\" \/>\n\t<meta property=\"og:image:height\" content=\"120\" \/>\n\t<meta property=\"og:image:type\" content=\"image\/jpeg\" \/>\n<meta name=\"author\" content=\"Daniel Cardon\" \/>\n<meta name=\"twitter:card\" content=\"summary_large_image\" \/>\n<meta name=\"twitter:label1\" content=\"Written by\" \/>\n\t<meta name=\"twitter:data1\" content=\"Daniel Cardon\" \/>\n\t<meta name=\"twitter:label2\" content=\"Est. reading time\" \/>\n\t<meta name=\"twitter:data2\" content=\"1 minute\" \/>\n<script type=\"application\/ld+json\" class=\"yoast-schema-graph\">{\"@context\":\"https:\/\/schema.org\",\"@graph\":[{\"@type\":\"Article\",\"@id\":\"https:\/\/www.eenewseurope.com\/fr\/renault-soutient-la-declaration-europeenne-damsterdam-en-faveur-du-vehicule-autonome\/#article\",\"isPartOf\":{\"@id\":\"https:\/\/www.eenewseurope.com\/fr\/renault-soutient-la-declaration-europeenne-damsterdam-en-faveur-du-vehicule-autonome\/\"},\"author\":{\"name\":\"Daniel Cardon\",\"@id\":\"https:\/\/www.ecinews.fr\/fr\/#\/schema\/person\/93c44cde463762f40a8236eaa44c1c17\"},\"headline\":\"Renault soutient la d\u00e9claration europ\u00e9enne d\u2019Amsterdam en faveur du v\u00e9hicule autonome\",\"datePublished\":\"2016-04-14T22:01:27+00:00\",\"dateModified\":\"2016-04-14T22:01:27+00:00\",\"mainEntityOfPage\":{\"@id\":\"https:\/\/www.eenewseurope.com\/fr\/renault-soutient-la-declaration-europeenne-damsterdam-en-faveur-du-vehicule-autonome\/\"},\"wordCount\":255,\"publisher\":{\"@id\":\"https:\/\/www.ecinews.fr\/fr\/#organization\"},\"keywords\":[\"Automotive\"],\"inLanguage\":\"fr-FR\"},{\"@type\":\"WebPage\",\"@id\":\"https:\/\/www.eenewseurope.com\/fr\/renault-soutient-la-declaration-europeenne-damsterdam-en-faveur-du-vehicule-autonome\/\",\"url\":\"https:\/\/www.eenewseurope.com\/fr\/renault-soutient-la-declaration-europeenne-damsterdam-en-faveur-du-vehicule-autonome\/\",\"name\":\"Renault soutient la d\u00e9claration europ\u00e9enne d\u2019Amsterdam en faveur du v\u00e9hicule autonome -\",\"isPartOf\":{\"@id\":\"https:\/\/www.ecinews.fr\/fr\/#website\"},\"datePublished\":\"2016-04-14T22:01:27+00:00\",\"dateModified\":\"2016-04-14T22:01:27+00:00\",\"breadcrumb\":{\"@id\":\"https:\/\/www.eenewseurope.com\/fr\/renault-soutient-la-declaration-europeenne-damsterdam-en-faveur-du-vehicule-autonome\/#breadcrumb\"},\"inLanguage\":\"fr-FR\",\"potentialAction\":[{\"@type\":\"ReadAction\",\"target\":[\"https:\/\/www.eenewseurope.com\/fr\/renault-soutient-la-declaration-europeenne-damsterdam-en-faveur-du-vehicule-autonome\/\"]}]},{\"@type\":\"BreadcrumbList\",\"@id\":\"https:\/\/www.eenewseurope.com\/fr\/renault-soutient-la-declaration-europeenne-damsterdam-en-faveur-du-vehicule-autonome\/#breadcrumb\",\"itemListElement\":[{\"@type\":\"ListItem\",\"position\":1,\"name\":\"Home\",\"item\":\"https:\/\/www.ecinews.fr\/fr\/\"},{\"@type\":\"ListItem\",\"position\":2,\"name\":\"Renault soutient la d\u00e9claration europ\u00e9enne d\u2019Amsterdam en faveur du v\u00e9hicule autonome\"}]},{\"@type\":\"WebSite\",\"@id\":\"https:\/\/www.ecinews.fr\/fr\/#website\",\"url\":\"https:\/\/www.ecinews.fr\/fr\/\",\"name\":\"EENewsEurope\",\"description\":\"Just another WordPress site\",\"publisher\":{\"@id\":\"https:\/\/www.ecinews.fr\/fr\/#organization\"},\"potentialAction\":[{\"@type\":\"SearchAction\",\"target\":{\"@type\":\"EntryPoint\",\"urlTemplate\":\"https:\/\/www.ecinews.fr\/fr\/?s={search_term_string}\"},\"query-input\":\"required name=search_term_string\"}],\"inLanguage\":\"fr-FR\"},{\"@type\":\"Organization\",\"@id\":\"https:\/\/www.ecinews.fr\/fr\/#organization\",\"name\":\"EENewsEurope\",\"url\":\"https:\/\/www.ecinews.fr\/fr\/\",\"logo\":{\"@type\":\"ImageObject\",\"inLanguage\":\"fr-FR\",\"@id\":\"https:\/\/www.ecinews.fr\/fr\/#\/schema\/logo\/image\/\",\"url\":\"https:\/\/www.ecinews.fr\/wp-content\/uploads\/2022\/02\/logo-1.jpg\",\"contentUrl\":\"https:\/\/www.ecinews.fr\/wp-content\/uploads\/2022\/02\/logo-1.jpg\",\"width\":283,\"height\":113,\"caption\":\"EENewsEurope\"},\"image\":{\"@id\":\"https:\/\/www.ecinews.fr\/fr\/#\/schema\/logo\/image\/\"}},{\"@type\":\"Person\",\"@id\":\"https:\/\/www.ecinews.fr\/fr\/#\/schema\/person\/93c44cde463762f40a8236eaa44c1c17\",\"name\":\"Daniel Cardon\",\"image\":{\"@type\":\"ImageObject\",\"inLanguage\":\"fr-FR\",\"@id\":\"https:\/\/www.ecinews.fr\/fr\/#\/schema\/person\/image\/2b243f6bcc1cff7d86aadfb2cd0bd870\",\"url\":\"https:\/\/secure.gravatar.com\/avatar\/de9edc136dfc061ad4778e04635baefa?s=96&d=mm&r=g\",\"contentUrl\":\"https:\/\/secure.gravatar.com\/avatar\/de9edc136dfc061ad4778e04635baefa?s=96&d=mm&r=g\",\"caption\":\"Daniel Cardon\"}}]}<\/script>","yoast_head_json":{"title":"Renault soutient la d\u00e9claration europ\u00e9enne d\u2019Amsterdam en f...","description":"Renault qui participe \u00e0 une initiative de l'Union Europ\u00e9enne et de ses 28 ministres des Transports pour promouvoir un cadre l\u00e9gislatif en faveur du...","robots":{"index":"index","follow":"follow","max-snippet":"max-snippet:-1","max-image-preview":"max-image-preview:large","max-video-preview":"max-video-preview:-1"},"canonical":"https:\/\/www.ecinews.fr\/fr\/wp-json\/wp\/v2\/posts\/214022\/","og_locale":"fr_FR","og_type":"article","og_title":"Renault soutient la d\u00e9claration europ\u00e9enne d\u2019Amsterdam en faveur du v\u00e9hicule autonome","og_description":"Renault qui participe \u00e0 une initiative de l'Union Europ\u00e9enne et de ses 28 ministres des Transports pour promouvoir un cadre l\u00e9gislatif en faveur du v\u00e9hicule autonome, vient de d\u00e9voiler son d\u00e9monstrateur sur base Espace, le \u00ab Renault ESPACE Autonomous Drive demonstrator \u00bb.","og_url":"https:\/\/www.ecinews.fr\/fr\/wp-json\/wp\/v2\/posts\/214022\/","og_site_name":"EENewsEurope","article_published_time":"2016-04-14T22:01:27+00:00","og_image":[{"width":180,"height":120,"url":"https:\/\/www.eenewseurope.com\/wp-content\/uploads\/import\/default\/files\/sites\/default\/files\/images\/renault_espace.jpg","type":"image\/jpeg"}],"author":"Daniel Cardon","twitter_card":"summary_large_image","twitter_misc":{"Written by":"Daniel Cardon","Est. reading time":"1 minute"},"schema":{"@context":"https:\/\/schema.org","@graph":[{"@type":"Article","@id":"https:\/\/www.eenewseurope.com\/fr\/renault-soutient-la-declaration-europeenne-damsterdam-en-faveur-du-vehicule-autonome\/#article","isPartOf":{"@id":"https:\/\/www.eenewseurope.com\/fr\/renault-soutient-la-declaration-europeenne-damsterdam-en-faveur-du-vehicule-autonome\/"},"author":{"name":"Daniel Cardon","@id":"https:\/\/www.ecinews.fr\/fr\/#\/schema\/person\/93c44cde463762f40a8236eaa44c1c17"},"headline":"Renault soutient la d\u00e9claration europ\u00e9enne d\u2019Amsterdam en faveur du v\u00e9hicule autonome","datePublished":"2016-04-14T22:01:27+00:00","dateModified":"2016-04-14T22:01:27+00:00","mainEntityOfPage":{"@id":"https:\/\/www.eenewseurope.com\/fr\/renault-soutient-la-declaration-europeenne-damsterdam-en-faveur-du-vehicule-autonome\/"},"wordCount":255,"publisher":{"@id":"https:\/\/www.ecinews.fr\/fr\/#organization"},"keywords":["Automotive"],"inLanguage":"fr-FR"},{"@type":"WebPage","@id":"https:\/\/www.eenewseurope.com\/fr\/renault-soutient-la-declaration-europeenne-damsterdam-en-faveur-du-vehicule-autonome\/","url":"https:\/\/www.eenewseurope.com\/fr\/renault-soutient-la-declaration-europeenne-damsterdam-en-faveur-du-vehicule-autonome\/","name":"Renault soutient la d\u00e9claration europ\u00e9enne d\u2019Amsterdam en faveur du v\u00e9hicule autonome -","isPartOf":{"@id":"https:\/\/www.ecinews.fr\/fr\/#website"},"datePublished":"2016-04-14T22:01:27+00:00","dateModified":"2016-04-14T22:01:27+00:00","breadcrumb":{"@id":"https:\/\/www.eenewseurope.com\/fr\/renault-soutient-la-declaration-europeenne-damsterdam-en-faveur-du-vehicule-autonome\/#breadcrumb"},"inLanguage":"fr-FR","potentialAction":[{"@type":"ReadAction","target":["https:\/\/www.eenewseurope.com\/fr\/renault-soutient-la-declaration-europeenne-damsterdam-en-faveur-du-vehicule-autonome\/"]}]},{"@type":"BreadcrumbList","@id":"https:\/\/www.eenewseurope.com\/fr\/renault-soutient-la-declaration-europeenne-damsterdam-en-faveur-du-vehicule-autonome\/#breadcrumb","itemListElement":[{"@type":"ListItem","position":1,"name":"Home","item":"https:\/\/www.ecinews.fr\/fr\/"},{"@type":"ListItem","position":2,"name":"Renault soutient la d\u00e9claration europ\u00e9enne d\u2019Amsterdam en faveur du v\u00e9hicule autonome"}]},{"@type":"WebSite","@id":"https:\/\/www.ecinews.fr\/fr\/#website","url":"https:\/\/www.ecinews.fr\/fr\/","name":"EENewsEurope","description":"Just another WordPress site","publisher":{"@id":"https:\/\/www.ecinews.fr\/fr\/#organization"},"potentialAction":[{"@type":"SearchAction","target":{"@type":"EntryPoint","urlTemplate":"https:\/\/www.ecinews.fr\/fr\/?s={search_term_string}"},"query-input":"required name=search_term_string"}],"inLanguage":"fr-FR"},{"@type":"Organization","@id":"https:\/\/www.ecinews.fr\/fr\/#organization","name":"EENewsEurope","url":"https:\/\/www.ecinews.fr\/fr\/","logo":{"@type":"ImageObject","inLanguage":"fr-FR","@id":"https:\/\/www.ecinews.fr\/fr\/#\/schema\/logo\/image\/","url":"https:\/\/www.ecinews.fr\/wp-content\/uploads\/2022\/02\/logo-1.jpg","contentUrl":"https:\/\/www.ecinews.fr\/wp-content\/uploads\/2022\/02\/logo-1.jpg","width":283,"height":113,"caption":"EENewsEurope"},"image":{"@id":"https:\/\/www.ecinews.fr\/fr\/#\/schema\/logo\/image\/"}},{"@type":"Person","@id":"https:\/\/www.ecinews.fr\/fr\/#\/schema\/person\/93c44cde463762f40a8236eaa44c1c17","name":"Daniel Cardon","image":{"@type":"ImageObject","inLanguage":"fr-FR","@id":"https:\/\/www.ecinews.fr\/fr\/#\/schema\/person\/image\/2b243f6bcc1cff7d86aadfb2cd0bd870","url":"https:\/\/secure.gravatar.com\/avatar\/de9edc136dfc061ad4778e04635baefa?s=96&d=mm&r=g","contentUrl":"https:\/\/secure.gravatar.com\/avatar\/de9edc136dfc061ad4778e04635baefa?s=96&d=mm&r=g","caption":"Daniel Cardon"}}]}},"authors":[{"term_id":1143,"user_id":11,"is_guest":0,"slug":"danielcardon","display_name":"Daniel Cardon","avatar_url":"https:\/\/secure.gravatar.com\/avatar\/de9edc136dfc061ad4778e04635baefa?s=96&d=mm&r=g","0":null,"1":"","2":"","3":"","4":"","5":"","6":"","7":"","8":""}],"_links":{"self":[{"href":"https:\/\/www.ecinews.fr\/fr\/wp-json\/wp\/v2\/posts\/214022"}],"collection":[{"href":"https:\/\/www.ecinews.fr\/fr\/wp-json\/wp\/v2\/posts"}],"about":[{"href":"https:\/\/www.ecinews.fr\/fr\/wp-json\/wp\/v2\/types\/post"}],"author":[{"embeddable":true,"href":"https:\/\/www.ecinews.fr\/fr\/wp-json\/wp\/v2\/users\/11"}],"replies":[{"embeddable":true,"href":"https:\/\/www.ecinews.fr\/fr\/wp-json\/wp\/v2\/comments?post=214022"}],"version-history":[{"count":0,"href":"https:\/\/www.ecinews.fr\/fr\/wp-json\/wp\/v2\/posts\/214022\/revisions"}],"wp:featuredmedia":[{"embeddable":true,"href":"https:\/\/www.ecinews.fr\/fr\/wp-json\/wp\/v2\/media\/214023"}],"wp:attachment":[{"href":"https:\/\/www.ecinews.fr\/fr\/wp-json\/wp\/v2\/media?parent=214022"}],"wp:term":[{"taxonomy":"category","embeddable":true,"href":"https:\/\/www.ecinews.fr\/fr\/wp-json\/wp\/v2\/categories?post=214022"},{"taxonomy":"post_tag","embeddable":true,"href":"https:\/\/www.ecinews.fr\/fr\/wp-json\/wp\/v2\/tags?post=214022"},{"taxonomy":"domains","embeddable":true,"href":"https:\/\/www.ecinews.fr\/fr\/wp-json\/wp\/v2\/domains?post=214022"},{"taxonomy":"author","embeddable":true,"href":"https:\/\/www.ecinews.fr\/fr\/wp-json\/wp\/v2\/ppma_author?post=214022"}],"curies":[{"name":"wp","href":"https:\/\/api.w.org\/{rel}","templated":true}]}}