{"id":213574,"date":"2016-04-19T23:33:01","date_gmt":"2016-04-19T23:33:01","guid":{"rendered":"https:\/\/eenewseurope.artwhere.co\/valeo-siemens-creent-une-joint-venture-consacree-aux-propulseurs-haute-tension\/"},"modified":"2016-04-19T23:33:01","modified_gmt":"2016-04-19T23:33:01","slug":"valeo-siemens-creent-une-joint-venture-consacree-aux-propulseurs-haute-tension","status":"publish","type":"post","link":"https:\/\/www.ecinews.fr\/fr\/valeo-siemens-creent-une-joint-venture-consacree-aux-propulseurs-haute-tension\/","title":{"rendered":"Val\u00e9o-Siemens cr\u00e9ent une Joint Venture consacr\u00e9e aux propulseurs haute tension"},"content":{"rendered":"<p><span style=\"font-size:10.5pt;color:black\">Les deux entreprises mettront en commun leurs comp\u00e9tences en vue de proposer une gamme compl\u00e8te de composants et syst\u00e8mes haute tension innovants (sup\u00e9rieure \u00e0 60V) destin\u00e9s \u00e0 tous les types de v\u00e9hicules \u00e9lectriques (hybrides, hybrides rechargeables et \u00e9lectriques) : moteurs \u00e9lectriques, chargeurs embarqu\u00e9s, onduleurs, convertisseurs DC\/DC.<\/span><\/p>\n<p><span style=\"font-size:10.5pt;color:black\">Valeo apportera son activit\u00e9 d&rsquo;\u00e9lectronique de puissance haute tension (chargeurs embarqu\u00e9s, onduleurs, convertisseurs DC\/DC), qui emploie quelque 200 personnes, dont 90 en France. Les syst\u00e8mes de propulsion d&rsquo;une tension inf\u00e9rieure \u00e0 60V ne feront pas partie du p\u00e9rim\u00e8tre de la nouvelle entit\u00e9. Siemens contribuera \u00e0 travers sa division syst\u00e8mes de propulsion pour v\u00e9hicules \u00e9lectriques (moteurs \u00e9lectriques, onduleurs), qui compte environ 500 personnes, dont 370 en Allemagne et 130 en Chine.<span class=\"apple-converted-space\">&nbsp;<\/span><\/span><br \/>\n<span style=\"font-size:10.5pt;color:black\">Le si\u00e8ge de la JV sera bas\u00e9 \u00e0 Erlangen, en Allemagne et la nouvelle entit\u00e9 entend tirer parti des fortes compl\u00e9mentarit\u00e9s de Valeo et de Siemens en termes de gammes de produits et de pr\u00e9sence g\u00e9ographique pour r\u00e9aliser des synergies dans les achats et les processus industriels. Ses atouts tant sur le plan de la production que du d\u00e9veloppement lui permettront de cibler des clients au niveau mondial ainsi que sur des march\u00e9s cl\u00e9s sp\u00e9cifiques.<\/span><\/p>\n<p><span style=\"font-size:10.5pt;color:black\">A lire \u00e9galement :<\/span><\/p>\n<p><a href=\"http:\/\/www.electronique-eci.com\/news\/lihm-de-val%C3%A9o-pour-la-voiture-autonome-de-demain\">http:\/\/www.electronique-eci.com\/news\/lihm-de-val%C3%A9o-pour-la-voiture-autonome-de-demain<\/a><\/p>\n","protected":false},"excerpt":{"rendered":"<p>Mettant \u00e0 profit leur position de leader dans leurs secteurs respectifs, Valeo et Siemens vont donner naissance, \u00e0 travers une joint venture d\u00e9tenue \u00e0 50\/50 par les deux partenaires, \u00e0 un acteur cl\u00e9 sur le march\u00e9 en pleine croissance des v\u00e9hicules \u00e9lectriques. <\/p>\n","protected":false},"author":11,"featured_media":213575,"comment_status":"closed","ping_status":"closed","sticky":false,"template":"","format":"standard","meta":{"_acf_changed":false,"footnotes":""},"categories":[],"tags":[891],"domains":[47],"ppma_author":[1143],"class_list":["post-213574","post","type-post","status-publish","format-standard","has-post-thumbnail","hentry","tag-automotive-fr","domains-electronique-eci"],"acf":[],"yoast_head":"<title>Val\u00e9o-Siemens cr\u00e9ent une Joint Venture consacr\u00e9e aux propuls...<\/title>\n<meta name=\"description\" content=\"Mettant \u00e0 profit leur position de leader dans leurs secteurs respectifs, Valeo et Siemens vont donner naissance, \u00e0 travers une joint venture d\u00e9tenue \u00e0...\" \/>\n<meta name=\"robots\" content=\"index, follow, max-snippet:-1, max-image-preview:large, max-video-preview:-1\" \/>\n<link rel=\"canonical\" href=\"https:\/\/www.ecinews.fr\/fr\/wp-json\/wp\/v2\/posts\/213574\/\" \/>\n<meta property=\"og:locale\" content=\"fr_FR\" \/>\n<meta property=\"og:type\" content=\"article\" \/>\n<meta property=\"og:title\" content=\"Val\u00e9o-Siemens cr\u00e9ent une Joint Venture consacr\u00e9e aux propulseurs haute tension\" \/>\n<meta property=\"og:description\" content=\"Mettant \u00e0 profit leur position de leader dans leurs secteurs respectifs, Valeo et Siemens vont donner naissance, \u00e0 travers une joint venture d\u00e9tenue \u00e0 50\/50 par les deux partenaires, \u00e0 un acteur cl\u00e9 sur le march\u00e9 en pleine croissance des v\u00e9hicules \u00e9lectriques.\" \/>\n<meta property=\"og:url\" content=\"https:\/\/www.ecinews.fr\/fr\/wp-json\/wp\/v2\/posts\/213574\/\" \/>\n<meta property=\"og:site_name\" content=\"EENewsEurope\" \/>\n<meta property=\"article:published_time\" content=\"2016-04-19T23:33:01+00:00\" \/>\n<meta property=\"og:image\" content=\"https:\/\/www.ecinews.fr\/wp-content\/uploads\/import\/default\/files\/sites\/default\/files\/images\/valeo-siemens.jpg\" \/>\n\t<meta property=\"og:image:width\" content=\"465\" \/>\n\t<meta property=\"og:image:height\" content=\"161\" \/>\n\t<meta property=\"og:image:type\" content=\"image\/jpeg\" \/>\n<meta name=\"author\" content=\"Daniel Cardon\" \/>\n<meta name=\"twitter:card\" content=\"summary_large_image\" \/>\n<meta name=\"twitter:label1\" content=\"Written by\" \/>\n\t<meta name=\"twitter:data1\" content=\"Daniel Cardon\" \/>\n\t<meta name=\"twitter:label2\" content=\"Est. reading time\" \/>\n\t<meta name=\"twitter:data2\" content=\"1 minute\" \/>\n<script type=\"application\/ld+json\" class=\"yoast-schema-graph\">{\"@context\":\"https:\/\/schema.org\",\"@graph\":[{\"@type\":\"Article\",\"@id\":\"https:\/\/www.ecinews.fr\/fr\/valeo-siemens-creent-une-joint-venture-consacree-aux-propulseurs-haute-tension\/#article\",\"isPartOf\":{\"@id\":\"https:\/\/www.ecinews.fr\/fr\/valeo-siemens-creent-une-joint-venture-consacree-aux-propulseurs-haute-tension\/\"},\"author\":{\"name\":\"Daniel Cardon\",\"@id\":\"https:\/\/www.eenewseurope.com\/en\/#\/schema\/person\/93c44cde463762f40a8236eaa44c1c17\"},\"headline\":\"Val\u00e9o-Siemens cr\u00e9ent une Joint Venture consacr\u00e9e aux propulseurs haute tension\",\"datePublished\":\"2016-04-19T23:33:01+00:00\",\"dateModified\":\"2016-04-19T23:33:01+00:00\",\"mainEntityOfPage\":{\"@id\":\"https:\/\/www.ecinews.fr\/fr\/valeo-siemens-creent-une-joint-venture-consacree-aux-propulseurs-haute-tension\/\"},\"wordCount\":234,\"publisher\":{\"@id\":\"https:\/\/www.eenewseurope.com\/en\/#organization\"},\"keywords\":[\"Automotive\"],\"inLanguage\":\"fr-FR\"},{\"@type\":\"WebPage\",\"@id\":\"https:\/\/www.ecinews.fr\/fr\/valeo-siemens-creent-une-joint-venture-consacree-aux-propulseurs-haute-tension\/\",\"url\":\"https:\/\/www.ecinews.fr\/fr\/valeo-siemens-creent-une-joint-venture-consacree-aux-propulseurs-haute-tension\/\",\"name\":\"Val\u00e9o-Siemens cr\u00e9ent une Joint Venture consacr\u00e9e aux propulseurs haute tension -\",\"isPartOf\":{\"@id\":\"https:\/\/www.eenewseurope.com\/en\/#website\"},\"datePublished\":\"2016-04-19T23:33:01+00:00\",\"dateModified\":\"2016-04-19T23:33:01+00:00\",\"breadcrumb\":{\"@id\":\"https:\/\/www.ecinews.fr\/fr\/valeo-siemens-creent-une-joint-venture-consacree-aux-propulseurs-haute-tension\/#breadcrumb\"},\"inLanguage\":\"fr-FR\",\"potentialAction\":[{\"@type\":\"ReadAction\",\"target\":[\"https:\/\/www.ecinews.fr\/fr\/valeo-siemens-creent-une-joint-venture-consacree-aux-propulseurs-haute-tension\/\"]}]},{\"@type\":\"BreadcrumbList\",\"@id\":\"https:\/\/www.ecinews.fr\/fr\/valeo-siemens-creent-une-joint-venture-consacree-aux-propulseurs-haute-tension\/#breadcrumb\",\"itemListElement\":[{\"@type\":\"ListItem\",\"position\":1,\"name\":\"Home\",\"item\":\"https:\/\/www.ecinews.fr\/fr\/\"},{\"@type\":\"ListItem\",\"position\":2,\"name\":\"Val\u00e9o-Siemens cr\u00e9ent une Joint Venture consacr\u00e9e aux propulseurs haute tension\"}]},{\"@type\":\"WebSite\",\"@id\":\"https:\/\/www.eenewseurope.com\/en\/#website\",\"url\":\"https:\/\/www.eenewseurope.com\/en\/\",\"name\":\"EENewsEurope\",\"description\":\"Just another WordPress site\",\"publisher\":{\"@id\":\"https:\/\/www.eenewseurope.com\/en\/#organization\"},\"potentialAction\":[{\"@type\":\"SearchAction\",\"target\":{\"@type\":\"EntryPoint\",\"urlTemplate\":\"https:\/\/www.eenewseurope.com\/en\/?s={search_term_string}\"},\"query-input\":\"required name=search_term_string\"}],\"inLanguage\":\"fr-FR\"},{\"@type\":\"Organization\",\"@id\":\"https:\/\/www.eenewseurope.com\/en\/#organization\",\"name\":\"EENewsEurope\",\"url\":\"https:\/\/www.eenewseurope.com\/en\/\",\"logo\":{\"@type\":\"ImageObject\",\"inLanguage\":\"fr-FR\",\"@id\":\"https:\/\/www.eenewseurope.com\/en\/#\/schema\/logo\/image\/\",\"url\":\"https:\/\/www.ecinews.fr\/wp-content\/uploads\/2022\/02\/logo-1.jpg\",\"contentUrl\":\"https:\/\/www.ecinews.fr\/wp-content\/uploads\/2022\/02\/logo-1.jpg\",\"width\":283,\"height\":113,\"caption\":\"EENewsEurope\"},\"image\":{\"@id\":\"https:\/\/www.eenewseurope.com\/en\/#\/schema\/logo\/image\/\"}},{\"@type\":\"Person\",\"@id\":\"https:\/\/www.eenewseurope.com\/en\/#\/schema\/person\/93c44cde463762f40a8236eaa44c1c17\",\"name\":\"Daniel Cardon\",\"image\":{\"@type\":\"ImageObject\",\"inLanguage\":\"fr-FR\",\"@id\":\"https:\/\/www.eenewseurope.com\/en\/#\/schema\/person\/image\/2b243f6bcc1cff7d86aadfb2cd0bd870\",\"url\":\"https:\/\/secure.gravatar.com\/avatar\/de9edc136dfc061ad4778e04635baefa?s=96&d=mm&r=g\",\"contentUrl\":\"https:\/\/secure.gravatar.com\/avatar\/de9edc136dfc061ad4778e04635baefa?s=96&d=mm&r=g\",\"caption\":\"Daniel Cardon\"}}]}<\/script>","yoast_head_json":{"title":"Val\u00e9o-Siemens cr\u00e9ent une Joint Venture consacr\u00e9e aux propuls...","description":"Mettant \u00e0 profit leur position de leader dans leurs secteurs respectifs, Valeo et Siemens vont donner naissance, \u00e0 travers une joint venture d\u00e9tenue \u00e0...","robots":{"index":"index","follow":"follow","max-snippet":"max-snippet:-1","max-image-preview":"max-image-preview:large","max-video-preview":"max-video-preview:-1"},"canonical":"https:\/\/www.ecinews.fr\/fr\/wp-json\/wp\/v2\/posts\/213574\/","og_locale":"fr_FR","og_type":"article","og_title":"Val\u00e9o-Siemens cr\u00e9ent une Joint Venture consacr\u00e9e aux propulseurs haute tension","og_description":"Mettant \u00e0 profit leur position de leader dans leurs secteurs respectifs, Valeo et Siemens vont donner naissance, \u00e0 travers une joint venture d\u00e9tenue \u00e0 50\/50 par les deux partenaires, \u00e0 un acteur cl\u00e9 sur le march\u00e9 en pleine croissance des v\u00e9hicules \u00e9lectriques.","og_url":"https:\/\/www.ecinews.fr\/fr\/wp-json\/wp\/v2\/posts\/213574\/","og_site_name":"EENewsEurope","article_published_time":"2016-04-19T23:33:01+00:00","og_image":[{"width":465,"height":161,"url":"https:\/\/www.ecinews.fr\/wp-content\/uploads\/import\/default\/files\/sites\/default\/files\/images\/valeo-siemens.jpg","type":"image\/jpeg"}],"author":"Daniel Cardon","twitter_card":"summary_large_image","twitter_misc":{"Written by":"Daniel Cardon","Est. reading time":"1 minute"},"schema":{"@context":"https:\/\/schema.org","@graph":[{"@type":"Article","@id":"https:\/\/www.ecinews.fr\/fr\/valeo-siemens-creent-une-joint-venture-consacree-aux-propulseurs-haute-tension\/#article","isPartOf":{"@id":"https:\/\/www.ecinews.fr\/fr\/valeo-siemens-creent-une-joint-venture-consacree-aux-propulseurs-haute-tension\/"},"author":{"name":"Daniel Cardon","@id":"https:\/\/www.eenewseurope.com\/en\/#\/schema\/person\/93c44cde463762f40a8236eaa44c1c17"},"headline":"Val\u00e9o-Siemens cr\u00e9ent une Joint Venture consacr\u00e9e aux propulseurs haute tension","datePublished":"2016-04-19T23:33:01+00:00","dateModified":"2016-04-19T23:33:01+00:00","mainEntityOfPage":{"@id":"https:\/\/www.ecinews.fr\/fr\/valeo-siemens-creent-une-joint-venture-consacree-aux-propulseurs-haute-tension\/"},"wordCount":234,"publisher":{"@id":"https:\/\/www.eenewseurope.com\/en\/#organization"},"keywords":["Automotive"],"inLanguage":"fr-FR"},{"@type":"WebPage","@id":"https:\/\/www.ecinews.fr\/fr\/valeo-siemens-creent-une-joint-venture-consacree-aux-propulseurs-haute-tension\/","url":"https:\/\/www.ecinews.fr\/fr\/valeo-siemens-creent-une-joint-venture-consacree-aux-propulseurs-haute-tension\/","name":"Val\u00e9o-Siemens cr\u00e9ent une Joint Venture consacr\u00e9e aux propulseurs haute tension -","isPartOf":{"@id":"https:\/\/www.eenewseurope.com\/en\/#website"},"datePublished":"2016-04-19T23:33:01+00:00","dateModified":"2016-04-19T23:33:01+00:00","breadcrumb":{"@id":"https:\/\/www.ecinews.fr\/fr\/valeo-siemens-creent-une-joint-venture-consacree-aux-propulseurs-haute-tension\/#breadcrumb"},"inLanguage":"fr-FR","potentialAction":[{"@type":"ReadAction","target":["https:\/\/www.ecinews.fr\/fr\/valeo-siemens-creent-une-joint-venture-consacree-aux-propulseurs-haute-tension\/"]}]},{"@type":"BreadcrumbList","@id":"https:\/\/www.ecinews.fr\/fr\/valeo-siemens-creent-une-joint-venture-consacree-aux-propulseurs-haute-tension\/#breadcrumb","itemListElement":[{"@type":"ListItem","position":1,"name":"Home","item":"https:\/\/www.ecinews.fr\/fr\/"},{"@type":"ListItem","position":2,"name":"Val\u00e9o-Siemens cr\u00e9ent une Joint Venture consacr\u00e9e aux propulseurs haute tension"}]},{"@type":"WebSite","@id":"https:\/\/www.eenewseurope.com\/en\/#website","url":"https:\/\/www.eenewseurope.com\/en\/","name":"EENewsEurope","description":"Just another WordPress site","publisher":{"@id":"https:\/\/www.eenewseurope.com\/en\/#organization"},"potentialAction":[{"@type":"SearchAction","target":{"@type":"EntryPoint","urlTemplate":"https:\/\/www.eenewseurope.com\/en\/?s={search_term_string}"},"query-input":"required name=search_term_string"}],"inLanguage":"fr-FR"},{"@type":"Organization","@id":"https:\/\/www.eenewseurope.com\/en\/#organization","name":"EENewsEurope","url":"https:\/\/www.eenewseurope.com\/en\/","logo":{"@type":"ImageObject","inLanguage":"fr-FR","@id":"https:\/\/www.eenewseurope.com\/en\/#\/schema\/logo\/image\/","url":"https:\/\/www.ecinews.fr\/wp-content\/uploads\/2022\/02\/logo-1.jpg","contentUrl":"https:\/\/www.ecinews.fr\/wp-content\/uploads\/2022\/02\/logo-1.jpg","width":283,"height":113,"caption":"EENewsEurope"},"image":{"@id":"https:\/\/www.eenewseurope.com\/en\/#\/schema\/logo\/image\/"}},{"@type":"Person","@id":"https:\/\/www.eenewseurope.com\/en\/#\/schema\/person\/93c44cde463762f40a8236eaa44c1c17","name":"Daniel Cardon","image":{"@type":"ImageObject","inLanguage":"fr-FR","@id":"https:\/\/www.eenewseurope.com\/en\/#\/schema\/person\/image\/2b243f6bcc1cff7d86aadfb2cd0bd870","url":"https:\/\/secure.gravatar.com\/avatar\/de9edc136dfc061ad4778e04635baefa?s=96&d=mm&r=g","contentUrl":"https:\/\/secure.gravatar.com\/avatar\/de9edc136dfc061ad4778e04635baefa?s=96&d=mm&r=g","caption":"Daniel Cardon"}}]}},"authors":[{"term_id":1143,"user_id":11,"is_guest":0,"slug":"danielcardon","display_name":"Daniel Cardon","avatar_url":"https:\/\/secure.gravatar.com\/avatar\/de9edc136dfc061ad4778e04635baefa?s=96&d=mm&r=g","0":null,"1":"","2":"","3":"","4":"","5":"","6":"","7":"","8":""}],"_links":{"self":[{"href":"https:\/\/www.ecinews.fr\/fr\/wp-json\/wp\/v2\/posts\/213574"}],"collection":[{"href":"https:\/\/www.ecinews.fr\/fr\/wp-json\/wp\/v2\/posts"}],"about":[{"href":"https:\/\/www.ecinews.fr\/fr\/wp-json\/wp\/v2\/types\/post"}],"author":[{"embeddable":true,"href":"https:\/\/www.ecinews.fr\/fr\/wp-json\/wp\/v2\/users\/11"}],"replies":[{"embeddable":true,"href":"https:\/\/www.ecinews.fr\/fr\/wp-json\/wp\/v2\/comments?post=213574"}],"version-history":[{"count":0,"href":"https:\/\/www.ecinews.fr\/fr\/wp-json\/wp\/v2\/posts\/213574\/revisions"}],"wp:featuredmedia":[{"embeddable":true,"href":"https:\/\/www.ecinews.fr\/fr\/wp-json\/wp\/v2\/media\/213575"}],"wp:attachment":[{"href":"https:\/\/www.ecinews.fr\/fr\/wp-json\/wp\/v2\/media?parent=213574"}],"wp:term":[{"taxonomy":"category","embeddable":true,"href":"https:\/\/www.ecinews.fr\/fr\/wp-json\/wp\/v2\/categories?post=213574"},{"taxonomy":"post_tag","embeddable":true,"href":"https:\/\/www.ecinews.fr\/fr\/wp-json\/wp\/v2\/tags?post=213574"},{"taxonomy":"domains","embeddable":true,"href":"https:\/\/www.ecinews.fr\/fr\/wp-json\/wp\/v2\/domains?post=213574"},{"taxonomy":"author","embeddable":true,"href":"https:\/\/www.ecinews.fr\/fr\/wp-json\/wp\/v2\/ppma_author?post=213574"}],"curies":[{"name":"wp","href":"https:\/\/api.w.org\/{rel}","templated":true}]}}