{"id":213162,"date":"2016-04-26T06:10:00","date_gmt":"2016-04-26T06:10:00","guid":{"rendered":"https:\/\/eenewseurope.artwhere.co\/double-processeur-dimages-video-pour-ecrans-automobiles\/"},"modified":"2016-04-26T06:10:00","modified_gmt":"2016-04-26T06:10:00","slug":"double-processeur-dimages-video-pour-ecrans-automobiles","status":"publish","type":"post","link":"https:\/\/www.ecinews.fr\/fr\/double-processeur-dimages-video-pour-ecrans-automobiles\/","title":{"rendered":"Double processeur d&rsquo;images vid\u00e9o pour \u00e9crans automobiles"},"content":{"rendered":"<p>Du fait de la demande croissante en faveur d&rsquo;\u00e9crans plus grands, avec des d\u00e9finitions plus \u00e9lev\u00e9es, ce processeur vid\u00e9o supporte les d\u00e9finitions 1920 x 720 \u00e0 60 images\/seconde (fps) ou 1920 x 1080 \u00e0 30 fps, ce qui constitue une am\u00e9lioration significative par rapport aux processeurs pr\u00e9c\u00e9dents qui ne supportaient que les d\u00e9finitions jusqu&rsquo;\u00e0 WVGA. Ce composant int\u00e8gre un &nbsp;circuit interne d&rsquo;am\u00e9lioration d&rsquo;images qui autorise un meilleur affichage des images basse-r\u00e9solution sur les \u00e9crans haute-r\u00e9solution. Il dispose \u00e9galement de deux signaux de sortie vid\u00e9o num\u00e9riques pour afficher simultan\u00e9ment sur un \u00e9cran WXGA+ et un \u00e9cran WVGA.<br \/>\nGr\u00e2ce \u00e0 sa m\u00e9moire de trame et \u00e0 son moteur de trac\u00e9 de segments int\u00e9gr\u00e9, ce circuit convient particuli\u00e8rement bien aux syst\u00e8mes de r\u00e9trovision par cam\u00e9ra, ainsi qu&rsquo;aux syst\u00e8mes de divertissement aux places arri\u00e8res, ou d&rsquo;info-divertissement en g\u00e9n\u00e9ral.<\/p>\n<p>Cette m\u00e9moire de trame interne permet au processeur de supporter les modes combinaison et s\u00e9paration d&rsquo;images. L&rsquo;\u00e9tage d&rsquo;entr\u00e9e est conforme LVDS (OpenLDI), une signalisation diff\u00e9rentielle de basse tension, et LVTTL, une logique TTL basse tension. Ainsi, une m\u00eame image peut \u00eatre compos\u00e9e \u00e0 partir de ces deux signaux et affich\u00e9e sur un \u00e9cran WXGA+. Les deux signaux peuvent aussi \u00eatre s\u00e9par\u00e9s et envoy\u00e9s vers deux \u00e9crans, l&rsquo;un de d\u00e9finition 1280 x 720 (sotie LVDS) et l&rsquo;autre de d\u00e9finition 800 x 480 (sortie LVTTL).<\/p>\n<p><a href=\"http:\/\/www.toshiba.semicon-storage.com\/\" target=\"_blank\" rel=\"noopener\">www.toshiba.semicon-storage.com<\/a><span style=\"font-size:12.0pt;line-height:115%\"> <\/span><\/p>\n","protected":false},"excerpt":{"rendered":"<p>Pour les affichages automobiles haute-r\u00e9solution, Toshiba Electronics vient d\u2019introduire  son double processeur d\u2019images vid\u00e9o TC90195XBG. Il peut servir aux syst\u00e8mes de navigation, aux syst\u00e8mes de divertissement ou \u00e0 ceux d&rsquo;aide \u00e0 la conduite qui sont de plus en plus courants dans les v\u00e9hicules.<\/p>\n","protected":false},"author":9,"featured_media":213163,"comment_status":"closed","ping_status":"closed","sticky":false,"template":"","format":"standard","meta":{"_acf_changed":false,"footnotes":""},"categories":[881],"tags":[891,906],"domains":[47],"ppma_author":[1141],"class_list":["post-213162","post","type-post","status-publish","format-standard","has-post-thumbnail","hentry","category-nouveaux-produits","tag-automotive-fr","tag-mpus-mcus-fr","domains-electronique-eci"],"acf":[],"yoast_head":"<title>Double processeur d&#039;images vid\u00e9o pour \u00e9crans automobiles ...<\/title>\n<meta name=\"description\" content=\"Pour les affichages automobiles haute-r\u00e9solution, Toshiba Electronics vient d\u2019introduire  son double processeur d\u2019images vid\u00e9o TC90195XBG. Il peut...\" \/>\n<meta name=\"robots\" content=\"index, follow, max-snippet:-1, max-image-preview:large, max-video-preview:-1\" \/>\n<link rel=\"canonical\" href=\"https:\/\/www.ecinews.fr\/fr\/wp-json\/wp\/v2\/posts\/213162\/\" \/>\n<meta property=\"og:locale\" content=\"fr_FR\" \/>\n<meta property=\"og:type\" content=\"article\" \/>\n<meta property=\"og:title\" content=\"Double processeur d&#039;images vid\u00e9o pour \u00e9crans automobiles\" \/>\n<meta property=\"og:description\" content=\"Pour les affichages automobiles haute-r\u00e9solution, Toshiba Electronics vient d\u2019introduire son double processeur d\u2019images vid\u00e9o TC90195XBG. Il peut servir aux syst\u00e8mes de navigation, aux syst\u00e8mes de divertissement ou \u00e0 ceux d&#039;aide \u00e0 la conduite qui sont de plus en plus courants dans les v\u00e9hicules.\" \/>\n<meta property=\"og:url\" content=\"https:\/\/www.ecinews.fr\/fr\/wp-json\/wp\/v2\/posts\/213162\/\" \/>\n<meta property=\"og:site_name\" content=\"EENewsEurope\" \/>\n<meta property=\"article:published_time\" content=\"2016-04-26T06:10:00+00:00\" \/>\n<meta property=\"og:image\" content=\"https:\/\/www.eenewseurope.com\/wp-content\/uploads\/import\/default\/files\/sites\/default\/files\/images\/eci7821_toshiba_6871_p20201_lres.jpg\" \/>\n\t<meta property=\"og:image:width\" content=\"700\" \/>\n\t<meta property=\"og:image:height\" content=\"500\" \/>\n\t<meta property=\"og:image:type\" content=\"image\/jpeg\" \/>\n<meta name=\"author\" content=\"Alain Dieul\" \/>\n<meta name=\"twitter:card\" content=\"summary_large_image\" \/>\n<meta name=\"twitter:label1\" content=\"Written by\" \/>\n\t<meta name=\"twitter:data1\" content=\"Alain Dieul\" \/>\n\t<meta name=\"twitter:label2\" content=\"Est. reading time\" \/>\n\t<meta name=\"twitter:data2\" content=\"1 minute\" \/>\n<script type=\"application\/ld+json\" class=\"yoast-schema-graph\">{\"@context\":\"https:\/\/schema.org\",\"@graph\":[{\"@type\":\"Article\",\"@id\":\"https:\/\/www.eenewseurope.com\/fr\/double-processeur-dimages-video-pour-ecrans-automobiles\/#article\",\"isPartOf\":{\"@id\":\"https:\/\/www.eenewseurope.com\/fr\/double-processeur-dimages-video-pour-ecrans-automobiles\/\"},\"author\":{\"name\":\"Alain Dieul\",\"@id\":\"https:\/\/www.ecinews.fr\/fr\/#\/schema\/person\/568c789a4794bd460460501ba91f5daf\"},\"headline\":\"Double processeur d&rsquo;images vid\u00e9o pour \u00e9crans automobiles\",\"datePublished\":\"2016-04-26T06:10:00+00:00\",\"dateModified\":\"2016-04-26T06:10:00+00:00\",\"mainEntityOfPage\":{\"@id\":\"https:\/\/www.eenewseurope.com\/fr\/double-processeur-dimages-video-pour-ecrans-automobiles\/\"},\"wordCount\":265,\"publisher\":{\"@id\":\"https:\/\/www.ecinews.fr\/fr\/#organization\"},\"keywords\":[\"Automotive\",\"MPUs\/MCUs\"],\"articleSection\":[\"Nouveaux produits\"],\"inLanguage\":\"fr-FR\"},{\"@type\":\"WebPage\",\"@id\":\"https:\/\/www.eenewseurope.com\/fr\/double-processeur-dimages-video-pour-ecrans-automobiles\/\",\"url\":\"https:\/\/www.eenewseurope.com\/fr\/double-processeur-dimages-video-pour-ecrans-automobiles\/\",\"name\":\"Double processeur d'images vid\u00e9o pour \u00e9crans automobiles -\",\"isPartOf\":{\"@id\":\"https:\/\/www.ecinews.fr\/fr\/#website\"},\"datePublished\":\"2016-04-26T06:10:00+00:00\",\"dateModified\":\"2016-04-26T06:10:00+00:00\",\"breadcrumb\":{\"@id\":\"https:\/\/www.eenewseurope.com\/fr\/double-processeur-dimages-video-pour-ecrans-automobiles\/#breadcrumb\"},\"inLanguage\":\"fr-FR\",\"potentialAction\":[{\"@type\":\"ReadAction\",\"target\":[\"https:\/\/www.eenewseurope.com\/fr\/double-processeur-dimages-video-pour-ecrans-automobiles\/\"]}]},{\"@type\":\"BreadcrumbList\",\"@id\":\"https:\/\/www.eenewseurope.com\/fr\/double-processeur-dimages-video-pour-ecrans-automobiles\/#breadcrumb\",\"itemListElement\":[{\"@type\":\"ListItem\",\"position\":1,\"name\":\"Home\",\"item\":\"https:\/\/www.ecinews.fr\/fr\/\"},{\"@type\":\"ListItem\",\"position\":2,\"name\":\"Double processeur d&rsquo;images vid\u00e9o pour \u00e9crans automobiles\"}]},{\"@type\":\"WebSite\",\"@id\":\"https:\/\/www.ecinews.fr\/fr\/#website\",\"url\":\"https:\/\/www.ecinews.fr\/fr\/\",\"name\":\"EENewsEurope\",\"description\":\"Just another WordPress site\",\"publisher\":{\"@id\":\"https:\/\/www.ecinews.fr\/fr\/#organization\"},\"potentialAction\":[{\"@type\":\"SearchAction\",\"target\":{\"@type\":\"EntryPoint\",\"urlTemplate\":\"https:\/\/www.ecinews.fr\/fr\/?s={search_term_string}\"},\"query-input\":\"required name=search_term_string\"}],\"inLanguage\":\"fr-FR\"},{\"@type\":\"Organization\",\"@id\":\"https:\/\/www.ecinews.fr\/fr\/#organization\",\"name\":\"EENewsEurope\",\"url\":\"https:\/\/www.ecinews.fr\/fr\/\",\"logo\":{\"@type\":\"ImageObject\",\"inLanguage\":\"fr-FR\",\"@id\":\"https:\/\/www.ecinews.fr\/fr\/#\/schema\/logo\/image\/\",\"url\":\"https:\/\/www.ecinews.fr\/wp-content\/uploads\/2022\/02\/logo-1.jpg\",\"contentUrl\":\"https:\/\/www.ecinews.fr\/wp-content\/uploads\/2022\/02\/logo-1.jpg\",\"width\":283,\"height\":113,\"caption\":\"EENewsEurope\"},\"image\":{\"@id\":\"https:\/\/www.ecinews.fr\/fr\/#\/schema\/logo\/image\/\"}},{\"@type\":\"Person\",\"@id\":\"https:\/\/www.ecinews.fr\/fr\/#\/schema\/person\/568c789a4794bd460460501ba91f5daf\",\"name\":\"Alain Dieul\",\"image\":{\"@type\":\"ImageObject\",\"inLanguage\":\"fr-FR\",\"@id\":\"https:\/\/www.ecinews.fr\/fr\/#\/schema\/person\/image\/6d32dc651fbcef3b338066625b118364\",\"url\":\"https:\/\/secure.gravatar.com\/avatar\/93708ec89b35deb10f4cfbfe144b4e07?s=96&d=mm&r=g\",\"contentUrl\":\"https:\/\/secure.gravatar.com\/avatar\/93708ec89b35deb10f4cfbfe144b4e07?s=96&d=mm&r=g\",\"caption\":\"Alain Dieul\"}}]}<\/script>","yoast_head_json":{"title":"Double processeur d'images vid\u00e9o pour \u00e9crans automobiles ...","description":"Pour les affichages automobiles haute-r\u00e9solution, Toshiba Electronics vient d\u2019introduire  son double processeur d\u2019images vid\u00e9o TC90195XBG. Il peut...","robots":{"index":"index","follow":"follow","max-snippet":"max-snippet:-1","max-image-preview":"max-image-preview:large","max-video-preview":"max-video-preview:-1"},"canonical":"https:\/\/www.ecinews.fr\/fr\/wp-json\/wp\/v2\/posts\/213162\/","og_locale":"fr_FR","og_type":"article","og_title":"Double processeur d'images vid\u00e9o pour \u00e9crans automobiles","og_description":"Pour les affichages automobiles haute-r\u00e9solution, Toshiba Electronics vient d\u2019introduire son double processeur d\u2019images vid\u00e9o TC90195XBG. Il peut servir aux syst\u00e8mes de navigation, aux syst\u00e8mes de divertissement ou \u00e0 ceux d'aide \u00e0 la conduite qui sont de plus en plus courants dans les v\u00e9hicules.","og_url":"https:\/\/www.ecinews.fr\/fr\/wp-json\/wp\/v2\/posts\/213162\/","og_site_name":"EENewsEurope","article_published_time":"2016-04-26T06:10:00+00:00","og_image":[{"width":700,"height":500,"url":"https:\/\/www.eenewseurope.com\/wp-content\/uploads\/import\/default\/files\/sites\/default\/files\/images\/eci7821_toshiba_6871_p20201_lres.jpg","type":"image\/jpeg"}],"author":"Alain Dieul","twitter_card":"summary_large_image","twitter_misc":{"Written by":"Alain Dieul","Est. reading time":"1 minute"},"schema":{"@context":"https:\/\/schema.org","@graph":[{"@type":"Article","@id":"https:\/\/www.eenewseurope.com\/fr\/double-processeur-dimages-video-pour-ecrans-automobiles\/#article","isPartOf":{"@id":"https:\/\/www.eenewseurope.com\/fr\/double-processeur-dimages-video-pour-ecrans-automobiles\/"},"author":{"name":"Alain Dieul","@id":"https:\/\/www.ecinews.fr\/fr\/#\/schema\/person\/568c789a4794bd460460501ba91f5daf"},"headline":"Double processeur d&rsquo;images vid\u00e9o pour \u00e9crans automobiles","datePublished":"2016-04-26T06:10:00+00:00","dateModified":"2016-04-26T06:10:00+00:00","mainEntityOfPage":{"@id":"https:\/\/www.eenewseurope.com\/fr\/double-processeur-dimages-video-pour-ecrans-automobiles\/"},"wordCount":265,"publisher":{"@id":"https:\/\/www.ecinews.fr\/fr\/#organization"},"keywords":["Automotive","MPUs\/MCUs"],"articleSection":["Nouveaux produits"],"inLanguage":"fr-FR"},{"@type":"WebPage","@id":"https:\/\/www.eenewseurope.com\/fr\/double-processeur-dimages-video-pour-ecrans-automobiles\/","url":"https:\/\/www.eenewseurope.com\/fr\/double-processeur-dimages-video-pour-ecrans-automobiles\/","name":"Double processeur d'images vid\u00e9o pour \u00e9crans automobiles -","isPartOf":{"@id":"https:\/\/www.ecinews.fr\/fr\/#website"},"datePublished":"2016-04-26T06:10:00+00:00","dateModified":"2016-04-26T06:10:00+00:00","breadcrumb":{"@id":"https:\/\/www.eenewseurope.com\/fr\/double-processeur-dimages-video-pour-ecrans-automobiles\/#breadcrumb"},"inLanguage":"fr-FR","potentialAction":[{"@type":"ReadAction","target":["https:\/\/www.eenewseurope.com\/fr\/double-processeur-dimages-video-pour-ecrans-automobiles\/"]}]},{"@type":"BreadcrumbList","@id":"https:\/\/www.eenewseurope.com\/fr\/double-processeur-dimages-video-pour-ecrans-automobiles\/#breadcrumb","itemListElement":[{"@type":"ListItem","position":1,"name":"Home","item":"https:\/\/www.ecinews.fr\/fr\/"},{"@type":"ListItem","position":2,"name":"Double processeur d&rsquo;images vid\u00e9o pour \u00e9crans automobiles"}]},{"@type":"WebSite","@id":"https:\/\/www.ecinews.fr\/fr\/#website","url":"https:\/\/www.ecinews.fr\/fr\/","name":"EENewsEurope","description":"Just another WordPress site","publisher":{"@id":"https:\/\/www.ecinews.fr\/fr\/#organization"},"potentialAction":[{"@type":"SearchAction","target":{"@type":"EntryPoint","urlTemplate":"https:\/\/www.ecinews.fr\/fr\/?s={search_term_string}"},"query-input":"required name=search_term_string"}],"inLanguage":"fr-FR"},{"@type":"Organization","@id":"https:\/\/www.ecinews.fr\/fr\/#organization","name":"EENewsEurope","url":"https:\/\/www.ecinews.fr\/fr\/","logo":{"@type":"ImageObject","inLanguage":"fr-FR","@id":"https:\/\/www.ecinews.fr\/fr\/#\/schema\/logo\/image\/","url":"https:\/\/www.ecinews.fr\/wp-content\/uploads\/2022\/02\/logo-1.jpg","contentUrl":"https:\/\/www.ecinews.fr\/wp-content\/uploads\/2022\/02\/logo-1.jpg","width":283,"height":113,"caption":"EENewsEurope"},"image":{"@id":"https:\/\/www.ecinews.fr\/fr\/#\/schema\/logo\/image\/"}},{"@type":"Person","@id":"https:\/\/www.ecinews.fr\/fr\/#\/schema\/person\/568c789a4794bd460460501ba91f5daf","name":"Alain Dieul","image":{"@type":"ImageObject","inLanguage":"fr-FR","@id":"https:\/\/www.ecinews.fr\/fr\/#\/schema\/person\/image\/6d32dc651fbcef3b338066625b118364","url":"https:\/\/secure.gravatar.com\/avatar\/93708ec89b35deb10f4cfbfe144b4e07?s=96&d=mm&r=g","contentUrl":"https:\/\/secure.gravatar.com\/avatar\/93708ec89b35deb10f4cfbfe144b4e07?s=96&d=mm&r=g","caption":"Alain Dieul"}}]}},"authors":[{"term_id":1141,"user_id":9,"is_guest":0,"slug":"alaindieul","display_name":"Alain Dieul","avatar_url":"https:\/\/secure.gravatar.com\/avatar\/93708ec89b35deb10f4cfbfe144b4e07?s=96&d=mm&r=g","0":null,"1":"","2":"","3":"","4":"","5":"","6":"","7":"","8":""}],"_links":{"self":[{"href":"https:\/\/www.ecinews.fr\/fr\/wp-json\/wp\/v2\/posts\/213162"}],"collection":[{"href":"https:\/\/www.ecinews.fr\/fr\/wp-json\/wp\/v2\/posts"}],"about":[{"href":"https:\/\/www.ecinews.fr\/fr\/wp-json\/wp\/v2\/types\/post"}],"author":[{"embeddable":true,"href":"https:\/\/www.ecinews.fr\/fr\/wp-json\/wp\/v2\/users\/9"}],"replies":[{"embeddable":true,"href":"https:\/\/www.ecinews.fr\/fr\/wp-json\/wp\/v2\/comments?post=213162"}],"version-history":[{"count":0,"href":"https:\/\/www.ecinews.fr\/fr\/wp-json\/wp\/v2\/posts\/213162\/revisions"}],"wp:featuredmedia":[{"embeddable":true,"href":"https:\/\/www.ecinews.fr\/fr\/wp-json\/wp\/v2\/media\/213163"}],"wp:attachment":[{"href":"https:\/\/www.ecinews.fr\/fr\/wp-json\/wp\/v2\/media?parent=213162"}],"wp:term":[{"taxonomy":"category","embeddable":true,"href":"https:\/\/www.ecinews.fr\/fr\/wp-json\/wp\/v2\/categories?post=213162"},{"taxonomy":"post_tag","embeddable":true,"href":"https:\/\/www.ecinews.fr\/fr\/wp-json\/wp\/v2\/tags?post=213162"},{"taxonomy":"domains","embeddable":true,"href":"https:\/\/www.ecinews.fr\/fr\/wp-json\/wp\/v2\/domains?post=213162"},{"taxonomy":"author","embeddable":true,"href":"https:\/\/www.ecinews.fr\/fr\/wp-json\/wp\/v2\/ppma_author?post=213162"}],"curies":[{"name":"wp","href":"https:\/\/api.w.org\/{rel}","templated":true}]}}