{"id":212757,"date":"2016-04-28T22:09:59","date_gmt":"2016-04-28T22:09:59","guid":{"rendered":"https:\/\/eenewseurope.artwhere.co\/laffichage-par-ecran-tactile-va-devenir-le-standard-dans-lautomobile\/"},"modified":"2016-04-28T22:09:59","modified_gmt":"2016-04-28T22:09:59","slug":"laffichage-par-ecran-tactile-va-devenir-le-standard-dans-lautomobile","status":"publish","type":"post","link":"https:\/\/www.ecinews.fr\/fr\/laffichage-par-ecran-tactile-va-devenir-le-standard-dans-lautomobile\/","title":{"rendered":"L&rsquo;affichage par \u00e9cran tactile va devenir le standard dans l&rsquo;automobile"},"content":{"rendered":"<p>Entre 2013 et 2021, le march\u00e9 des \u00e9crans tactiles automobiles passera de 28 \u00e0 86 millions d&rsquo;unit\u00e9s vendues. Selon Shoko Oi analyste senior d&rsquo; IHS, les \u00e9crans tactiles deviennent une fonction standard dans les nouveaux v\u00e9hicules en d\u00e9pit des inqui\u00e9tudes de distraction que cette technologie pourrait amener pendant la conduite. Selon les experts de l&rsquo;ergonomie, ces pr\u00e9occupations trouvent leur justification dans la pr\u00e9sence de menus imbriqu\u00e9s des \u00e9crans tactiles sur les interfaces homme-machine.<\/p>\n<p>Dans l&rsquo;automobile, le contenu affich\u00e9 sur les \u00e9crans provient le plus souvent de diff\u00e9rentes sources, venant de l&rsquo;int\u00e9rieur comme de l&rsquo;ext\u00e9rieur du v\u00e9hicule. Ce sont par exemple des applications calqu\u00e9es sur l&rsquo;interface utilisateur des smartphones, des syst\u00e8mes de navigation, ou pour donner des informations sur le fonctionnement de la voiture:&nbsp; compte tours, vitesse, niveau de carburant, consommation instantan\u00e9e, temp\u00e9rature dans l&rsquo;habitacle et plus encore.<\/p>\n<p style=\"text-align:center\"><img decoding=\"async\" alt=\"\" height=\"599\" data-src=\"http:\/\/cdn.electronics-eetimes.com\/electronics-eetimes.com\/sites\/default\/files\/images\/01-picture-library\/ECI\/ecran_tactile_auto_ihs.jpg\" width=\"500\" src=\"data:image\/svg+xml;base64,PHN2ZyB3aWR0aD0iMSIgaGVpZ2h0PSIxIiB4bWxucz0iaHR0cDovL3d3dy53My5vcmcvMjAwMC9zdmciPjwvc3ZnPg==\" class=\"lazyload\" style=\"--smush-placeholder-width: 500px; --smush-placeholder-aspect-ratio: 500\/599;\" \/><\/p>\n<p>Pour la plupart, ce type de contenu fait partie d&rsquo;une interface graphique qui permet \u00e0 l&rsquo;utilisateur de d\u00e9finir des param\u00e8tres de contr\u00f4les de v\u00e9hicules comme la climatisation ou pour s\u00e9lectionner diff\u00e9rents programmes. Ainsi, le r\u00f4le des \u00e9crans va-t-il passer de la simple visualisation des informations pour devenir une r\u00e9elle Interface Homme-Machine. Dans le m\u00eame temps, le volume de donn\u00e9es a afficher via l&rsquo;\u00e9cran va en augmentant, ce qui pousse \u00e0 des afficheurs plus grands.<\/p>\n<p>En mati\u00e8re de technologie, les afficheurs vont aller vers le capacitif et abandonner le r\u00e9sistif, pour des facilit\u00e9s d&rsquo;utilisation, de confort et de s\u00e9curit\u00e9 tout en se rapprochant de l&rsquo;usage des tablettes. Dans l&rsquo;automobile, les \u00e9crans r\u00e9sistifs ont jusqu&rsquo;\u00e0 pr\u00e9sent domin\u00e9 le march\u00e9, mais d\u00e8s 2017, bien que la technologie capacitive soit plus cher, elle va d\u00e9passer le r\u00e9sistif.<\/p>\n<p><a href=\"http:\/\/www.electronique-eci.com\/search\/node\/%C3%A9cran%20tactile\">Autres articles sur les \u00e9crans tactiles<\/a><\/p>\n","protected":false},"excerpt":{"rendered":"<p>Les utilisateurs de Smartphones et de tablettes souhaitent retrouver les m\u00eames facilit\u00e9s d&rsquo;utilisation que celles qu&rsquo;ils ont au quotidien et les constructeurs automobiles sont amen\u00e9s \u00e0 r\u00e9pondre \u00e0 cette demande. En cons\u00e9quence, le march\u00e9 des \u00e9crans tactiles automobiles va fortement augmenter. IHS qui est une soci\u00e9t\u00e9 d&rsquo;\u00e9tude de march\u00e9, fournit des donn\u00e9es pr\u00e9cises sur l&rsquo;\u00e9volution des \u00e9crans tactiles dans l&rsquo;automobile.<\/p>\n","protected":false},"author":11,"featured_media":212758,"comment_status":"closed","ping_status":"closed","sticky":false,"template":"","format":"standard","meta":{"_acf_changed":false,"footnotes":""},"categories":[],"tags":[891],"domains":[47],"ppma_author":[1143],"class_list":["post-212757","post","type-post","status-publish","format-standard","has-post-thumbnail","hentry","tag-automotive-fr","domains-electronique-eci"],"acf":[],"yoast_head":"<title>L&#039;affichage par \u00e9cran tactile va devenir le standard dans l&#039;au...<\/title>\n<meta name=\"description\" content=\"Les utilisateurs de Smartphones et de tablettes souhaitent retrouver les m\u00eames facilit\u00e9s d&#039;utilisation que celles qu&#039;ils ont au quotidien et les...\" \/>\n<meta name=\"robots\" content=\"index, follow, max-snippet:-1, max-image-preview:large, max-video-preview:-1\" \/>\n<link rel=\"canonical\" href=\"https:\/\/www.ecinews.fr\/fr\/wp-json\/wp\/v2\/posts\/212757\/\" \/>\n<meta property=\"og:locale\" content=\"fr_FR\" \/>\n<meta property=\"og:type\" content=\"article\" \/>\n<meta property=\"og:title\" content=\"L&#039;affichage par \u00e9cran tactile va devenir le standard dans l&#039;automobile\" \/>\n<meta property=\"og:description\" content=\"Les utilisateurs de Smartphones et de tablettes souhaitent retrouver les m\u00eames facilit\u00e9s d&#039;utilisation que celles qu&#039;ils ont au quotidien et les constructeurs automobiles sont amen\u00e9s \u00e0 r\u00e9pondre \u00e0 cette demande. En cons\u00e9quence, le march\u00e9 des \u00e9crans tactiles automobiles va fortement augmenter. IHS qui est une soci\u00e9t\u00e9 d&#039;\u00e9tude de march\u00e9, fournit des donn\u00e9es pr\u00e9cises sur l&#039;\u00e9volution des \u00e9crans tactiles dans l&#039;automobile.\" \/>\n<meta property=\"og:url\" content=\"https:\/\/www.ecinews.fr\/fr\/wp-json\/wp\/v2\/posts\/212757\/\" \/>\n<meta property=\"og:site_name\" content=\"EENewsEurope\" \/>\n<meta property=\"article:published_time\" content=\"2016-04-28T22:09:59+00:00\" \/>\n<meta property=\"og:image\" content=\"https:\/\/www.ecinews.fr\/wp-content\/uploads\/import\/default\/files\/sites\/default\/files\/images\/ecran_tactile_automobile.jpg\" \/>\n\t<meta property=\"og:image:width\" content=\"595\" \/>\n\t<meta property=\"og:image:height\" content=\"333\" \/>\n\t<meta property=\"og:image:type\" content=\"image\/jpeg\" \/>\n<meta name=\"author\" content=\"Daniel Cardon\" \/>\n<meta name=\"twitter:card\" content=\"summary_large_image\" \/>\n<meta name=\"twitter:label1\" content=\"Written by\" \/>\n\t<meta name=\"twitter:data1\" content=\"Daniel Cardon\" \/>\n\t<meta name=\"twitter:label2\" content=\"Est. reading time\" \/>\n\t<meta name=\"twitter:data2\" content=\"2 minutes\" \/>\n<script type=\"application\/ld+json\" class=\"yoast-schema-graph\">{\"@context\":\"https:\/\/schema.org\",\"@graph\":[{\"@type\":\"Article\",\"@id\":\"https:\/\/www.ecinews.fr\/fr\/laffichage-par-ecran-tactile-va-devenir-le-standard-dans-lautomobile\/#article\",\"isPartOf\":{\"@id\":\"https:\/\/www.ecinews.fr\/fr\/laffichage-par-ecran-tactile-va-devenir-le-standard-dans-lautomobile\/\"},\"author\":{\"name\":\"Daniel Cardon\",\"@id\":\"https:\/\/www.eenewseurope.com\/en\/#\/schema\/person\/93c44cde463762f40a8236eaa44c1c17\"},\"headline\":\"L&rsquo;affichage par \u00e9cran tactile va devenir le standard dans l&rsquo;automobile\",\"datePublished\":\"2016-04-28T22:09:59+00:00\",\"dateModified\":\"2016-04-28T22:09:59+00:00\",\"mainEntityOfPage\":{\"@id\":\"https:\/\/www.ecinews.fr\/fr\/laffichage-par-ecran-tactile-va-devenir-le-standard-dans-lautomobile\/\"},\"wordCount\":328,\"publisher\":{\"@id\":\"https:\/\/www.eenewseurope.com\/en\/#organization\"},\"keywords\":[\"Automotive\"],\"inLanguage\":\"fr-FR\"},{\"@type\":\"WebPage\",\"@id\":\"https:\/\/www.ecinews.fr\/fr\/laffichage-par-ecran-tactile-va-devenir-le-standard-dans-lautomobile\/\",\"url\":\"https:\/\/www.ecinews.fr\/fr\/laffichage-par-ecran-tactile-va-devenir-le-standard-dans-lautomobile\/\",\"name\":\"L'affichage par \u00e9cran tactile va devenir le standard dans l'automobile -\",\"isPartOf\":{\"@id\":\"https:\/\/www.eenewseurope.com\/en\/#website\"},\"datePublished\":\"2016-04-28T22:09:59+00:00\",\"dateModified\":\"2016-04-28T22:09:59+00:00\",\"breadcrumb\":{\"@id\":\"https:\/\/www.ecinews.fr\/fr\/laffichage-par-ecran-tactile-va-devenir-le-standard-dans-lautomobile\/#breadcrumb\"},\"inLanguage\":\"fr-FR\",\"potentialAction\":[{\"@type\":\"ReadAction\",\"target\":[\"https:\/\/www.ecinews.fr\/fr\/laffichage-par-ecran-tactile-va-devenir-le-standard-dans-lautomobile\/\"]}]},{\"@type\":\"BreadcrumbList\",\"@id\":\"https:\/\/www.ecinews.fr\/fr\/laffichage-par-ecran-tactile-va-devenir-le-standard-dans-lautomobile\/#breadcrumb\",\"itemListElement\":[{\"@type\":\"ListItem\",\"position\":1,\"name\":\"Home\",\"item\":\"https:\/\/www.ecinews.fr\/fr\/\"},{\"@type\":\"ListItem\",\"position\":2,\"name\":\"L&rsquo;affichage par \u00e9cran tactile va devenir le standard dans l&rsquo;automobile\"}]},{\"@type\":\"WebSite\",\"@id\":\"https:\/\/www.eenewseurope.com\/en\/#website\",\"url\":\"https:\/\/www.eenewseurope.com\/en\/\",\"name\":\"EENewsEurope\",\"description\":\"Just another WordPress site\",\"publisher\":{\"@id\":\"https:\/\/www.eenewseurope.com\/en\/#organization\"},\"potentialAction\":[{\"@type\":\"SearchAction\",\"target\":{\"@type\":\"EntryPoint\",\"urlTemplate\":\"https:\/\/www.eenewseurope.com\/en\/?s={search_term_string}\"},\"query-input\":\"required name=search_term_string\"}],\"inLanguage\":\"fr-FR\"},{\"@type\":\"Organization\",\"@id\":\"https:\/\/www.eenewseurope.com\/en\/#organization\",\"name\":\"EENewsEurope\",\"url\":\"https:\/\/www.eenewseurope.com\/en\/\",\"logo\":{\"@type\":\"ImageObject\",\"inLanguage\":\"fr-FR\",\"@id\":\"https:\/\/www.eenewseurope.com\/en\/#\/schema\/logo\/image\/\",\"url\":\"https:\/\/www.ecinews.fr\/wp-content\/uploads\/2022\/02\/logo-1.jpg\",\"contentUrl\":\"https:\/\/www.ecinews.fr\/wp-content\/uploads\/2022\/02\/logo-1.jpg\",\"width\":283,\"height\":113,\"caption\":\"EENewsEurope\"},\"image\":{\"@id\":\"https:\/\/www.eenewseurope.com\/en\/#\/schema\/logo\/image\/\"}},{\"@type\":\"Person\",\"@id\":\"https:\/\/www.eenewseurope.com\/en\/#\/schema\/person\/93c44cde463762f40a8236eaa44c1c17\",\"name\":\"Daniel Cardon\",\"image\":{\"@type\":\"ImageObject\",\"inLanguage\":\"fr-FR\",\"@id\":\"https:\/\/www.eenewseurope.com\/en\/#\/schema\/person\/image\/2b243f6bcc1cff7d86aadfb2cd0bd870\",\"url\":\"https:\/\/secure.gravatar.com\/avatar\/de9edc136dfc061ad4778e04635baefa?s=96&d=mm&r=g\",\"contentUrl\":\"https:\/\/secure.gravatar.com\/avatar\/de9edc136dfc061ad4778e04635baefa?s=96&d=mm&r=g\",\"caption\":\"Daniel Cardon\"}}]}<\/script>","yoast_head_json":{"title":"L'affichage par \u00e9cran tactile va devenir le standard dans l'au...","description":"Les utilisateurs de Smartphones et de tablettes souhaitent retrouver les m\u00eames facilit\u00e9s d'utilisation que celles qu'ils ont au quotidien et les...","robots":{"index":"index","follow":"follow","max-snippet":"max-snippet:-1","max-image-preview":"max-image-preview:large","max-video-preview":"max-video-preview:-1"},"canonical":"https:\/\/www.ecinews.fr\/fr\/wp-json\/wp\/v2\/posts\/212757\/","og_locale":"fr_FR","og_type":"article","og_title":"L'affichage par \u00e9cran tactile va devenir le standard dans l'automobile","og_description":"Les utilisateurs de Smartphones et de tablettes souhaitent retrouver les m\u00eames facilit\u00e9s d'utilisation que celles qu'ils ont au quotidien et les constructeurs automobiles sont amen\u00e9s \u00e0 r\u00e9pondre \u00e0 cette demande. En cons\u00e9quence, le march\u00e9 des \u00e9crans tactiles automobiles va fortement augmenter. IHS qui est une soci\u00e9t\u00e9 d'\u00e9tude de march\u00e9, fournit des donn\u00e9es pr\u00e9cises sur l'\u00e9volution des \u00e9crans tactiles dans l'automobile.","og_url":"https:\/\/www.ecinews.fr\/fr\/wp-json\/wp\/v2\/posts\/212757\/","og_site_name":"EENewsEurope","article_published_time":"2016-04-28T22:09:59+00:00","og_image":[{"width":595,"height":333,"url":"https:\/\/www.ecinews.fr\/wp-content\/uploads\/import\/default\/files\/sites\/default\/files\/images\/ecran_tactile_automobile.jpg","type":"image\/jpeg"}],"author":"Daniel Cardon","twitter_card":"summary_large_image","twitter_misc":{"Written by":"Daniel Cardon","Est. reading time":"2 minutes"},"schema":{"@context":"https:\/\/schema.org","@graph":[{"@type":"Article","@id":"https:\/\/www.ecinews.fr\/fr\/laffichage-par-ecran-tactile-va-devenir-le-standard-dans-lautomobile\/#article","isPartOf":{"@id":"https:\/\/www.ecinews.fr\/fr\/laffichage-par-ecran-tactile-va-devenir-le-standard-dans-lautomobile\/"},"author":{"name":"Daniel Cardon","@id":"https:\/\/www.eenewseurope.com\/en\/#\/schema\/person\/93c44cde463762f40a8236eaa44c1c17"},"headline":"L&rsquo;affichage par \u00e9cran tactile va devenir le standard dans l&rsquo;automobile","datePublished":"2016-04-28T22:09:59+00:00","dateModified":"2016-04-28T22:09:59+00:00","mainEntityOfPage":{"@id":"https:\/\/www.ecinews.fr\/fr\/laffichage-par-ecran-tactile-va-devenir-le-standard-dans-lautomobile\/"},"wordCount":328,"publisher":{"@id":"https:\/\/www.eenewseurope.com\/en\/#organization"},"keywords":["Automotive"],"inLanguage":"fr-FR"},{"@type":"WebPage","@id":"https:\/\/www.ecinews.fr\/fr\/laffichage-par-ecran-tactile-va-devenir-le-standard-dans-lautomobile\/","url":"https:\/\/www.ecinews.fr\/fr\/laffichage-par-ecran-tactile-va-devenir-le-standard-dans-lautomobile\/","name":"L'affichage par \u00e9cran tactile va devenir le standard dans l'automobile -","isPartOf":{"@id":"https:\/\/www.eenewseurope.com\/en\/#website"},"datePublished":"2016-04-28T22:09:59+00:00","dateModified":"2016-04-28T22:09:59+00:00","breadcrumb":{"@id":"https:\/\/www.ecinews.fr\/fr\/laffichage-par-ecran-tactile-va-devenir-le-standard-dans-lautomobile\/#breadcrumb"},"inLanguage":"fr-FR","potentialAction":[{"@type":"ReadAction","target":["https:\/\/www.ecinews.fr\/fr\/laffichage-par-ecran-tactile-va-devenir-le-standard-dans-lautomobile\/"]}]},{"@type":"BreadcrumbList","@id":"https:\/\/www.ecinews.fr\/fr\/laffichage-par-ecran-tactile-va-devenir-le-standard-dans-lautomobile\/#breadcrumb","itemListElement":[{"@type":"ListItem","position":1,"name":"Home","item":"https:\/\/www.ecinews.fr\/fr\/"},{"@type":"ListItem","position":2,"name":"L&rsquo;affichage par \u00e9cran tactile va devenir le standard dans l&rsquo;automobile"}]},{"@type":"WebSite","@id":"https:\/\/www.eenewseurope.com\/en\/#website","url":"https:\/\/www.eenewseurope.com\/en\/","name":"EENewsEurope","description":"Just another WordPress site","publisher":{"@id":"https:\/\/www.eenewseurope.com\/en\/#organization"},"potentialAction":[{"@type":"SearchAction","target":{"@type":"EntryPoint","urlTemplate":"https:\/\/www.eenewseurope.com\/en\/?s={search_term_string}"},"query-input":"required name=search_term_string"}],"inLanguage":"fr-FR"},{"@type":"Organization","@id":"https:\/\/www.eenewseurope.com\/en\/#organization","name":"EENewsEurope","url":"https:\/\/www.eenewseurope.com\/en\/","logo":{"@type":"ImageObject","inLanguage":"fr-FR","@id":"https:\/\/www.eenewseurope.com\/en\/#\/schema\/logo\/image\/","url":"https:\/\/www.ecinews.fr\/wp-content\/uploads\/2022\/02\/logo-1.jpg","contentUrl":"https:\/\/www.ecinews.fr\/wp-content\/uploads\/2022\/02\/logo-1.jpg","width":283,"height":113,"caption":"EENewsEurope"},"image":{"@id":"https:\/\/www.eenewseurope.com\/en\/#\/schema\/logo\/image\/"}},{"@type":"Person","@id":"https:\/\/www.eenewseurope.com\/en\/#\/schema\/person\/93c44cde463762f40a8236eaa44c1c17","name":"Daniel Cardon","image":{"@type":"ImageObject","inLanguage":"fr-FR","@id":"https:\/\/www.eenewseurope.com\/en\/#\/schema\/person\/image\/2b243f6bcc1cff7d86aadfb2cd0bd870","url":"https:\/\/secure.gravatar.com\/avatar\/de9edc136dfc061ad4778e04635baefa?s=96&d=mm&r=g","contentUrl":"https:\/\/secure.gravatar.com\/avatar\/de9edc136dfc061ad4778e04635baefa?s=96&d=mm&r=g","caption":"Daniel Cardon"}}]}},"authors":[{"term_id":1143,"user_id":11,"is_guest":0,"slug":"danielcardon","display_name":"Daniel Cardon","avatar_url":"https:\/\/secure.gravatar.com\/avatar\/de9edc136dfc061ad4778e04635baefa?s=96&d=mm&r=g","0":null,"1":"","2":"","3":"","4":"","5":"","6":"","7":"","8":""}],"_links":{"self":[{"href":"https:\/\/www.ecinews.fr\/fr\/wp-json\/wp\/v2\/posts\/212757"}],"collection":[{"href":"https:\/\/www.ecinews.fr\/fr\/wp-json\/wp\/v2\/posts"}],"about":[{"href":"https:\/\/www.ecinews.fr\/fr\/wp-json\/wp\/v2\/types\/post"}],"author":[{"embeddable":true,"href":"https:\/\/www.ecinews.fr\/fr\/wp-json\/wp\/v2\/users\/11"}],"replies":[{"embeddable":true,"href":"https:\/\/www.ecinews.fr\/fr\/wp-json\/wp\/v2\/comments?post=212757"}],"version-history":[{"count":0,"href":"https:\/\/www.ecinews.fr\/fr\/wp-json\/wp\/v2\/posts\/212757\/revisions"}],"wp:featuredmedia":[{"embeddable":true,"href":"https:\/\/www.ecinews.fr\/fr\/wp-json\/wp\/v2\/media\/212758"}],"wp:attachment":[{"href":"https:\/\/www.ecinews.fr\/fr\/wp-json\/wp\/v2\/media?parent=212757"}],"wp:term":[{"taxonomy":"category","embeddable":true,"href":"https:\/\/www.ecinews.fr\/fr\/wp-json\/wp\/v2\/categories?post=212757"},{"taxonomy":"post_tag","embeddable":true,"href":"https:\/\/www.ecinews.fr\/fr\/wp-json\/wp\/v2\/tags?post=212757"},{"taxonomy":"domains","embeddable":true,"href":"https:\/\/www.ecinews.fr\/fr\/wp-json\/wp\/v2\/domains?post=212757"},{"taxonomy":"author","embeddable":true,"href":"https:\/\/www.ecinews.fr\/fr\/wp-json\/wp\/v2\/ppma_author?post=212757"}],"curies":[{"name":"wp","href":"https:\/\/api.w.org\/{rel}","templated":true}]}}