{"id":211741,"date":"2016-05-11T22:01:00","date_gmt":"2016-05-11T22:01:00","guid":{"rendered":"https:\/\/eenewseurope.artwhere.co\/mlcc-a-valeur-q-elevee-pour-les-applications-v2x-de-lautomobile\/"},"modified":"2016-05-11T22:01:00","modified_gmt":"2016-05-11T22:01:00","slug":"mlcc-a-valeur-q-elevee-pour-les-applications-v2x-de-lautomobile","status":"publish","type":"post","link":"https:\/\/www.ecinews.fr\/fr\/mlcc-a-valeur-q-elevee-pour-les-applications-v2x-de-lautomobile\/","title":{"rendered":"MLCC \u00e0 valeur Q \u00e9lev\u00e9e pour les applications V2X de l&rsquo;automobile"},"content":{"rendered":"<p>Conforme \u00e0 la norme de communication DSRC IEEE 802.11p V2X, cette s\u00e9rie peut \u00eatre utilis\u00e9e pour le filtrage CC et l&rsquo;adaptation des radiofr\u00e9quences, ainsi que dans les applications v\u00e9hicule\/infrastructure (V2I) et inter-v\u00e9hiculaires (V2V), essentiellement en Europe et en Am\u00e9rique du nord en utilisant la bande 5,9 GHz. En particulier, la fr\u00e9quence de r\u00e9sonance propre du dispositif de 2,2 pF convient au filtrage CC selon la norme DSRC IEEE 821.11p.<\/p>\n<p>Encapsul\u00e9s dans un bo\u00eetier 0402 (1,0 x 0,5 mm), ces condensateurs offrent une plage de temp\u00e9rature de fonctionnement de -55 \u00b0C \u00e0 +125 \u00b0C. Leur valeur Q \u00e9lev\u00e9e est obtenue par l&#8217;emploi d&rsquo;\u00e9lectrodes internes en cuivre.<\/p>\n<p><a href=\"http:\/\/www.murata.com\">www.murata.com<\/a><\/p>\n","protected":false},"excerpt":{"rendered":"<p>Propos\u00e9e avec des capacit\u00e9s de 0,1 \u00e0 47 pF, une caract\u00e9ristique de temp\u00e9rature de C0G et une tension nominale de 50 VCC, la s\u00e9rie GCQ de condensateurs c\u00e9ramiques monolithiques (MLCC) \u00e0 valeur Q \u00e9lev\u00e9e de Murata r\u00e9pond \u00e0 la norme AEC-Q200 pour les pi\u00e8ces automobiles et peut donc \u00eatre utilis\u00e9e dans les applications V2X, ADAS et autres pour l&rsquo;automobile.<\/p>\n","protected":false},"author":9,"featured_media":211742,"comment_status":"closed","ping_status":"closed","sticky":false,"template":"","format":"standard","meta":{"_acf_changed":false,"footnotes":""},"categories":[881],"tags":[891],"domains":[47],"ppma_author":[1141],"class_list":["post-211741","post","type-post","status-publish","format-standard","has-post-thumbnail","hentry","category-nouveaux-produits","tag-automotive-fr","domains-electronique-eci"],"acf":[],"yoast_head":"<title>MLCC \u00e0 valeur Q \u00e9lev\u00e9e pour les applications V2X de l&#039;automo...<\/title>\n<meta name=\"description\" content=\"Propos\u00e9e avec des capacit\u00e9s de 0,1 \u00e0 47 pF, une caract\u00e9ristique de temp\u00e9rature de C0G et une tension nominale de 50 VCC, la s\u00e9rie GCQ de condensateurs...\" \/>\n<meta name=\"robots\" content=\"index, follow, max-snippet:-1, max-image-preview:large, max-video-preview:-1\" \/>\n<link rel=\"canonical\" href=\"https:\/\/www.ecinews.fr\/fr\/wp-json\/wp\/v2\/posts\/211741\/\" \/>\n<meta property=\"og:locale\" content=\"fr_FR\" \/>\n<meta property=\"og:type\" content=\"article\" \/>\n<meta property=\"og:title\" content=\"MLCC \u00e0 valeur Q \u00e9lev\u00e9e pour les applications V2X de l&#039;automobile\" \/>\n<meta property=\"og:description\" content=\"Propos\u00e9e avec des capacit\u00e9s de 0,1 \u00e0 47 pF, une caract\u00e9ristique de temp\u00e9rature de C0G et une tension nominale de 50 VCC, la s\u00e9rie GCQ de condensateurs c\u00e9ramiques monolithiques (MLCC) \u00e0 valeur Q \u00e9lev\u00e9e de Murata r\u00e9pond \u00e0 la norme AEC-Q200 pour les pi\u00e8ces automobiles et peut donc \u00eatre utilis\u00e9e dans les applications V2X, ADAS et autres pour l&#039;automobile.\" \/>\n<meta property=\"og:url\" content=\"https:\/\/www.ecinews.fr\/fr\/wp-json\/wp\/v2\/posts\/211741\/\" \/>\n<meta property=\"og:site_name\" content=\"EENewsEurope\" \/>\n<meta property=\"article:published_time\" content=\"2016-05-11T22:01:00+00:00\" \/>\n<meta property=\"og:image\" content=\"https:\/\/www.ecinews.fr\/wp-content\/uploads\/import\/default\/files\/sites\/default\/files\/images\/eci7848_murata_mur381-gcq_r.jpg\" \/>\n\t<meta property=\"og:image:width\" content=\"1130\" \/>\n\t<meta property=\"og:image:height\" content=\"768\" \/>\n\t<meta property=\"og:image:type\" content=\"image\/jpeg\" \/>\n<meta name=\"author\" content=\"Alain Dieul\" \/>\n<meta name=\"twitter:card\" content=\"summary_large_image\" \/>\n<meta name=\"twitter:label1\" content=\"Written by\" \/>\n\t<meta name=\"twitter:data1\" content=\"Alain Dieul\" \/>\n\t<meta name=\"twitter:label2\" content=\"Est. reading time\" \/>\n\t<meta name=\"twitter:data2\" content=\"1 minute\" \/>\n<script type=\"application\/ld+json\" class=\"yoast-schema-graph\">{\"@context\":\"https:\/\/schema.org\",\"@graph\":[{\"@type\":\"Article\",\"@id\":\"https:\/\/www.ecinews.fr\/fr\/mlcc-a-valeur-q-elevee-pour-les-applications-v2x-de-lautomobile\/#article\",\"isPartOf\":{\"@id\":\"https:\/\/www.ecinews.fr\/fr\/mlcc-a-valeur-q-elevee-pour-les-applications-v2x-de-lautomobile\/\"},\"author\":{\"name\":\"Alain Dieul\",\"@id\":\"https:\/\/www.ecinews.fr\/fr\/#\/schema\/person\/568c789a4794bd460460501ba91f5daf\"},\"headline\":\"MLCC \u00e0 valeur Q \u00e9lev\u00e9e pour les applications V2X de l&rsquo;automobile\",\"datePublished\":\"2016-05-11T22:01:00+00:00\",\"dateModified\":\"2016-05-11T22:01:00+00:00\",\"mainEntityOfPage\":{\"@id\":\"https:\/\/www.ecinews.fr\/fr\/mlcc-a-valeur-q-elevee-pour-les-applications-v2x-de-lautomobile\/\"},\"wordCount\":132,\"publisher\":{\"@id\":\"https:\/\/www.ecinews.fr\/fr\/#organization\"},\"keywords\":[\"Automotive\"],\"articleSection\":[\"Nouveaux produits\"],\"inLanguage\":\"fr-FR\"},{\"@type\":\"WebPage\",\"@id\":\"https:\/\/www.ecinews.fr\/fr\/mlcc-a-valeur-q-elevee-pour-les-applications-v2x-de-lautomobile\/\",\"url\":\"https:\/\/www.ecinews.fr\/fr\/mlcc-a-valeur-q-elevee-pour-les-applications-v2x-de-lautomobile\/\",\"name\":\"MLCC \u00e0 valeur Q \u00e9lev\u00e9e pour les applications V2X de l'automobile -\",\"isPartOf\":{\"@id\":\"https:\/\/www.ecinews.fr\/fr\/#website\"},\"datePublished\":\"2016-05-11T22:01:00+00:00\",\"dateModified\":\"2016-05-11T22:01:00+00:00\",\"breadcrumb\":{\"@id\":\"https:\/\/www.ecinews.fr\/fr\/mlcc-a-valeur-q-elevee-pour-les-applications-v2x-de-lautomobile\/#breadcrumb\"},\"inLanguage\":\"fr-FR\",\"potentialAction\":[{\"@type\":\"ReadAction\",\"target\":[\"https:\/\/www.ecinews.fr\/fr\/mlcc-a-valeur-q-elevee-pour-les-applications-v2x-de-lautomobile\/\"]}]},{\"@type\":\"BreadcrumbList\",\"@id\":\"https:\/\/www.ecinews.fr\/fr\/mlcc-a-valeur-q-elevee-pour-les-applications-v2x-de-lautomobile\/#breadcrumb\",\"itemListElement\":[{\"@type\":\"ListItem\",\"position\":1,\"name\":\"Home\",\"item\":\"https:\/\/www.ecinews.fr\/fr\/\"},{\"@type\":\"ListItem\",\"position\":2,\"name\":\"MLCC \u00e0 valeur Q \u00e9lev\u00e9e pour les applications V2X de l&rsquo;automobile\"}]},{\"@type\":\"WebSite\",\"@id\":\"https:\/\/www.ecinews.fr\/fr\/#website\",\"url\":\"https:\/\/www.ecinews.fr\/fr\/\",\"name\":\"EENewsEurope\",\"description\":\"Just another WordPress site\",\"publisher\":{\"@id\":\"https:\/\/www.ecinews.fr\/fr\/#organization\"},\"potentialAction\":[{\"@type\":\"SearchAction\",\"target\":{\"@type\":\"EntryPoint\",\"urlTemplate\":\"https:\/\/www.ecinews.fr\/fr\/?s={search_term_string}\"},\"query-input\":\"required name=search_term_string\"}],\"inLanguage\":\"fr-FR\"},{\"@type\":\"Organization\",\"@id\":\"https:\/\/www.ecinews.fr\/fr\/#organization\",\"name\":\"EENewsEurope\",\"url\":\"https:\/\/www.ecinews.fr\/fr\/\",\"logo\":{\"@type\":\"ImageObject\",\"inLanguage\":\"fr-FR\",\"@id\":\"https:\/\/www.ecinews.fr\/fr\/#\/schema\/logo\/image\/\",\"url\":\"https:\/\/www.ecinews.fr\/wp-content\/uploads\/2022\/02\/logo-1.jpg\",\"contentUrl\":\"https:\/\/www.ecinews.fr\/wp-content\/uploads\/2022\/02\/logo-1.jpg\",\"width\":283,\"height\":113,\"caption\":\"EENewsEurope\"},\"image\":{\"@id\":\"https:\/\/www.ecinews.fr\/fr\/#\/schema\/logo\/image\/\"}},{\"@type\":\"Person\",\"@id\":\"https:\/\/www.ecinews.fr\/fr\/#\/schema\/person\/568c789a4794bd460460501ba91f5daf\",\"name\":\"Alain Dieul\",\"image\":{\"@type\":\"ImageObject\",\"inLanguage\":\"fr-FR\",\"@id\":\"https:\/\/www.ecinews.fr\/fr\/#\/schema\/person\/image\/6d32dc651fbcef3b338066625b118364\",\"url\":\"https:\/\/secure.gravatar.com\/avatar\/93708ec89b35deb10f4cfbfe144b4e07?s=96&d=mm&r=g\",\"contentUrl\":\"https:\/\/secure.gravatar.com\/avatar\/93708ec89b35deb10f4cfbfe144b4e07?s=96&d=mm&r=g\",\"caption\":\"Alain Dieul\"}}]}<\/script>","yoast_head_json":{"title":"MLCC \u00e0 valeur Q \u00e9lev\u00e9e pour les applications V2X de l'automo...","description":"Propos\u00e9e avec des capacit\u00e9s de 0,1 \u00e0 47 pF, une caract\u00e9ristique de temp\u00e9rature de C0G et une tension nominale de 50 VCC, la s\u00e9rie GCQ de condensateurs...","robots":{"index":"index","follow":"follow","max-snippet":"max-snippet:-1","max-image-preview":"max-image-preview:large","max-video-preview":"max-video-preview:-1"},"canonical":"https:\/\/www.ecinews.fr\/fr\/wp-json\/wp\/v2\/posts\/211741\/","og_locale":"fr_FR","og_type":"article","og_title":"MLCC \u00e0 valeur Q \u00e9lev\u00e9e pour les applications V2X de l'automobile","og_description":"Propos\u00e9e avec des capacit\u00e9s de 0,1 \u00e0 47 pF, une caract\u00e9ristique de temp\u00e9rature de C0G et une tension nominale de 50 VCC, la s\u00e9rie GCQ de condensateurs c\u00e9ramiques monolithiques (MLCC) \u00e0 valeur Q \u00e9lev\u00e9e de Murata r\u00e9pond \u00e0 la norme AEC-Q200 pour les pi\u00e8ces automobiles et peut donc \u00eatre utilis\u00e9e dans les applications V2X, ADAS et autres pour l'automobile.","og_url":"https:\/\/www.ecinews.fr\/fr\/wp-json\/wp\/v2\/posts\/211741\/","og_site_name":"EENewsEurope","article_published_time":"2016-05-11T22:01:00+00:00","og_image":[{"width":1130,"height":768,"url":"https:\/\/www.ecinews.fr\/wp-content\/uploads\/import\/default\/files\/sites\/default\/files\/images\/eci7848_murata_mur381-gcq_r.jpg","type":"image\/jpeg"}],"author":"Alain Dieul","twitter_card":"summary_large_image","twitter_misc":{"Written by":"Alain Dieul","Est. reading time":"1 minute"},"schema":{"@context":"https:\/\/schema.org","@graph":[{"@type":"Article","@id":"https:\/\/www.ecinews.fr\/fr\/mlcc-a-valeur-q-elevee-pour-les-applications-v2x-de-lautomobile\/#article","isPartOf":{"@id":"https:\/\/www.ecinews.fr\/fr\/mlcc-a-valeur-q-elevee-pour-les-applications-v2x-de-lautomobile\/"},"author":{"name":"Alain Dieul","@id":"https:\/\/www.ecinews.fr\/fr\/#\/schema\/person\/568c789a4794bd460460501ba91f5daf"},"headline":"MLCC \u00e0 valeur Q \u00e9lev\u00e9e pour les applications V2X de l&rsquo;automobile","datePublished":"2016-05-11T22:01:00+00:00","dateModified":"2016-05-11T22:01:00+00:00","mainEntityOfPage":{"@id":"https:\/\/www.ecinews.fr\/fr\/mlcc-a-valeur-q-elevee-pour-les-applications-v2x-de-lautomobile\/"},"wordCount":132,"publisher":{"@id":"https:\/\/www.ecinews.fr\/fr\/#organization"},"keywords":["Automotive"],"articleSection":["Nouveaux produits"],"inLanguage":"fr-FR"},{"@type":"WebPage","@id":"https:\/\/www.ecinews.fr\/fr\/mlcc-a-valeur-q-elevee-pour-les-applications-v2x-de-lautomobile\/","url":"https:\/\/www.ecinews.fr\/fr\/mlcc-a-valeur-q-elevee-pour-les-applications-v2x-de-lautomobile\/","name":"MLCC \u00e0 valeur Q \u00e9lev\u00e9e pour les applications V2X de l'automobile -","isPartOf":{"@id":"https:\/\/www.ecinews.fr\/fr\/#website"},"datePublished":"2016-05-11T22:01:00+00:00","dateModified":"2016-05-11T22:01:00+00:00","breadcrumb":{"@id":"https:\/\/www.ecinews.fr\/fr\/mlcc-a-valeur-q-elevee-pour-les-applications-v2x-de-lautomobile\/#breadcrumb"},"inLanguage":"fr-FR","potentialAction":[{"@type":"ReadAction","target":["https:\/\/www.ecinews.fr\/fr\/mlcc-a-valeur-q-elevee-pour-les-applications-v2x-de-lautomobile\/"]}]},{"@type":"BreadcrumbList","@id":"https:\/\/www.ecinews.fr\/fr\/mlcc-a-valeur-q-elevee-pour-les-applications-v2x-de-lautomobile\/#breadcrumb","itemListElement":[{"@type":"ListItem","position":1,"name":"Home","item":"https:\/\/www.ecinews.fr\/fr\/"},{"@type":"ListItem","position":2,"name":"MLCC \u00e0 valeur Q \u00e9lev\u00e9e pour les applications V2X de l&rsquo;automobile"}]},{"@type":"WebSite","@id":"https:\/\/www.ecinews.fr\/fr\/#website","url":"https:\/\/www.ecinews.fr\/fr\/","name":"EENewsEurope","description":"Just another WordPress site","publisher":{"@id":"https:\/\/www.ecinews.fr\/fr\/#organization"},"potentialAction":[{"@type":"SearchAction","target":{"@type":"EntryPoint","urlTemplate":"https:\/\/www.ecinews.fr\/fr\/?s={search_term_string}"},"query-input":"required name=search_term_string"}],"inLanguage":"fr-FR"},{"@type":"Organization","@id":"https:\/\/www.ecinews.fr\/fr\/#organization","name":"EENewsEurope","url":"https:\/\/www.ecinews.fr\/fr\/","logo":{"@type":"ImageObject","inLanguage":"fr-FR","@id":"https:\/\/www.ecinews.fr\/fr\/#\/schema\/logo\/image\/","url":"https:\/\/www.ecinews.fr\/wp-content\/uploads\/2022\/02\/logo-1.jpg","contentUrl":"https:\/\/www.ecinews.fr\/wp-content\/uploads\/2022\/02\/logo-1.jpg","width":283,"height":113,"caption":"EENewsEurope"},"image":{"@id":"https:\/\/www.ecinews.fr\/fr\/#\/schema\/logo\/image\/"}},{"@type":"Person","@id":"https:\/\/www.ecinews.fr\/fr\/#\/schema\/person\/568c789a4794bd460460501ba91f5daf","name":"Alain Dieul","image":{"@type":"ImageObject","inLanguage":"fr-FR","@id":"https:\/\/www.ecinews.fr\/fr\/#\/schema\/person\/image\/6d32dc651fbcef3b338066625b118364","url":"https:\/\/secure.gravatar.com\/avatar\/93708ec89b35deb10f4cfbfe144b4e07?s=96&d=mm&r=g","contentUrl":"https:\/\/secure.gravatar.com\/avatar\/93708ec89b35deb10f4cfbfe144b4e07?s=96&d=mm&r=g","caption":"Alain Dieul"}}]}},"authors":[{"term_id":1141,"user_id":9,"is_guest":0,"slug":"alaindieul","display_name":"Alain Dieul","avatar_url":"https:\/\/secure.gravatar.com\/avatar\/93708ec89b35deb10f4cfbfe144b4e07?s=96&d=mm&r=g","0":null,"1":"","2":"","3":"","4":"","5":"","6":"","7":"","8":""}],"_links":{"self":[{"href":"https:\/\/www.ecinews.fr\/fr\/wp-json\/wp\/v2\/posts\/211741"}],"collection":[{"href":"https:\/\/www.ecinews.fr\/fr\/wp-json\/wp\/v2\/posts"}],"about":[{"href":"https:\/\/www.ecinews.fr\/fr\/wp-json\/wp\/v2\/types\/post"}],"author":[{"embeddable":true,"href":"https:\/\/www.ecinews.fr\/fr\/wp-json\/wp\/v2\/users\/9"}],"replies":[{"embeddable":true,"href":"https:\/\/www.ecinews.fr\/fr\/wp-json\/wp\/v2\/comments?post=211741"}],"version-history":[{"count":0,"href":"https:\/\/www.ecinews.fr\/fr\/wp-json\/wp\/v2\/posts\/211741\/revisions"}],"wp:featuredmedia":[{"embeddable":true,"href":"https:\/\/www.ecinews.fr\/fr\/wp-json\/wp\/v2\/media\/211742"}],"wp:attachment":[{"href":"https:\/\/www.ecinews.fr\/fr\/wp-json\/wp\/v2\/media?parent=211741"}],"wp:term":[{"taxonomy":"category","embeddable":true,"href":"https:\/\/www.ecinews.fr\/fr\/wp-json\/wp\/v2\/categories?post=211741"},{"taxonomy":"post_tag","embeddable":true,"href":"https:\/\/www.ecinews.fr\/fr\/wp-json\/wp\/v2\/tags?post=211741"},{"taxonomy":"domains","embeddable":true,"href":"https:\/\/www.ecinews.fr\/fr\/wp-json\/wp\/v2\/domains?post=211741"},{"taxonomy":"author","embeddable":true,"href":"https:\/\/www.ecinews.fr\/fr\/wp-json\/wp\/v2\/ppma_author?post=211741"}],"curies":[{"name":"wp","href":"https:\/\/api.w.org\/{rel}","templated":true}]}}