{"id":207063,"date":"2016-06-19T17:18:41","date_gmt":"2016-06-19T17:18:41","guid":{"rendered":"https:\/\/eenewseurope.artwhere.co\/volkswagen-decouvre-lelectrique-et-le-mobilite\/"},"modified":"2016-06-19T17:18:41","modified_gmt":"2016-06-19T17:18:41","slug":"volkswagen-decouvre-lelectrique-et-le-mobilite","status":"publish","type":"post","link":"https:\/\/www.ecinews.fr\/fr\/volkswagen-decouvre-lelectrique-et-le-mobilite\/","title":{"rendered":"Volkswagen d\u00e9couvre l&rsquo;\u00e9lectrique et l&rsquo;e-mobilit\u00e9"},"content":{"rendered":"<p>Pour ce r\u00e9alignement, Volkswagen va investir des milliards d&rsquo;euros. En 2025, le constructeur automobile pr\u00e9voit de d\u00e9velopper et d&rsquo;offrir plus de 30 mod\u00e8les \u00e9quip\u00e9s de groupes motopropulseurs \u00e9lectriques, avec un objectif ambitieux de vente de 3 millions d&rsquo;unit\u00e9s. Lors de son discours M\u00fcller a d\u00e9clar\u00e9 qu&rsquo;il estime que les v\u00e9hicules \u00e9lectriques \u00e9quip\u00e9s de batteries repr\u00e9senteront environ 25% du march\u00e9. De m\u00eame, il pr\u00e9voit que d&rsquo;ici 2025 environ 20 \u00e0 25% des v\u00e9hicules vendus par la soci\u00e9t\u00e9 seront \u00e9lectriques.<\/p>\n<p>Un autre pilier de la strat\u00e9gie de Volkswagen sera la mise en place de nouveaux champs de comp\u00e9tences dans le domaine de la num\u00e9risation. L&rsquo;objectif est de cr\u00e9er les ressources n\u00e9cessaires pour d\u00e9velopper des syst\u00e8mes de conduite autonome comp\u00e9titifs d&rsquo;ici la fin de la d\u00e9cennie. Audi, filiale de Volkswagen a d\u00e9j\u00e0 d\u00e9montr\u00e9 un niveau de comp\u00e9tence que la soci\u00e9t\u00e9 m\u00e8re n&rsquo;a pas. De plus, M\u00fcller lancera une marque sp\u00e9cifique couvrant le domaine de la mobilit\u00e9 avec des solutions allant au-del\u00e0 de ce qu&rsquo;Uber propose \u00e0 ce jour. Les \u00e9tapes suivantes dans ce domaine porteront sur des robots taxis, des services de partage de voiture et de transport \u00e0 la demande. En 2025, cette nouvelle entreprise devrait r\u00e9aliser un Chiffre d&rsquo;Affaires autour d&rsquo;un milliards d&rsquo;euros.<\/p>\n<p>Autres articles :&nbsp;<a href=\"http:\/\/www.electronique-eci.com\/news\/le-saint-graal-de-la-voiture-%C3%A9lectrique-trouv%C3%A9-au-liechtenstein\">Le Saint Graal de la voiture \u00e9lectrique trouv\u00e9 au Liechtenstein?<\/a>&nbsp; &nbsp; &#8211; &nbsp;&nbsp;<a href=\"http:\/\/www.electronique-eci.com\/news\/les-super-condensateurs-dans-un-projet-de-voiture-%C3%A0-hydrog%C3%A8ne\">Les super-condensateurs dans un projet de voiture \u00e0 hydrog\u00e8ne<\/a><\/p>\n","protected":false},"excerpt":{"rendered":"<p>Afin de rem\u00e9dier \u00e0 la crise g\u00e9n\u00e9r\u00e9e par les logiciels truqu\u00e9s sur les \u00e9missions de gaz, Volkswagen veut se r\u00e9inventer. La \u00abStrat\u00e9gie 2025\u00bb, pr\u00e9sent\u00e9e par le PDG Matthias M\u00fcller, met l&rsquo;\u00e9lectrique et la conduite autonome au centre des plans de nouveaux mod\u00e8les de v\u00e9hicules de la soci\u00e9t\u00e9. Des mesures d&rsquo;accompagnement porteront sur le\u00a0d\u00e9veloppement de batteries de traction ainsi que sur de nouvelles approches de la mobilit\u00e9.<\/p>\n","protected":false},"author":11,"featured_media":207064,"comment_status":"closed","ping_status":"closed","sticky":false,"template":"","format":"standard","meta":{"_acf_changed":false,"footnotes":""},"categories":[],"tags":[891],"domains":[47],"ppma_author":[1143],"class_list":["post-207063","post","type-post","status-publish","format-standard","has-post-thumbnail","hentry","tag-automotive-fr","domains-electronique-eci"],"acf":[],"yoast_head":"<title>Volkswagen d\u00e9couvre l&#039;\u00e9lectrique et l&#039;e-mobilit\u00e9 ...<\/title>\n<meta name=\"description\" content=\"Afin de rem\u00e9dier \u00e0 la crise g\u00e9n\u00e9r\u00e9e par les logiciels truqu\u00e9s sur les \u00e9missions de gaz, Volkswagen veut se r\u00e9inventer. La \u00abStrat\u00e9gie 2025\u00bb,...\" \/>\n<meta name=\"robots\" content=\"index, follow, max-snippet:-1, max-image-preview:large, max-video-preview:-1\" \/>\n<link rel=\"canonical\" href=\"https:\/\/www.ecinews.fr\/fr\/wp-json\/wp\/v2\/posts\/207063\/\" \/>\n<meta property=\"og:locale\" content=\"fr_FR\" \/>\n<meta property=\"og:type\" content=\"article\" \/>\n<meta property=\"og:title\" content=\"Volkswagen d\u00e9couvre l&#039;\u00e9lectrique et l&#039;e-mobilit\u00e9\" \/>\n<meta property=\"og:description\" content=\"Afin de rem\u00e9dier \u00e0 la crise g\u00e9n\u00e9r\u00e9e par les logiciels truqu\u00e9s sur les \u00e9missions de gaz, Volkswagen veut se r\u00e9inventer. La \u00abStrat\u00e9gie 2025\u00bb, pr\u00e9sent\u00e9e par le PDG Matthias M\u00fcller, met l&#039;\u00e9lectrique et la conduite autonome au centre des plans de nouveaux mod\u00e8les de v\u00e9hicules de la soci\u00e9t\u00e9. Des mesures d&#039;accompagnement porteront sur le\u00a0d\u00e9veloppement de batteries de traction ainsi que sur de nouvelles approches de la mobilit\u00e9.\" \/>\n<meta property=\"og:url\" content=\"https:\/\/www.ecinews.fr\/fr\/wp-json\/wp\/v2\/posts\/207063\/\" \/>\n<meta property=\"og:site_name\" content=\"EENewsEurope\" \/>\n<meta property=\"article:published_time\" content=\"2016-06-19T17:18:41+00:00\" \/>\n<meta property=\"og:image\" content=\"https:\/\/www.ecinews.fr\/wp-content\/uploads\/import\/default\/files\/sites\/default\/files\/images\/volgwagen.jpg\" \/>\n\t<meta property=\"og:image:width\" content=\"595\" \/>\n\t<meta property=\"og:image:height\" content=\"397\" \/>\n\t<meta property=\"og:image:type\" content=\"image\/jpeg\" \/>\n<meta name=\"author\" content=\"Daniel Cardon\" \/>\n<meta name=\"twitter:card\" content=\"summary_large_image\" \/>\n<meta name=\"twitter:label1\" content=\"Written by\" \/>\n\t<meta name=\"twitter:data1\" content=\"Daniel Cardon\" \/>\n\t<meta name=\"twitter:label2\" content=\"Est. reading time\" \/>\n\t<meta name=\"twitter:data2\" content=\"1 minute\" \/>\n<script type=\"application\/ld+json\" class=\"yoast-schema-graph\">{\"@context\":\"https:\/\/schema.org\",\"@graph\":[{\"@type\":\"Article\",\"@id\":\"https:\/\/www.ecinews.fr\/fr\/volkswagen-decouvre-lelectrique-et-le-mobilite\/#article\",\"isPartOf\":{\"@id\":\"https:\/\/www.ecinews.fr\/fr\/volkswagen-decouvre-lelectrique-et-le-mobilite\/\"},\"author\":{\"name\":\"Daniel Cardon\",\"@id\":\"https:\/\/www.eenewseurope.com\/en\/#\/schema\/person\/93c44cde463762f40a8236eaa44c1c17\"},\"headline\":\"Volkswagen d\u00e9couvre l&rsquo;\u00e9lectrique et l&rsquo;e-mobilit\u00e9\",\"datePublished\":\"2016-06-19T17:18:41+00:00\",\"dateModified\":\"2016-06-19T17:18:41+00:00\",\"mainEntityOfPage\":{\"@id\":\"https:\/\/www.ecinews.fr\/fr\/volkswagen-decouvre-lelectrique-et-le-mobilite\/\"},\"wordCount\":270,\"publisher\":{\"@id\":\"https:\/\/www.eenewseurope.com\/en\/#organization\"},\"keywords\":[\"Automotive\"],\"inLanguage\":\"fr-FR\"},{\"@type\":\"WebPage\",\"@id\":\"https:\/\/www.ecinews.fr\/fr\/volkswagen-decouvre-lelectrique-et-le-mobilite\/\",\"url\":\"https:\/\/www.ecinews.fr\/fr\/volkswagen-decouvre-lelectrique-et-le-mobilite\/\",\"name\":\"Volkswagen d\u00e9couvre l'\u00e9lectrique et l'e-mobilit\u00e9 -\",\"isPartOf\":{\"@id\":\"https:\/\/www.eenewseurope.com\/en\/#website\"},\"datePublished\":\"2016-06-19T17:18:41+00:00\",\"dateModified\":\"2016-06-19T17:18:41+00:00\",\"breadcrumb\":{\"@id\":\"https:\/\/www.ecinews.fr\/fr\/volkswagen-decouvre-lelectrique-et-le-mobilite\/#breadcrumb\"},\"inLanguage\":\"fr-FR\",\"potentialAction\":[{\"@type\":\"ReadAction\",\"target\":[\"https:\/\/www.ecinews.fr\/fr\/volkswagen-decouvre-lelectrique-et-le-mobilite\/\"]}]},{\"@type\":\"BreadcrumbList\",\"@id\":\"https:\/\/www.ecinews.fr\/fr\/volkswagen-decouvre-lelectrique-et-le-mobilite\/#breadcrumb\",\"itemListElement\":[{\"@type\":\"ListItem\",\"position\":1,\"name\":\"Home\",\"item\":\"https:\/\/www.ecinews.fr\/fr\/\"},{\"@type\":\"ListItem\",\"position\":2,\"name\":\"Volkswagen d\u00e9couvre l&rsquo;\u00e9lectrique et l&rsquo;e-mobilit\u00e9\"}]},{\"@type\":\"WebSite\",\"@id\":\"https:\/\/www.eenewseurope.com\/en\/#website\",\"url\":\"https:\/\/www.eenewseurope.com\/en\/\",\"name\":\"EENewsEurope\",\"description\":\"Just another WordPress site\",\"publisher\":{\"@id\":\"https:\/\/www.eenewseurope.com\/en\/#organization\"},\"potentialAction\":[{\"@type\":\"SearchAction\",\"target\":{\"@type\":\"EntryPoint\",\"urlTemplate\":\"https:\/\/www.eenewseurope.com\/en\/?s={search_term_string}\"},\"query-input\":\"required name=search_term_string\"}],\"inLanguage\":\"fr-FR\"},{\"@type\":\"Organization\",\"@id\":\"https:\/\/www.eenewseurope.com\/en\/#organization\",\"name\":\"EENewsEurope\",\"url\":\"https:\/\/www.eenewseurope.com\/en\/\",\"logo\":{\"@type\":\"ImageObject\",\"inLanguage\":\"fr-FR\",\"@id\":\"https:\/\/www.eenewseurope.com\/en\/#\/schema\/logo\/image\/\",\"url\":\"https:\/\/www.ecinews.fr\/wp-content\/uploads\/2022\/02\/logo-1.jpg\",\"contentUrl\":\"https:\/\/www.ecinews.fr\/wp-content\/uploads\/2022\/02\/logo-1.jpg\",\"width\":283,\"height\":113,\"caption\":\"EENewsEurope\"},\"image\":{\"@id\":\"https:\/\/www.eenewseurope.com\/en\/#\/schema\/logo\/image\/\"}},{\"@type\":\"Person\",\"@id\":\"https:\/\/www.eenewseurope.com\/en\/#\/schema\/person\/93c44cde463762f40a8236eaa44c1c17\",\"name\":\"Daniel Cardon\",\"image\":{\"@type\":\"ImageObject\",\"inLanguage\":\"fr-FR\",\"@id\":\"https:\/\/www.eenewseurope.com\/en\/#\/schema\/person\/image\/2b243f6bcc1cff7d86aadfb2cd0bd870\",\"url\":\"https:\/\/secure.gravatar.com\/avatar\/de9edc136dfc061ad4778e04635baefa?s=96&d=mm&r=g\",\"contentUrl\":\"https:\/\/secure.gravatar.com\/avatar\/de9edc136dfc061ad4778e04635baefa?s=96&d=mm&r=g\",\"caption\":\"Daniel Cardon\"}}]}<\/script>","yoast_head_json":{"title":"Volkswagen d\u00e9couvre l'\u00e9lectrique et l'e-mobilit\u00e9 ...","description":"Afin de rem\u00e9dier \u00e0 la crise g\u00e9n\u00e9r\u00e9e par les logiciels truqu\u00e9s sur les \u00e9missions de gaz, Volkswagen veut se r\u00e9inventer. La \u00abStrat\u00e9gie 2025\u00bb,...","robots":{"index":"index","follow":"follow","max-snippet":"max-snippet:-1","max-image-preview":"max-image-preview:large","max-video-preview":"max-video-preview:-1"},"canonical":"https:\/\/www.ecinews.fr\/fr\/wp-json\/wp\/v2\/posts\/207063\/","og_locale":"fr_FR","og_type":"article","og_title":"Volkswagen d\u00e9couvre l'\u00e9lectrique et l'e-mobilit\u00e9","og_description":"Afin de rem\u00e9dier \u00e0 la crise g\u00e9n\u00e9r\u00e9e par les logiciels truqu\u00e9s sur les \u00e9missions de gaz, Volkswagen veut se r\u00e9inventer. La \u00abStrat\u00e9gie 2025\u00bb, pr\u00e9sent\u00e9e par le PDG Matthias M\u00fcller, met l'\u00e9lectrique et la conduite autonome au centre des plans de nouveaux mod\u00e8les de v\u00e9hicules de la soci\u00e9t\u00e9. Des mesures d'accompagnement porteront sur le\u00a0d\u00e9veloppement de batteries de traction ainsi que sur de nouvelles approches de la mobilit\u00e9.","og_url":"https:\/\/www.ecinews.fr\/fr\/wp-json\/wp\/v2\/posts\/207063\/","og_site_name":"EENewsEurope","article_published_time":"2016-06-19T17:18:41+00:00","og_image":[{"width":595,"height":397,"url":"https:\/\/www.ecinews.fr\/wp-content\/uploads\/import\/default\/files\/sites\/default\/files\/images\/volgwagen.jpg","type":"image\/jpeg"}],"author":"Daniel Cardon","twitter_card":"summary_large_image","twitter_misc":{"Written by":"Daniel Cardon","Est. reading time":"1 minute"},"schema":{"@context":"https:\/\/schema.org","@graph":[{"@type":"Article","@id":"https:\/\/www.ecinews.fr\/fr\/volkswagen-decouvre-lelectrique-et-le-mobilite\/#article","isPartOf":{"@id":"https:\/\/www.ecinews.fr\/fr\/volkswagen-decouvre-lelectrique-et-le-mobilite\/"},"author":{"name":"Daniel Cardon","@id":"https:\/\/www.eenewseurope.com\/en\/#\/schema\/person\/93c44cde463762f40a8236eaa44c1c17"},"headline":"Volkswagen d\u00e9couvre l&rsquo;\u00e9lectrique et l&rsquo;e-mobilit\u00e9","datePublished":"2016-06-19T17:18:41+00:00","dateModified":"2016-06-19T17:18:41+00:00","mainEntityOfPage":{"@id":"https:\/\/www.ecinews.fr\/fr\/volkswagen-decouvre-lelectrique-et-le-mobilite\/"},"wordCount":270,"publisher":{"@id":"https:\/\/www.eenewseurope.com\/en\/#organization"},"keywords":["Automotive"],"inLanguage":"fr-FR"},{"@type":"WebPage","@id":"https:\/\/www.ecinews.fr\/fr\/volkswagen-decouvre-lelectrique-et-le-mobilite\/","url":"https:\/\/www.ecinews.fr\/fr\/volkswagen-decouvre-lelectrique-et-le-mobilite\/","name":"Volkswagen d\u00e9couvre l'\u00e9lectrique et l'e-mobilit\u00e9 -","isPartOf":{"@id":"https:\/\/www.eenewseurope.com\/en\/#website"},"datePublished":"2016-06-19T17:18:41+00:00","dateModified":"2016-06-19T17:18:41+00:00","breadcrumb":{"@id":"https:\/\/www.ecinews.fr\/fr\/volkswagen-decouvre-lelectrique-et-le-mobilite\/#breadcrumb"},"inLanguage":"fr-FR","potentialAction":[{"@type":"ReadAction","target":["https:\/\/www.ecinews.fr\/fr\/volkswagen-decouvre-lelectrique-et-le-mobilite\/"]}]},{"@type":"BreadcrumbList","@id":"https:\/\/www.ecinews.fr\/fr\/volkswagen-decouvre-lelectrique-et-le-mobilite\/#breadcrumb","itemListElement":[{"@type":"ListItem","position":1,"name":"Home","item":"https:\/\/www.ecinews.fr\/fr\/"},{"@type":"ListItem","position":2,"name":"Volkswagen d\u00e9couvre l&rsquo;\u00e9lectrique et l&rsquo;e-mobilit\u00e9"}]},{"@type":"WebSite","@id":"https:\/\/www.eenewseurope.com\/en\/#website","url":"https:\/\/www.eenewseurope.com\/en\/","name":"EENewsEurope","description":"Just another WordPress site","publisher":{"@id":"https:\/\/www.eenewseurope.com\/en\/#organization"},"potentialAction":[{"@type":"SearchAction","target":{"@type":"EntryPoint","urlTemplate":"https:\/\/www.eenewseurope.com\/en\/?s={search_term_string}"},"query-input":"required name=search_term_string"}],"inLanguage":"fr-FR"},{"@type":"Organization","@id":"https:\/\/www.eenewseurope.com\/en\/#organization","name":"EENewsEurope","url":"https:\/\/www.eenewseurope.com\/en\/","logo":{"@type":"ImageObject","inLanguage":"fr-FR","@id":"https:\/\/www.eenewseurope.com\/en\/#\/schema\/logo\/image\/","url":"https:\/\/www.ecinews.fr\/wp-content\/uploads\/2022\/02\/logo-1.jpg","contentUrl":"https:\/\/www.ecinews.fr\/wp-content\/uploads\/2022\/02\/logo-1.jpg","width":283,"height":113,"caption":"EENewsEurope"},"image":{"@id":"https:\/\/www.eenewseurope.com\/en\/#\/schema\/logo\/image\/"}},{"@type":"Person","@id":"https:\/\/www.eenewseurope.com\/en\/#\/schema\/person\/93c44cde463762f40a8236eaa44c1c17","name":"Daniel Cardon","image":{"@type":"ImageObject","inLanguage":"fr-FR","@id":"https:\/\/www.eenewseurope.com\/en\/#\/schema\/person\/image\/2b243f6bcc1cff7d86aadfb2cd0bd870","url":"https:\/\/secure.gravatar.com\/avatar\/de9edc136dfc061ad4778e04635baefa?s=96&d=mm&r=g","contentUrl":"https:\/\/secure.gravatar.com\/avatar\/de9edc136dfc061ad4778e04635baefa?s=96&d=mm&r=g","caption":"Daniel Cardon"}}]}},"authors":[{"term_id":1143,"user_id":11,"is_guest":0,"slug":"danielcardon","display_name":"Daniel Cardon","avatar_url":"https:\/\/secure.gravatar.com\/avatar\/de9edc136dfc061ad4778e04635baefa?s=96&d=mm&r=g","0":null,"1":"","2":"","3":"","4":"","5":"","6":"","7":"","8":""}],"_links":{"self":[{"href":"https:\/\/www.ecinews.fr\/fr\/wp-json\/wp\/v2\/posts\/207063"}],"collection":[{"href":"https:\/\/www.ecinews.fr\/fr\/wp-json\/wp\/v2\/posts"}],"about":[{"href":"https:\/\/www.ecinews.fr\/fr\/wp-json\/wp\/v2\/types\/post"}],"author":[{"embeddable":true,"href":"https:\/\/www.ecinews.fr\/fr\/wp-json\/wp\/v2\/users\/11"}],"replies":[{"embeddable":true,"href":"https:\/\/www.ecinews.fr\/fr\/wp-json\/wp\/v2\/comments?post=207063"}],"version-history":[{"count":0,"href":"https:\/\/www.ecinews.fr\/fr\/wp-json\/wp\/v2\/posts\/207063\/revisions"}],"wp:featuredmedia":[{"embeddable":true,"href":"https:\/\/www.ecinews.fr\/fr\/wp-json\/wp\/v2\/media\/207064"}],"wp:attachment":[{"href":"https:\/\/www.ecinews.fr\/fr\/wp-json\/wp\/v2\/media?parent=207063"}],"wp:term":[{"taxonomy":"category","embeddable":true,"href":"https:\/\/www.ecinews.fr\/fr\/wp-json\/wp\/v2\/categories?post=207063"},{"taxonomy":"post_tag","embeddable":true,"href":"https:\/\/www.ecinews.fr\/fr\/wp-json\/wp\/v2\/tags?post=207063"},{"taxonomy":"domains","embeddable":true,"href":"https:\/\/www.ecinews.fr\/fr\/wp-json\/wp\/v2\/domains?post=207063"},{"taxonomy":"author","embeddable":true,"href":"https:\/\/www.ecinews.fr\/fr\/wp-json\/wp\/v2\/ppma_author?post=207063"}],"curies":[{"name":"wp","href":"https:\/\/api.w.org\/{rel}","templated":true}]}}