{"id":204904,"date":"2016-07-07T23:17:34","date_gmt":"2016-07-07T23:17:34","guid":{"rendered":"https:\/\/eenewseurope.artwhere.co\/adetel-group-passe-sous-pavillon-indien\/"},"modified":"2016-07-07T23:17:34","modified_gmt":"2016-07-07T23:17:34","slug":"adetel-group-passe-sous-pavillon-indien","status":"publish","type":"post","link":"https:\/\/www.ecinews.fr\/fr\/adetel-group-passe-sous-pavillon-indien\/","title":{"rendered":"Adetel Group passe sous pavillon Indien"},"content":{"rendered":"<p>Centum dont le chiffre d\u2019affaire 2015 a \u00e9t\u00e9 de 80M$ emploi 1400 salari\u00e9s. C&rsquo;est un industriel Indien pr\u00e9sent \u00e0 l\u2019international dont l&rsquo;activit\u00e9 est tourn\u00e9e vers l\u2019industrialisation et la fabrication de syst\u00e8mes \u00e9lectroniques complexes pour les secteurs de l\u2019A\u00e9ronautique, la D\u00e9fense, le Spatial, les T\u00e9l\u00e9coms et le M\u00e9dical.&nbsp;Partenaire d\u2019Adetel depuis plusieurs ann\u00e9es sur les activit\u00e9s de production \u00e9lectronique, la compl\u00e9mentarit\u00e9 des offres des deux soci\u00e9t\u00e9s du point de vue technique comme commercial, permettra au groupe de se positionner comme acteur complet aupr\u00e8s des grands industriels dans l\u2019accompagnement de leurs projets \u00e0 l\u2019international.&nbsp;&nbsp;<\/p>\n<p>La r\u00e9alisation de cette op\u00e9ration devrait intervenir dans les prochaines semaines, compte tenu de l\u2019importance de cette \u00e9volution pour le d\u00e9veloppement d\u2019Adetel et de Centum.<\/p>\n<p><a href=\"http:\/\/www.adetelgroup.com\/\">http:\/\/www.adetelgroup.com\/<\/a>&nbsp;&nbsp;&nbsp; &#8211;&nbsp;&nbsp;<a href=\"http:\/\/http:\/\/www.centumindia.com\/\"> http:\/\/www.centumindia.com\/<\/a><\/p>\n","protected":false},"excerpt":{"rendered":"<p>Fran\u00e7ois Sebes, PDG et fondateur d\u2019Adetel Group sous-traitant en \u00e9tudes et sp\u00e9cialiste des syst\u00e8mes \u00e9lectroniques embarqu\u00e9s, a annonc\u00e9 la signature \u00e0 Bangalore, d\u2019un protocole d\u2019accord pour l\u2019entr\u00e9e du groupe Indien Centum au capital d\u2019Adetel \u00e0 hauteur de 51%.<\/p>\n","protected":false},"author":11,"featured_media":204905,"comment_status":"closed","ping_status":"closed","sticky":false,"template":"","format":"standard","meta":{"_acf_changed":false,"footnotes":""},"categories":[880],"tags":[],"domains":[47],"ppma_author":[1143],"class_list":["post-204904","post","type-post","status-publish","format-standard","has-post-thumbnail","hentry","category-actualites-economiques","domains-electronique-eci"],"acf":[],"yoast_head":"<title>Adetel Group passe sous pavillon Indien ...<\/title>\n<meta name=\"description\" content=\"Fran\u00e7ois Sebes, PDG et fondateur d\u2019Adetel Group sous-traitant en \u00e9tudes et sp\u00e9cialiste des syst\u00e8mes \u00e9lectroniques embarqu\u00e9s, a annonc\u00e9 la signature...\" \/>\n<meta name=\"robots\" content=\"index, follow, max-snippet:-1, max-image-preview:large, max-video-preview:-1\" \/>\n<link rel=\"canonical\" href=\"https:\/\/www.ecinews.fr\/fr\/wp-json\/wp\/v2\/posts\/204904\/\" \/>\n<meta property=\"og:locale\" content=\"fr_FR\" \/>\n<meta property=\"og:type\" content=\"article\" \/>\n<meta property=\"og:title\" content=\"Adetel Group passe sous pavillon Indien\" \/>\n<meta property=\"og:description\" content=\"Fran\u00e7ois Sebes, PDG et fondateur d\u2019Adetel Group sous-traitant en \u00e9tudes et sp\u00e9cialiste des syst\u00e8mes \u00e9lectroniques embarqu\u00e9s, a annonc\u00e9 la signature \u00e0 Bangalore, d\u2019un protocole d\u2019accord pour l\u2019entr\u00e9e du groupe Indien Centum au capital d\u2019Adetel \u00e0 hauteur de 51%.\" \/>\n<meta property=\"og:url\" content=\"https:\/\/www.ecinews.fr\/fr\/wp-json\/wp\/v2\/posts\/204904\/\" \/>\n<meta property=\"og:site_name\" content=\"EENewsEurope\" \/>\n<meta property=\"article:published_time\" content=\"2016-07-07T23:17:34+00:00\" \/>\n<meta property=\"og:image\" content=\"https:\/\/www.ecinews.fr\/wp-content\/uploads\/import\/default\/files\/sites\/default\/files\/images\/adetel.jpg\" \/>\n\t<meta property=\"og:image:width\" content=\"384\" \/>\n\t<meta property=\"og:image:height\" content=\"174\" \/>\n\t<meta property=\"og:image:type\" content=\"image\/jpeg\" \/>\n<meta name=\"author\" content=\"Daniel Cardon\" \/>\n<meta name=\"twitter:card\" content=\"summary_large_image\" \/>\n<meta name=\"twitter:label1\" content=\"Written by\" \/>\n\t<meta name=\"twitter:data1\" content=\"Daniel Cardon\" \/>\n\t<meta name=\"twitter:label2\" content=\"Est. reading time\" \/>\n\t<meta name=\"twitter:data2\" content=\"1 minute\" \/>\n<script type=\"application\/ld+json\" class=\"yoast-schema-graph\">{\"@context\":\"https:\/\/schema.org\",\"@graph\":[{\"@type\":\"Article\",\"@id\":\"https:\/\/www.ecinews.fr\/fr\/adetel-group-passe-sous-pavillon-indien\/#article\",\"isPartOf\":{\"@id\":\"https:\/\/www.ecinews.fr\/fr\/adetel-group-passe-sous-pavillon-indien\/\"},\"author\":{\"name\":\"Daniel Cardon\",\"@id\":\"https:\/\/www.ecinews.fr\/fr\/#\/schema\/person\/93c44cde463762f40a8236eaa44c1c17\"},\"headline\":\"Adetel Group passe sous pavillon Indien\",\"datePublished\":\"2016-07-07T23:17:34+00:00\",\"dateModified\":\"2016-07-07T23:17:34+00:00\",\"mainEntityOfPage\":{\"@id\":\"https:\/\/www.ecinews.fr\/fr\/adetel-group-passe-sous-pavillon-indien\/\"},\"wordCount\":165,\"publisher\":{\"@id\":\"https:\/\/www.ecinews.fr\/fr\/#organization\"},\"articleSection\":[\"Actualit\u00e9s \u00e9conomiques\"],\"inLanguage\":\"fr-FR\"},{\"@type\":\"WebPage\",\"@id\":\"https:\/\/www.ecinews.fr\/fr\/adetel-group-passe-sous-pavillon-indien\/\",\"url\":\"https:\/\/www.ecinews.fr\/fr\/adetel-group-passe-sous-pavillon-indien\/\",\"name\":\"Adetel Group passe sous pavillon Indien -\",\"isPartOf\":{\"@id\":\"https:\/\/www.ecinews.fr\/fr\/#website\"},\"datePublished\":\"2016-07-07T23:17:34+00:00\",\"dateModified\":\"2016-07-07T23:17:34+00:00\",\"breadcrumb\":{\"@id\":\"https:\/\/www.ecinews.fr\/fr\/adetel-group-passe-sous-pavillon-indien\/#breadcrumb\"},\"inLanguage\":\"fr-FR\",\"potentialAction\":[{\"@type\":\"ReadAction\",\"target\":[\"https:\/\/www.ecinews.fr\/fr\/adetel-group-passe-sous-pavillon-indien\/\"]}]},{\"@type\":\"BreadcrumbList\",\"@id\":\"https:\/\/www.ecinews.fr\/fr\/adetel-group-passe-sous-pavillon-indien\/#breadcrumb\",\"itemListElement\":[{\"@type\":\"ListItem\",\"position\":1,\"name\":\"Home\",\"item\":\"https:\/\/www.ecinews.fr\/fr\/\"},{\"@type\":\"ListItem\",\"position\":2,\"name\":\"Adetel Group passe sous pavillon Indien\"}]},{\"@type\":\"WebSite\",\"@id\":\"https:\/\/www.ecinews.fr\/fr\/#website\",\"url\":\"https:\/\/www.ecinews.fr\/fr\/\",\"name\":\"EENewsEurope\",\"description\":\"Just another WordPress site\",\"publisher\":{\"@id\":\"https:\/\/www.ecinews.fr\/fr\/#organization\"},\"potentialAction\":[{\"@type\":\"SearchAction\",\"target\":{\"@type\":\"EntryPoint\",\"urlTemplate\":\"https:\/\/www.ecinews.fr\/fr\/?s={search_term_string}\"},\"query-input\":\"required name=search_term_string\"}],\"inLanguage\":\"fr-FR\"},{\"@type\":\"Organization\",\"@id\":\"https:\/\/www.ecinews.fr\/fr\/#organization\",\"name\":\"EENewsEurope\",\"url\":\"https:\/\/www.ecinews.fr\/fr\/\",\"logo\":{\"@type\":\"ImageObject\",\"inLanguage\":\"fr-FR\",\"@id\":\"https:\/\/www.ecinews.fr\/fr\/#\/schema\/logo\/image\/\",\"url\":\"https:\/\/www.ecinews.fr\/wp-content\/uploads\/2022\/02\/logo-1.jpg\",\"contentUrl\":\"https:\/\/www.ecinews.fr\/wp-content\/uploads\/2022\/02\/logo-1.jpg\",\"width\":283,\"height\":113,\"caption\":\"EENewsEurope\"},\"image\":{\"@id\":\"https:\/\/www.ecinews.fr\/fr\/#\/schema\/logo\/image\/\"}},{\"@type\":\"Person\",\"@id\":\"https:\/\/www.ecinews.fr\/fr\/#\/schema\/person\/93c44cde463762f40a8236eaa44c1c17\",\"name\":\"Daniel Cardon\",\"image\":{\"@type\":\"ImageObject\",\"inLanguage\":\"fr-FR\",\"@id\":\"https:\/\/www.ecinews.fr\/fr\/#\/schema\/person\/image\/2b243f6bcc1cff7d86aadfb2cd0bd870\",\"url\":\"https:\/\/secure.gravatar.com\/avatar\/de9edc136dfc061ad4778e04635baefa?s=96&d=mm&r=g\",\"contentUrl\":\"https:\/\/secure.gravatar.com\/avatar\/de9edc136dfc061ad4778e04635baefa?s=96&d=mm&r=g\",\"caption\":\"Daniel Cardon\"}}]}<\/script>","yoast_head_json":{"title":"Adetel Group passe sous pavillon Indien ...","description":"Fran\u00e7ois Sebes, PDG et fondateur d\u2019Adetel Group sous-traitant en \u00e9tudes et sp\u00e9cialiste des syst\u00e8mes \u00e9lectroniques embarqu\u00e9s, a annonc\u00e9 la signature...","robots":{"index":"index","follow":"follow","max-snippet":"max-snippet:-1","max-image-preview":"max-image-preview:large","max-video-preview":"max-video-preview:-1"},"canonical":"https:\/\/www.ecinews.fr\/fr\/wp-json\/wp\/v2\/posts\/204904\/","og_locale":"fr_FR","og_type":"article","og_title":"Adetel Group passe sous pavillon Indien","og_description":"Fran\u00e7ois Sebes, PDG et fondateur d\u2019Adetel Group sous-traitant en \u00e9tudes et sp\u00e9cialiste des syst\u00e8mes \u00e9lectroniques embarqu\u00e9s, a annonc\u00e9 la signature \u00e0 Bangalore, d\u2019un protocole d\u2019accord pour l\u2019entr\u00e9e du groupe Indien Centum au capital d\u2019Adetel \u00e0 hauteur de 51%.","og_url":"https:\/\/www.ecinews.fr\/fr\/wp-json\/wp\/v2\/posts\/204904\/","og_site_name":"EENewsEurope","article_published_time":"2016-07-07T23:17:34+00:00","og_image":[{"width":384,"height":174,"url":"https:\/\/www.ecinews.fr\/wp-content\/uploads\/import\/default\/files\/sites\/default\/files\/images\/adetel.jpg","type":"image\/jpeg"}],"author":"Daniel Cardon","twitter_card":"summary_large_image","twitter_misc":{"Written by":"Daniel Cardon","Est. reading time":"1 minute"},"schema":{"@context":"https:\/\/schema.org","@graph":[{"@type":"Article","@id":"https:\/\/www.ecinews.fr\/fr\/adetel-group-passe-sous-pavillon-indien\/#article","isPartOf":{"@id":"https:\/\/www.ecinews.fr\/fr\/adetel-group-passe-sous-pavillon-indien\/"},"author":{"name":"Daniel Cardon","@id":"https:\/\/www.ecinews.fr\/fr\/#\/schema\/person\/93c44cde463762f40a8236eaa44c1c17"},"headline":"Adetel Group passe sous pavillon Indien","datePublished":"2016-07-07T23:17:34+00:00","dateModified":"2016-07-07T23:17:34+00:00","mainEntityOfPage":{"@id":"https:\/\/www.ecinews.fr\/fr\/adetel-group-passe-sous-pavillon-indien\/"},"wordCount":165,"publisher":{"@id":"https:\/\/www.ecinews.fr\/fr\/#organization"},"articleSection":["Actualit\u00e9s \u00e9conomiques"],"inLanguage":"fr-FR"},{"@type":"WebPage","@id":"https:\/\/www.ecinews.fr\/fr\/adetel-group-passe-sous-pavillon-indien\/","url":"https:\/\/www.ecinews.fr\/fr\/adetel-group-passe-sous-pavillon-indien\/","name":"Adetel Group passe sous pavillon Indien -","isPartOf":{"@id":"https:\/\/www.ecinews.fr\/fr\/#website"},"datePublished":"2016-07-07T23:17:34+00:00","dateModified":"2016-07-07T23:17:34+00:00","breadcrumb":{"@id":"https:\/\/www.ecinews.fr\/fr\/adetel-group-passe-sous-pavillon-indien\/#breadcrumb"},"inLanguage":"fr-FR","potentialAction":[{"@type":"ReadAction","target":["https:\/\/www.ecinews.fr\/fr\/adetel-group-passe-sous-pavillon-indien\/"]}]},{"@type":"BreadcrumbList","@id":"https:\/\/www.ecinews.fr\/fr\/adetel-group-passe-sous-pavillon-indien\/#breadcrumb","itemListElement":[{"@type":"ListItem","position":1,"name":"Home","item":"https:\/\/www.ecinews.fr\/fr\/"},{"@type":"ListItem","position":2,"name":"Adetel Group passe sous pavillon Indien"}]},{"@type":"WebSite","@id":"https:\/\/www.ecinews.fr\/fr\/#website","url":"https:\/\/www.ecinews.fr\/fr\/","name":"EENewsEurope","description":"Just another WordPress site","publisher":{"@id":"https:\/\/www.ecinews.fr\/fr\/#organization"},"potentialAction":[{"@type":"SearchAction","target":{"@type":"EntryPoint","urlTemplate":"https:\/\/www.ecinews.fr\/fr\/?s={search_term_string}"},"query-input":"required name=search_term_string"}],"inLanguage":"fr-FR"},{"@type":"Organization","@id":"https:\/\/www.ecinews.fr\/fr\/#organization","name":"EENewsEurope","url":"https:\/\/www.ecinews.fr\/fr\/","logo":{"@type":"ImageObject","inLanguage":"fr-FR","@id":"https:\/\/www.ecinews.fr\/fr\/#\/schema\/logo\/image\/","url":"https:\/\/www.ecinews.fr\/wp-content\/uploads\/2022\/02\/logo-1.jpg","contentUrl":"https:\/\/www.ecinews.fr\/wp-content\/uploads\/2022\/02\/logo-1.jpg","width":283,"height":113,"caption":"EENewsEurope"},"image":{"@id":"https:\/\/www.ecinews.fr\/fr\/#\/schema\/logo\/image\/"}},{"@type":"Person","@id":"https:\/\/www.ecinews.fr\/fr\/#\/schema\/person\/93c44cde463762f40a8236eaa44c1c17","name":"Daniel Cardon","image":{"@type":"ImageObject","inLanguage":"fr-FR","@id":"https:\/\/www.ecinews.fr\/fr\/#\/schema\/person\/image\/2b243f6bcc1cff7d86aadfb2cd0bd870","url":"https:\/\/secure.gravatar.com\/avatar\/de9edc136dfc061ad4778e04635baefa?s=96&d=mm&r=g","contentUrl":"https:\/\/secure.gravatar.com\/avatar\/de9edc136dfc061ad4778e04635baefa?s=96&d=mm&r=g","caption":"Daniel Cardon"}}]}},"authors":[{"term_id":1143,"user_id":11,"is_guest":0,"slug":"danielcardon","display_name":"Daniel Cardon","avatar_url":"https:\/\/secure.gravatar.com\/avatar\/de9edc136dfc061ad4778e04635baefa?s=96&d=mm&r=g","0":null,"1":"","2":"","3":"","4":"","5":"","6":"","7":"","8":""}],"_links":{"self":[{"href":"https:\/\/www.ecinews.fr\/fr\/wp-json\/wp\/v2\/posts\/204904"}],"collection":[{"href":"https:\/\/www.ecinews.fr\/fr\/wp-json\/wp\/v2\/posts"}],"about":[{"href":"https:\/\/www.ecinews.fr\/fr\/wp-json\/wp\/v2\/types\/post"}],"author":[{"embeddable":true,"href":"https:\/\/www.ecinews.fr\/fr\/wp-json\/wp\/v2\/users\/11"}],"replies":[{"embeddable":true,"href":"https:\/\/www.ecinews.fr\/fr\/wp-json\/wp\/v2\/comments?post=204904"}],"version-history":[{"count":0,"href":"https:\/\/www.ecinews.fr\/fr\/wp-json\/wp\/v2\/posts\/204904\/revisions"}],"wp:featuredmedia":[{"embeddable":true,"href":"https:\/\/www.ecinews.fr\/fr\/wp-json\/wp\/v2\/media\/204905"}],"wp:attachment":[{"href":"https:\/\/www.ecinews.fr\/fr\/wp-json\/wp\/v2\/media?parent=204904"}],"wp:term":[{"taxonomy":"category","embeddable":true,"href":"https:\/\/www.ecinews.fr\/fr\/wp-json\/wp\/v2\/categories?post=204904"},{"taxonomy":"post_tag","embeddable":true,"href":"https:\/\/www.ecinews.fr\/fr\/wp-json\/wp\/v2\/tags?post=204904"},{"taxonomy":"domains","embeddable":true,"href":"https:\/\/www.ecinews.fr\/fr\/wp-json\/wp\/v2\/domains?post=204904"},{"taxonomy":"author","embeddable":true,"href":"https:\/\/www.ecinews.fr\/fr\/wp-json\/wp\/v2\/ppma_author?post=204904"}],"curies":[{"name":"wp","href":"https:\/\/api.w.org\/{rel}","templated":true}]}}