{"id":200500,"date":"2016-08-24T03:20:15","date_gmt":"2016-08-24T03:20:15","guid":{"rendered":"https:\/\/eenewseurope.artwhere.co\/renesas-pret-a-mettre-3-milliards-de-dollars-pour-acheter-intersil\/"},"modified":"2016-08-24T03:20:15","modified_gmt":"2016-08-24T03:20:15","slug":"renesas-pret-a-mettre-3-milliards-de-dollars-pour-acheter-intersil","status":"publish","type":"post","link":"https:\/\/www.ecinews.fr\/fr\/renesas-pret-a-mettre-3-milliards-de-dollars-pour-acheter-intersil\/","title":{"rendered":"Renesas pr\u00eat \u00e0 mettre 3 milliards de dollars pour acheter Intersil"},"content":{"rendered":"<p>La soci\u00e9t\u00e9 Japonaise Renesas Electronics envisage d&rsquo;acheter Intersil Corp., un fournisseur am\u00e9ricain de semiconducteus analogiques mixtes, signal et puissance.<\/p>\n<p>Comme de nombreuses soci\u00e9t\u00e9s japonises de composants Renesas Electronics a \u00e9t\u00e9 aux prises de difficult\u00e9s au cours des derni\u00e8res ann\u00e9es. Les difficult\u00e9s remonte \u00e0 2010, au moment de la fusion entre Renesas Technology et NEC Electronics. Renesas Technology avait d\u00e9j\u00e0 op\u00e9r\u00e9 dans regroupements de ses activit\u00e9s de puces avec Hitachi et Mitsubishi Electric.<\/p>\n<p>En 2015, Renesas se classait au 16<sup>\u00e8me<\/sup> rang des fournisseurs de semiconducteurs dans le monde selon IC Insights. Apr\u00e8s avoir \u00e9t\u00e9 leader mondial pour la fourniture de circuits pour l\u2019automobile en 2014, Renesas est retomb\u00e9 en 2015 \u00e0 la troisi\u00e8me place derri\u00e8re NXP et Infineon, selon Strategy Analytics.<\/p>\n<p>Renesas chercherait \u00e0 renforcer sa position dans les puces pour l\u2019automobiles. Toutefois, les observateurs consid\u00e8rent qu\u2019un prix de 3 milliards de Dollars pour Intersil est \u00e9lev\u00e9, du fait de sa capitalisation boursi\u00e8re d&rsquo;environ 2,12 milliards $ avant de lancer les pourparlers avec Renesas.<\/p>\n<p><a href=\"http:\/\/www.renesas.co.jp\/\">www.renesas.co.jp<\/a>&nbsp; &nbsp;&#8211; &nbsp;&nbsp;<a href=\"http:\/\/www.intersil.com\/\">www.intersil.com<\/a><\/p>\n","protected":false},"excerpt":{"rendered":"<p>Selon les derni\u00e8res informations, Renesas a confirm\u00e9 \u00eatre en pourparlers pour prendre le contr\u00f4le d&rsquo;Intersil. Le prix envisag\u00e9 serait d\u2019environ 3 milliards de dollars. Cette op\u00e9ration intervient au milieu d&rsquo;une vague de consolidations dans les secteurs des semiconducteurs et de l&rsquo;\u00e9lectronique.<\/p>\n","protected":false},"author":11,"featured_media":200501,"comment_status":"closed","ping_status":"closed","sticky":false,"template":"","format":"standard","meta":{"_acf_changed":false,"footnotes":""},"categories":[880],"tags":[],"domains":[47],"ppma_author":[1143],"class_list":["post-200500","post","type-post","status-publish","format-standard","has-post-thumbnail","hentry","category-actualites-economiques","domains-electronique-eci"],"acf":[],"yoast_head":"<title>Renesas pr\u00eat \u00e0 mettre 3 milliards de dollars pour acheter Int...<\/title>\n<meta name=\"description\" content=\"Selon les derni\u00e8res informations, Renesas a confirm\u00e9 \u00eatre en pourparlers pour prendre le contr\u00f4le d&#039;Intersil. Le prix envisag\u00e9 serait d\u2019environ 3...\" \/>\n<meta name=\"robots\" content=\"index, follow, max-snippet:-1, max-image-preview:large, max-video-preview:-1\" \/>\n<link rel=\"canonical\" href=\"https:\/\/www.ecinews.fr\/fr\/wp-json\/wp\/v2\/posts\/200500\/\" \/>\n<meta property=\"og:locale\" content=\"fr_FR\" \/>\n<meta property=\"og:type\" content=\"article\" \/>\n<meta property=\"og:title\" content=\"Renesas pr\u00eat \u00e0 mettre 3 milliards de dollars pour acheter Intersil\" \/>\n<meta property=\"og:description\" content=\"Selon les derni\u00e8res informations, Renesas a confirm\u00e9 \u00eatre en pourparlers pour prendre le contr\u00f4le d&#039;Intersil. Le prix envisag\u00e9 serait d\u2019environ 3 milliards de dollars. Cette op\u00e9ration intervient au milieu d&#039;une vague de consolidations dans les secteurs des semiconducteurs et de l&#039;\u00e9lectronique.\" \/>\n<meta property=\"og:url\" content=\"https:\/\/www.ecinews.fr\/fr\/wp-json\/wp\/v2\/posts\/200500\/\" \/>\n<meta property=\"og:site_name\" content=\"EENewsEurope\" \/>\n<meta property=\"article:published_time\" content=\"2016-08-24T03:20:15+00:00\" \/>\n<meta property=\"og:image\" content=\"https:\/\/www.ecinews.fr\/wp-content\/uploads\/import\/default\/files\/sites\/default\/files\/images\/renesas_intersil.jpg\" \/>\n\t<meta property=\"og:image:width\" content=\"440\" \/>\n\t<meta property=\"og:image:height\" content=\"310\" \/>\n\t<meta property=\"og:image:type\" content=\"image\/jpeg\" \/>\n<meta name=\"author\" content=\"Daniel Cardon\" \/>\n<meta name=\"twitter:card\" content=\"summary_large_image\" \/>\n<meta name=\"twitter:label1\" content=\"Written by\" \/>\n\t<meta name=\"twitter:data1\" content=\"Daniel Cardon\" \/>\n\t<meta name=\"twitter:label2\" content=\"Est. reading time\" \/>\n\t<meta name=\"twitter:data2\" content=\"1 minute\" \/>\n<script type=\"application\/ld+json\" class=\"yoast-schema-graph\">{\"@context\":\"https:\/\/schema.org\",\"@graph\":[{\"@type\":\"Article\",\"@id\":\"https:\/\/www.ecinews.fr\/fr\/renesas-pret-a-mettre-3-milliards-de-dollars-pour-acheter-intersil\/#article\",\"isPartOf\":{\"@id\":\"https:\/\/www.ecinews.fr\/fr\/renesas-pret-a-mettre-3-milliards-de-dollars-pour-acheter-intersil\/\"},\"author\":{\"name\":\"Daniel Cardon\",\"@id\":\"https:\/\/www.ecinews.fr\/fr\/#\/schema\/person\/93c44cde463762f40a8236eaa44c1c17\"},\"headline\":\"Renesas pr\u00eat \u00e0 mettre 3 milliards de dollars pour acheter Intersil\",\"datePublished\":\"2016-08-24T03:20:15+00:00\",\"dateModified\":\"2016-08-24T03:20:15+00:00\",\"mainEntityOfPage\":{\"@id\":\"https:\/\/www.ecinews.fr\/fr\/renesas-pret-a-mettre-3-milliards-de-dollars-pour-acheter-intersil\/\"},\"wordCount\":196,\"publisher\":{\"@id\":\"https:\/\/www.ecinews.fr\/fr\/#organization\"},\"articleSection\":[\"Actualit\u00e9s \u00e9conomiques\"],\"inLanguage\":\"fr-FR\"},{\"@type\":\"WebPage\",\"@id\":\"https:\/\/www.ecinews.fr\/fr\/renesas-pret-a-mettre-3-milliards-de-dollars-pour-acheter-intersil\/\",\"url\":\"https:\/\/www.ecinews.fr\/fr\/renesas-pret-a-mettre-3-milliards-de-dollars-pour-acheter-intersil\/\",\"name\":\"Renesas pr\u00eat \u00e0 mettre 3 milliards de dollars pour acheter Intersil -\",\"isPartOf\":{\"@id\":\"https:\/\/www.ecinews.fr\/fr\/#website\"},\"datePublished\":\"2016-08-24T03:20:15+00:00\",\"dateModified\":\"2016-08-24T03:20:15+00:00\",\"breadcrumb\":{\"@id\":\"https:\/\/www.ecinews.fr\/fr\/renesas-pret-a-mettre-3-milliards-de-dollars-pour-acheter-intersil\/#breadcrumb\"},\"inLanguage\":\"fr-FR\",\"potentialAction\":[{\"@type\":\"ReadAction\",\"target\":[\"https:\/\/www.ecinews.fr\/fr\/renesas-pret-a-mettre-3-milliards-de-dollars-pour-acheter-intersil\/\"]}]},{\"@type\":\"BreadcrumbList\",\"@id\":\"https:\/\/www.ecinews.fr\/fr\/renesas-pret-a-mettre-3-milliards-de-dollars-pour-acheter-intersil\/#breadcrumb\",\"itemListElement\":[{\"@type\":\"ListItem\",\"position\":1,\"name\":\"Home\",\"item\":\"https:\/\/www.ecinews.fr\/fr\/\"},{\"@type\":\"ListItem\",\"position\":2,\"name\":\"Renesas pr\u00eat \u00e0 mettre 3 milliards de dollars pour acheter Intersil\"}]},{\"@type\":\"WebSite\",\"@id\":\"https:\/\/www.ecinews.fr\/fr\/#website\",\"url\":\"https:\/\/www.ecinews.fr\/fr\/\",\"name\":\"EENewsEurope\",\"description\":\"Just another WordPress site\",\"publisher\":{\"@id\":\"https:\/\/www.ecinews.fr\/fr\/#organization\"},\"potentialAction\":[{\"@type\":\"SearchAction\",\"target\":{\"@type\":\"EntryPoint\",\"urlTemplate\":\"https:\/\/www.ecinews.fr\/fr\/?s={search_term_string}\"},\"query-input\":\"required name=search_term_string\"}],\"inLanguage\":\"fr-FR\"},{\"@type\":\"Organization\",\"@id\":\"https:\/\/www.ecinews.fr\/fr\/#organization\",\"name\":\"EENewsEurope\",\"url\":\"https:\/\/www.ecinews.fr\/fr\/\",\"logo\":{\"@type\":\"ImageObject\",\"inLanguage\":\"fr-FR\",\"@id\":\"https:\/\/www.ecinews.fr\/fr\/#\/schema\/logo\/image\/\",\"url\":\"https:\/\/www.ecinews.fr\/wp-content\/uploads\/2022\/02\/logo-1.jpg\",\"contentUrl\":\"https:\/\/www.ecinews.fr\/wp-content\/uploads\/2022\/02\/logo-1.jpg\",\"width\":283,\"height\":113,\"caption\":\"EENewsEurope\"},\"image\":{\"@id\":\"https:\/\/www.ecinews.fr\/fr\/#\/schema\/logo\/image\/\"}},{\"@type\":\"Person\",\"@id\":\"https:\/\/www.ecinews.fr\/fr\/#\/schema\/person\/93c44cde463762f40a8236eaa44c1c17\",\"name\":\"Daniel Cardon\",\"image\":{\"@type\":\"ImageObject\",\"inLanguage\":\"fr-FR\",\"@id\":\"https:\/\/www.ecinews.fr\/fr\/#\/schema\/person\/image\/2b243f6bcc1cff7d86aadfb2cd0bd870\",\"url\":\"https:\/\/secure.gravatar.com\/avatar\/de9edc136dfc061ad4778e04635baefa?s=96&d=mm&r=g\",\"contentUrl\":\"https:\/\/secure.gravatar.com\/avatar\/de9edc136dfc061ad4778e04635baefa?s=96&d=mm&r=g\",\"caption\":\"Daniel Cardon\"}}]}<\/script>","yoast_head_json":{"title":"Renesas pr\u00eat \u00e0 mettre 3 milliards de dollars pour acheter Int...","description":"Selon les derni\u00e8res informations, Renesas a confirm\u00e9 \u00eatre en pourparlers pour prendre le contr\u00f4le d'Intersil. Le prix envisag\u00e9 serait d\u2019environ 3...","robots":{"index":"index","follow":"follow","max-snippet":"max-snippet:-1","max-image-preview":"max-image-preview:large","max-video-preview":"max-video-preview:-1"},"canonical":"https:\/\/www.ecinews.fr\/fr\/wp-json\/wp\/v2\/posts\/200500\/","og_locale":"fr_FR","og_type":"article","og_title":"Renesas pr\u00eat \u00e0 mettre 3 milliards de dollars pour acheter Intersil","og_description":"Selon les derni\u00e8res informations, Renesas a confirm\u00e9 \u00eatre en pourparlers pour prendre le contr\u00f4le d'Intersil. Le prix envisag\u00e9 serait d\u2019environ 3 milliards de dollars. Cette op\u00e9ration intervient au milieu d'une vague de consolidations dans les secteurs des semiconducteurs et de l'\u00e9lectronique.","og_url":"https:\/\/www.ecinews.fr\/fr\/wp-json\/wp\/v2\/posts\/200500\/","og_site_name":"EENewsEurope","article_published_time":"2016-08-24T03:20:15+00:00","og_image":[{"width":440,"height":310,"url":"https:\/\/www.ecinews.fr\/wp-content\/uploads\/import\/default\/files\/sites\/default\/files\/images\/renesas_intersil.jpg","type":"image\/jpeg"}],"author":"Daniel Cardon","twitter_card":"summary_large_image","twitter_misc":{"Written by":"Daniel Cardon","Est. reading time":"1 minute"},"schema":{"@context":"https:\/\/schema.org","@graph":[{"@type":"Article","@id":"https:\/\/www.ecinews.fr\/fr\/renesas-pret-a-mettre-3-milliards-de-dollars-pour-acheter-intersil\/#article","isPartOf":{"@id":"https:\/\/www.ecinews.fr\/fr\/renesas-pret-a-mettre-3-milliards-de-dollars-pour-acheter-intersil\/"},"author":{"name":"Daniel Cardon","@id":"https:\/\/www.ecinews.fr\/fr\/#\/schema\/person\/93c44cde463762f40a8236eaa44c1c17"},"headline":"Renesas pr\u00eat \u00e0 mettre 3 milliards de dollars pour acheter Intersil","datePublished":"2016-08-24T03:20:15+00:00","dateModified":"2016-08-24T03:20:15+00:00","mainEntityOfPage":{"@id":"https:\/\/www.ecinews.fr\/fr\/renesas-pret-a-mettre-3-milliards-de-dollars-pour-acheter-intersil\/"},"wordCount":196,"publisher":{"@id":"https:\/\/www.ecinews.fr\/fr\/#organization"},"articleSection":["Actualit\u00e9s \u00e9conomiques"],"inLanguage":"fr-FR"},{"@type":"WebPage","@id":"https:\/\/www.ecinews.fr\/fr\/renesas-pret-a-mettre-3-milliards-de-dollars-pour-acheter-intersil\/","url":"https:\/\/www.ecinews.fr\/fr\/renesas-pret-a-mettre-3-milliards-de-dollars-pour-acheter-intersil\/","name":"Renesas pr\u00eat \u00e0 mettre 3 milliards de dollars pour acheter Intersil -","isPartOf":{"@id":"https:\/\/www.ecinews.fr\/fr\/#website"},"datePublished":"2016-08-24T03:20:15+00:00","dateModified":"2016-08-24T03:20:15+00:00","breadcrumb":{"@id":"https:\/\/www.ecinews.fr\/fr\/renesas-pret-a-mettre-3-milliards-de-dollars-pour-acheter-intersil\/#breadcrumb"},"inLanguage":"fr-FR","potentialAction":[{"@type":"ReadAction","target":["https:\/\/www.ecinews.fr\/fr\/renesas-pret-a-mettre-3-milliards-de-dollars-pour-acheter-intersil\/"]}]},{"@type":"BreadcrumbList","@id":"https:\/\/www.ecinews.fr\/fr\/renesas-pret-a-mettre-3-milliards-de-dollars-pour-acheter-intersil\/#breadcrumb","itemListElement":[{"@type":"ListItem","position":1,"name":"Home","item":"https:\/\/www.ecinews.fr\/fr\/"},{"@type":"ListItem","position":2,"name":"Renesas pr\u00eat \u00e0 mettre 3 milliards de dollars pour acheter Intersil"}]},{"@type":"WebSite","@id":"https:\/\/www.ecinews.fr\/fr\/#website","url":"https:\/\/www.ecinews.fr\/fr\/","name":"EENewsEurope","description":"Just another WordPress site","publisher":{"@id":"https:\/\/www.ecinews.fr\/fr\/#organization"},"potentialAction":[{"@type":"SearchAction","target":{"@type":"EntryPoint","urlTemplate":"https:\/\/www.ecinews.fr\/fr\/?s={search_term_string}"},"query-input":"required name=search_term_string"}],"inLanguage":"fr-FR"},{"@type":"Organization","@id":"https:\/\/www.ecinews.fr\/fr\/#organization","name":"EENewsEurope","url":"https:\/\/www.ecinews.fr\/fr\/","logo":{"@type":"ImageObject","inLanguage":"fr-FR","@id":"https:\/\/www.ecinews.fr\/fr\/#\/schema\/logo\/image\/","url":"https:\/\/www.ecinews.fr\/wp-content\/uploads\/2022\/02\/logo-1.jpg","contentUrl":"https:\/\/www.ecinews.fr\/wp-content\/uploads\/2022\/02\/logo-1.jpg","width":283,"height":113,"caption":"EENewsEurope"},"image":{"@id":"https:\/\/www.ecinews.fr\/fr\/#\/schema\/logo\/image\/"}},{"@type":"Person","@id":"https:\/\/www.ecinews.fr\/fr\/#\/schema\/person\/93c44cde463762f40a8236eaa44c1c17","name":"Daniel Cardon","image":{"@type":"ImageObject","inLanguage":"fr-FR","@id":"https:\/\/www.ecinews.fr\/fr\/#\/schema\/person\/image\/2b243f6bcc1cff7d86aadfb2cd0bd870","url":"https:\/\/secure.gravatar.com\/avatar\/de9edc136dfc061ad4778e04635baefa?s=96&d=mm&r=g","contentUrl":"https:\/\/secure.gravatar.com\/avatar\/de9edc136dfc061ad4778e04635baefa?s=96&d=mm&r=g","caption":"Daniel Cardon"}}]}},"authors":[{"term_id":1143,"user_id":11,"is_guest":0,"slug":"danielcardon","display_name":"Daniel Cardon","avatar_url":"https:\/\/secure.gravatar.com\/avatar\/de9edc136dfc061ad4778e04635baefa?s=96&d=mm&r=g","0":null,"1":"","2":"","3":"","4":"","5":"","6":"","7":"","8":""}],"_links":{"self":[{"href":"https:\/\/www.ecinews.fr\/fr\/wp-json\/wp\/v2\/posts\/200500"}],"collection":[{"href":"https:\/\/www.ecinews.fr\/fr\/wp-json\/wp\/v2\/posts"}],"about":[{"href":"https:\/\/www.ecinews.fr\/fr\/wp-json\/wp\/v2\/types\/post"}],"author":[{"embeddable":true,"href":"https:\/\/www.ecinews.fr\/fr\/wp-json\/wp\/v2\/users\/11"}],"replies":[{"embeddable":true,"href":"https:\/\/www.ecinews.fr\/fr\/wp-json\/wp\/v2\/comments?post=200500"}],"version-history":[{"count":0,"href":"https:\/\/www.ecinews.fr\/fr\/wp-json\/wp\/v2\/posts\/200500\/revisions"}],"wp:featuredmedia":[{"embeddable":true,"href":"https:\/\/www.ecinews.fr\/fr\/wp-json\/wp\/v2\/media\/200501"}],"wp:attachment":[{"href":"https:\/\/www.ecinews.fr\/fr\/wp-json\/wp\/v2\/media?parent=200500"}],"wp:term":[{"taxonomy":"category","embeddable":true,"href":"https:\/\/www.ecinews.fr\/fr\/wp-json\/wp\/v2\/categories?post=200500"},{"taxonomy":"post_tag","embeddable":true,"href":"https:\/\/www.ecinews.fr\/fr\/wp-json\/wp\/v2\/tags?post=200500"},{"taxonomy":"domains","embeddable":true,"href":"https:\/\/www.ecinews.fr\/fr\/wp-json\/wp\/v2\/domains?post=200500"},{"taxonomy":"author","embeddable":true,"href":"https:\/\/www.ecinews.fr\/fr\/wp-json\/wp\/v2\/ppma_author?post=200500"}],"curies":[{"name":"wp","href":"https:\/\/api.w.org\/{rel}","templated":true}]}}